{"id":14582,"date":"2012-11-27T10:41:28","date_gmt":"2012-11-27T15:41:28","guid":{"rendered":"https:\/\/www.ucaldas.edu.co\/portal\/?p=14582"},"modified":"2012-11-27T10:41:28","modified_gmt":"2012-11-27T15:41:28","slug":"laso-eje-cafetero-presento-cd-de-las-13-bandas-participantes-en-proceso-2011","status":"publish","type":"post","link":"https:\/\/www.ucaldas.edu.co\/portal\/laso-eje-cafetero-presento-cd-de-las-13-bandas-participantes-en-proceso-2011\/","title":{"rendered":"Laso Eje Cafetero present\u00f3 CD de las 13 bandas participantes en proceso 2011"},"content":{"rendered":"<p>Se puede adquirir gratis, en la U. de Caldas<\/p>\n<hr \/>\n<p>&nbsp;<\/p>\n<p align=\"center\">\n<p align=\"right\">27\/11\/2012<br \/>\nRedacci\u00f3n: Margarita Laverde Galvis<\/p>\n<table border=\"0\">\n<tbody>\n<tr>\n<td>&nbsp;<\/p>\n<p><img loading=\"lazy\" decoding=\"async\" style=\"border: 0px\" title=\"Laso Eje Cafetero present\u00f3 CD de las 13 bandas participantes en proceso 2012\" alt=\"Laso\" src=\"http:\/\/www.ucaldas.edu.co\/images\/tmp\/laso_cd.jpg\" width=\"240\" height=\"160\" border=\"0\" \/><\/p>\n<h6>Foto: Guillermo Sarmiento\/Prensa U. de Caldas<\/h6>\n<\/td>\n<td>El\u00a0<b>Laboratorio Social de Emprendimiento<\/b>\u00a0(Laso)\u00a0<b>Eje Cafetero<\/b>\u00a0<b>present\u00f3<\/b>\u00a0el CD\u00a0recopilatorio de las\u00a0<b>13 bandas<\/b>\u00a0participantes del\u00a0<b>proceso en el 2011<\/b>, que se llev\u00f3 a cabo con el apoyo del Ministerio de Cultura, Servicio Nacional de Aprendizaje (Sena), Instituto de Cultura y Turismo de la Alcald\u00eda de Manizales y la Asociaci\u00f3n Metropoli.<\/td>\n<\/tr>\n<\/tbody>\n<\/table>\n<p>&nbsp;<\/p>\n<p>&nbsp;<\/p>\n<p>\u201cSe trata de las grabaciones que realizamos en el Centro de Producci\u00f3n del Laboratorio, que en este momento la U. de Caldas administra, en convenio con el Ministerio de Cultura. Este es el trabajo con 20 j\u00f3venes de Manizales, Pereira y Armenia\u201d, coment\u00f3\u00a0Felipe C\u00e9sar Londo\u00f1o,<b>Director del Doctorado en Dise\u00f1o y Creaci\u00f3n, y Director de la Incubadora de Empresas Culturales (IEC) de la U. de Caldas.<\/b><\/p>\n<p>&nbsp;<\/p>\n<p><b>Se hizo un trabajo de grabaci\u00f3n sonora y audiovisual de trabajos en diferentes g\u00e9neros musicales\u00a0<\/b>(Rock, Hip Hop, Electr\u00f3nica, Rap). Adem\u00e1s,<b>se incluy\u00f3 un DVD con videoclips, al igual que una recopilaci\u00f3n del proceso de formaci\u00f3n con estos j\u00f3venes de casas de la cultura.<\/b><\/p>\n<p>&nbsp;<\/p>\n<p>El CD y el DVD\u00a0<b>se pueden adquirir en la Incubadora de Empresas Culturales o Vicerrector\u00eda de Proyecci\u00f3n Universitaria de la U. de Caldas.<\/b><\/p>\n<p>&nbsp;<\/p>\n<p><b>Contexto<\/b><br \/>\nLa IEC es una organizaci\u00f3n orientada al apoyo de ideas e iniciativas, proporcionar conocimiento y tecnolog\u00eda a emprendedores y empresas en gestaci\u00f3n, dentro de la industria cultural o creativa y de servicios relacionados.<\/p>\n<p>&nbsp;<\/p>\n<p>Desde la Universidad de Caldas, la Incubadora ofrece el soporte requerido para la transformaci\u00f3n de dichas ideas en productos o servicios culturales viables, promoviendo as\u00ed el desarrollo cultural, econ\u00f3mico y social de la regi\u00f3n.<\/p>\n<p>&nbsp;<\/p>\n<p><a href=\"http:\/\/www.facebook.com\/media\/set\/?set=a.434560593272478.104065.107054166023124&amp;type=3\" target=\"_blank\">Conozca im\u00e1genes de Laboratorio Laso Eje Cafetero present\u00f3 CD recopilatorio<\/a><\/p>\n<p>&nbsp;<\/p>\n<p><b>Informes:<\/b>\u00a0Oficina de Prensa, tel\u00e9fono 878 15 00, extensi\u00f3n 12 167.<\/p>\n","protected":false},"excerpt":{"rendered":"<p>Se puede adquirir gratis, en la U. de Caldas &nbsp; 27\/11\/2012 Redacci\u00f3n: Margarita Laverde Galvis &nbsp; Foto: Guillermo Sarmiento\/Prensa U. de Caldas El\u00a0Laboratorio Social de Emprendimiento\u00a0(Laso)\u00a0Eje Cafetero\u00a0present\u00f3\u00a0el CD\u00a0recopilatorio de las\u00a013 bandas\u00a0participantes del\u00a0proceso en el 2011, que se llev\u00f3 a cabo con el apoyo del Ministerio de Cultura, Servicio Nacional de Aprendizaje (Sena), Instituto de Cultura [&hellip;]<\/p>\n","protected":false},"author":2,"featured_media":0,"comment_status":"closed","ping_status":"closed","sticky":false,"template":"","format":"standard","meta":{"footnotes":""},"categories":[48,53],"tags":[],"class_list":["post-14582","post","type-post","status-publish","format-standard","hentry","category-actualidad","category-universidad-al-dia"],"yoast_head":"<!-- This site is optimized with the Yoast SEO plugin v27.5 - https:\/\/yoast.com\/product\/yoast-seo-wordpress\/ -->\n<title>Laso Eje Cafetero present\u00f3 CD de las 13 bandas participantes en proceso 2011 .<\/title>\n<meta name=\"robots\" content=\"index, follow, max-snippet:-1, max-image-preview:large, max-video-preview:-1\" \/>\n<link rel=\"canonical\" href=\"https:\/\/www.ucaldas.edu.co\/portal\/laso-eje-cafetero-presento-cd-de-las-13-bandas-participantes-en-proceso-2011\/\" \/>\n<script type=\"application\/ld+json\" class=\"yoast-schema-graph\">{\"@context\":\"https:\\\/\\\/schema.org\",\"@graph\":[{\"@type\":\"Article\",\"@id\":\"https:\\\/\\\/www.ucaldas.edu.co\\\/portal\\\/laso-eje-cafetero-presento-cd-de-las-13-bandas-participantes-en-proceso-2011\\\/#article\",\"isPartOf\":{\"@id\":\"https:\\\/\\\/www.ucaldas.edu.co\\\/portal\\\/laso-eje-cafetero-presento-cd-de-las-13-bandas-participantes-en-proceso-2011\\\/\"},\"author\":{\"name\":\"ofiprensa\",\"@id\":\"https:\\\/\\\/www.ucaldas.edu.co\\\/portal\\\/#\\\/schema\\\/person\\\/a1b482e23449158b4bc319926c074fdf\"},\"headline\":\"Laso Eje Cafetero present\u00f3 CD de las 13 bandas participantes en proceso 2011\",\"datePublished\":\"2012-11-27T15:41:28+00:00\",\"mainEntityOfPage\":{\"@id\":\"https:\\\/\\\/www.ucaldas.edu.co\\\/portal\\\/laso-eje-cafetero-presento-cd-de-las-13-bandas-participantes-en-proceso-2011\\\/\"},\"wordCount\":337,\"publisher\":{\"@id\":\"https:\\\/\\\/www.ucaldas.edu.co\\\/portal\\\/#organization\"},\"image\":{\"@id\":\"https:\\\/\\\/www.ucaldas.edu.co\\\/portal\\\/laso-eje-cafetero-presento-cd-de-las-13-bandas-participantes-en-proceso-2011\\\/#primaryimage\"},\"thumbnailUrl\":\"http:\\\/\\\/www.ucaldas.edu.co\\\/images\\\/tmp\\\/laso_cd.jpg\",\"articleSection\":[\"Actualidad\",\"Universidad al D\u00eda\"],\"inLanguage\":\"es\"},{\"@type\":\"WebPage\",\"@id\":\"https:\\\/\\\/www.ucaldas.edu.co\\\/portal\\\/laso-eje-cafetero-presento-cd-de-las-13-bandas-participantes-en-proceso-2011\\\/\",\"url\":\"https:\\\/\\\/www.ucaldas.edu.co\\\/portal\\\/laso-eje-cafetero-presento-cd-de-las-13-bandas-participantes-en-proceso-2011\\\/\",\"name\":\"Laso Eje Cafetero present\u00f3 CD de las 13 bandas participantes en proceso 2011 .\",\"isPartOf\":{\"@id\":\"https:\\\/\\\/www.ucaldas.edu.co\\\/portal\\\/#website\"},\"primaryImageOfPage\":{\"@id\":\"https:\\\/\\\/www.ucaldas.edu.co\\\/portal\\\/laso-eje-cafetero-presento-cd-de-las-13-bandas-participantes-en-proceso-2011\\\/#primaryimage\"},\"image\":{\"@id\":\"https:\\\/\\\/www.ucaldas.edu.co\\\/portal\\\/laso-eje-cafetero-presento-cd-de-las-13-bandas-participantes-en-proceso-2011\\\/#primaryimage\"},\"thumbnailUrl\":\"http:\\\/\\\/www.ucaldas.edu.co\\\/images\\\/tmp\\\/laso_cd.jpg\",\"datePublished\":\"2012-11-27T15:41:28+00:00\",\"breadcrumb\":{\"@id\":\"https:\\\/\\\/www.ucaldas.edu.co\\\/portal\\\/laso-eje-cafetero-presento-cd-de-las-13-bandas-participantes-en-proceso-2011\\\/#breadcrumb\"},\"inLanguage\":\"es\",\"potentialAction\":[{\"@type\":\"ReadAction\",\"target\":[\"https:\\\/\\\/www.ucaldas.edu.co\\\/portal\\\/laso-eje-cafetero-presento-cd-de-las-13-bandas-participantes-en-proceso-2011\\\/\"]}]},{\"@type\":\"ImageObject\",\"inLanguage\":\"es\",\"@id\":\"https:\\\/\\\/www.ucaldas.edu.co\\\/portal\\\/laso-eje-cafetero-presento-cd-de-las-13-bandas-participantes-en-proceso-2011\\\/#primaryimage\",\"url\":\"http:\\\/\\\/www.ucaldas.edu.co\\\/images\\\/tmp\\\/laso_cd.jpg\",\"contentUrl\":\"http:\\\/\\\/www.ucaldas.edu.co\\\/images\\\/tmp\\\/laso_cd.jpg\"},{\"@type\":\"BreadcrumbList\",\"@id\":\"https:\\\/\\\/www.ucaldas.edu.co\\\/portal\\\/laso-eje-cafetero-presento-cd-de-las-13-bandas-participantes-en-proceso-2011\\\/#breadcrumb\",\"itemListElement\":[{\"@type\":\"ListItem\",\"position\":1,\"name\":\"Portada\",\"item\":\"https:\\\/\\\/www.ucaldas.edu.co\\\/portal\\\/\"},{\"@type\":\"ListItem\",\"position\":2,\"name\":\"Laso Eje Cafetero present\u00f3 CD de las 13 bandas participantes en proceso 2011\"}]},{\"@type\":\"WebSite\",\"@id\":\"https:\\\/\\\/www.ucaldas.edu.co\\\/portal\\\/#website\",\"url\":\"https:\\\/\\\/www.ucaldas.edu.co\\\/portal\\\/\",\"name\":\"Universidad de Caldas\",\"description\":\"\",\"publisher\":{\"@id\":\"https:\\\/\\\/www.ucaldas.edu.co\\\/portal\\\/#organization\"},\"alternateName\":\"U. de Caldas\",\"potentialAction\":[{\"@type\":\"SearchAction\",\"target\":{\"@type\":\"EntryPoint\",\"urlTemplate\":\"https:\\\/\\\/www.ucaldas.edu.co\\\/portal\\\/?s={search_term_string}\"},\"query-input\":{\"@type\":\"PropertyValueSpecification\",\"valueRequired\":true,\"valueName\":\"search_term_string\"}}],\"inLanguage\":\"es\"},{\"@type\":\"Organization\",\"@id\":\"https:\\\/\\\/www.ucaldas.edu.co\\\/portal\\\/#organization\",\"name\":\"Universidad de Caldas\",\"alternateName\":\"U. de Caldas\",\"url\":\"https:\\\/\\\/www.ucaldas.edu.co\\\/portal\\\/\",\"logo\":{\"@type\":\"ImageObject\",\"inLanguage\":\"es\",\"@id\":\"https:\\\/\\\/www.ucaldas.edu.co\\\/portal\\\/#\\\/schema\\\/logo\\\/image\\\/\",\"url\":\"https:\\\/\\\/www.ucaldas.edu.co\\\/portal\\\/wp-content\\\/uploads\\\/2023\\\/11\\\/Logo_horizontal_oscuroU-2023.png\",\"contentUrl\":\"https:\\\/\\\/www.ucaldas.edu.co\\\/portal\\\/wp-content\\\/uploads\\\/2023\\\/11\\\/Logo_horizontal_oscuroU-2023.png\",\"width\":263,\"height\":101,\"caption\":\"Universidad de Caldas\"},\"image\":{\"@id\":\"https:\\\/\\\/www.ucaldas.edu.co\\\/portal\\\/#\\\/schema\\\/logo\\\/image\\\/\"},\"sameAs\":[\"https:\\\/\\\/www.facebook.com\\\/udecaldas\",\"https:\\\/\\\/x.com\\\/udecaldas\",\"https:\\\/\\\/www.youtube.com\\\/universidadcaldas\",\"https:\\\/\\\/www.instagram.com\\\/udecaldas\\\/\"]},{\"@type\":\"Person\",\"@id\":\"https:\\\/\\\/www.ucaldas.edu.co\\\/portal\\\/#\\\/schema\\\/person\\\/a1b482e23449158b4bc319926c074fdf\",\"name\":\"ofiprensa\",\"image\":{\"@type\":\"ImageObject\",\"inLanguage\":\"es\",\"@id\":\"https:\\\/\\\/www.ucaldas.edu.co\\\/portal\\\/wp-content\\\/litespeed\\\/avatar\\\/09ea5085e600095a7a811142c6944527.jpg?ver=1777497608\",\"url\":\"https:\\\/\\\/www.ucaldas.edu.co\\\/portal\\\/wp-content\\\/litespeed\\\/avatar\\\/09ea5085e600095a7a811142c6944527.jpg?ver=1777497608\",\"contentUrl\":\"https:\\\/\\\/www.ucaldas.edu.co\\\/portal\\\/wp-content\\\/litespeed\\\/avatar\\\/09ea5085e600095a7a811142c6944527.jpg?ver=1777497608\",\"caption\":\"ofiprensa\"},\"url\":\"https:\\\/\\\/www.ucaldas.edu.co\\\/portal\\\/author\\\/ofiprensa\\\/\"}]}<\/script>\n<!-- \/ Yoast SEO plugin. -->","yoast_head_json":{"title":"Laso Eje Cafetero present\u00f3 CD de las 13 bandas participantes en proceso 2011 .","robots":{"index":"index","follow":"follow","max-snippet":"max-snippet:-1","max-image-preview":"max-image-preview:large","max-video-preview":"max-video-preview:-1"},"canonical":"https:\/\/www.ucaldas.edu.co\/portal\/laso-eje-cafetero-presento-cd-de-las-13-bandas-participantes-en-proceso-2011\/","schema":{"@context":"https:\/\/schema.org","@graph":[{"@type":"Article","@id":"https:\/\/www.ucaldas.edu.co\/portal\/laso-eje-cafetero-presento-cd-de-las-13-bandas-participantes-en-proceso-2011\/#article","isPartOf":{"@id":"https:\/\/www.ucaldas.edu.co\/portal\/laso-eje-cafetero-presento-cd-de-las-13-bandas-participantes-en-proceso-2011\/"},"author":{"name":"ofiprensa","@id":"https:\/\/www.ucaldas.edu.co\/portal\/#\/schema\/person\/a1b482e23449158b4bc319926c074fdf"},"headline":"Laso Eje Cafetero present\u00f3 CD de las 13 bandas participantes en proceso 2011","datePublished":"2012-11-27T15:41:28+00:00","mainEntityOfPage":{"@id":"https:\/\/www.ucaldas.edu.co\/portal\/laso-eje-cafetero-presento-cd-de-las-13-bandas-participantes-en-proceso-2011\/"},"wordCount":337,"publisher":{"@id":"https:\/\/www.ucaldas.edu.co\/portal\/#organization"},"image":{"@id":"https:\/\/www.ucaldas.edu.co\/portal\/laso-eje-cafetero-presento-cd-de-las-13-bandas-participantes-en-proceso-2011\/#primaryimage"},"thumbnailUrl":"http:\/\/www.ucaldas.edu.co\/images\/tmp\/laso_cd.jpg","articleSection":["Actualidad","Universidad al D\u00eda"],"inLanguage":"es"},{"@type":"WebPage","@id":"https:\/\/www.ucaldas.edu.co\/portal\/laso-eje-cafetero-presento-cd-de-las-13-bandas-participantes-en-proceso-2011\/","url":"https:\/\/www.ucaldas.edu.co\/portal\/laso-eje-cafetero-presento-cd-de-las-13-bandas-participantes-en-proceso-2011\/","name":"Laso Eje Cafetero present\u00f3 CD de las 13 bandas participantes en proceso 2011 .","isPartOf":{"@id":"https:\/\/www.ucaldas.edu.co\/portal\/#website"},"primaryImageOfPage":{"@id":"https:\/\/www.ucaldas.edu.co\/portal\/laso-eje-cafetero-presento-cd-de-las-13-bandas-participantes-en-proceso-2011\/#primaryimage"},"image":{"@id":"https:\/\/www.ucaldas.edu.co\/portal\/laso-eje-cafetero-presento-cd-de-las-13-bandas-participantes-en-proceso-2011\/#primaryimage"},"thumbnailUrl":"http:\/\/www.ucaldas.edu.co\/images\/tmp\/laso_cd.jpg","datePublished":"2012-11-27T15:41:28+00:00","breadcrumb":{"@id":"https:\/\/www.ucaldas.edu.co\/portal\/laso-eje-cafetero-presento-cd-de-las-13-bandas-participantes-en-proceso-2011\/#breadcrumb"},"inLanguage":"es","potentialAction":[{"@type":"ReadAction","target":["https:\/\/www.ucaldas.edu.co\/portal\/laso-eje-cafetero-presento-cd-de-las-13-bandas-participantes-en-proceso-2011\/"]}]},{"@type":"ImageObject","inLanguage":"es","@id":"https:\/\/www.ucaldas.edu.co\/portal\/laso-eje-cafetero-presento-cd-de-las-13-bandas-participantes-en-proceso-2011\/#primaryimage","url":"http:\/\/www.ucaldas.edu.co\/images\/tmp\/laso_cd.jpg","contentUrl":"http:\/\/www.ucaldas.edu.co\/images\/tmp\/laso_cd.jpg"},{"@type":"BreadcrumbList","@id":"https:\/\/www.ucaldas.edu.co\/portal\/laso-eje-cafetero-presento-cd-de-las-13-bandas-participantes-en-proceso-2011\/#breadcrumb","itemListElement":[{"@type":"ListItem","position":1,"name":"Portada","item":"https:\/\/www.ucaldas.edu.co\/portal\/"},{"@type":"ListItem","position":2,"name":"Laso Eje Cafetero present\u00f3 CD de las 13 bandas participantes en proceso 2011"}]},{"@type":"WebSite","@id":"https:\/\/www.ucaldas.edu.co\/portal\/#website","url":"https:\/\/www.ucaldas.edu.co\/portal\/","name":"Universidad de Caldas","description":"","publisher":{"@id":"https:\/\/www.ucaldas.edu.co\/portal\/#organization"},"alternateName":"U. de Caldas","potentialAction":[{"@type":"SearchAction","target":{"@type":"EntryPoint","urlTemplate":"https:\/\/www.ucaldas.edu.co\/portal\/?s={search_term_string}"},"query-input":{"@type":"PropertyValueSpecification","valueRequired":true,"valueName":"search_term_string"}}],"inLanguage":"es"},{"@type":"Organization","@id":"https:\/\/www.ucaldas.edu.co\/portal\/#organization","name":"Universidad de Caldas","alternateName":"U. de Caldas","url":"https:\/\/www.ucaldas.edu.co\/portal\/","logo":{"@type":"ImageObject","inLanguage":"es","@id":"https:\/\/www.ucaldas.edu.co\/portal\/#\/schema\/logo\/image\/","url":"https:\/\/www.ucaldas.edu.co\/portal\/wp-content\/uploads\/2023\/11\/Logo_horizontal_oscuroU-2023.png","contentUrl":"https:\/\/www.ucaldas.edu.co\/portal\/wp-content\/uploads\/2023\/11\/Logo_horizontal_oscuroU-2023.png","width":263,"height":101,"caption":"Universidad de Caldas"},"image":{"@id":"https:\/\/www.ucaldas.edu.co\/portal\/#\/schema\/logo\/image\/"},"sameAs":["https:\/\/www.facebook.com\/udecaldas","https:\/\/x.com\/udecaldas","https:\/\/www.youtube.com\/universidadcaldas","https:\/\/www.instagram.com\/udecaldas\/"]},{"@type":"Person","@id":"https:\/\/www.ucaldas.edu.co\/portal\/#\/schema\/person\/a1b482e23449158b4bc319926c074fdf","name":"ofiprensa","image":{"@type":"ImageObject","inLanguage":"es","@id":"https:\/\/www.ucaldas.edu.co\/portal\/wp-content\/litespeed\/avatar\/09ea5085e600095a7a811142c6944527.jpg?ver=1777497608","url":"https:\/\/www.ucaldas.edu.co\/portal\/wp-content\/litespeed\/avatar\/09ea5085e600095a7a811142c6944527.jpg?ver=1777497608","contentUrl":"https:\/\/www.ucaldas.edu.co\/portal\/wp-content\/litespeed\/avatar\/09ea5085e600095a7a811142c6944527.jpg?ver=1777497608","caption":"ofiprensa"},"url":"https:\/\/www.ucaldas.edu.co\/portal\/author\/ofiprensa\/"}]}},"_links":{"self":[{"href":"https:\/\/www.ucaldas.edu.co\/portal\/wp-json\/wp\/v2\/posts\/14582","targetHints":{"allow":["GET"]}}],"collection":[{"href":"https:\/\/www.ucaldas.edu.co\/portal\/wp-json\/wp\/v2\/posts"}],"about":[{"href":"https:\/\/www.ucaldas.edu.co\/portal\/wp-json\/wp\/v2\/types\/post"}],"author":[{"embeddable":true,"href":"https:\/\/www.ucaldas.edu.co\/portal\/wp-json\/wp\/v2\/users\/2"}],"replies":[{"embeddable":true,"href":"https:\/\/www.ucaldas.edu.co\/portal\/wp-json\/wp\/v2\/comments?post=14582"}],"version-history":[{"count":0,"href":"https:\/\/www.ucaldas.edu.co\/portal\/wp-json\/wp\/v2\/posts\/14582\/revisions"}],"wp:attachment":[{"href":"https:\/\/www.ucaldas.edu.co\/portal\/wp-json\/wp\/v2\/media?parent=14582"}],"wp:term":[{"taxonomy":"category","embeddable":true,"href":"https:\/\/www.ucaldas.edu.co\/portal\/wp-json\/wp\/v2\/categories?post=14582"},{"taxonomy":"post_tag","embeddable":true,"href":"https:\/\/www.ucaldas.edu.co\/portal\/wp-json\/wp\/v2\/tags?post=14582"}],"curies":[{"name":"wp","href":"https:\/\/api.w.org\/{rel}","templated":true}]}}