{"id":14315,"date":"2012-11-27T16:02:18","date_gmt":"2012-11-27T21:02:18","guid":{"rendered":"https:\/\/www.ucaldas.edu.co\/portal\/?p=14315"},"modified":"2012-11-27T16:02:18","modified_gmt":"2012-11-27T21:02:18","slug":"obras-elaboradas-con-tecnica-digital-seran-premiadas-en-concurso-de-ilustracion","status":"publish","type":"post","link":"https:\/\/www.ucaldas.edu.co\/portal\/obras-elaboradas-con-tecnica-digital-seran-premiadas-en-concurso-de-ilustracion\/","title":{"rendered":"Obras elaboradas con t\u00e9cnica digital ser\u00e1n premiadas en concurso de ilustraci\u00f3n"},"content":{"rendered":"<p>Iniciativa la promueve Sigma Ingenier\u00eda<\/p>\n<hr \/>\n<p>&nbsp;<\/p>\n<p align=\"center\">\n<p>&nbsp;<\/p>\n<p align=\"right\">27\/11\/2012<br \/>\nRedacci\u00f3n: Mar\u00eda Fernanda Restrepo Torres<\/p>\n<p>&nbsp;<\/p>\n<table border=\"0\">\n<tbody>\n<tr>\n<td>\u00a0<img loading=\"lazy\" decoding=\"async\" style=\"border: 0px\" title=\"Obras elaboradas con t\u00e9cnica digital ser\u00e1n premiadas en concurso de ilustraci\u00f3n\" alt=\"Sigma Ingenieria\" src=\"http:\/\/www.ucaldas.edu.co\/images\/tmp\/sigma.jpg\" width=\"240\" height=\"160\" border=\"0\" \/><\/td>\n<td><b>Apoyar<\/b>\u00a0el\u00a0<b>arte colombiano<\/b>\u00a0y\u00a0<b>garantizar<\/b>\u00a0su\u00a0<b>crecimiento<\/b>\u00a0y\u00a0<b>posicionamiento<\/b>\u00a0en la\u00a0<b>regi\u00f3n y el pa\u00eds<\/b>, son los\u00a0<b>objetivos<\/b>\u00a0del\u00a0<b>III Concurso de Pintura<\/b>\u00a0e<b>Ilustraci\u00f3n Digital Sigma Ingenier\u00eda<\/b>. Los\u00a0<b>interesados\u00a0<\/b>en participar\u00a0<b>pueden enviar\u00a0<\/b>sus\u00a0<b>trabajos<\/b>\u00a0<b>hasta<\/b>\u00a0el pr\u00f3ximo viernes\u00a0<b>30 de noviembre<\/b>\u00a0de<b> 2012<\/b>.<\/td>\n<\/tr>\n<\/tbody>\n<\/table>\n<p>&nbsp;<\/p>\n<p>&nbsp;<\/p>\n<p>Esta iniciativa es liderada por Sigma Ingenier\u00eda y pueden participar estudiantes, artistas profesionales o autodidactas, a quienes se exige presentar trabajos individuales (no se recibir\u00e1n proyectos en grupo) que hayan sido elaborados con t\u00e9cnicas digitales, pues otro de los objetivos del concurso es la conservaci\u00f3n del medio ambiente.<\/p>\n<p>&nbsp;<\/p>\n<p>El 5 de diciembre se publicar\u00e1n los nombres de los 12 finalistas en la p\u00e1gina\u00a0<a href=\"http:\/\/www.sigmaingenieria.net\/\" target=\"_blank\">www.sigmaingenieria.net<\/a>\u00a0.\u00a0Las obras\u00a0\u00a0seleccionadas ser\u00e1n expuestas en la ceremonia de premiaci\u00f3n, que se llevar\u00e1 a cabo\u00a0\u00a0el 14 de diciembre, en donde se elegir\u00e1n los tres primeros puestos. Las bases del concurso se pueden consultar\u00a0<a href=\"http:\/\/desarrollo.ucaldas.edu.co\/archivo\/images\/tmp\/CONVOCATORIA_SIGMA.pdf\" target=\"_blank\">aqu\u00ed<\/a><\/p>\n<p>&nbsp;<\/p>\n<p><b>Informes:<\/b>\u00a0Oficina de Prensa, tel\u00e9fono 878 15 00 extensi\u00f3n 12 167. Tambi\u00e9n en el 890 07 33 o en el correo electr\u00f3nico\u00a0<a href=\"mailto:comunicaciones@sigmaingenieria.net\" target=\"_blank\">comunicaciones@sigmaingenieria.net<\/a><\/p>\n","protected":false},"excerpt":{"rendered":"<p>Iniciativa la promueve Sigma Ingenier\u00eda &nbsp; &nbsp; 27\/11\/2012 Redacci\u00f3n: Mar\u00eda Fernanda Restrepo Torres &nbsp; \u00a0 Apoyar\u00a0el\u00a0arte colombiano\u00a0y\u00a0garantizar\u00a0su\u00a0crecimiento\u00a0y\u00a0posicionamiento\u00a0en la\u00a0regi\u00f3n y el pa\u00eds, son los\u00a0objetivos\u00a0del\u00a0III Concurso de Pintura\u00a0eIlustraci\u00f3n Digital Sigma Ingenier\u00eda. Los\u00a0interesados\u00a0en participar\u00a0pueden enviar\u00a0sus\u00a0trabajos\u00a0hasta\u00a0el pr\u00f3ximo viernes\u00a030 de noviembre\u00a0de 2012. &nbsp; &nbsp; Esta iniciativa es liderada por Sigma Ingenier\u00eda y pueden participar estudiantes, artistas profesionales o autodidactas, a [&hellip;]<\/p>\n","protected":false},"author":2,"featured_media":0,"comment_status":"closed","ping_status":"closed","sticky":false,"template":"","format":"standard","meta":{"footnotes":""},"categories":[48,53],"tags":[],"class_list":["post-14315","post","type-post","status-publish","format-standard","hentry","category-actualidad","category-universidad-al-dia"],"yoast_head":"<!-- This site is optimized with the Yoast SEO plugin v27.5 - https:\/\/yoast.com\/product\/yoast-seo-wordpress\/ -->\n<title>Obras elaboradas con t\u00e9cnica digital ser\u00e1n premiadas en concurso de ilustraci\u00f3n .<\/title>\n<meta name=\"robots\" content=\"index, follow, max-snippet:-1, max-image-preview:large, max-video-preview:-1\" \/>\n<link rel=\"canonical\" href=\"https:\/\/www.ucaldas.edu.co\/portal\/obras-elaboradas-con-tecnica-digital-seran-premiadas-en-concurso-de-ilustracion\/\" \/>\n<script type=\"application\/ld+json\" class=\"yoast-schema-graph\">{\"@context\":\"https:\\\/\\\/schema.org\",\"@graph\":[{\"@type\":\"Article\",\"@id\":\"https:\\\/\\\/www.ucaldas.edu.co\\\/portal\\\/obras-elaboradas-con-tecnica-digital-seran-premiadas-en-concurso-de-ilustracion\\\/#article\",\"isPartOf\":{\"@id\":\"https:\\\/\\\/www.ucaldas.edu.co\\\/portal\\\/obras-elaboradas-con-tecnica-digital-seran-premiadas-en-concurso-de-ilustracion\\\/\"},\"author\":{\"name\":\"ofiprensa\",\"@id\":\"https:\\\/\\\/www.ucaldas.edu.co\\\/portal\\\/#\\\/schema\\\/person\\\/a1b482e23449158b4bc319926c074fdf\"},\"headline\":\"Obras elaboradas con t\u00e9cnica digital ser\u00e1n premiadas en concurso de ilustraci\u00f3n\",\"datePublished\":\"2012-11-27T21:02:18+00:00\",\"mainEntityOfPage\":{\"@id\":\"https:\\\/\\\/www.ucaldas.edu.co\\\/portal\\\/obras-elaboradas-con-tecnica-digital-seran-premiadas-en-concurso-de-ilustracion\\\/\"},\"wordCount\":210,\"publisher\":{\"@id\":\"https:\\\/\\\/www.ucaldas.edu.co\\\/portal\\\/#organization\"},\"image\":{\"@id\":\"https:\\\/\\\/www.ucaldas.edu.co\\\/portal\\\/obras-elaboradas-con-tecnica-digital-seran-premiadas-en-concurso-de-ilustracion\\\/#primaryimage\"},\"thumbnailUrl\":\"http:\\\/\\\/www.ucaldas.edu.co\\\/images\\\/tmp\\\/sigma.jpg\",\"articleSection\":[\"Actualidad\",\"Universidad al D\u00eda\"],\"inLanguage\":\"es\"},{\"@type\":\"WebPage\",\"@id\":\"https:\\\/\\\/www.ucaldas.edu.co\\\/portal\\\/obras-elaboradas-con-tecnica-digital-seran-premiadas-en-concurso-de-ilustracion\\\/\",\"url\":\"https:\\\/\\\/www.ucaldas.edu.co\\\/portal\\\/obras-elaboradas-con-tecnica-digital-seran-premiadas-en-concurso-de-ilustracion\\\/\",\"name\":\"Obras elaboradas con t\u00e9cnica digital ser\u00e1n premiadas en concurso de ilustraci\u00f3n .\",\"isPartOf\":{\"@id\":\"https:\\\/\\\/www.ucaldas.edu.co\\\/portal\\\/#website\"},\"primaryImageOfPage\":{\"@id\":\"https:\\\/\\\/www.ucaldas.edu.co\\\/portal\\\/obras-elaboradas-con-tecnica-digital-seran-premiadas-en-concurso-de-ilustracion\\\/#primaryimage\"},\"image\":{\"@id\":\"https:\\\/\\\/www.ucaldas.edu.co\\\/portal\\\/obras-elaboradas-con-tecnica-digital-seran-premiadas-en-concurso-de-ilustracion\\\/#primaryimage\"},\"thumbnailUrl\":\"http:\\\/\\\/www.ucaldas.edu.co\\\/images\\\/tmp\\\/sigma.jpg\",\"datePublished\":\"2012-11-27T21:02:18+00:00\",\"breadcrumb\":{\"@id\":\"https:\\\/\\\/www.ucaldas.edu.co\\\/portal\\\/obras-elaboradas-con-tecnica-digital-seran-premiadas-en-concurso-de-ilustracion\\\/#breadcrumb\"},\"inLanguage\":\"es\",\"potentialAction\":[{\"@type\":\"ReadAction\",\"target\":[\"https:\\\/\\\/www.ucaldas.edu.co\\\/portal\\\/obras-elaboradas-con-tecnica-digital-seran-premiadas-en-concurso-de-ilustracion\\\/\"]}]},{\"@type\":\"ImageObject\",\"inLanguage\":\"es\",\"@id\":\"https:\\\/\\\/www.ucaldas.edu.co\\\/portal\\\/obras-elaboradas-con-tecnica-digital-seran-premiadas-en-concurso-de-ilustracion\\\/#primaryimage\",\"url\":\"http:\\\/\\\/www.ucaldas.edu.co\\\/images\\\/tmp\\\/sigma.jpg\",\"contentUrl\":\"http:\\\/\\\/www.ucaldas.edu.co\\\/images\\\/tmp\\\/sigma.jpg\"},{\"@type\":\"BreadcrumbList\",\"@id\":\"https:\\\/\\\/www.ucaldas.edu.co\\\/portal\\\/obras-elaboradas-con-tecnica-digital-seran-premiadas-en-concurso-de-ilustracion\\\/#breadcrumb\",\"itemListElement\":[{\"@type\":\"ListItem\",\"position\":1,\"name\":\"Portada\",\"item\":\"https:\\\/\\\/www.ucaldas.edu.co\\\/portal\\\/\"},{\"@type\":\"ListItem\",\"position\":2,\"name\":\"Obras elaboradas con t\u00e9cnica digital ser\u00e1n premiadas en concurso de ilustraci\u00f3n\"}]},{\"@type\":\"WebSite\",\"@id\":\"https:\\\/\\\/www.ucaldas.edu.co\\\/portal\\\/#website\",\"url\":\"https:\\\/\\\/www.ucaldas.edu.co\\\/portal\\\/\",\"name\":\"Universidad de Caldas\",\"description\":\"\",\"publisher\":{\"@id\":\"https:\\\/\\\/www.ucaldas.edu.co\\\/portal\\\/#organization\"},\"alternateName\":\"U. de Caldas\",\"potentialAction\":[{\"@type\":\"SearchAction\",\"target\":{\"@type\":\"EntryPoint\",\"urlTemplate\":\"https:\\\/\\\/www.ucaldas.edu.co\\\/portal\\\/?s={search_term_string}\"},\"query-input\":{\"@type\":\"PropertyValueSpecification\",\"valueRequired\":true,\"valueName\":\"search_term_string\"}}],\"inLanguage\":\"es\"},{\"@type\":\"Organization\",\"@id\":\"https:\\\/\\\/www.ucaldas.edu.co\\\/portal\\\/#organization\",\"name\":\"Universidad de Caldas\",\"alternateName\":\"U. de Caldas\",\"url\":\"https:\\\/\\\/www.ucaldas.edu.co\\\/portal\\\/\",\"logo\":{\"@type\":\"ImageObject\",\"inLanguage\":\"es\",\"@id\":\"https:\\\/\\\/www.ucaldas.edu.co\\\/portal\\\/#\\\/schema\\\/logo\\\/image\\\/\",\"url\":\"https:\\\/\\\/www.ucaldas.edu.co\\\/portal\\\/wp-content\\\/uploads\\\/2023\\\/11\\\/Logo_horizontal_oscuroU-2023.png\",\"contentUrl\":\"https:\\\/\\\/www.ucaldas.edu.co\\\/portal\\\/wp-content\\\/uploads\\\/2023\\\/11\\\/Logo_horizontal_oscuroU-2023.png\",\"width\":263,\"height\":101,\"caption\":\"Universidad de Caldas\"},\"image\":{\"@id\":\"https:\\\/\\\/www.ucaldas.edu.co\\\/portal\\\/#\\\/schema\\\/logo\\\/image\\\/\"},\"sameAs\":[\"https:\\\/\\\/www.facebook.com\\\/udecaldas\",\"https:\\\/\\\/x.com\\\/udecaldas\",\"https:\\\/\\\/www.youtube.com\\\/universidadcaldas\",\"https:\\\/\\\/www.instagram.com\\\/udecaldas\\\/\"]},{\"@type\":\"Person\",\"@id\":\"https:\\\/\\\/www.ucaldas.edu.co\\\/portal\\\/#\\\/schema\\\/person\\\/a1b482e23449158b4bc319926c074fdf\",\"name\":\"ofiprensa\",\"image\":{\"@type\":\"ImageObject\",\"inLanguage\":\"es\",\"@id\":\"https:\\\/\\\/www.ucaldas.edu.co\\\/portal\\\/wp-content\\\/litespeed\\\/avatar\\\/09ea5085e600095a7a811142c6944527.jpg?ver=1777497608\",\"url\":\"https:\\\/\\\/www.ucaldas.edu.co\\\/portal\\\/wp-content\\\/litespeed\\\/avatar\\\/09ea5085e600095a7a811142c6944527.jpg?ver=1777497608\",\"contentUrl\":\"https:\\\/\\\/www.ucaldas.edu.co\\\/portal\\\/wp-content\\\/litespeed\\\/avatar\\\/09ea5085e600095a7a811142c6944527.jpg?ver=1777497608\",\"caption\":\"ofiprensa\"},\"url\":\"https:\\\/\\\/www.ucaldas.edu.co\\\/portal\\\/author\\\/ofiprensa\\\/\"}]}<\/script>\n<!-- \/ Yoast SEO plugin. -->","yoast_head_json":{"title":"Obras elaboradas con t\u00e9cnica digital ser\u00e1n premiadas en concurso de ilustraci\u00f3n .","robots":{"index":"index","follow":"follow","max-snippet":"max-snippet:-1","max-image-preview":"max-image-preview:large","max-video-preview":"max-video-preview:-1"},"canonical":"https:\/\/www.ucaldas.edu.co\/portal\/obras-elaboradas-con-tecnica-digital-seran-premiadas-en-concurso-de-ilustracion\/","schema":{"@context":"https:\/\/schema.org","@graph":[{"@type":"Article","@id":"https:\/\/www.ucaldas.edu.co\/portal\/obras-elaboradas-con-tecnica-digital-seran-premiadas-en-concurso-de-ilustracion\/#article","isPartOf":{"@id":"https:\/\/www.ucaldas.edu.co\/portal\/obras-elaboradas-con-tecnica-digital-seran-premiadas-en-concurso-de-ilustracion\/"},"author":{"name":"ofiprensa","@id":"https:\/\/www.ucaldas.edu.co\/portal\/#\/schema\/person\/a1b482e23449158b4bc319926c074fdf"},"headline":"Obras elaboradas con t\u00e9cnica digital ser\u00e1n premiadas en concurso de ilustraci\u00f3n","datePublished":"2012-11-27T21:02:18+00:00","mainEntityOfPage":{"@id":"https:\/\/www.ucaldas.edu.co\/portal\/obras-elaboradas-con-tecnica-digital-seran-premiadas-en-concurso-de-ilustracion\/"},"wordCount":210,"publisher":{"@id":"https:\/\/www.ucaldas.edu.co\/portal\/#organization"},"image":{"@id":"https:\/\/www.ucaldas.edu.co\/portal\/obras-elaboradas-con-tecnica-digital-seran-premiadas-en-concurso-de-ilustracion\/#primaryimage"},"thumbnailUrl":"http:\/\/www.ucaldas.edu.co\/images\/tmp\/sigma.jpg","articleSection":["Actualidad","Universidad al D\u00eda"],"inLanguage":"es"},{"@type":"WebPage","@id":"https:\/\/www.ucaldas.edu.co\/portal\/obras-elaboradas-con-tecnica-digital-seran-premiadas-en-concurso-de-ilustracion\/","url":"https:\/\/www.ucaldas.edu.co\/portal\/obras-elaboradas-con-tecnica-digital-seran-premiadas-en-concurso-de-ilustracion\/","name":"Obras elaboradas con t\u00e9cnica digital ser\u00e1n premiadas en concurso de ilustraci\u00f3n .","isPartOf":{"@id":"https:\/\/www.ucaldas.edu.co\/portal\/#website"},"primaryImageOfPage":{"@id":"https:\/\/www.ucaldas.edu.co\/portal\/obras-elaboradas-con-tecnica-digital-seran-premiadas-en-concurso-de-ilustracion\/#primaryimage"},"image":{"@id":"https:\/\/www.ucaldas.edu.co\/portal\/obras-elaboradas-con-tecnica-digital-seran-premiadas-en-concurso-de-ilustracion\/#primaryimage"},"thumbnailUrl":"http:\/\/www.ucaldas.edu.co\/images\/tmp\/sigma.jpg","datePublished":"2012-11-27T21:02:18+00:00","breadcrumb":{"@id":"https:\/\/www.ucaldas.edu.co\/portal\/obras-elaboradas-con-tecnica-digital-seran-premiadas-en-concurso-de-ilustracion\/#breadcrumb"},"inLanguage":"es","potentialAction":[{"@type":"ReadAction","target":["https:\/\/www.ucaldas.edu.co\/portal\/obras-elaboradas-con-tecnica-digital-seran-premiadas-en-concurso-de-ilustracion\/"]}]},{"@type":"ImageObject","inLanguage":"es","@id":"https:\/\/www.ucaldas.edu.co\/portal\/obras-elaboradas-con-tecnica-digital-seran-premiadas-en-concurso-de-ilustracion\/#primaryimage","url":"http:\/\/www.ucaldas.edu.co\/images\/tmp\/sigma.jpg","contentUrl":"http:\/\/www.ucaldas.edu.co\/images\/tmp\/sigma.jpg"},{"@type":"BreadcrumbList","@id":"https:\/\/www.ucaldas.edu.co\/portal\/obras-elaboradas-con-tecnica-digital-seran-premiadas-en-concurso-de-ilustracion\/#breadcrumb","itemListElement":[{"@type":"ListItem","position":1,"name":"Portada","item":"https:\/\/www.ucaldas.edu.co\/portal\/"},{"@type":"ListItem","position":2,"name":"Obras elaboradas con t\u00e9cnica digital ser\u00e1n premiadas en concurso de ilustraci\u00f3n"}]},{"@type":"WebSite","@id":"https:\/\/www.ucaldas.edu.co\/portal\/#website","url":"https:\/\/www.ucaldas.edu.co\/portal\/","name":"Universidad de Caldas","description":"","publisher":{"@id":"https:\/\/www.ucaldas.edu.co\/portal\/#organization"},"alternateName":"U. de Caldas","potentialAction":[{"@type":"SearchAction","target":{"@type":"EntryPoint","urlTemplate":"https:\/\/www.ucaldas.edu.co\/portal\/?s={search_term_string}"},"query-input":{"@type":"PropertyValueSpecification","valueRequired":true,"valueName":"search_term_string"}}],"inLanguage":"es"},{"@type":"Organization","@id":"https:\/\/www.ucaldas.edu.co\/portal\/#organization","name":"Universidad de Caldas","alternateName":"U. de Caldas","url":"https:\/\/www.ucaldas.edu.co\/portal\/","logo":{"@type":"ImageObject","inLanguage":"es","@id":"https:\/\/www.ucaldas.edu.co\/portal\/#\/schema\/logo\/image\/","url":"https:\/\/www.ucaldas.edu.co\/portal\/wp-content\/uploads\/2023\/11\/Logo_horizontal_oscuroU-2023.png","contentUrl":"https:\/\/www.ucaldas.edu.co\/portal\/wp-content\/uploads\/2023\/11\/Logo_horizontal_oscuroU-2023.png","width":263,"height":101,"caption":"Universidad de Caldas"},"image":{"@id":"https:\/\/www.ucaldas.edu.co\/portal\/#\/schema\/logo\/image\/"},"sameAs":["https:\/\/www.facebook.com\/udecaldas","https:\/\/x.com\/udecaldas","https:\/\/www.youtube.com\/universidadcaldas","https:\/\/www.instagram.com\/udecaldas\/"]},{"@type":"Person","@id":"https:\/\/www.ucaldas.edu.co\/portal\/#\/schema\/person\/a1b482e23449158b4bc319926c074fdf","name":"ofiprensa","image":{"@type":"ImageObject","inLanguage":"es","@id":"https:\/\/www.ucaldas.edu.co\/portal\/wp-content\/litespeed\/avatar\/09ea5085e600095a7a811142c6944527.jpg?ver=1777497608","url":"https:\/\/www.ucaldas.edu.co\/portal\/wp-content\/litespeed\/avatar\/09ea5085e600095a7a811142c6944527.jpg?ver=1777497608","contentUrl":"https:\/\/www.ucaldas.edu.co\/portal\/wp-content\/litespeed\/avatar\/09ea5085e600095a7a811142c6944527.jpg?ver=1777497608","caption":"ofiprensa"},"url":"https:\/\/www.ucaldas.edu.co\/portal\/author\/ofiprensa\/"}]}},"_links":{"self":[{"href":"https:\/\/www.ucaldas.edu.co\/portal\/wp-json\/wp\/v2\/posts\/14315","targetHints":{"allow":["GET"]}}],"collection":[{"href":"https:\/\/www.ucaldas.edu.co\/portal\/wp-json\/wp\/v2\/posts"}],"about":[{"href":"https:\/\/www.ucaldas.edu.co\/portal\/wp-json\/wp\/v2\/types\/post"}],"author":[{"embeddable":true,"href":"https:\/\/www.ucaldas.edu.co\/portal\/wp-json\/wp\/v2\/users\/2"}],"replies":[{"embeddable":true,"href":"https:\/\/www.ucaldas.edu.co\/portal\/wp-json\/wp\/v2\/comments?post=14315"}],"version-history":[{"count":0,"href":"https:\/\/www.ucaldas.edu.co\/portal\/wp-json\/wp\/v2\/posts\/14315\/revisions"}],"wp:attachment":[{"href":"https:\/\/www.ucaldas.edu.co\/portal\/wp-json\/wp\/v2\/media?parent=14315"}],"wp:term":[{"taxonomy":"category","embeddable":true,"href":"https:\/\/www.ucaldas.edu.co\/portal\/wp-json\/wp\/v2\/categories?post=14315"},{"taxonomy":"post_tag","embeddable":true,"href":"https:\/\/www.ucaldas.edu.co\/portal\/wp-json\/wp\/v2\/tags?post=14315"}],"curies":[{"name":"wp","href":"https:\/\/api.w.org\/{rel}","templated":true}]}}