{"id":14311,"date":"2012-11-27T16:00:54","date_gmt":"2012-11-27T21:00:54","guid":{"rendered":"https:\/\/www.ucaldas.edu.co\/portal\/?p=14311"},"modified":"2012-11-27T16:00:54","modified_gmt":"2012-11-27T21:00:54","slug":"6a-audiencia-publica-de-rendicion-de-cuentas-a-la-ciudadania-2011-2012","status":"publish","type":"post","link":"https:\/\/www.ucaldas.edu.co\/portal\/6a-audiencia-publica-de-rendicion-de-cuentas-a-la-ciudadania-2011-2012\/","title":{"rendered":"6a Audiencia p\u00fablica de rendici\u00f3n de cuentas a la ciudadan\u00eda 2011 &#8211; 2012"},"content":{"rendered":"<p><b>dic 1 y 12<\/b><\/p>\n<hr \/>\n<table border=\"0\">\n<tbody>\n<tr>\n<td><img loading=\"lazy\" decoding=\"async\" style=\"border: 0px\" title=\"Rendici\u00f3n de cuentas\" alt=\"Rendici\u00f3n de cuentas\" src=\"http:\/\/www.ucaldas.edu.co\/images\/tmp\/rendicioncuentas2012.jpg\" width=\"240\" height=\"150\" border=\"0\" \/><\/td>\n<td><b>Descripci\u00f3n: <\/b>la U. de Caldas rendir\u00e1 cuentas a la ciudadan\u00eda de su gesti\u00f3n 2011 &#8211; 2012. Ser\u00e1 una edici\u00f3n especial de la Responsabilidad Social Universitaria, de la Instituci\u00f3n.<\/td>\n<\/tr>\n<\/tbody>\n<\/table>\n<p><b>Teleaudiencia por el canal regional Telecaf\u00e9<\/b><br \/>\n<b>\u00a0\u00a0\u00a0\u00a0\u00a0 Fecha:<\/b> s\u00e1bado, 1 de diciembre de 2012.<br \/>\n<b>\u00a0\u00a0\u00a0\u00a0\u00a0 Hora:<\/b> 11:00 a.m.<br \/>\n<b>Audiencia P\u00fablica Presencial<\/b><br \/>\n<b>\u00a0\u00a0\u00a0\u00a0\u00a0 Fecha:<\/b> mi\u00e9rcoles 12 de diciembre del 2012.<b><br \/>\nHora:<\/b> 8:00 a.m.<br \/>\n<b>\u00a0 Lugar:<\/b> Sala Carlos N\u00e1der N\u00e1der,\u00a0 Campus Central de la Universidad de Caldas.<br \/>\nEnv\u00ede sus <b>comentarios y preguntas<\/b> al correo electr\u00f3nico: <a href=\"mailto:rendiciondecuentas@ucaldas.edu.co\" target=\"_blank\">rendiciondecuentas@ucaldas.edu.co<\/a><br \/>\nConsulte o descargue el <a href=\"http:\/\/desarrollo.ucaldas.edu.co\/archivo\/rendicioncuentas\/formato_encuesta_pre_audiencia.doc\" target=\"_blank\">formato para proponer temas y formular preguntas al rector\u00a0 <\/a><br \/>\nPara m\u00e1s informaci\u00f3n <b>comun\u00edquese al tel\u00e9fono<\/b>: 8781500 extensi\u00f3n 11324.<\/p>\n<p><a href=\"http:\/\/desarrollo.ucaldas.edu.co\/archivo\/index.php?option=com_content&amp;view=category&amp;id=551&amp;Itemid=1043\" target=\"_blank\">Conozca aqu\u00ed m\u00e1s detalles de la audiencia<\/a><\/p>\n<p>Consulte las anteriores audiencias p\u00fablicas:<\/p>\n<p>&#8211; Consultar <a href=\"http:\/\/desarrollo.ucaldas.edu.co\/archivo\/index.php?option=com_content&amp;view=category&amp;layout=blog&amp;id=520\" target=\"_blank\">5a Audiencia p\u00fablica de rendici\u00f3n de cuentas a la ciudadan\u00eda 2010 &#8211; 2011<\/a><\/p>\n<p>&#8211; Consultar <a href=\"http:\/\/desarrollo.ucaldas.edu.co\/archivo\/index.php?option=com_content&amp;view=category&amp;layout=blog&amp;id=488\" target=\"_blank\">4a Audiencia p\u00fablica de rendici\u00f3n de cuentas a la ciudadan\u00eda 2009 &#8211; 2010<\/a><\/p>\n<p>&#8211; Consultar <a href=\"http:\/\/desarrollo.ucaldas.edu.co\/archivo\/index.php?option=com_content&amp;view=category&amp;layout=blog&amp;id=431\" target=\"_blank\">3a Audiencia p\u00fablica de rendici\u00f3n de cuentas a la ciudadana 2008 &#8211; 2009<\/p>\n<p><\/a>Publicado el 27 de noviembre del 2012.<a href=\"http:\/\/desarrollo.ucaldas.edu.co\/archivo\/index.php?option=com_content&amp;view=category&amp;layout=blog&amp;id=431\" target=\"_blank\"><br \/>\n<\/a><\/p>\n","protected":false},"excerpt":{"rendered":"<p>dic 1 y 12 Descripci\u00f3n: la U. de Caldas rendir\u00e1 cuentas a la ciudadan\u00eda de su gesti\u00f3n 2011 &#8211; 2012. Ser\u00e1 una edici\u00f3n especial de la Responsabilidad Social Universitaria, de la Instituci\u00f3n. Teleaudiencia por el canal regional Telecaf\u00e9 \u00a0\u00a0\u00a0\u00a0\u00a0 Fecha: s\u00e1bado, 1 de diciembre de 2012. \u00a0\u00a0\u00a0\u00a0\u00a0 Hora: 11:00 a.m. Audiencia P\u00fablica Presencial \u00a0\u00a0\u00a0\u00a0\u00a0 Fecha: [&hellip;]<\/p>\n","protected":false},"author":2,"featured_media":0,"comment_status":"closed","ping_status":"closed","sticky":false,"template":"","format":"standard","meta":{"footnotes":""},"categories":[48,53],"tags":[],"class_list":["post-14311","post","type-post","status-publish","format-standard","hentry","category-actualidad","category-universidad-al-dia"],"yoast_head":"<!-- This site is optimized with the Yoast SEO plugin v27.5 - https:\/\/yoast.com\/product\/yoast-seo-wordpress\/ -->\n<title>6a Audiencia p\u00fablica de rendici\u00f3n de cuentas a la ciudadan\u00eda 2011 - 2012 .<\/title>\n<meta name=\"robots\" content=\"index, follow, max-snippet:-1, max-image-preview:large, max-video-preview:-1\" \/>\n<link rel=\"canonical\" href=\"https:\/\/www.ucaldas.edu.co\/portal\/6a-audiencia-publica-de-rendicion-de-cuentas-a-la-ciudadania-2011-2012\/\" \/>\n<script type=\"application\/ld+json\" class=\"yoast-schema-graph\">{\"@context\":\"https:\\\/\\\/schema.org\",\"@graph\":[{\"@type\":\"Article\",\"@id\":\"https:\\\/\\\/www.ucaldas.edu.co\\\/portal\\\/6a-audiencia-publica-de-rendicion-de-cuentas-a-la-ciudadania-2011-2012\\\/#article\",\"isPartOf\":{\"@id\":\"https:\\\/\\\/www.ucaldas.edu.co\\\/portal\\\/6a-audiencia-publica-de-rendicion-de-cuentas-a-la-ciudadania-2011-2012\\\/\"},\"author\":{\"name\":\"ofiprensa\",\"@id\":\"https:\\\/\\\/www.ucaldas.edu.co\\\/portal\\\/#\\\/schema\\\/person\\\/a1b482e23449158b4bc319926c074fdf\"},\"headline\":\"6a Audiencia p\u00fablica de rendici\u00f3n de cuentas a la ciudadan\u00eda 2011 &#8211; 2012\",\"datePublished\":\"2012-11-27T21:00:54+00:00\",\"mainEntityOfPage\":{\"@id\":\"https:\\\/\\\/www.ucaldas.edu.co\\\/portal\\\/6a-audiencia-publica-de-rendicion-de-cuentas-a-la-ciudadania-2011-2012\\\/\"},\"wordCount\":194,\"publisher\":{\"@id\":\"https:\\\/\\\/www.ucaldas.edu.co\\\/portal\\\/#organization\"},\"image\":{\"@id\":\"https:\\\/\\\/www.ucaldas.edu.co\\\/portal\\\/6a-audiencia-publica-de-rendicion-de-cuentas-a-la-ciudadania-2011-2012\\\/#primaryimage\"},\"thumbnailUrl\":\"http:\\\/\\\/www.ucaldas.edu.co\\\/images\\\/tmp\\\/rendicioncuentas2012.jpg\",\"articleSection\":[\"Actualidad\",\"Universidad al D\u00eda\"],\"inLanguage\":\"es\"},{\"@type\":\"WebPage\",\"@id\":\"https:\\\/\\\/www.ucaldas.edu.co\\\/portal\\\/6a-audiencia-publica-de-rendicion-de-cuentas-a-la-ciudadania-2011-2012\\\/\",\"url\":\"https:\\\/\\\/www.ucaldas.edu.co\\\/portal\\\/6a-audiencia-publica-de-rendicion-de-cuentas-a-la-ciudadania-2011-2012\\\/\",\"name\":\"6a Audiencia p\u00fablica de rendici\u00f3n de cuentas a la ciudadan\u00eda 2011 - 2012 .\",\"isPartOf\":{\"@id\":\"https:\\\/\\\/www.ucaldas.edu.co\\\/portal\\\/#website\"},\"primaryImageOfPage\":{\"@id\":\"https:\\\/\\\/www.ucaldas.edu.co\\\/portal\\\/6a-audiencia-publica-de-rendicion-de-cuentas-a-la-ciudadania-2011-2012\\\/#primaryimage\"},\"image\":{\"@id\":\"https:\\\/\\\/www.ucaldas.edu.co\\\/portal\\\/6a-audiencia-publica-de-rendicion-de-cuentas-a-la-ciudadania-2011-2012\\\/#primaryimage\"},\"thumbnailUrl\":\"http:\\\/\\\/www.ucaldas.edu.co\\\/images\\\/tmp\\\/rendicioncuentas2012.jpg\",\"datePublished\":\"2012-11-27T21:00:54+00:00\",\"breadcrumb\":{\"@id\":\"https:\\\/\\\/www.ucaldas.edu.co\\\/portal\\\/6a-audiencia-publica-de-rendicion-de-cuentas-a-la-ciudadania-2011-2012\\\/#breadcrumb\"},\"inLanguage\":\"es\",\"potentialAction\":[{\"@type\":\"ReadAction\",\"target\":[\"https:\\\/\\\/www.ucaldas.edu.co\\\/portal\\\/6a-audiencia-publica-de-rendicion-de-cuentas-a-la-ciudadania-2011-2012\\\/\"]}]},{\"@type\":\"ImageObject\",\"inLanguage\":\"es\",\"@id\":\"https:\\\/\\\/www.ucaldas.edu.co\\\/portal\\\/6a-audiencia-publica-de-rendicion-de-cuentas-a-la-ciudadania-2011-2012\\\/#primaryimage\",\"url\":\"http:\\\/\\\/www.ucaldas.edu.co\\\/images\\\/tmp\\\/rendicioncuentas2012.jpg\",\"contentUrl\":\"http:\\\/\\\/www.ucaldas.edu.co\\\/images\\\/tmp\\\/rendicioncuentas2012.jpg\"},{\"@type\":\"BreadcrumbList\",\"@id\":\"https:\\\/\\\/www.ucaldas.edu.co\\\/portal\\\/6a-audiencia-publica-de-rendicion-de-cuentas-a-la-ciudadania-2011-2012\\\/#breadcrumb\",\"itemListElement\":[{\"@type\":\"ListItem\",\"position\":1,\"name\":\"Portada\",\"item\":\"https:\\\/\\\/www.ucaldas.edu.co\\\/portal\\\/\"},{\"@type\":\"ListItem\",\"position\":2,\"name\":\"6a Audiencia p\u00fablica de rendici\u00f3n de cuentas a la ciudadan\u00eda 2011 &#8211; 2012\"}]},{\"@type\":\"WebSite\",\"@id\":\"https:\\\/\\\/www.ucaldas.edu.co\\\/portal\\\/#website\",\"url\":\"https:\\\/\\\/www.ucaldas.edu.co\\\/portal\\\/\",\"name\":\"Universidad de Caldas\",\"description\":\"\",\"publisher\":{\"@id\":\"https:\\\/\\\/www.ucaldas.edu.co\\\/portal\\\/#organization\"},\"alternateName\":\"U. de Caldas\",\"potentialAction\":[{\"@type\":\"SearchAction\",\"target\":{\"@type\":\"EntryPoint\",\"urlTemplate\":\"https:\\\/\\\/www.ucaldas.edu.co\\\/portal\\\/?s={search_term_string}\"},\"query-input\":{\"@type\":\"PropertyValueSpecification\",\"valueRequired\":true,\"valueName\":\"search_term_string\"}}],\"inLanguage\":\"es\"},{\"@type\":\"Organization\",\"@id\":\"https:\\\/\\\/www.ucaldas.edu.co\\\/portal\\\/#organization\",\"name\":\"Universidad de Caldas\",\"alternateName\":\"U. de Caldas\",\"url\":\"https:\\\/\\\/www.ucaldas.edu.co\\\/portal\\\/\",\"logo\":{\"@type\":\"ImageObject\",\"inLanguage\":\"es\",\"@id\":\"https:\\\/\\\/www.ucaldas.edu.co\\\/portal\\\/#\\\/schema\\\/logo\\\/image\\\/\",\"url\":\"https:\\\/\\\/www.ucaldas.edu.co\\\/portal\\\/wp-content\\\/uploads\\\/2023\\\/11\\\/Logo_horizontal_oscuroU-2023.png\",\"contentUrl\":\"https:\\\/\\\/www.ucaldas.edu.co\\\/portal\\\/wp-content\\\/uploads\\\/2023\\\/11\\\/Logo_horizontal_oscuroU-2023.png\",\"width\":263,\"height\":101,\"caption\":\"Universidad de Caldas\"},\"image\":{\"@id\":\"https:\\\/\\\/www.ucaldas.edu.co\\\/portal\\\/#\\\/schema\\\/logo\\\/image\\\/\"},\"sameAs\":[\"https:\\\/\\\/www.facebook.com\\\/udecaldas\",\"https:\\\/\\\/x.com\\\/udecaldas\",\"https:\\\/\\\/www.youtube.com\\\/universidadcaldas\",\"https:\\\/\\\/www.instagram.com\\\/udecaldas\\\/\"]},{\"@type\":\"Person\",\"@id\":\"https:\\\/\\\/www.ucaldas.edu.co\\\/portal\\\/#\\\/schema\\\/person\\\/a1b482e23449158b4bc319926c074fdf\",\"name\":\"ofiprensa\",\"image\":{\"@type\":\"ImageObject\",\"inLanguage\":\"es\",\"@id\":\"https:\\\/\\\/www.ucaldas.edu.co\\\/portal\\\/wp-content\\\/litespeed\\\/avatar\\\/09ea5085e600095a7a811142c6944527.jpg?ver=1777497608\",\"url\":\"https:\\\/\\\/www.ucaldas.edu.co\\\/portal\\\/wp-content\\\/litespeed\\\/avatar\\\/09ea5085e600095a7a811142c6944527.jpg?ver=1777497608\",\"contentUrl\":\"https:\\\/\\\/www.ucaldas.edu.co\\\/portal\\\/wp-content\\\/litespeed\\\/avatar\\\/09ea5085e600095a7a811142c6944527.jpg?ver=1777497608\",\"caption\":\"ofiprensa\"},\"url\":\"https:\\\/\\\/www.ucaldas.edu.co\\\/portal\\\/author\\\/ofiprensa\\\/\"}]}<\/script>\n<!-- \/ Yoast SEO plugin. -->","yoast_head_json":{"title":"6a Audiencia p\u00fablica de rendici\u00f3n de cuentas a la ciudadan\u00eda 2011 - 2012 .","robots":{"index":"index","follow":"follow","max-snippet":"max-snippet:-1","max-image-preview":"max-image-preview:large","max-video-preview":"max-video-preview:-1"},"canonical":"https:\/\/www.ucaldas.edu.co\/portal\/6a-audiencia-publica-de-rendicion-de-cuentas-a-la-ciudadania-2011-2012\/","schema":{"@context":"https:\/\/schema.org","@graph":[{"@type":"Article","@id":"https:\/\/www.ucaldas.edu.co\/portal\/6a-audiencia-publica-de-rendicion-de-cuentas-a-la-ciudadania-2011-2012\/#article","isPartOf":{"@id":"https:\/\/www.ucaldas.edu.co\/portal\/6a-audiencia-publica-de-rendicion-de-cuentas-a-la-ciudadania-2011-2012\/"},"author":{"name":"ofiprensa","@id":"https:\/\/www.ucaldas.edu.co\/portal\/#\/schema\/person\/a1b482e23449158b4bc319926c074fdf"},"headline":"6a Audiencia p\u00fablica de rendici\u00f3n de cuentas a la ciudadan\u00eda 2011 &#8211; 2012","datePublished":"2012-11-27T21:00:54+00:00","mainEntityOfPage":{"@id":"https:\/\/www.ucaldas.edu.co\/portal\/6a-audiencia-publica-de-rendicion-de-cuentas-a-la-ciudadania-2011-2012\/"},"wordCount":194,"publisher":{"@id":"https:\/\/www.ucaldas.edu.co\/portal\/#organization"},"image":{"@id":"https:\/\/www.ucaldas.edu.co\/portal\/6a-audiencia-publica-de-rendicion-de-cuentas-a-la-ciudadania-2011-2012\/#primaryimage"},"thumbnailUrl":"http:\/\/www.ucaldas.edu.co\/images\/tmp\/rendicioncuentas2012.jpg","articleSection":["Actualidad","Universidad al D\u00eda"],"inLanguage":"es"},{"@type":"WebPage","@id":"https:\/\/www.ucaldas.edu.co\/portal\/6a-audiencia-publica-de-rendicion-de-cuentas-a-la-ciudadania-2011-2012\/","url":"https:\/\/www.ucaldas.edu.co\/portal\/6a-audiencia-publica-de-rendicion-de-cuentas-a-la-ciudadania-2011-2012\/","name":"6a Audiencia p\u00fablica de rendici\u00f3n de cuentas a la ciudadan\u00eda 2011 - 2012 .","isPartOf":{"@id":"https:\/\/www.ucaldas.edu.co\/portal\/#website"},"primaryImageOfPage":{"@id":"https:\/\/www.ucaldas.edu.co\/portal\/6a-audiencia-publica-de-rendicion-de-cuentas-a-la-ciudadania-2011-2012\/#primaryimage"},"image":{"@id":"https:\/\/www.ucaldas.edu.co\/portal\/6a-audiencia-publica-de-rendicion-de-cuentas-a-la-ciudadania-2011-2012\/#primaryimage"},"thumbnailUrl":"http:\/\/www.ucaldas.edu.co\/images\/tmp\/rendicioncuentas2012.jpg","datePublished":"2012-11-27T21:00:54+00:00","breadcrumb":{"@id":"https:\/\/www.ucaldas.edu.co\/portal\/6a-audiencia-publica-de-rendicion-de-cuentas-a-la-ciudadania-2011-2012\/#breadcrumb"},"inLanguage":"es","potentialAction":[{"@type":"ReadAction","target":["https:\/\/www.ucaldas.edu.co\/portal\/6a-audiencia-publica-de-rendicion-de-cuentas-a-la-ciudadania-2011-2012\/"]}]},{"@type":"ImageObject","inLanguage":"es","@id":"https:\/\/www.ucaldas.edu.co\/portal\/6a-audiencia-publica-de-rendicion-de-cuentas-a-la-ciudadania-2011-2012\/#primaryimage","url":"http:\/\/www.ucaldas.edu.co\/images\/tmp\/rendicioncuentas2012.jpg","contentUrl":"http:\/\/www.ucaldas.edu.co\/images\/tmp\/rendicioncuentas2012.jpg"},{"@type":"BreadcrumbList","@id":"https:\/\/www.ucaldas.edu.co\/portal\/6a-audiencia-publica-de-rendicion-de-cuentas-a-la-ciudadania-2011-2012\/#breadcrumb","itemListElement":[{"@type":"ListItem","position":1,"name":"Portada","item":"https:\/\/www.ucaldas.edu.co\/portal\/"},{"@type":"ListItem","position":2,"name":"6a Audiencia p\u00fablica de rendici\u00f3n de cuentas a la ciudadan\u00eda 2011 &#8211; 2012"}]},{"@type":"WebSite","@id":"https:\/\/www.ucaldas.edu.co\/portal\/#website","url":"https:\/\/www.ucaldas.edu.co\/portal\/","name":"Universidad de Caldas","description":"","publisher":{"@id":"https:\/\/www.ucaldas.edu.co\/portal\/#organization"},"alternateName":"U. de Caldas","potentialAction":[{"@type":"SearchAction","target":{"@type":"EntryPoint","urlTemplate":"https:\/\/www.ucaldas.edu.co\/portal\/?s={search_term_string}"},"query-input":{"@type":"PropertyValueSpecification","valueRequired":true,"valueName":"search_term_string"}}],"inLanguage":"es"},{"@type":"Organization","@id":"https:\/\/www.ucaldas.edu.co\/portal\/#organization","name":"Universidad de Caldas","alternateName":"U. de Caldas","url":"https:\/\/www.ucaldas.edu.co\/portal\/","logo":{"@type":"ImageObject","inLanguage":"es","@id":"https:\/\/www.ucaldas.edu.co\/portal\/#\/schema\/logo\/image\/","url":"https:\/\/www.ucaldas.edu.co\/portal\/wp-content\/uploads\/2023\/11\/Logo_horizontal_oscuroU-2023.png","contentUrl":"https:\/\/www.ucaldas.edu.co\/portal\/wp-content\/uploads\/2023\/11\/Logo_horizontal_oscuroU-2023.png","width":263,"height":101,"caption":"Universidad de Caldas"},"image":{"@id":"https:\/\/www.ucaldas.edu.co\/portal\/#\/schema\/logo\/image\/"},"sameAs":["https:\/\/www.facebook.com\/udecaldas","https:\/\/x.com\/udecaldas","https:\/\/www.youtube.com\/universidadcaldas","https:\/\/www.instagram.com\/udecaldas\/"]},{"@type":"Person","@id":"https:\/\/www.ucaldas.edu.co\/portal\/#\/schema\/person\/a1b482e23449158b4bc319926c074fdf","name":"ofiprensa","image":{"@type":"ImageObject","inLanguage":"es","@id":"https:\/\/www.ucaldas.edu.co\/portal\/wp-content\/litespeed\/avatar\/09ea5085e600095a7a811142c6944527.jpg?ver=1777497608","url":"https:\/\/www.ucaldas.edu.co\/portal\/wp-content\/litespeed\/avatar\/09ea5085e600095a7a811142c6944527.jpg?ver=1777497608","contentUrl":"https:\/\/www.ucaldas.edu.co\/portal\/wp-content\/litespeed\/avatar\/09ea5085e600095a7a811142c6944527.jpg?ver=1777497608","caption":"ofiprensa"},"url":"https:\/\/www.ucaldas.edu.co\/portal\/author\/ofiprensa\/"}]}},"_links":{"self":[{"href":"https:\/\/www.ucaldas.edu.co\/portal\/wp-json\/wp\/v2\/posts\/14311","targetHints":{"allow":["GET"]}}],"collection":[{"href":"https:\/\/www.ucaldas.edu.co\/portal\/wp-json\/wp\/v2\/posts"}],"about":[{"href":"https:\/\/www.ucaldas.edu.co\/portal\/wp-json\/wp\/v2\/types\/post"}],"author":[{"embeddable":true,"href":"https:\/\/www.ucaldas.edu.co\/portal\/wp-json\/wp\/v2\/users\/2"}],"replies":[{"embeddable":true,"href":"https:\/\/www.ucaldas.edu.co\/portal\/wp-json\/wp\/v2\/comments?post=14311"}],"version-history":[{"count":0,"href":"https:\/\/www.ucaldas.edu.co\/portal\/wp-json\/wp\/v2\/posts\/14311\/revisions"}],"wp:attachment":[{"href":"https:\/\/www.ucaldas.edu.co\/portal\/wp-json\/wp\/v2\/media?parent=14311"}],"wp:term":[{"taxonomy":"category","embeddable":true,"href":"https:\/\/www.ucaldas.edu.co\/portal\/wp-json\/wp\/v2\/categories?post=14311"},{"taxonomy":"post_tag","embeddable":true,"href":"https:\/\/www.ucaldas.edu.co\/portal\/wp-json\/wp\/v2\/tags?post=14311"}],"curies":[{"name":"wp","href":"https:\/\/api.w.org\/{rel}","templated":true}]}}