{"id":14309,"date":"2012-11-27T16:00:01","date_gmt":"2012-11-27T21:00:01","guid":{"rendered":"https:\/\/www.ucaldas.edu.co\/portal\/?p=14309"},"modified":"2012-11-27T16:00:01","modified_gmt":"2012-11-27T21:00:01","slug":"u-de-caldas-mejorara-condiciones-de-contratacion-de-profesores-ocasionales","status":"publish","type":"post","link":"https:\/\/www.ucaldas.edu.co\/portal\/u-de-caldas-mejorara-condiciones-de-contratacion-de-profesores-ocasionales\/","title":{"rendered":"U. de Caldas mejorar\u00e1 condiciones de contrataci\u00f3n de profesores ocasionales"},"content":{"rendered":"<p align=\"center\"><b>Universidad de Caldas<\/b><\/p>\n<p align=\"center\"><b>\u00a0<\/b><\/p>\n<p align=\"center\"><b>A la comunidad universitaria y la opini\u00f3n p\u00fablica<\/b><\/p>\n<p align=\"center\"><b>\u00a0<\/b><\/p>\n<p align=\"center\"><b>Comunicado N\u00b0 14-2012<\/b><\/p>\n<p align=\"right\"><b>\u00a0<\/b><\/p>\n<p align=\"right\"><b>\u00a0<\/b><\/p>\n<p align=\"right\"><b>Emisi\u00f3n:<\/b> noviembre 26 del 2012, 6:00 p.m.<\/p>\n<hr \/>\n<p><b>\u00a0<\/b><\/p>\n<p align=\"center\"><b>ASUNTO: U. DE CALDAS MEJORAR\u00c1 CONDICIONES DE CONTRATACI\u00d3N DE PROFESORES OCASIONALES<\/b><\/p>\n<p><b>\u00a0<\/b><\/p>\n<table border=\"0\">\n<tbody>\n<tr>\n<td>\u00a0<img loading=\"lazy\" decoding=\"async\" style=\"border: 0px\" title=\"U. de Caldas\" alt=\"U. de Caldas\" src=\"http:\/\/www.ucaldas.edu.co\/images\/tmp\/ucaldaslogo2012.jpg\" width=\"197\" height=\"196\" border=\"0\" \/><\/td>\n<td>Despu\u00e9s de cerca de <b>dos a\u00f1os de trabajo<\/b> en comisiones especiales; an\u00e1lisis nacionales e internos; di\u00e1logos y b\u00fasquedas de concertaci\u00f3n con los diferentes actores, y debates en los consejos Acad\u00e9mico y Superior, <b>hoy se aprob\u00f3 la<\/b> <b>nueva pol\u00edtica de vinculaci\u00f3n de profesores ocasionales y catedr\u00e1ticos<\/b>, para la Universidad de Caldas.<\/td>\n<\/tr>\n<\/tbody>\n<\/table>\n<p>&nbsp;<\/p>\n<p>&nbsp;<\/p>\n<p>La <b>decisi\u00f3n la tom\u00f3 el Consejo Superior<\/b> en sesi\u00f3n de esta ma\u00f1ana y <b>queda sujeta a reglamentaci\u00f3n del Consejo Acad\u00e9mico<\/b> en las pr\u00f3ximas semanas. A la par de esta pol\u00edtica, <b>se aprob\u00f3 tambi\u00e9n el aumento del tama\u00f1o de planta profesoral <\/b>en la Instituci\u00f3n, sujeto a la disponibilidad de recursos del Gobierno Nacional.<\/p>\n<p>&nbsp;<\/p>\n<p align=\"center\"><b>Sobre la nueva pol\u00edtica de ocasionales y catedr\u00e1ticos<\/b><\/p>\n<p>La nueva pol\u00edtica de vinculaci\u00f3n de profesores ocasionales y catedr\u00e1ticos representa <b>mejoras en la contrataci\u00f3n<\/b>, <b>equidad<\/b> en la labor docente, <b>mejor remuneraci\u00f3n<\/b> y mayor <b>estabilidad<\/b>.<\/p>\n<p>&nbsp;<\/p>\n<p>Permitir\u00e1 tambi\u00e9n ajustar nuestra normatividad a las disposiciones vigentes, dado que <b>por mandato legal<\/b> los ocasionales deben vincularse para <b>remplazar a un docente de planta<\/b> que est\u00e9 en comisi\u00f3n de estudio, comisi\u00f3n administrativa, comisi\u00f3n de servicio y a\u00f1o sab\u00e1tico, entre otras <b>situaciones administrativas<\/b> previstas en el estatuto docente.<\/p>\n<p>&nbsp;<\/p>\n<p>Igualmente pueden remplazar <b>vacancias definitivas de planta docente<\/b>, mientras se hace concurso para surtirlas en propiedad.<\/p>\n<p>&nbsp;<\/p>\n<p>Actualmente la Universidad de Caldas cuenta con <b>248 equivalentes tiempos completos<\/b> en profesores ocasionales y <b>pasar\u00e1 a 141,5<\/b> equivalentes tiempos completos. <b>85<\/b> de ellos <b>remplazar\u00e1n temporalmente a profesores de planta<\/b> que est\u00e1n en situaciones administrativas, <b>35,5<\/b> cubrir\u00e1n provisionalmente <b>vacancias definitivas<\/b> y <b>21<\/b> cubrir\u00e1n -tambi\u00e9n de manera temporal- las <b>nuevas vacancias<\/b> de la planta aprobadas hoy por el Consejo Superior.<\/p>\n<p>&nbsp;<\/p>\n<p align=\"center\"><b>Equidad para los profesores ocasionales<\/b><\/p>\n<p>La nueva pol\u00edtica de vinculaci\u00f3n de profesores ocasionales y catedr\u00e1ticos implica una <b>vinculaci\u00f3n con reglas de juego m\u00e1s claras<\/b> y posibilidad de <b>hacer una labor acad\u00e9mica no solo de docencia, sino tambi\u00e9n de investigaci\u00f3n y proyecci\u00f3n<\/b>, como los docentes de planta.<\/p>\n<p>&nbsp;<\/p>\n<p>Como dice el acuerdo, el prop\u00f3sito es mejorar las condiciones, manteniendo la calidad integral de la academia.<\/p>\n<p>&nbsp;<\/p>\n<p>Otra de las ventajas es que mientras dichos profesores tengan condici\u00f3n de ocasionales, <b>tendr\u00e1n derecho hasta de un 50% del valor de la matr\u00edcula en cualquiera de los postgrados propios<\/b> de la Universidad de Caldas.<\/p>\n<p>&nbsp;<\/p>\n<p>Adem\u00e1s, ser\u00e1n contratados en periodos inferiores a un a\u00f1o, de acuerdo a las necesidades acad\u00e9micas de los departamentos.<\/p>\n<p>&nbsp;<\/p>\n<p>Tanto la mencionada pol\u00edtica de vinculaci\u00f3n, como la ampliaci\u00f3n de planta hacen parte de un <b>ajuste integral a las pol\u00edticas docentes<\/b> de la Universidad de Caldas, que incluye tambi\u00e9n la <b>pol\u00edtica de homologaci\u00f3n salarial<\/b> en la que <b>catedr\u00e1ticos y ocasionales podr\u00e1n escalafonarse<\/b> \u00a0y recibir mejores ingresos.<\/p>\n<p>&nbsp;<\/p>\n<p>Por ejemplo, en las propuestas en discusi\u00f3n se calcula que un profesor ocasional auxiliar que gana hoy unos $25 mil por hora podr\u00eda ganar entre $36 mil y $43 mil aproximadamente, con la homologaci\u00f3n.<\/p>\n<p>&nbsp;<\/p>\n<p>Esta homologaci\u00f3n ha sido ya discutida en tres oportunidades por el Consejo superior y hay un <b>compromiso de tomar una decisi\u00f3n definitiva en la pr\u00f3xima sesi\u00f3n<\/b>.<\/p>\n<p>&nbsp;<\/p>\n<p>En conclusi\u00f3n, la nueva pol\u00edtica de vinculaci\u00f3n de profesores ocasionales y catedr\u00e1ticos es una <b>decisi\u00f3n responsable<\/b>, que <b>se tom\u00f3 con tiempo, an\u00e1lisis y de puertas abiertas<\/b> a la comunidad. Beneficiar\u00e1 a los profesores y significar\u00e1 un mejor manejo de los recursos, garantizando la calidad acad\u00e9mica.<\/p>\n<p>&nbsp;<\/p>\n<p>Por ahora, queda en manos del Consejo Acad\u00e9mico la reglamentaci\u00f3n de la nueva pol\u00edtica de vinculaci\u00f3n, que entrar\u00e1 a regir a partir del 2013.<\/p>\n<p>&nbsp;<\/p>\n<p>Atentamente,<\/p>\n<p>&nbsp;<\/p>\n<p>&nbsp;<\/p>\n<p align=\"center\"><b>RICARDO G\u00d3MEZ GIRALDO<\/b><\/p>\n<p>Rector de la Universidad de Caldas<\/p>\n","protected":false},"excerpt":{"rendered":"<p>Universidad de Caldas \u00a0 A la comunidad universitaria y la opini\u00f3n p\u00fablica \u00a0 Comunicado N\u00b0 14-2012 \u00a0 \u00a0 Emisi\u00f3n: noviembre 26 del 2012, 6:00 p.m. \u00a0 ASUNTO: U. DE CALDAS MEJORAR\u00c1 CONDICIONES DE CONTRATACI\u00d3N DE PROFESORES OCASIONALES \u00a0 \u00a0 Despu\u00e9s de cerca de dos a\u00f1os de trabajo en comisiones especiales; an\u00e1lisis nacionales e internos; di\u00e1logos [&hellip;]<\/p>\n","protected":false},"author":2,"featured_media":0,"comment_status":"closed","ping_status":"closed","sticky":false,"template":"","format":"standard","meta":{"footnotes":""},"categories":[48,53],"tags":[],"class_list":["post-14309","post","type-post","status-publish","format-standard","hentry","category-actualidad","category-universidad-al-dia"],"yoast_head":"<!-- This site is optimized with the Yoast SEO plugin v27.5 - https:\/\/yoast.com\/product\/yoast-seo-wordpress\/ -->\n<title>U. de Caldas mejorar\u00e1 condiciones de contrataci\u00f3n de profesores ocasionales .<\/title>\n<meta name=\"robots\" content=\"index, follow, max-snippet:-1, max-image-preview:large, max-video-preview:-1\" \/>\n<link rel=\"canonical\" href=\"https:\/\/www.ucaldas.edu.co\/portal\/u-de-caldas-mejorara-condiciones-de-contratacion-de-profesores-ocasionales\/\" \/>\n<script type=\"application\/ld+json\" class=\"yoast-schema-graph\">{\"@context\":\"https:\\\/\\\/schema.org\",\"@graph\":[{\"@type\":\"Article\",\"@id\":\"https:\\\/\\\/www.ucaldas.edu.co\\\/portal\\\/u-de-caldas-mejorara-condiciones-de-contratacion-de-profesores-ocasionales\\\/#article\",\"isPartOf\":{\"@id\":\"https:\\\/\\\/www.ucaldas.edu.co\\\/portal\\\/u-de-caldas-mejorara-condiciones-de-contratacion-de-profesores-ocasionales\\\/\"},\"author\":{\"name\":\"ofiprensa\",\"@id\":\"https:\\\/\\\/www.ucaldas.edu.co\\\/portal\\\/#\\\/schema\\\/person\\\/a1b482e23449158b4bc319926c074fdf\"},\"headline\":\"U. de Caldas mejorar\u00e1 condiciones de contrataci\u00f3n de profesores ocasionales\",\"datePublished\":\"2012-11-27T21:00:01+00:00\",\"mainEntityOfPage\":{\"@id\":\"https:\\\/\\\/www.ucaldas.edu.co\\\/portal\\\/u-de-caldas-mejorara-condiciones-de-contratacion-de-profesores-ocasionales\\\/\"},\"wordCount\":695,\"publisher\":{\"@id\":\"https:\\\/\\\/www.ucaldas.edu.co\\\/portal\\\/#organization\"},\"image\":{\"@id\":\"https:\\\/\\\/www.ucaldas.edu.co\\\/portal\\\/u-de-caldas-mejorara-condiciones-de-contratacion-de-profesores-ocasionales\\\/#primaryimage\"},\"thumbnailUrl\":\"http:\\\/\\\/www.ucaldas.edu.co\\\/images\\\/tmp\\\/ucaldaslogo2012.jpg\",\"articleSection\":[\"Actualidad\",\"Universidad al D\u00eda\"],\"inLanguage\":\"es\"},{\"@type\":\"WebPage\",\"@id\":\"https:\\\/\\\/www.ucaldas.edu.co\\\/portal\\\/u-de-caldas-mejorara-condiciones-de-contratacion-de-profesores-ocasionales\\\/\",\"url\":\"https:\\\/\\\/www.ucaldas.edu.co\\\/portal\\\/u-de-caldas-mejorara-condiciones-de-contratacion-de-profesores-ocasionales\\\/\",\"name\":\"U. de Caldas mejorar\u00e1 condiciones de contrataci\u00f3n de profesores ocasionales .\",\"isPartOf\":{\"@id\":\"https:\\\/\\\/www.ucaldas.edu.co\\\/portal\\\/#website\"},\"primaryImageOfPage\":{\"@id\":\"https:\\\/\\\/www.ucaldas.edu.co\\\/portal\\\/u-de-caldas-mejorara-condiciones-de-contratacion-de-profesores-ocasionales\\\/#primaryimage\"},\"image\":{\"@id\":\"https:\\\/\\\/www.ucaldas.edu.co\\\/portal\\\/u-de-caldas-mejorara-condiciones-de-contratacion-de-profesores-ocasionales\\\/#primaryimage\"},\"thumbnailUrl\":\"http:\\\/\\\/www.ucaldas.edu.co\\\/images\\\/tmp\\\/ucaldaslogo2012.jpg\",\"datePublished\":\"2012-11-27T21:00:01+00:00\",\"breadcrumb\":{\"@id\":\"https:\\\/\\\/www.ucaldas.edu.co\\\/portal\\\/u-de-caldas-mejorara-condiciones-de-contratacion-de-profesores-ocasionales\\\/#breadcrumb\"},\"inLanguage\":\"es\",\"potentialAction\":[{\"@type\":\"ReadAction\",\"target\":[\"https:\\\/\\\/www.ucaldas.edu.co\\\/portal\\\/u-de-caldas-mejorara-condiciones-de-contratacion-de-profesores-ocasionales\\\/\"]}]},{\"@type\":\"ImageObject\",\"inLanguage\":\"es\",\"@id\":\"https:\\\/\\\/www.ucaldas.edu.co\\\/portal\\\/u-de-caldas-mejorara-condiciones-de-contratacion-de-profesores-ocasionales\\\/#primaryimage\",\"url\":\"http:\\\/\\\/www.ucaldas.edu.co\\\/images\\\/tmp\\\/ucaldaslogo2012.jpg\",\"contentUrl\":\"http:\\\/\\\/www.ucaldas.edu.co\\\/images\\\/tmp\\\/ucaldaslogo2012.jpg\"},{\"@type\":\"BreadcrumbList\",\"@id\":\"https:\\\/\\\/www.ucaldas.edu.co\\\/portal\\\/u-de-caldas-mejorara-condiciones-de-contratacion-de-profesores-ocasionales\\\/#breadcrumb\",\"itemListElement\":[{\"@type\":\"ListItem\",\"position\":1,\"name\":\"Portada\",\"item\":\"https:\\\/\\\/www.ucaldas.edu.co\\\/portal\\\/\"},{\"@type\":\"ListItem\",\"position\":2,\"name\":\"U. de Caldas mejorar\u00e1 condiciones de contrataci\u00f3n de profesores ocasionales\"}]},{\"@type\":\"WebSite\",\"@id\":\"https:\\\/\\\/www.ucaldas.edu.co\\\/portal\\\/#website\",\"url\":\"https:\\\/\\\/www.ucaldas.edu.co\\\/portal\\\/\",\"name\":\"Universidad de Caldas\",\"description\":\"\",\"publisher\":{\"@id\":\"https:\\\/\\\/www.ucaldas.edu.co\\\/portal\\\/#organization\"},\"alternateName\":\"U. de Caldas\",\"potentialAction\":[{\"@type\":\"SearchAction\",\"target\":{\"@type\":\"EntryPoint\",\"urlTemplate\":\"https:\\\/\\\/www.ucaldas.edu.co\\\/portal\\\/?s={search_term_string}\"},\"query-input\":{\"@type\":\"PropertyValueSpecification\",\"valueRequired\":true,\"valueName\":\"search_term_string\"}}],\"inLanguage\":\"es\"},{\"@type\":\"Organization\",\"@id\":\"https:\\\/\\\/www.ucaldas.edu.co\\\/portal\\\/#organization\",\"name\":\"Universidad de Caldas\",\"alternateName\":\"U. de Caldas\",\"url\":\"https:\\\/\\\/www.ucaldas.edu.co\\\/portal\\\/\",\"logo\":{\"@type\":\"ImageObject\",\"inLanguage\":\"es\",\"@id\":\"https:\\\/\\\/www.ucaldas.edu.co\\\/portal\\\/#\\\/schema\\\/logo\\\/image\\\/\",\"url\":\"https:\\\/\\\/www.ucaldas.edu.co\\\/portal\\\/wp-content\\\/uploads\\\/2023\\\/11\\\/Logo_horizontal_oscuroU-2023.png\",\"contentUrl\":\"https:\\\/\\\/www.ucaldas.edu.co\\\/portal\\\/wp-content\\\/uploads\\\/2023\\\/11\\\/Logo_horizontal_oscuroU-2023.png\",\"width\":263,\"height\":101,\"caption\":\"Universidad de Caldas\"},\"image\":{\"@id\":\"https:\\\/\\\/www.ucaldas.edu.co\\\/portal\\\/#\\\/schema\\\/logo\\\/image\\\/\"},\"sameAs\":[\"https:\\\/\\\/www.facebook.com\\\/udecaldas\",\"https:\\\/\\\/x.com\\\/udecaldas\",\"https:\\\/\\\/www.youtube.com\\\/universidadcaldas\",\"https:\\\/\\\/www.instagram.com\\\/udecaldas\\\/\"]},{\"@type\":\"Person\",\"@id\":\"https:\\\/\\\/www.ucaldas.edu.co\\\/portal\\\/#\\\/schema\\\/person\\\/a1b482e23449158b4bc319926c074fdf\",\"name\":\"ofiprensa\",\"image\":{\"@type\":\"ImageObject\",\"inLanguage\":\"es\",\"@id\":\"https:\\\/\\\/www.ucaldas.edu.co\\\/portal\\\/wp-content\\\/litespeed\\\/avatar\\\/09ea5085e600095a7a811142c6944527.jpg?ver=1777497608\",\"url\":\"https:\\\/\\\/www.ucaldas.edu.co\\\/portal\\\/wp-content\\\/litespeed\\\/avatar\\\/09ea5085e600095a7a811142c6944527.jpg?ver=1777497608\",\"contentUrl\":\"https:\\\/\\\/www.ucaldas.edu.co\\\/portal\\\/wp-content\\\/litespeed\\\/avatar\\\/09ea5085e600095a7a811142c6944527.jpg?ver=1777497608\",\"caption\":\"ofiprensa\"},\"url\":\"https:\\\/\\\/www.ucaldas.edu.co\\\/portal\\\/author\\\/ofiprensa\\\/\"}]}<\/script>\n<!-- \/ Yoast SEO plugin. -->","yoast_head_json":{"title":"U. de Caldas mejorar\u00e1 condiciones de contrataci\u00f3n de profesores ocasionales .","robots":{"index":"index","follow":"follow","max-snippet":"max-snippet:-1","max-image-preview":"max-image-preview:large","max-video-preview":"max-video-preview:-1"},"canonical":"https:\/\/www.ucaldas.edu.co\/portal\/u-de-caldas-mejorara-condiciones-de-contratacion-de-profesores-ocasionales\/","schema":{"@context":"https:\/\/schema.org","@graph":[{"@type":"Article","@id":"https:\/\/www.ucaldas.edu.co\/portal\/u-de-caldas-mejorara-condiciones-de-contratacion-de-profesores-ocasionales\/#article","isPartOf":{"@id":"https:\/\/www.ucaldas.edu.co\/portal\/u-de-caldas-mejorara-condiciones-de-contratacion-de-profesores-ocasionales\/"},"author":{"name":"ofiprensa","@id":"https:\/\/www.ucaldas.edu.co\/portal\/#\/schema\/person\/a1b482e23449158b4bc319926c074fdf"},"headline":"U. de Caldas mejorar\u00e1 condiciones de contrataci\u00f3n de profesores ocasionales","datePublished":"2012-11-27T21:00:01+00:00","mainEntityOfPage":{"@id":"https:\/\/www.ucaldas.edu.co\/portal\/u-de-caldas-mejorara-condiciones-de-contratacion-de-profesores-ocasionales\/"},"wordCount":695,"publisher":{"@id":"https:\/\/www.ucaldas.edu.co\/portal\/#organization"},"image":{"@id":"https:\/\/www.ucaldas.edu.co\/portal\/u-de-caldas-mejorara-condiciones-de-contratacion-de-profesores-ocasionales\/#primaryimage"},"thumbnailUrl":"http:\/\/www.ucaldas.edu.co\/images\/tmp\/ucaldaslogo2012.jpg","articleSection":["Actualidad","Universidad al D\u00eda"],"inLanguage":"es"},{"@type":"WebPage","@id":"https:\/\/www.ucaldas.edu.co\/portal\/u-de-caldas-mejorara-condiciones-de-contratacion-de-profesores-ocasionales\/","url":"https:\/\/www.ucaldas.edu.co\/portal\/u-de-caldas-mejorara-condiciones-de-contratacion-de-profesores-ocasionales\/","name":"U. de Caldas mejorar\u00e1 condiciones de contrataci\u00f3n de profesores ocasionales .","isPartOf":{"@id":"https:\/\/www.ucaldas.edu.co\/portal\/#website"},"primaryImageOfPage":{"@id":"https:\/\/www.ucaldas.edu.co\/portal\/u-de-caldas-mejorara-condiciones-de-contratacion-de-profesores-ocasionales\/#primaryimage"},"image":{"@id":"https:\/\/www.ucaldas.edu.co\/portal\/u-de-caldas-mejorara-condiciones-de-contratacion-de-profesores-ocasionales\/#primaryimage"},"thumbnailUrl":"http:\/\/www.ucaldas.edu.co\/images\/tmp\/ucaldaslogo2012.jpg","datePublished":"2012-11-27T21:00:01+00:00","breadcrumb":{"@id":"https:\/\/www.ucaldas.edu.co\/portal\/u-de-caldas-mejorara-condiciones-de-contratacion-de-profesores-ocasionales\/#breadcrumb"},"inLanguage":"es","potentialAction":[{"@type":"ReadAction","target":["https:\/\/www.ucaldas.edu.co\/portal\/u-de-caldas-mejorara-condiciones-de-contratacion-de-profesores-ocasionales\/"]}]},{"@type":"ImageObject","inLanguage":"es","@id":"https:\/\/www.ucaldas.edu.co\/portal\/u-de-caldas-mejorara-condiciones-de-contratacion-de-profesores-ocasionales\/#primaryimage","url":"http:\/\/www.ucaldas.edu.co\/images\/tmp\/ucaldaslogo2012.jpg","contentUrl":"http:\/\/www.ucaldas.edu.co\/images\/tmp\/ucaldaslogo2012.jpg"},{"@type":"BreadcrumbList","@id":"https:\/\/www.ucaldas.edu.co\/portal\/u-de-caldas-mejorara-condiciones-de-contratacion-de-profesores-ocasionales\/#breadcrumb","itemListElement":[{"@type":"ListItem","position":1,"name":"Portada","item":"https:\/\/www.ucaldas.edu.co\/portal\/"},{"@type":"ListItem","position":2,"name":"U. de Caldas mejorar\u00e1 condiciones de contrataci\u00f3n de profesores ocasionales"}]},{"@type":"WebSite","@id":"https:\/\/www.ucaldas.edu.co\/portal\/#website","url":"https:\/\/www.ucaldas.edu.co\/portal\/","name":"Universidad de Caldas","description":"","publisher":{"@id":"https:\/\/www.ucaldas.edu.co\/portal\/#organization"},"alternateName":"U. de Caldas","potentialAction":[{"@type":"SearchAction","target":{"@type":"EntryPoint","urlTemplate":"https:\/\/www.ucaldas.edu.co\/portal\/?s={search_term_string}"},"query-input":{"@type":"PropertyValueSpecification","valueRequired":true,"valueName":"search_term_string"}}],"inLanguage":"es"},{"@type":"Organization","@id":"https:\/\/www.ucaldas.edu.co\/portal\/#organization","name":"Universidad de Caldas","alternateName":"U. de Caldas","url":"https:\/\/www.ucaldas.edu.co\/portal\/","logo":{"@type":"ImageObject","inLanguage":"es","@id":"https:\/\/www.ucaldas.edu.co\/portal\/#\/schema\/logo\/image\/","url":"https:\/\/www.ucaldas.edu.co\/portal\/wp-content\/uploads\/2023\/11\/Logo_horizontal_oscuroU-2023.png","contentUrl":"https:\/\/www.ucaldas.edu.co\/portal\/wp-content\/uploads\/2023\/11\/Logo_horizontal_oscuroU-2023.png","width":263,"height":101,"caption":"Universidad de Caldas"},"image":{"@id":"https:\/\/www.ucaldas.edu.co\/portal\/#\/schema\/logo\/image\/"},"sameAs":["https:\/\/www.facebook.com\/udecaldas","https:\/\/x.com\/udecaldas","https:\/\/www.youtube.com\/universidadcaldas","https:\/\/www.instagram.com\/udecaldas\/"]},{"@type":"Person","@id":"https:\/\/www.ucaldas.edu.co\/portal\/#\/schema\/person\/a1b482e23449158b4bc319926c074fdf","name":"ofiprensa","image":{"@type":"ImageObject","inLanguage":"es","@id":"https:\/\/www.ucaldas.edu.co\/portal\/wp-content\/litespeed\/avatar\/09ea5085e600095a7a811142c6944527.jpg?ver=1777497608","url":"https:\/\/www.ucaldas.edu.co\/portal\/wp-content\/litespeed\/avatar\/09ea5085e600095a7a811142c6944527.jpg?ver=1777497608","contentUrl":"https:\/\/www.ucaldas.edu.co\/portal\/wp-content\/litespeed\/avatar\/09ea5085e600095a7a811142c6944527.jpg?ver=1777497608","caption":"ofiprensa"},"url":"https:\/\/www.ucaldas.edu.co\/portal\/author\/ofiprensa\/"}]}},"_links":{"self":[{"href":"https:\/\/www.ucaldas.edu.co\/portal\/wp-json\/wp\/v2\/posts\/14309","targetHints":{"allow":["GET"]}}],"collection":[{"href":"https:\/\/www.ucaldas.edu.co\/portal\/wp-json\/wp\/v2\/posts"}],"about":[{"href":"https:\/\/www.ucaldas.edu.co\/portal\/wp-json\/wp\/v2\/types\/post"}],"author":[{"embeddable":true,"href":"https:\/\/www.ucaldas.edu.co\/portal\/wp-json\/wp\/v2\/users\/2"}],"replies":[{"embeddable":true,"href":"https:\/\/www.ucaldas.edu.co\/portal\/wp-json\/wp\/v2\/comments?post=14309"}],"version-history":[{"count":0,"href":"https:\/\/www.ucaldas.edu.co\/portal\/wp-json\/wp\/v2\/posts\/14309\/revisions"}],"wp:attachment":[{"href":"https:\/\/www.ucaldas.edu.co\/portal\/wp-json\/wp\/v2\/media?parent=14309"}],"wp:term":[{"taxonomy":"category","embeddable":true,"href":"https:\/\/www.ucaldas.edu.co\/portal\/wp-json\/wp\/v2\/categories?post=14309"},{"taxonomy":"post_tag","embeddable":true,"href":"https:\/\/www.ucaldas.edu.co\/portal\/wp-json\/wp\/v2\/tags?post=14309"}],"curies":[{"name":"wp","href":"https:\/\/api.w.org\/{rel}","templated":true}]}}