{"id":14305,"date":"2012-11-26T15:58:24","date_gmt":"2012-11-26T20:58:24","guid":{"rendered":"https:\/\/www.ucaldas.edu.co\/portal\/?p=14305"},"modified":"2012-11-26T15:58:24","modified_gmt":"2012-11-26T20:58:24","slug":"tres-docentes-u-de-caldas-fueron-ponentes-en-conferencia-internacional","status":"publish","type":"post","link":"https:\/\/www.ucaldas.edu.co\/portal\/tres-docentes-u-de-caldas-fueron-ponentes-en-conferencia-internacional\/","title":{"rendered":"Tres docentes U. de Caldas fueron ponentes en conferencia internacional"},"content":{"rendered":"<p align=\"center\">En encuentro latinoamericano de expertos en bioimpedancia<\/p>\n<p align=\"center\"><b><\/p>\n<p><\/b><\/p>\n<p align=\"right\">26\/11\/2012<\/p>\n<hr id=\"system-readmore\" \/>\n<p align=\"right\">Redacci\u00f3n: Mar\u00eda Fernanda Restrepo Torres<\/p>\n<p align=\"right\">\n<table border=\"0\">\n<tbody>\n<tr>\n<td>\u00a0<img loading=\"lazy\" decoding=\"async\" style=\"border: 0px\" title=\"Conferencia\" alt=\"Conferencia\" src=\"http:\/\/www.ucaldas.edu.co\/images\/tmp\/conferenciasbrasil.jpg\" width=\"240\" height=\"150\" border=\"0\" \/><\/td>\n<td>Entre el 6 y el 9 de noviembre del 2012<b> <\/b>en <b>Joinville (Brasil),<\/b> se llev\u00f3 a cabo la <b>I Conferencia<\/b> <b>Latinoamericana<\/b> sobre <b>Bioimpedancia <\/b>(Clabio 2012), en la cual la <b>Universidad de Caldas<\/b> estuvo <b>representada<\/b> por los <b>docentes<\/b> <b>Julio C\u00e9sar Caicedo Eraso<\/b>, <b>Clara Helena Gonz\u00e1lez Correa<\/b> y <b>Carlos Augusto Gonz\u00e1lez Correa<\/b>.<\/td>\n<\/tr>\n<\/tbody>\n<\/table>\n<p>&nbsp;<\/p>\n<p>&nbsp;<\/p>\n<p>Con la ponencia<i> Uso de electrodos de electrocardiograf\u00eda (ECG) en An\u00e1lisis de Bioimpedancia El\u00e9ctrica (ABE), <\/i>en Ingl\u00e9s: <i>Use of electrocardiogram (ECG) electrodes for Bioelectrical Impedance Analysis (BIA), <\/i>los profesores compartieron experiencias con diferentes grupos de Am\u00e9rica Latina, mediante la presentaci\u00f3n de trabajos cient\u00edficos y las innovaciones potenciales en esta \u00e1rea de investigaci\u00f3n.<\/p>\n<p>&nbsp;<\/p>\n<p>Caicedo Eraso es profesor asistente del Departamento\u00a0 de Sistemas y Inform\u00e1tica de la U. de Caldas, mientras que Clara Helena Gonz\u00e1lez Correa y Carlos Augusto Gonz\u00e1lez Correa hacen parte del Grupo de Bioimpedancia El\u00e9ctrica de la Instituci\u00f3n, fundado en 1995. con el objetivo investigar la composici\u00f3n corporal y el diagn\u00f3stico de c\u00e1ncer.<\/p>\n<p><i>\u00a0<\/i><\/p>\n<p><b>Informes:<\/b> en el tel\u00e9fono\u00a0 878 15 00 extensi\u00f3n 14 160<\/p>\n<p>&nbsp;<\/p>\n","protected":false},"excerpt":{"rendered":"<p>En encuentro latinoamericano de expertos en bioimpedancia 26\/11\/2012 Redacci\u00f3n: Mar\u00eda Fernanda Restrepo Torres \u00a0 Entre el 6 y el 9 de noviembre del 2012 en Joinville (Brasil), se llev\u00f3 a cabo la I Conferencia Latinoamericana sobre Bioimpedancia (Clabio 2012), en la cual la Universidad de Caldas estuvo representada por los docentes Julio C\u00e9sar Caicedo Eraso, [&hellip;]<\/p>\n","protected":false},"author":2,"featured_media":0,"comment_status":"closed","ping_status":"closed","sticky":false,"template":"","format":"standard","meta":{"footnotes":""},"categories":[48,53],"tags":[],"class_list":["post-14305","post","type-post","status-publish","format-standard","hentry","category-actualidad","category-universidad-al-dia"],"yoast_head":"<!-- This site is optimized with the Yoast SEO plugin v27.5 - https:\/\/yoast.com\/product\/yoast-seo-wordpress\/ -->\n<title>Tres docentes U. de Caldas fueron ponentes en conferencia internacional .<\/title>\n<meta name=\"robots\" content=\"index, follow, max-snippet:-1, max-image-preview:large, max-video-preview:-1\" \/>\n<link rel=\"canonical\" href=\"https:\/\/www.ucaldas.edu.co\/portal\/tres-docentes-u-de-caldas-fueron-ponentes-en-conferencia-internacional\/\" \/>\n<script type=\"application\/ld+json\" class=\"yoast-schema-graph\">{\"@context\":\"https:\\\/\\\/schema.org\",\"@graph\":[{\"@type\":\"Article\",\"@id\":\"https:\\\/\\\/www.ucaldas.edu.co\\\/portal\\\/tres-docentes-u-de-caldas-fueron-ponentes-en-conferencia-internacional\\\/#article\",\"isPartOf\":{\"@id\":\"https:\\\/\\\/www.ucaldas.edu.co\\\/portal\\\/tres-docentes-u-de-caldas-fueron-ponentes-en-conferencia-internacional\\\/\"},\"author\":{\"name\":\"ofiprensa\",\"@id\":\"https:\\\/\\\/www.ucaldas.edu.co\\\/portal\\\/#\\\/schema\\\/person\\\/a1b482e23449158b4bc319926c074fdf\"},\"headline\":\"Tres docentes U. de Caldas fueron ponentes en conferencia internacional\",\"datePublished\":\"2012-11-26T20:58:24+00:00\",\"mainEntityOfPage\":{\"@id\":\"https:\\\/\\\/www.ucaldas.edu.co\\\/portal\\\/tres-docentes-u-de-caldas-fueron-ponentes-en-conferencia-internacional\\\/\"},\"wordCount\":203,\"publisher\":{\"@id\":\"https:\\\/\\\/www.ucaldas.edu.co\\\/portal\\\/#organization\"},\"image\":{\"@id\":\"https:\\\/\\\/www.ucaldas.edu.co\\\/portal\\\/tres-docentes-u-de-caldas-fueron-ponentes-en-conferencia-internacional\\\/#primaryimage\"},\"thumbnailUrl\":\"http:\\\/\\\/www.ucaldas.edu.co\\\/images\\\/tmp\\\/conferenciasbrasil.jpg\",\"articleSection\":[\"Actualidad\",\"Universidad al D\u00eda\"],\"inLanguage\":\"es\"},{\"@type\":\"WebPage\",\"@id\":\"https:\\\/\\\/www.ucaldas.edu.co\\\/portal\\\/tres-docentes-u-de-caldas-fueron-ponentes-en-conferencia-internacional\\\/\",\"url\":\"https:\\\/\\\/www.ucaldas.edu.co\\\/portal\\\/tres-docentes-u-de-caldas-fueron-ponentes-en-conferencia-internacional\\\/\",\"name\":\"Tres docentes U. de Caldas fueron ponentes en conferencia internacional .\",\"isPartOf\":{\"@id\":\"https:\\\/\\\/www.ucaldas.edu.co\\\/portal\\\/#website\"},\"primaryImageOfPage\":{\"@id\":\"https:\\\/\\\/www.ucaldas.edu.co\\\/portal\\\/tres-docentes-u-de-caldas-fueron-ponentes-en-conferencia-internacional\\\/#primaryimage\"},\"image\":{\"@id\":\"https:\\\/\\\/www.ucaldas.edu.co\\\/portal\\\/tres-docentes-u-de-caldas-fueron-ponentes-en-conferencia-internacional\\\/#primaryimage\"},\"thumbnailUrl\":\"http:\\\/\\\/www.ucaldas.edu.co\\\/images\\\/tmp\\\/conferenciasbrasil.jpg\",\"datePublished\":\"2012-11-26T20:58:24+00:00\",\"breadcrumb\":{\"@id\":\"https:\\\/\\\/www.ucaldas.edu.co\\\/portal\\\/tres-docentes-u-de-caldas-fueron-ponentes-en-conferencia-internacional\\\/#breadcrumb\"},\"inLanguage\":\"es\",\"potentialAction\":[{\"@type\":\"ReadAction\",\"target\":[\"https:\\\/\\\/www.ucaldas.edu.co\\\/portal\\\/tres-docentes-u-de-caldas-fueron-ponentes-en-conferencia-internacional\\\/\"]}]},{\"@type\":\"ImageObject\",\"inLanguage\":\"es\",\"@id\":\"https:\\\/\\\/www.ucaldas.edu.co\\\/portal\\\/tres-docentes-u-de-caldas-fueron-ponentes-en-conferencia-internacional\\\/#primaryimage\",\"url\":\"http:\\\/\\\/www.ucaldas.edu.co\\\/images\\\/tmp\\\/conferenciasbrasil.jpg\",\"contentUrl\":\"http:\\\/\\\/www.ucaldas.edu.co\\\/images\\\/tmp\\\/conferenciasbrasil.jpg\"},{\"@type\":\"BreadcrumbList\",\"@id\":\"https:\\\/\\\/www.ucaldas.edu.co\\\/portal\\\/tres-docentes-u-de-caldas-fueron-ponentes-en-conferencia-internacional\\\/#breadcrumb\",\"itemListElement\":[{\"@type\":\"ListItem\",\"position\":1,\"name\":\"Portada\",\"item\":\"https:\\\/\\\/www.ucaldas.edu.co\\\/portal\\\/\"},{\"@type\":\"ListItem\",\"position\":2,\"name\":\"Tres docentes U. de Caldas fueron ponentes en conferencia internacional\"}]},{\"@type\":\"WebSite\",\"@id\":\"https:\\\/\\\/www.ucaldas.edu.co\\\/portal\\\/#website\",\"url\":\"https:\\\/\\\/www.ucaldas.edu.co\\\/portal\\\/\",\"name\":\"Universidad de Caldas\",\"description\":\"\",\"publisher\":{\"@id\":\"https:\\\/\\\/www.ucaldas.edu.co\\\/portal\\\/#organization\"},\"alternateName\":\"U. de Caldas\",\"potentialAction\":[{\"@type\":\"SearchAction\",\"target\":{\"@type\":\"EntryPoint\",\"urlTemplate\":\"https:\\\/\\\/www.ucaldas.edu.co\\\/portal\\\/?s={search_term_string}\"},\"query-input\":{\"@type\":\"PropertyValueSpecification\",\"valueRequired\":true,\"valueName\":\"search_term_string\"}}],\"inLanguage\":\"es\"},{\"@type\":\"Organization\",\"@id\":\"https:\\\/\\\/www.ucaldas.edu.co\\\/portal\\\/#organization\",\"name\":\"Universidad de Caldas\",\"alternateName\":\"U. de Caldas\",\"url\":\"https:\\\/\\\/www.ucaldas.edu.co\\\/portal\\\/\",\"logo\":{\"@type\":\"ImageObject\",\"inLanguage\":\"es\",\"@id\":\"https:\\\/\\\/www.ucaldas.edu.co\\\/portal\\\/#\\\/schema\\\/logo\\\/image\\\/\",\"url\":\"https:\\\/\\\/www.ucaldas.edu.co\\\/portal\\\/wp-content\\\/uploads\\\/2023\\\/11\\\/Logo_horizontal_oscuroU-2023.png\",\"contentUrl\":\"https:\\\/\\\/www.ucaldas.edu.co\\\/portal\\\/wp-content\\\/uploads\\\/2023\\\/11\\\/Logo_horizontal_oscuroU-2023.png\",\"width\":263,\"height\":101,\"caption\":\"Universidad de Caldas\"},\"image\":{\"@id\":\"https:\\\/\\\/www.ucaldas.edu.co\\\/portal\\\/#\\\/schema\\\/logo\\\/image\\\/\"},\"sameAs\":[\"https:\\\/\\\/www.facebook.com\\\/udecaldas\",\"https:\\\/\\\/x.com\\\/udecaldas\",\"https:\\\/\\\/www.youtube.com\\\/universidadcaldas\",\"https:\\\/\\\/www.instagram.com\\\/udecaldas\\\/\"]},{\"@type\":\"Person\",\"@id\":\"https:\\\/\\\/www.ucaldas.edu.co\\\/portal\\\/#\\\/schema\\\/person\\\/a1b482e23449158b4bc319926c074fdf\",\"name\":\"ofiprensa\",\"image\":{\"@type\":\"ImageObject\",\"inLanguage\":\"es\",\"@id\":\"https:\\\/\\\/www.ucaldas.edu.co\\\/portal\\\/wp-content\\\/litespeed\\\/avatar\\\/09ea5085e600095a7a811142c6944527.jpg?ver=1777497608\",\"url\":\"https:\\\/\\\/www.ucaldas.edu.co\\\/portal\\\/wp-content\\\/litespeed\\\/avatar\\\/09ea5085e600095a7a811142c6944527.jpg?ver=1777497608\",\"contentUrl\":\"https:\\\/\\\/www.ucaldas.edu.co\\\/portal\\\/wp-content\\\/litespeed\\\/avatar\\\/09ea5085e600095a7a811142c6944527.jpg?ver=1777497608\",\"caption\":\"ofiprensa\"},\"url\":\"https:\\\/\\\/www.ucaldas.edu.co\\\/portal\\\/author\\\/ofiprensa\\\/\"}]}<\/script>\n<!-- \/ Yoast SEO plugin. -->","yoast_head_json":{"title":"Tres docentes U. de Caldas fueron ponentes en conferencia internacional .","robots":{"index":"index","follow":"follow","max-snippet":"max-snippet:-1","max-image-preview":"max-image-preview:large","max-video-preview":"max-video-preview:-1"},"canonical":"https:\/\/www.ucaldas.edu.co\/portal\/tres-docentes-u-de-caldas-fueron-ponentes-en-conferencia-internacional\/","schema":{"@context":"https:\/\/schema.org","@graph":[{"@type":"Article","@id":"https:\/\/www.ucaldas.edu.co\/portal\/tres-docentes-u-de-caldas-fueron-ponentes-en-conferencia-internacional\/#article","isPartOf":{"@id":"https:\/\/www.ucaldas.edu.co\/portal\/tres-docentes-u-de-caldas-fueron-ponentes-en-conferencia-internacional\/"},"author":{"name":"ofiprensa","@id":"https:\/\/www.ucaldas.edu.co\/portal\/#\/schema\/person\/a1b482e23449158b4bc319926c074fdf"},"headline":"Tres docentes U. de Caldas fueron ponentes en conferencia internacional","datePublished":"2012-11-26T20:58:24+00:00","mainEntityOfPage":{"@id":"https:\/\/www.ucaldas.edu.co\/portal\/tres-docentes-u-de-caldas-fueron-ponentes-en-conferencia-internacional\/"},"wordCount":203,"publisher":{"@id":"https:\/\/www.ucaldas.edu.co\/portal\/#organization"},"image":{"@id":"https:\/\/www.ucaldas.edu.co\/portal\/tres-docentes-u-de-caldas-fueron-ponentes-en-conferencia-internacional\/#primaryimage"},"thumbnailUrl":"http:\/\/www.ucaldas.edu.co\/images\/tmp\/conferenciasbrasil.jpg","articleSection":["Actualidad","Universidad al D\u00eda"],"inLanguage":"es"},{"@type":"WebPage","@id":"https:\/\/www.ucaldas.edu.co\/portal\/tres-docentes-u-de-caldas-fueron-ponentes-en-conferencia-internacional\/","url":"https:\/\/www.ucaldas.edu.co\/portal\/tres-docentes-u-de-caldas-fueron-ponentes-en-conferencia-internacional\/","name":"Tres docentes U. de Caldas fueron ponentes en conferencia internacional .","isPartOf":{"@id":"https:\/\/www.ucaldas.edu.co\/portal\/#website"},"primaryImageOfPage":{"@id":"https:\/\/www.ucaldas.edu.co\/portal\/tres-docentes-u-de-caldas-fueron-ponentes-en-conferencia-internacional\/#primaryimage"},"image":{"@id":"https:\/\/www.ucaldas.edu.co\/portal\/tres-docentes-u-de-caldas-fueron-ponentes-en-conferencia-internacional\/#primaryimage"},"thumbnailUrl":"http:\/\/www.ucaldas.edu.co\/images\/tmp\/conferenciasbrasil.jpg","datePublished":"2012-11-26T20:58:24+00:00","breadcrumb":{"@id":"https:\/\/www.ucaldas.edu.co\/portal\/tres-docentes-u-de-caldas-fueron-ponentes-en-conferencia-internacional\/#breadcrumb"},"inLanguage":"es","potentialAction":[{"@type":"ReadAction","target":["https:\/\/www.ucaldas.edu.co\/portal\/tres-docentes-u-de-caldas-fueron-ponentes-en-conferencia-internacional\/"]}]},{"@type":"ImageObject","inLanguage":"es","@id":"https:\/\/www.ucaldas.edu.co\/portal\/tres-docentes-u-de-caldas-fueron-ponentes-en-conferencia-internacional\/#primaryimage","url":"http:\/\/www.ucaldas.edu.co\/images\/tmp\/conferenciasbrasil.jpg","contentUrl":"http:\/\/www.ucaldas.edu.co\/images\/tmp\/conferenciasbrasil.jpg"},{"@type":"BreadcrumbList","@id":"https:\/\/www.ucaldas.edu.co\/portal\/tres-docentes-u-de-caldas-fueron-ponentes-en-conferencia-internacional\/#breadcrumb","itemListElement":[{"@type":"ListItem","position":1,"name":"Portada","item":"https:\/\/www.ucaldas.edu.co\/portal\/"},{"@type":"ListItem","position":2,"name":"Tres docentes U. de Caldas fueron ponentes en conferencia internacional"}]},{"@type":"WebSite","@id":"https:\/\/www.ucaldas.edu.co\/portal\/#website","url":"https:\/\/www.ucaldas.edu.co\/portal\/","name":"Universidad de Caldas","description":"","publisher":{"@id":"https:\/\/www.ucaldas.edu.co\/portal\/#organization"},"alternateName":"U. de Caldas","potentialAction":[{"@type":"SearchAction","target":{"@type":"EntryPoint","urlTemplate":"https:\/\/www.ucaldas.edu.co\/portal\/?s={search_term_string}"},"query-input":{"@type":"PropertyValueSpecification","valueRequired":true,"valueName":"search_term_string"}}],"inLanguage":"es"},{"@type":"Organization","@id":"https:\/\/www.ucaldas.edu.co\/portal\/#organization","name":"Universidad de Caldas","alternateName":"U. de Caldas","url":"https:\/\/www.ucaldas.edu.co\/portal\/","logo":{"@type":"ImageObject","inLanguage":"es","@id":"https:\/\/www.ucaldas.edu.co\/portal\/#\/schema\/logo\/image\/","url":"https:\/\/www.ucaldas.edu.co\/portal\/wp-content\/uploads\/2023\/11\/Logo_horizontal_oscuroU-2023.png","contentUrl":"https:\/\/www.ucaldas.edu.co\/portal\/wp-content\/uploads\/2023\/11\/Logo_horizontal_oscuroU-2023.png","width":263,"height":101,"caption":"Universidad de Caldas"},"image":{"@id":"https:\/\/www.ucaldas.edu.co\/portal\/#\/schema\/logo\/image\/"},"sameAs":["https:\/\/www.facebook.com\/udecaldas","https:\/\/x.com\/udecaldas","https:\/\/www.youtube.com\/universidadcaldas","https:\/\/www.instagram.com\/udecaldas\/"]},{"@type":"Person","@id":"https:\/\/www.ucaldas.edu.co\/portal\/#\/schema\/person\/a1b482e23449158b4bc319926c074fdf","name":"ofiprensa","image":{"@type":"ImageObject","inLanguage":"es","@id":"https:\/\/www.ucaldas.edu.co\/portal\/wp-content\/litespeed\/avatar\/09ea5085e600095a7a811142c6944527.jpg?ver=1777497608","url":"https:\/\/www.ucaldas.edu.co\/portal\/wp-content\/litespeed\/avatar\/09ea5085e600095a7a811142c6944527.jpg?ver=1777497608","contentUrl":"https:\/\/www.ucaldas.edu.co\/portal\/wp-content\/litespeed\/avatar\/09ea5085e600095a7a811142c6944527.jpg?ver=1777497608","caption":"ofiprensa"},"url":"https:\/\/www.ucaldas.edu.co\/portal\/author\/ofiprensa\/"}]}},"_links":{"self":[{"href":"https:\/\/www.ucaldas.edu.co\/portal\/wp-json\/wp\/v2\/posts\/14305","targetHints":{"allow":["GET"]}}],"collection":[{"href":"https:\/\/www.ucaldas.edu.co\/portal\/wp-json\/wp\/v2\/posts"}],"about":[{"href":"https:\/\/www.ucaldas.edu.co\/portal\/wp-json\/wp\/v2\/types\/post"}],"author":[{"embeddable":true,"href":"https:\/\/www.ucaldas.edu.co\/portal\/wp-json\/wp\/v2\/users\/2"}],"replies":[{"embeddable":true,"href":"https:\/\/www.ucaldas.edu.co\/portal\/wp-json\/wp\/v2\/comments?post=14305"}],"version-history":[{"count":0,"href":"https:\/\/www.ucaldas.edu.co\/portal\/wp-json\/wp\/v2\/posts\/14305\/revisions"}],"wp:attachment":[{"href":"https:\/\/www.ucaldas.edu.co\/portal\/wp-json\/wp\/v2\/media?parent=14305"}],"wp:term":[{"taxonomy":"category","embeddable":true,"href":"https:\/\/www.ucaldas.edu.co\/portal\/wp-json\/wp\/v2\/categories?post=14305"},{"taxonomy":"post_tag","embeddable":true,"href":"https:\/\/www.ucaldas.edu.co\/portal\/wp-json\/wp\/v2\/tags?post=14305"}],"curies":[{"name":"wp","href":"https:\/\/api.w.org\/{rel}","templated":true}]}}