{"id":14301,"date":"2012-11-26T15:56:32","date_gmt":"2012-11-26T20:56:32","guid":{"rendered":"https:\/\/www.ucaldas.edu.co\/portal\/?p=14301"},"modified":"2012-11-26T15:56:32","modified_gmt":"2012-11-26T20:56:32","slug":"u-de-caldas-rindio-homenaje-a-poeta-peruano-cesar-vallejo","status":"publish","type":"post","link":"https:\/\/www.ucaldas.edu.co\/portal\/u-de-caldas-rindio-homenaje-a-poeta-peruano-cesar-vallejo\/","title":{"rendered":"U. de Caldas rindi\u00f3 homenaje a poeta peruano C\u00e9sar Vallejo"},"content":{"rendered":"<p align=\"center\">En sus 120 a\u00f1os de natalicio<\/p>\n<p align=\"center\"><b>\u00a0<\/b><\/p>\n<p align=\"right\">26\/11\/2012<\/p>\n<hr \/>\n<p align=\"right\">Redacci\u00f3n: Margarita Laverde Galvis<\/p>\n<table border=\"0\">\n<tbody>\n<tr>\n<td>&nbsp;<\/p>\n<p><img loading=\"lazy\" decoding=\"async\" style=\"border: 0px\" title=\"Homenaje\" alt=\"Homenaje\" src=\"http:\/\/www.ucaldas.edu.co\/images\/tmp\/homenajevallejo.jpg\" width=\"240\" height=\"150\" border=\"0\" \/><\/p>\n<h6>Foto: Guillermo Sarmiento Estrada\/ Prensa U. de Caldas.<\/h6>\n<\/td>\n<td><b>La <\/b><b>Universidad de Caldas y la Alianza Francesa de Manizales<\/b><b> <\/b><b>celebraron<\/b><b> con una jornada acad\u00e9mica los <\/b><b>120 a\u00f1os del natalicio de C\u00e9sar Vallejo<\/b><b>, que se cumplieron el 16 de marzo de este a\u00f1o. Se trata del <\/b><b>poeta peruano, <\/b>a juicio de muchos, el poeta de Am\u00e9rica, quien \u00a0ha ejercido gran influencia en poetas de todo el mundo.<\/td>\n<\/tr>\n<\/tbody>\n<\/table>\n<p>En el encuentro, que se efectu\u00f3 el pasado viernes 23 de noviembre, <b>se presentaron los ganadores del concurso <i>A la manera de C\u00e9sar Vallejo.<\/i><\/b><\/p>\n<p>\u201cEsta fue una manera de llamar la atenci\u00f3n a los lectores. El balance fue muy positivo, pues se logr\u00f3 difundir la obra del poeta y acercar a las personas a su trabajo\u201d, coment\u00f3 Uriel Giraldo \u00c1lvarez, <b>docente del Departamento de Ling\u00fc\u00edstica y Literatura de la Universidad de Caldas.<\/b><\/p>\n<p>Giraldo \u00c1lvarez dijo que el poeta fue uno de los grandes poetas de Am\u00e9rica y est\u00e1 considerado entre los m\u00e1s grandes innovadores de la poes\u00eda del siglo XX. Por eso, durante el encuentro, se presentaron documentales sobre su vida y obra, as\u00ed como una audici\u00f3n musicalizada de poes\u00eda de Vallejo.<\/p>\n<p><a href=\"http:\/\/www.facebook.com\/media\/set\/?set=a.437812856280585.104975.107054166023124&amp;type=3\" target=\"_blank\">Conozca im\u00e1genes del Homenaje a C\u00e9sar Vallejo<\/a><\/p>\n<p><b><br \/>\nInformes:<\/b> Oficina de Prensa, tel\u00e9fono 878 15 00, extensi\u00f3n 12 167.<\/p>\n","protected":false},"excerpt":{"rendered":"<p>En sus 120 a\u00f1os de natalicio \u00a0 26\/11\/2012 Redacci\u00f3n: Margarita Laverde Galvis &nbsp; Foto: Guillermo Sarmiento Estrada\/ Prensa U. de Caldas. La Universidad de Caldas y la Alianza Francesa de Manizales celebraron con una jornada acad\u00e9mica los 120 a\u00f1os del natalicio de C\u00e9sar Vallejo, que se cumplieron el 16 de marzo de este a\u00f1o. Se [&hellip;]<\/p>\n","protected":false},"author":2,"featured_media":0,"comment_status":"closed","ping_status":"closed","sticky":false,"template":"","format":"standard","meta":{"footnotes":""},"categories":[48,53],"tags":[],"class_list":["post-14301","post","type-post","status-publish","format-standard","hentry","category-actualidad","category-universidad-al-dia"],"yoast_head":"<!-- This site is optimized with the Yoast SEO plugin v27.5 - https:\/\/yoast.com\/product\/yoast-seo-wordpress\/ -->\n<title>U. de Caldas rindi\u00f3 homenaje a poeta peruano C\u00e9sar Vallejo .<\/title>\n<meta name=\"robots\" content=\"index, follow, max-snippet:-1, max-image-preview:large, max-video-preview:-1\" \/>\n<link rel=\"canonical\" href=\"https:\/\/www.ucaldas.edu.co\/portal\/u-de-caldas-rindio-homenaje-a-poeta-peruano-cesar-vallejo\/\" \/>\n<script type=\"application\/ld+json\" class=\"yoast-schema-graph\">{\"@context\":\"https:\\\/\\\/schema.org\",\"@graph\":[{\"@type\":\"Article\",\"@id\":\"https:\\\/\\\/www.ucaldas.edu.co\\\/portal\\\/u-de-caldas-rindio-homenaje-a-poeta-peruano-cesar-vallejo\\\/#article\",\"isPartOf\":{\"@id\":\"https:\\\/\\\/www.ucaldas.edu.co\\\/portal\\\/u-de-caldas-rindio-homenaje-a-poeta-peruano-cesar-vallejo\\\/\"},\"author\":{\"name\":\"ofiprensa\",\"@id\":\"https:\\\/\\\/www.ucaldas.edu.co\\\/portal\\\/#\\\/schema\\\/person\\\/a1b482e23449158b4bc319926c074fdf\"},\"headline\":\"U. de Caldas rindi\u00f3 homenaje a poeta peruano C\u00e9sar Vallejo\",\"datePublished\":\"2012-11-26T20:56:32+00:00\",\"mainEntityOfPage\":{\"@id\":\"https:\\\/\\\/www.ucaldas.edu.co\\\/portal\\\/u-de-caldas-rindio-homenaje-a-poeta-peruano-cesar-vallejo\\\/\"},\"wordCount\":237,\"publisher\":{\"@id\":\"https:\\\/\\\/www.ucaldas.edu.co\\\/portal\\\/#organization\"},\"image\":{\"@id\":\"https:\\\/\\\/www.ucaldas.edu.co\\\/portal\\\/u-de-caldas-rindio-homenaje-a-poeta-peruano-cesar-vallejo\\\/#primaryimage\"},\"thumbnailUrl\":\"http:\\\/\\\/www.ucaldas.edu.co\\\/images\\\/tmp\\\/homenajevallejo.jpg\",\"articleSection\":[\"Actualidad\",\"Universidad al D\u00eda\"],\"inLanguage\":\"es\"},{\"@type\":\"WebPage\",\"@id\":\"https:\\\/\\\/www.ucaldas.edu.co\\\/portal\\\/u-de-caldas-rindio-homenaje-a-poeta-peruano-cesar-vallejo\\\/\",\"url\":\"https:\\\/\\\/www.ucaldas.edu.co\\\/portal\\\/u-de-caldas-rindio-homenaje-a-poeta-peruano-cesar-vallejo\\\/\",\"name\":\"U. de Caldas rindi\u00f3 homenaje a poeta peruano C\u00e9sar Vallejo .\",\"isPartOf\":{\"@id\":\"https:\\\/\\\/www.ucaldas.edu.co\\\/portal\\\/#website\"},\"primaryImageOfPage\":{\"@id\":\"https:\\\/\\\/www.ucaldas.edu.co\\\/portal\\\/u-de-caldas-rindio-homenaje-a-poeta-peruano-cesar-vallejo\\\/#primaryimage\"},\"image\":{\"@id\":\"https:\\\/\\\/www.ucaldas.edu.co\\\/portal\\\/u-de-caldas-rindio-homenaje-a-poeta-peruano-cesar-vallejo\\\/#primaryimage\"},\"thumbnailUrl\":\"http:\\\/\\\/www.ucaldas.edu.co\\\/images\\\/tmp\\\/homenajevallejo.jpg\",\"datePublished\":\"2012-11-26T20:56:32+00:00\",\"breadcrumb\":{\"@id\":\"https:\\\/\\\/www.ucaldas.edu.co\\\/portal\\\/u-de-caldas-rindio-homenaje-a-poeta-peruano-cesar-vallejo\\\/#breadcrumb\"},\"inLanguage\":\"es\",\"potentialAction\":[{\"@type\":\"ReadAction\",\"target\":[\"https:\\\/\\\/www.ucaldas.edu.co\\\/portal\\\/u-de-caldas-rindio-homenaje-a-poeta-peruano-cesar-vallejo\\\/\"]}]},{\"@type\":\"ImageObject\",\"inLanguage\":\"es\",\"@id\":\"https:\\\/\\\/www.ucaldas.edu.co\\\/portal\\\/u-de-caldas-rindio-homenaje-a-poeta-peruano-cesar-vallejo\\\/#primaryimage\",\"url\":\"http:\\\/\\\/www.ucaldas.edu.co\\\/images\\\/tmp\\\/homenajevallejo.jpg\",\"contentUrl\":\"http:\\\/\\\/www.ucaldas.edu.co\\\/images\\\/tmp\\\/homenajevallejo.jpg\"},{\"@type\":\"BreadcrumbList\",\"@id\":\"https:\\\/\\\/www.ucaldas.edu.co\\\/portal\\\/u-de-caldas-rindio-homenaje-a-poeta-peruano-cesar-vallejo\\\/#breadcrumb\",\"itemListElement\":[{\"@type\":\"ListItem\",\"position\":1,\"name\":\"Portada\",\"item\":\"https:\\\/\\\/www.ucaldas.edu.co\\\/portal\\\/\"},{\"@type\":\"ListItem\",\"position\":2,\"name\":\"U. de Caldas rindi\u00f3 homenaje a poeta peruano C\u00e9sar Vallejo\"}]},{\"@type\":\"WebSite\",\"@id\":\"https:\\\/\\\/www.ucaldas.edu.co\\\/portal\\\/#website\",\"url\":\"https:\\\/\\\/www.ucaldas.edu.co\\\/portal\\\/\",\"name\":\"Universidad de Caldas\",\"description\":\"\",\"publisher\":{\"@id\":\"https:\\\/\\\/www.ucaldas.edu.co\\\/portal\\\/#organization\"},\"alternateName\":\"U. de Caldas\",\"potentialAction\":[{\"@type\":\"SearchAction\",\"target\":{\"@type\":\"EntryPoint\",\"urlTemplate\":\"https:\\\/\\\/www.ucaldas.edu.co\\\/portal\\\/?s={search_term_string}\"},\"query-input\":{\"@type\":\"PropertyValueSpecification\",\"valueRequired\":true,\"valueName\":\"search_term_string\"}}],\"inLanguage\":\"es\"},{\"@type\":\"Organization\",\"@id\":\"https:\\\/\\\/www.ucaldas.edu.co\\\/portal\\\/#organization\",\"name\":\"Universidad de Caldas\",\"alternateName\":\"U. de Caldas\",\"url\":\"https:\\\/\\\/www.ucaldas.edu.co\\\/portal\\\/\",\"logo\":{\"@type\":\"ImageObject\",\"inLanguage\":\"es\",\"@id\":\"https:\\\/\\\/www.ucaldas.edu.co\\\/portal\\\/#\\\/schema\\\/logo\\\/image\\\/\",\"url\":\"https:\\\/\\\/www.ucaldas.edu.co\\\/portal\\\/wp-content\\\/uploads\\\/2023\\\/11\\\/Logo_horizontal_oscuroU-2023.png\",\"contentUrl\":\"https:\\\/\\\/www.ucaldas.edu.co\\\/portal\\\/wp-content\\\/uploads\\\/2023\\\/11\\\/Logo_horizontal_oscuroU-2023.png\",\"width\":263,\"height\":101,\"caption\":\"Universidad de Caldas\"},\"image\":{\"@id\":\"https:\\\/\\\/www.ucaldas.edu.co\\\/portal\\\/#\\\/schema\\\/logo\\\/image\\\/\"},\"sameAs\":[\"https:\\\/\\\/www.facebook.com\\\/udecaldas\",\"https:\\\/\\\/x.com\\\/udecaldas\",\"https:\\\/\\\/www.youtube.com\\\/universidadcaldas\",\"https:\\\/\\\/www.instagram.com\\\/udecaldas\\\/\"]},{\"@type\":\"Person\",\"@id\":\"https:\\\/\\\/www.ucaldas.edu.co\\\/portal\\\/#\\\/schema\\\/person\\\/a1b482e23449158b4bc319926c074fdf\",\"name\":\"ofiprensa\",\"image\":{\"@type\":\"ImageObject\",\"inLanguage\":\"es\",\"@id\":\"https:\\\/\\\/www.ucaldas.edu.co\\\/portal\\\/wp-content\\\/litespeed\\\/avatar\\\/09ea5085e600095a7a811142c6944527.jpg?ver=1777497608\",\"url\":\"https:\\\/\\\/www.ucaldas.edu.co\\\/portal\\\/wp-content\\\/litespeed\\\/avatar\\\/09ea5085e600095a7a811142c6944527.jpg?ver=1777497608\",\"contentUrl\":\"https:\\\/\\\/www.ucaldas.edu.co\\\/portal\\\/wp-content\\\/litespeed\\\/avatar\\\/09ea5085e600095a7a811142c6944527.jpg?ver=1777497608\",\"caption\":\"ofiprensa\"},\"url\":\"https:\\\/\\\/www.ucaldas.edu.co\\\/portal\\\/author\\\/ofiprensa\\\/\"}]}<\/script>\n<!-- \/ Yoast SEO plugin. -->","yoast_head_json":{"title":"U. de Caldas rindi\u00f3 homenaje a poeta peruano C\u00e9sar Vallejo .","robots":{"index":"index","follow":"follow","max-snippet":"max-snippet:-1","max-image-preview":"max-image-preview:large","max-video-preview":"max-video-preview:-1"},"canonical":"https:\/\/www.ucaldas.edu.co\/portal\/u-de-caldas-rindio-homenaje-a-poeta-peruano-cesar-vallejo\/","schema":{"@context":"https:\/\/schema.org","@graph":[{"@type":"Article","@id":"https:\/\/www.ucaldas.edu.co\/portal\/u-de-caldas-rindio-homenaje-a-poeta-peruano-cesar-vallejo\/#article","isPartOf":{"@id":"https:\/\/www.ucaldas.edu.co\/portal\/u-de-caldas-rindio-homenaje-a-poeta-peruano-cesar-vallejo\/"},"author":{"name":"ofiprensa","@id":"https:\/\/www.ucaldas.edu.co\/portal\/#\/schema\/person\/a1b482e23449158b4bc319926c074fdf"},"headline":"U. de Caldas rindi\u00f3 homenaje a poeta peruano C\u00e9sar Vallejo","datePublished":"2012-11-26T20:56:32+00:00","mainEntityOfPage":{"@id":"https:\/\/www.ucaldas.edu.co\/portal\/u-de-caldas-rindio-homenaje-a-poeta-peruano-cesar-vallejo\/"},"wordCount":237,"publisher":{"@id":"https:\/\/www.ucaldas.edu.co\/portal\/#organization"},"image":{"@id":"https:\/\/www.ucaldas.edu.co\/portal\/u-de-caldas-rindio-homenaje-a-poeta-peruano-cesar-vallejo\/#primaryimage"},"thumbnailUrl":"http:\/\/www.ucaldas.edu.co\/images\/tmp\/homenajevallejo.jpg","articleSection":["Actualidad","Universidad al D\u00eda"],"inLanguage":"es"},{"@type":"WebPage","@id":"https:\/\/www.ucaldas.edu.co\/portal\/u-de-caldas-rindio-homenaje-a-poeta-peruano-cesar-vallejo\/","url":"https:\/\/www.ucaldas.edu.co\/portal\/u-de-caldas-rindio-homenaje-a-poeta-peruano-cesar-vallejo\/","name":"U. de Caldas rindi\u00f3 homenaje a poeta peruano C\u00e9sar Vallejo .","isPartOf":{"@id":"https:\/\/www.ucaldas.edu.co\/portal\/#website"},"primaryImageOfPage":{"@id":"https:\/\/www.ucaldas.edu.co\/portal\/u-de-caldas-rindio-homenaje-a-poeta-peruano-cesar-vallejo\/#primaryimage"},"image":{"@id":"https:\/\/www.ucaldas.edu.co\/portal\/u-de-caldas-rindio-homenaje-a-poeta-peruano-cesar-vallejo\/#primaryimage"},"thumbnailUrl":"http:\/\/www.ucaldas.edu.co\/images\/tmp\/homenajevallejo.jpg","datePublished":"2012-11-26T20:56:32+00:00","breadcrumb":{"@id":"https:\/\/www.ucaldas.edu.co\/portal\/u-de-caldas-rindio-homenaje-a-poeta-peruano-cesar-vallejo\/#breadcrumb"},"inLanguage":"es","potentialAction":[{"@type":"ReadAction","target":["https:\/\/www.ucaldas.edu.co\/portal\/u-de-caldas-rindio-homenaje-a-poeta-peruano-cesar-vallejo\/"]}]},{"@type":"ImageObject","inLanguage":"es","@id":"https:\/\/www.ucaldas.edu.co\/portal\/u-de-caldas-rindio-homenaje-a-poeta-peruano-cesar-vallejo\/#primaryimage","url":"http:\/\/www.ucaldas.edu.co\/images\/tmp\/homenajevallejo.jpg","contentUrl":"http:\/\/www.ucaldas.edu.co\/images\/tmp\/homenajevallejo.jpg"},{"@type":"BreadcrumbList","@id":"https:\/\/www.ucaldas.edu.co\/portal\/u-de-caldas-rindio-homenaje-a-poeta-peruano-cesar-vallejo\/#breadcrumb","itemListElement":[{"@type":"ListItem","position":1,"name":"Portada","item":"https:\/\/www.ucaldas.edu.co\/portal\/"},{"@type":"ListItem","position":2,"name":"U. de Caldas rindi\u00f3 homenaje a poeta peruano C\u00e9sar Vallejo"}]},{"@type":"WebSite","@id":"https:\/\/www.ucaldas.edu.co\/portal\/#website","url":"https:\/\/www.ucaldas.edu.co\/portal\/","name":"Universidad de Caldas","description":"","publisher":{"@id":"https:\/\/www.ucaldas.edu.co\/portal\/#organization"},"alternateName":"U. de Caldas","potentialAction":[{"@type":"SearchAction","target":{"@type":"EntryPoint","urlTemplate":"https:\/\/www.ucaldas.edu.co\/portal\/?s={search_term_string}"},"query-input":{"@type":"PropertyValueSpecification","valueRequired":true,"valueName":"search_term_string"}}],"inLanguage":"es"},{"@type":"Organization","@id":"https:\/\/www.ucaldas.edu.co\/portal\/#organization","name":"Universidad de Caldas","alternateName":"U. de Caldas","url":"https:\/\/www.ucaldas.edu.co\/portal\/","logo":{"@type":"ImageObject","inLanguage":"es","@id":"https:\/\/www.ucaldas.edu.co\/portal\/#\/schema\/logo\/image\/","url":"https:\/\/www.ucaldas.edu.co\/portal\/wp-content\/uploads\/2023\/11\/Logo_horizontal_oscuroU-2023.png","contentUrl":"https:\/\/www.ucaldas.edu.co\/portal\/wp-content\/uploads\/2023\/11\/Logo_horizontal_oscuroU-2023.png","width":263,"height":101,"caption":"Universidad de Caldas"},"image":{"@id":"https:\/\/www.ucaldas.edu.co\/portal\/#\/schema\/logo\/image\/"},"sameAs":["https:\/\/www.facebook.com\/udecaldas","https:\/\/x.com\/udecaldas","https:\/\/www.youtube.com\/universidadcaldas","https:\/\/www.instagram.com\/udecaldas\/"]},{"@type":"Person","@id":"https:\/\/www.ucaldas.edu.co\/portal\/#\/schema\/person\/a1b482e23449158b4bc319926c074fdf","name":"ofiprensa","image":{"@type":"ImageObject","inLanguage":"es","@id":"https:\/\/www.ucaldas.edu.co\/portal\/wp-content\/litespeed\/avatar\/09ea5085e600095a7a811142c6944527.jpg?ver=1777497608","url":"https:\/\/www.ucaldas.edu.co\/portal\/wp-content\/litespeed\/avatar\/09ea5085e600095a7a811142c6944527.jpg?ver=1777497608","contentUrl":"https:\/\/www.ucaldas.edu.co\/portal\/wp-content\/litespeed\/avatar\/09ea5085e600095a7a811142c6944527.jpg?ver=1777497608","caption":"ofiprensa"},"url":"https:\/\/www.ucaldas.edu.co\/portal\/author\/ofiprensa\/"}]}},"_links":{"self":[{"href":"https:\/\/www.ucaldas.edu.co\/portal\/wp-json\/wp\/v2\/posts\/14301","targetHints":{"allow":["GET"]}}],"collection":[{"href":"https:\/\/www.ucaldas.edu.co\/portal\/wp-json\/wp\/v2\/posts"}],"about":[{"href":"https:\/\/www.ucaldas.edu.co\/portal\/wp-json\/wp\/v2\/types\/post"}],"author":[{"embeddable":true,"href":"https:\/\/www.ucaldas.edu.co\/portal\/wp-json\/wp\/v2\/users\/2"}],"replies":[{"embeddable":true,"href":"https:\/\/www.ucaldas.edu.co\/portal\/wp-json\/wp\/v2\/comments?post=14301"}],"version-history":[{"count":0,"href":"https:\/\/www.ucaldas.edu.co\/portal\/wp-json\/wp\/v2\/posts\/14301\/revisions"}],"wp:attachment":[{"href":"https:\/\/www.ucaldas.edu.co\/portal\/wp-json\/wp\/v2\/media?parent=14301"}],"wp:term":[{"taxonomy":"category","embeddable":true,"href":"https:\/\/www.ucaldas.edu.co\/portal\/wp-json\/wp\/v2\/categories?post=14301"},{"taxonomy":"post_tag","embeddable":true,"href":"https:\/\/www.ucaldas.edu.co\/portal\/wp-json\/wp\/v2\/tags?post=14301"}],"curies":[{"name":"wp","href":"https:\/\/api.w.org\/{rel}","templated":true}]}}