{"id":14299,"date":"2012-11-26T15:55:33","date_gmt":"2012-11-26T20:55:33","guid":{"rendered":"https:\/\/www.ucaldas.edu.co\/portal\/?p=14299"},"modified":"2012-11-26T15:55:33","modified_gmt":"2012-11-26T20:55:33","slug":"u-de-caldas-despierta-participacion-de-estudiantes-de-ingenieria-de-alimentos","status":"publish","type":"post","link":"https:\/\/www.ucaldas.edu.co\/portal\/u-de-caldas-despierta-participacion-de-estudiantes-de-ingenieria-de-alimentos\/","title":{"rendered":"U. de Caldas despierta participaci\u00f3n de estudiantes de Ingenier\u00eda de Alimentos"},"content":{"rendered":"<p align=\"center\">En la Instituci\u00f3n se realiz\u00f3 videoconferencia sobre fortificaci\u00f3n de alimentos<b><br \/>\n<\/b><\/p>\n<p align=\"right\">26\/11\/2012<\/p>\n<hr \/>\n<p align=\"right\">Redacci\u00f3n: Margarita Laverde Galvis<\/p>\n<table border=\"0\">\n<tbody>\n<tr>\n<td>&nbsp;<\/p>\n<p><img loading=\"lazy\" decoding=\"async\" style=\"border: 0px\" title=\"Alimentos\" alt=\"Alimentos\" src=\"http:\/\/www.ucaldas.edu.co\/images\/tmp\/videoconferenciaalimentos.jpg\" width=\"240\" height=\"150\" border=\"0\" \/><\/p>\n<h6>Foto: Guillermo Sarmiento Estrada\/ Prensa U. de Caldas.<\/h6>\n<\/td>\n<td><b>Buscar la participaci\u00f3n de los estudiantes<\/b>, especialmente en el campo de los <b>alimentos funcionales<\/b>, fue el <b>tema<\/b> de la <b>videoconferencia<\/b> con el <b>ingeniero<\/b> Juan Sebasti\u00e1n Ram\u00edrez Navas, doctor en ingenier\u00eda de alimentos <b>de la Universidad del Valle<\/b>, <b>quien disert\u00f3 sobre <\/b><b>fortificaci\u00f3n de alimentos, el pasado jueves 22 de noviembre del 2012, <\/b><b>en la Universidad de Caldas<\/b><b>.<\/b><\/td>\n<\/tr>\n<\/tbody>\n<\/table>\n<p>&nbsp;<\/p>\n<p>&nbsp;<\/p>\n<p>El <b>encuentro se logr\u00f3 <\/b><b>gracias a una <\/b><b>invitaci\u00f3n<\/b><b> del <\/b><b>Semillero de Investigaci\u00f3n<\/b><b> en Innovaci\u00f3n Tecnol\u00f3gica en Alimentos (<\/b><b>Innoval<\/b><b>) y la <\/b><b>L\u00ednea de \u00c9nfasis en Alimentos Funcionales<\/b><b>, del <\/b><b>Programa de Ingenier\u00eda de Alimentos<\/b><b> de la Instituci\u00f3n.<\/b><\/p>\n<p>&nbsp;<\/p>\n<p><b>Cristian In\u00e9s \u00c1lvarez Barreto, <\/b><b>docente catedr\u00e1tica del Programa<\/b><b>, explic\u00f3: \u201ce<\/b>l balance es muy positivo, porque aparte de generar la inquietud sobre el tema, desde el punto de vista conceptual, logramos dar otro panorama sobre la aplicaci\u00f3n de la ingenier\u00eda de alimentos en el \u00e1rea de la nutrici\u00f3n\u201d.<\/p>\n<p>&nbsp;<\/p>\n<p>La docente agreg\u00f3 que esto se logra desde la aplicaci\u00f3n de los procesos tecnol\u00f3gicos e ingenieriles, para que pueda tener un impacto a futuro en poblaciones vulnerables, con deficiencia de micronutrientes.<\/p>\n<p>&nbsp;<\/p>\n<p><a href=\"http:\/\/www.facebook.com\/media\/set\/?set=a.439056416156229.105310.107054166023124&amp;type=3\" target=\"_blank\">Videoconferencia sobre fortificaci\u00f3n de alimentos<\/a><br \/>\n<b>Informes:<\/b> Oficina de Prensa, tel\u00e9fono 878 15 00, extensi\u00f3n 12 167.<\/p>\n","protected":false},"excerpt":{"rendered":"<p>En la Instituci\u00f3n se realiz\u00f3 videoconferencia sobre fortificaci\u00f3n de alimentos 26\/11\/2012 Redacci\u00f3n: Margarita Laverde Galvis &nbsp; Foto: Guillermo Sarmiento Estrada\/ Prensa U. de Caldas. Buscar la participaci\u00f3n de los estudiantes, especialmente en el campo de los alimentos funcionales, fue el tema de la videoconferencia con el ingeniero Juan Sebasti\u00e1n Ram\u00edrez Navas, doctor en ingenier\u00eda de [&hellip;]<\/p>\n","protected":false},"author":2,"featured_media":0,"comment_status":"closed","ping_status":"closed","sticky":false,"template":"","format":"standard","meta":{"footnotes":""},"categories":[48,53],"tags":[],"class_list":["post-14299","post","type-post","status-publish","format-standard","hentry","category-actualidad","category-universidad-al-dia"],"yoast_head":"<!-- This site is optimized with the Yoast SEO plugin v27.5 - https:\/\/yoast.com\/product\/yoast-seo-wordpress\/ -->\n<title>U. de Caldas despierta participaci\u00f3n de estudiantes de Ingenier\u00eda de Alimentos .<\/title>\n<meta name=\"robots\" content=\"index, follow, max-snippet:-1, max-image-preview:large, max-video-preview:-1\" \/>\n<link rel=\"canonical\" href=\"https:\/\/www.ucaldas.edu.co\/portal\/u-de-caldas-despierta-participacion-de-estudiantes-de-ingenieria-de-alimentos\/\" \/>\n<script type=\"application\/ld+json\" class=\"yoast-schema-graph\">{\"@context\":\"https:\\\/\\\/schema.org\",\"@graph\":[{\"@type\":\"Article\",\"@id\":\"https:\\\/\\\/www.ucaldas.edu.co\\\/portal\\\/u-de-caldas-despierta-participacion-de-estudiantes-de-ingenieria-de-alimentos\\\/#article\",\"isPartOf\":{\"@id\":\"https:\\\/\\\/www.ucaldas.edu.co\\\/portal\\\/u-de-caldas-despierta-participacion-de-estudiantes-de-ingenieria-de-alimentos\\\/\"},\"author\":{\"name\":\"ofiprensa\",\"@id\":\"https:\\\/\\\/www.ucaldas.edu.co\\\/portal\\\/#\\\/schema\\\/person\\\/a1b482e23449158b4bc319926c074fdf\"},\"headline\":\"U. de Caldas despierta participaci\u00f3n de estudiantes de Ingenier\u00eda de Alimentos\",\"datePublished\":\"2012-11-26T20:55:33+00:00\",\"mainEntityOfPage\":{\"@id\":\"https:\\\/\\\/www.ucaldas.edu.co\\\/portal\\\/u-de-caldas-despierta-participacion-de-estudiantes-de-ingenieria-de-alimentos\\\/\"},\"wordCount\":244,\"publisher\":{\"@id\":\"https:\\\/\\\/www.ucaldas.edu.co\\\/portal\\\/#organization\"},\"image\":{\"@id\":\"https:\\\/\\\/www.ucaldas.edu.co\\\/portal\\\/u-de-caldas-despierta-participacion-de-estudiantes-de-ingenieria-de-alimentos\\\/#primaryimage\"},\"thumbnailUrl\":\"http:\\\/\\\/www.ucaldas.edu.co\\\/images\\\/tmp\\\/videoconferenciaalimentos.jpg\",\"articleSection\":[\"Actualidad\",\"Universidad al D\u00eda\"],\"inLanguage\":\"es\"},{\"@type\":\"WebPage\",\"@id\":\"https:\\\/\\\/www.ucaldas.edu.co\\\/portal\\\/u-de-caldas-despierta-participacion-de-estudiantes-de-ingenieria-de-alimentos\\\/\",\"url\":\"https:\\\/\\\/www.ucaldas.edu.co\\\/portal\\\/u-de-caldas-despierta-participacion-de-estudiantes-de-ingenieria-de-alimentos\\\/\",\"name\":\"U. de Caldas despierta participaci\u00f3n de estudiantes de Ingenier\u00eda de Alimentos .\",\"isPartOf\":{\"@id\":\"https:\\\/\\\/www.ucaldas.edu.co\\\/portal\\\/#website\"},\"primaryImageOfPage\":{\"@id\":\"https:\\\/\\\/www.ucaldas.edu.co\\\/portal\\\/u-de-caldas-despierta-participacion-de-estudiantes-de-ingenieria-de-alimentos\\\/#primaryimage\"},\"image\":{\"@id\":\"https:\\\/\\\/www.ucaldas.edu.co\\\/portal\\\/u-de-caldas-despierta-participacion-de-estudiantes-de-ingenieria-de-alimentos\\\/#primaryimage\"},\"thumbnailUrl\":\"http:\\\/\\\/www.ucaldas.edu.co\\\/images\\\/tmp\\\/videoconferenciaalimentos.jpg\",\"datePublished\":\"2012-11-26T20:55:33+00:00\",\"breadcrumb\":{\"@id\":\"https:\\\/\\\/www.ucaldas.edu.co\\\/portal\\\/u-de-caldas-despierta-participacion-de-estudiantes-de-ingenieria-de-alimentos\\\/#breadcrumb\"},\"inLanguage\":\"es\",\"potentialAction\":[{\"@type\":\"ReadAction\",\"target\":[\"https:\\\/\\\/www.ucaldas.edu.co\\\/portal\\\/u-de-caldas-despierta-participacion-de-estudiantes-de-ingenieria-de-alimentos\\\/\"]}]},{\"@type\":\"ImageObject\",\"inLanguage\":\"es\",\"@id\":\"https:\\\/\\\/www.ucaldas.edu.co\\\/portal\\\/u-de-caldas-despierta-participacion-de-estudiantes-de-ingenieria-de-alimentos\\\/#primaryimage\",\"url\":\"http:\\\/\\\/www.ucaldas.edu.co\\\/images\\\/tmp\\\/videoconferenciaalimentos.jpg\",\"contentUrl\":\"http:\\\/\\\/www.ucaldas.edu.co\\\/images\\\/tmp\\\/videoconferenciaalimentos.jpg\"},{\"@type\":\"BreadcrumbList\",\"@id\":\"https:\\\/\\\/www.ucaldas.edu.co\\\/portal\\\/u-de-caldas-despierta-participacion-de-estudiantes-de-ingenieria-de-alimentos\\\/#breadcrumb\",\"itemListElement\":[{\"@type\":\"ListItem\",\"position\":1,\"name\":\"Portada\",\"item\":\"https:\\\/\\\/www.ucaldas.edu.co\\\/portal\\\/\"},{\"@type\":\"ListItem\",\"position\":2,\"name\":\"U. de Caldas despierta participaci\u00f3n de estudiantes de Ingenier\u00eda de Alimentos\"}]},{\"@type\":\"WebSite\",\"@id\":\"https:\\\/\\\/www.ucaldas.edu.co\\\/portal\\\/#website\",\"url\":\"https:\\\/\\\/www.ucaldas.edu.co\\\/portal\\\/\",\"name\":\"Universidad de Caldas\",\"description\":\"\",\"publisher\":{\"@id\":\"https:\\\/\\\/www.ucaldas.edu.co\\\/portal\\\/#organization\"},\"alternateName\":\"U. de Caldas\",\"potentialAction\":[{\"@type\":\"SearchAction\",\"target\":{\"@type\":\"EntryPoint\",\"urlTemplate\":\"https:\\\/\\\/www.ucaldas.edu.co\\\/portal\\\/?s={search_term_string}\"},\"query-input\":{\"@type\":\"PropertyValueSpecification\",\"valueRequired\":true,\"valueName\":\"search_term_string\"}}],\"inLanguage\":\"es\"},{\"@type\":\"Organization\",\"@id\":\"https:\\\/\\\/www.ucaldas.edu.co\\\/portal\\\/#organization\",\"name\":\"Universidad de Caldas\",\"alternateName\":\"U. de Caldas\",\"url\":\"https:\\\/\\\/www.ucaldas.edu.co\\\/portal\\\/\",\"logo\":{\"@type\":\"ImageObject\",\"inLanguage\":\"es\",\"@id\":\"https:\\\/\\\/www.ucaldas.edu.co\\\/portal\\\/#\\\/schema\\\/logo\\\/image\\\/\",\"url\":\"https:\\\/\\\/www.ucaldas.edu.co\\\/portal\\\/wp-content\\\/uploads\\\/2023\\\/11\\\/Logo_horizontal_oscuroU-2023.png\",\"contentUrl\":\"https:\\\/\\\/www.ucaldas.edu.co\\\/portal\\\/wp-content\\\/uploads\\\/2023\\\/11\\\/Logo_horizontal_oscuroU-2023.png\",\"width\":263,\"height\":101,\"caption\":\"Universidad de Caldas\"},\"image\":{\"@id\":\"https:\\\/\\\/www.ucaldas.edu.co\\\/portal\\\/#\\\/schema\\\/logo\\\/image\\\/\"},\"sameAs\":[\"https:\\\/\\\/www.facebook.com\\\/udecaldas\",\"https:\\\/\\\/x.com\\\/udecaldas\",\"https:\\\/\\\/www.youtube.com\\\/universidadcaldas\",\"https:\\\/\\\/www.instagram.com\\\/udecaldas\\\/\"]},{\"@type\":\"Person\",\"@id\":\"https:\\\/\\\/www.ucaldas.edu.co\\\/portal\\\/#\\\/schema\\\/person\\\/a1b482e23449158b4bc319926c074fdf\",\"name\":\"ofiprensa\",\"image\":{\"@type\":\"ImageObject\",\"inLanguage\":\"es\",\"@id\":\"https:\\\/\\\/www.ucaldas.edu.co\\\/portal\\\/wp-content\\\/litespeed\\\/avatar\\\/09ea5085e600095a7a811142c6944527.jpg?ver=1777497608\",\"url\":\"https:\\\/\\\/www.ucaldas.edu.co\\\/portal\\\/wp-content\\\/litespeed\\\/avatar\\\/09ea5085e600095a7a811142c6944527.jpg?ver=1777497608\",\"contentUrl\":\"https:\\\/\\\/www.ucaldas.edu.co\\\/portal\\\/wp-content\\\/litespeed\\\/avatar\\\/09ea5085e600095a7a811142c6944527.jpg?ver=1777497608\",\"caption\":\"ofiprensa\"},\"url\":\"https:\\\/\\\/www.ucaldas.edu.co\\\/portal\\\/author\\\/ofiprensa\\\/\"}]}<\/script>\n<!-- \/ Yoast SEO plugin. -->","yoast_head_json":{"title":"U. de Caldas despierta participaci\u00f3n de estudiantes de Ingenier\u00eda de Alimentos .","robots":{"index":"index","follow":"follow","max-snippet":"max-snippet:-1","max-image-preview":"max-image-preview:large","max-video-preview":"max-video-preview:-1"},"canonical":"https:\/\/www.ucaldas.edu.co\/portal\/u-de-caldas-despierta-participacion-de-estudiantes-de-ingenieria-de-alimentos\/","schema":{"@context":"https:\/\/schema.org","@graph":[{"@type":"Article","@id":"https:\/\/www.ucaldas.edu.co\/portal\/u-de-caldas-despierta-participacion-de-estudiantes-de-ingenieria-de-alimentos\/#article","isPartOf":{"@id":"https:\/\/www.ucaldas.edu.co\/portal\/u-de-caldas-despierta-participacion-de-estudiantes-de-ingenieria-de-alimentos\/"},"author":{"name":"ofiprensa","@id":"https:\/\/www.ucaldas.edu.co\/portal\/#\/schema\/person\/a1b482e23449158b4bc319926c074fdf"},"headline":"U. de Caldas despierta participaci\u00f3n de estudiantes de Ingenier\u00eda de Alimentos","datePublished":"2012-11-26T20:55:33+00:00","mainEntityOfPage":{"@id":"https:\/\/www.ucaldas.edu.co\/portal\/u-de-caldas-despierta-participacion-de-estudiantes-de-ingenieria-de-alimentos\/"},"wordCount":244,"publisher":{"@id":"https:\/\/www.ucaldas.edu.co\/portal\/#organization"},"image":{"@id":"https:\/\/www.ucaldas.edu.co\/portal\/u-de-caldas-despierta-participacion-de-estudiantes-de-ingenieria-de-alimentos\/#primaryimage"},"thumbnailUrl":"http:\/\/www.ucaldas.edu.co\/images\/tmp\/videoconferenciaalimentos.jpg","articleSection":["Actualidad","Universidad al D\u00eda"],"inLanguage":"es"},{"@type":"WebPage","@id":"https:\/\/www.ucaldas.edu.co\/portal\/u-de-caldas-despierta-participacion-de-estudiantes-de-ingenieria-de-alimentos\/","url":"https:\/\/www.ucaldas.edu.co\/portal\/u-de-caldas-despierta-participacion-de-estudiantes-de-ingenieria-de-alimentos\/","name":"U. de Caldas despierta participaci\u00f3n de estudiantes de Ingenier\u00eda de Alimentos .","isPartOf":{"@id":"https:\/\/www.ucaldas.edu.co\/portal\/#website"},"primaryImageOfPage":{"@id":"https:\/\/www.ucaldas.edu.co\/portal\/u-de-caldas-despierta-participacion-de-estudiantes-de-ingenieria-de-alimentos\/#primaryimage"},"image":{"@id":"https:\/\/www.ucaldas.edu.co\/portal\/u-de-caldas-despierta-participacion-de-estudiantes-de-ingenieria-de-alimentos\/#primaryimage"},"thumbnailUrl":"http:\/\/www.ucaldas.edu.co\/images\/tmp\/videoconferenciaalimentos.jpg","datePublished":"2012-11-26T20:55:33+00:00","breadcrumb":{"@id":"https:\/\/www.ucaldas.edu.co\/portal\/u-de-caldas-despierta-participacion-de-estudiantes-de-ingenieria-de-alimentos\/#breadcrumb"},"inLanguage":"es","potentialAction":[{"@type":"ReadAction","target":["https:\/\/www.ucaldas.edu.co\/portal\/u-de-caldas-despierta-participacion-de-estudiantes-de-ingenieria-de-alimentos\/"]}]},{"@type":"ImageObject","inLanguage":"es","@id":"https:\/\/www.ucaldas.edu.co\/portal\/u-de-caldas-despierta-participacion-de-estudiantes-de-ingenieria-de-alimentos\/#primaryimage","url":"http:\/\/www.ucaldas.edu.co\/images\/tmp\/videoconferenciaalimentos.jpg","contentUrl":"http:\/\/www.ucaldas.edu.co\/images\/tmp\/videoconferenciaalimentos.jpg"},{"@type":"BreadcrumbList","@id":"https:\/\/www.ucaldas.edu.co\/portal\/u-de-caldas-despierta-participacion-de-estudiantes-de-ingenieria-de-alimentos\/#breadcrumb","itemListElement":[{"@type":"ListItem","position":1,"name":"Portada","item":"https:\/\/www.ucaldas.edu.co\/portal\/"},{"@type":"ListItem","position":2,"name":"U. de Caldas despierta participaci\u00f3n de estudiantes de Ingenier\u00eda de Alimentos"}]},{"@type":"WebSite","@id":"https:\/\/www.ucaldas.edu.co\/portal\/#website","url":"https:\/\/www.ucaldas.edu.co\/portal\/","name":"Universidad de Caldas","description":"","publisher":{"@id":"https:\/\/www.ucaldas.edu.co\/portal\/#organization"},"alternateName":"U. de Caldas","potentialAction":[{"@type":"SearchAction","target":{"@type":"EntryPoint","urlTemplate":"https:\/\/www.ucaldas.edu.co\/portal\/?s={search_term_string}"},"query-input":{"@type":"PropertyValueSpecification","valueRequired":true,"valueName":"search_term_string"}}],"inLanguage":"es"},{"@type":"Organization","@id":"https:\/\/www.ucaldas.edu.co\/portal\/#organization","name":"Universidad de Caldas","alternateName":"U. de Caldas","url":"https:\/\/www.ucaldas.edu.co\/portal\/","logo":{"@type":"ImageObject","inLanguage":"es","@id":"https:\/\/www.ucaldas.edu.co\/portal\/#\/schema\/logo\/image\/","url":"https:\/\/www.ucaldas.edu.co\/portal\/wp-content\/uploads\/2023\/11\/Logo_horizontal_oscuroU-2023.png","contentUrl":"https:\/\/www.ucaldas.edu.co\/portal\/wp-content\/uploads\/2023\/11\/Logo_horizontal_oscuroU-2023.png","width":263,"height":101,"caption":"Universidad de Caldas"},"image":{"@id":"https:\/\/www.ucaldas.edu.co\/portal\/#\/schema\/logo\/image\/"},"sameAs":["https:\/\/www.facebook.com\/udecaldas","https:\/\/x.com\/udecaldas","https:\/\/www.youtube.com\/universidadcaldas","https:\/\/www.instagram.com\/udecaldas\/"]},{"@type":"Person","@id":"https:\/\/www.ucaldas.edu.co\/portal\/#\/schema\/person\/a1b482e23449158b4bc319926c074fdf","name":"ofiprensa","image":{"@type":"ImageObject","inLanguage":"es","@id":"https:\/\/www.ucaldas.edu.co\/portal\/wp-content\/litespeed\/avatar\/09ea5085e600095a7a811142c6944527.jpg?ver=1777497608","url":"https:\/\/www.ucaldas.edu.co\/portal\/wp-content\/litespeed\/avatar\/09ea5085e600095a7a811142c6944527.jpg?ver=1777497608","contentUrl":"https:\/\/www.ucaldas.edu.co\/portal\/wp-content\/litespeed\/avatar\/09ea5085e600095a7a811142c6944527.jpg?ver=1777497608","caption":"ofiprensa"},"url":"https:\/\/www.ucaldas.edu.co\/portal\/author\/ofiprensa\/"}]}},"_links":{"self":[{"href":"https:\/\/www.ucaldas.edu.co\/portal\/wp-json\/wp\/v2\/posts\/14299","targetHints":{"allow":["GET"]}}],"collection":[{"href":"https:\/\/www.ucaldas.edu.co\/portal\/wp-json\/wp\/v2\/posts"}],"about":[{"href":"https:\/\/www.ucaldas.edu.co\/portal\/wp-json\/wp\/v2\/types\/post"}],"author":[{"embeddable":true,"href":"https:\/\/www.ucaldas.edu.co\/portal\/wp-json\/wp\/v2\/users\/2"}],"replies":[{"embeddable":true,"href":"https:\/\/www.ucaldas.edu.co\/portal\/wp-json\/wp\/v2\/comments?post=14299"}],"version-history":[{"count":0,"href":"https:\/\/www.ucaldas.edu.co\/portal\/wp-json\/wp\/v2\/posts\/14299\/revisions"}],"wp:attachment":[{"href":"https:\/\/www.ucaldas.edu.co\/portal\/wp-json\/wp\/v2\/media?parent=14299"}],"wp:term":[{"taxonomy":"category","embeddable":true,"href":"https:\/\/www.ucaldas.edu.co\/portal\/wp-json\/wp\/v2\/categories?post=14299"},{"taxonomy":"post_tag","embeddable":true,"href":"https:\/\/www.ucaldas.edu.co\/portal\/wp-json\/wp\/v2\/tags?post=14299"}],"curies":[{"name":"wp","href":"https:\/\/api.w.org\/{rel}","templated":true}]}}