{"id":14271,"date":"2012-11-26T15:35:49","date_gmt":"2012-11-26T20:35:49","guid":{"rendered":"https:\/\/www.ucaldas.edu.co\/portal\/?p=14271"},"modified":"2012-11-26T15:35:49","modified_gmt":"2012-11-26T20:35:49","slug":"administraciones-municipales-se-capacitaron-en-ordenamiento-territorial-en-u-de-caldas","status":"publish","type":"post","link":"https:\/\/www.ucaldas.edu.co\/portal\/administraciones-municipales-se-capacitaron-en-ordenamiento-territorial-en-u-de-caldas\/","title":{"rendered":"Administraciones municipales se capacitaron en ordenamiento territorial, en U. de Caldas"},"content":{"rendered":"<p align=\"center\">Encuentro sobre procedimientos para planeaci\u00f3n y ajustes<\/p>\n<p align=\"center\">\n<p align=\"center\"><b>\u00a0<\/b><\/p>\n<p align=\"right\">23\/11\/2012<\/p>\n<hr \/>\n<p align=\"right\">Redacci\u00f3n: Margarita Laverde Galvis<\/p>\n<table border=\"0\">\n<tbody>\n<tr>\n<td>&nbsp;<\/p>\n<p><img loading=\"lazy\" decoding=\"async\" style=\"border: 0px\" title=\"Ordenamiento Territorial\" alt=\"Ordenamiento Territorial\" src=\"http:\/\/www.ucaldas.edu.co\/images\/tmp\/tallerordenamientoterritorialgobernacioncaldas.jpg\" width=\"240\" height=\"150\" border=\"0\" \/><\/p>\n<h6>Foto: Guillermo Sarmiento Estrada\/ Prensa U. de Caldas.<\/h6>\n<\/td>\n<td><b>En la Universidad de Caldas se reunieron las administraciones municipales del departamento,<\/b> en un <b>taller sobre revisi\u00f3n y ajuste de los planes de ordenamiento territorial<\/b>, convocado por la Instituci\u00f3n, junto con el Ministerio de Vivienda, Ciudad y Territorio; \u00a0el Instituto Geogr\u00e1fico Agust\u00edn Codazzi, Corpocaldas, la C\u00e1mara de Comercio de Manizales y la Gobernaci\u00f3n de Caldas.<\/td>\n<\/tr>\n<\/tbody>\n<\/table>\n<p>&nbsp;<\/p>\n<p>El encuentro, que se desarroll\u00f3 el pasado 14 y 15 de noviembre del 2012, <b>busc\u00f3 ofrecer una capacitaci\u00f3n t\u00e9cnica y de procedimientos para planeaci\u00f3n y ajustes de los planes<\/b>, orientados a las administraciones municipales.<\/p>\n<p>\u201cEstamos trabajando conjuntamente con las instituciones mencionadas, porque es una forma de que los estudiantes participen con sus proyectos de investigaci\u00f3n aplicada, en diferentes municipios del departamento\u201d, coment\u00f3 Claudia Beatriz Gonz\u00e1lez Salazar, <b>Directora del Departamento de Historia y Geograf\u00eda de la U. de Caldas.<\/p>\n<p><\/b>La<b> Coordinadora de la Especializaci\u00f3n de Geograf\u00eda, Ordenamiento Territorial y Manejo del Riesgo Natural de la Instituci\u00f3n <\/b>mencion\u00f3 que estos son espacios de interacci\u00f3n, de construcci\u00f3n de conocimientos de regi\u00f3n y de investigaci\u00f3n.<\/p>\n<p>El encuentro cont\u00f3 con una participaci\u00f3n de 60 personas y se seguir\u00e1n planeando en el 2013, para seguir trabajando con las entidades y estudiantes de la especializaci\u00f3n, al igual que las administraciones municipales.<\/p>\n<p><a href=\"http:\/\/www.facebook.com\/media\/set\/?set=a.434890419906162.104130.107054166023124&amp;type=3\" target=\"_blank\">Conozca im\u00e1genes del Taller sobre Ordenamiento Territorial<\/a><\/p>\n<p><b>Informes: <\/b>Departamento de Historia y Geograf\u00eda, tel\u00e9fono 878 15 00, extensi\u00f3n 12 229.<\/p>\n","protected":false},"excerpt":{"rendered":"<p>Encuentro sobre procedimientos para planeaci\u00f3n y ajustes \u00a0 23\/11\/2012 Redacci\u00f3n: Margarita Laverde Galvis &nbsp; Foto: Guillermo Sarmiento Estrada\/ Prensa U. de Caldas. En la Universidad de Caldas se reunieron las administraciones municipales del departamento, en un taller sobre revisi\u00f3n y ajuste de los planes de ordenamiento territorial, convocado por la Instituci\u00f3n, junto con el Ministerio [&hellip;]<\/p>\n","protected":false},"author":2,"featured_media":0,"comment_status":"closed","ping_status":"closed","sticky":false,"template":"","format":"standard","meta":{"footnotes":""},"categories":[48,53],"tags":[],"class_list":["post-14271","post","type-post","status-publish","format-standard","hentry","category-actualidad","category-universidad-al-dia"],"yoast_head":"<!-- This site is optimized with the Yoast SEO plugin v27.5 - https:\/\/yoast.com\/product\/yoast-seo-wordpress\/ -->\n<title>Administraciones municipales se capacitaron en ordenamiento territorial, en U. de Caldas .<\/title>\n<meta name=\"robots\" content=\"index, follow, max-snippet:-1, max-image-preview:large, max-video-preview:-1\" \/>\n<link rel=\"canonical\" href=\"https:\/\/www.ucaldas.edu.co\/portal\/administraciones-municipales-se-capacitaron-en-ordenamiento-territorial-en-u-de-caldas\/\" \/>\n<script type=\"application\/ld+json\" class=\"yoast-schema-graph\">{\"@context\":\"https:\\\/\\\/schema.org\",\"@graph\":[{\"@type\":\"Article\",\"@id\":\"https:\\\/\\\/www.ucaldas.edu.co\\\/portal\\\/administraciones-municipales-se-capacitaron-en-ordenamiento-territorial-en-u-de-caldas\\\/#article\",\"isPartOf\":{\"@id\":\"https:\\\/\\\/www.ucaldas.edu.co\\\/portal\\\/administraciones-municipales-se-capacitaron-en-ordenamiento-territorial-en-u-de-caldas\\\/\"},\"author\":{\"name\":\"ofiprensa\",\"@id\":\"https:\\\/\\\/www.ucaldas.edu.co\\\/portal\\\/#\\\/schema\\\/person\\\/a1b482e23449158b4bc319926c074fdf\"},\"headline\":\"Administraciones municipales se capacitaron en ordenamiento territorial, en U. de Caldas\",\"datePublished\":\"2012-11-26T20:35:49+00:00\",\"mainEntityOfPage\":{\"@id\":\"https:\\\/\\\/www.ucaldas.edu.co\\\/portal\\\/administraciones-municipales-se-capacitaron-en-ordenamiento-territorial-en-u-de-caldas\\\/\"},\"wordCount\":269,\"publisher\":{\"@id\":\"https:\\\/\\\/www.ucaldas.edu.co\\\/portal\\\/#organization\"},\"image\":{\"@id\":\"https:\\\/\\\/www.ucaldas.edu.co\\\/portal\\\/administraciones-municipales-se-capacitaron-en-ordenamiento-territorial-en-u-de-caldas\\\/#primaryimage\"},\"thumbnailUrl\":\"http:\\\/\\\/www.ucaldas.edu.co\\\/images\\\/tmp\\\/tallerordenamientoterritorialgobernacioncaldas.jpg\",\"articleSection\":[\"Actualidad\",\"Universidad al D\u00eda\"],\"inLanguage\":\"es\"},{\"@type\":\"WebPage\",\"@id\":\"https:\\\/\\\/www.ucaldas.edu.co\\\/portal\\\/administraciones-municipales-se-capacitaron-en-ordenamiento-territorial-en-u-de-caldas\\\/\",\"url\":\"https:\\\/\\\/www.ucaldas.edu.co\\\/portal\\\/administraciones-municipales-se-capacitaron-en-ordenamiento-territorial-en-u-de-caldas\\\/\",\"name\":\"Administraciones municipales se capacitaron en ordenamiento territorial, en U. de Caldas .\",\"isPartOf\":{\"@id\":\"https:\\\/\\\/www.ucaldas.edu.co\\\/portal\\\/#website\"},\"primaryImageOfPage\":{\"@id\":\"https:\\\/\\\/www.ucaldas.edu.co\\\/portal\\\/administraciones-municipales-se-capacitaron-en-ordenamiento-territorial-en-u-de-caldas\\\/#primaryimage\"},\"image\":{\"@id\":\"https:\\\/\\\/www.ucaldas.edu.co\\\/portal\\\/administraciones-municipales-se-capacitaron-en-ordenamiento-territorial-en-u-de-caldas\\\/#primaryimage\"},\"thumbnailUrl\":\"http:\\\/\\\/www.ucaldas.edu.co\\\/images\\\/tmp\\\/tallerordenamientoterritorialgobernacioncaldas.jpg\",\"datePublished\":\"2012-11-26T20:35:49+00:00\",\"breadcrumb\":{\"@id\":\"https:\\\/\\\/www.ucaldas.edu.co\\\/portal\\\/administraciones-municipales-se-capacitaron-en-ordenamiento-territorial-en-u-de-caldas\\\/#breadcrumb\"},\"inLanguage\":\"es\",\"potentialAction\":[{\"@type\":\"ReadAction\",\"target\":[\"https:\\\/\\\/www.ucaldas.edu.co\\\/portal\\\/administraciones-municipales-se-capacitaron-en-ordenamiento-territorial-en-u-de-caldas\\\/\"]}]},{\"@type\":\"ImageObject\",\"inLanguage\":\"es\",\"@id\":\"https:\\\/\\\/www.ucaldas.edu.co\\\/portal\\\/administraciones-municipales-se-capacitaron-en-ordenamiento-territorial-en-u-de-caldas\\\/#primaryimage\",\"url\":\"http:\\\/\\\/www.ucaldas.edu.co\\\/images\\\/tmp\\\/tallerordenamientoterritorialgobernacioncaldas.jpg\",\"contentUrl\":\"http:\\\/\\\/www.ucaldas.edu.co\\\/images\\\/tmp\\\/tallerordenamientoterritorialgobernacioncaldas.jpg\"},{\"@type\":\"BreadcrumbList\",\"@id\":\"https:\\\/\\\/www.ucaldas.edu.co\\\/portal\\\/administraciones-municipales-se-capacitaron-en-ordenamiento-territorial-en-u-de-caldas\\\/#breadcrumb\",\"itemListElement\":[{\"@type\":\"ListItem\",\"position\":1,\"name\":\"Portada\",\"item\":\"https:\\\/\\\/www.ucaldas.edu.co\\\/portal\\\/\"},{\"@type\":\"ListItem\",\"position\":2,\"name\":\"Administraciones municipales se capacitaron en ordenamiento territorial, en U. de Caldas\"}]},{\"@type\":\"WebSite\",\"@id\":\"https:\\\/\\\/www.ucaldas.edu.co\\\/portal\\\/#website\",\"url\":\"https:\\\/\\\/www.ucaldas.edu.co\\\/portal\\\/\",\"name\":\"Universidad de Caldas\",\"description\":\"\",\"publisher\":{\"@id\":\"https:\\\/\\\/www.ucaldas.edu.co\\\/portal\\\/#organization\"},\"alternateName\":\"U. de Caldas\",\"potentialAction\":[{\"@type\":\"SearchAction\",\"target\":{\"@type\":\"EntryPoint\",\"urlTemplate\":\"https:\\\/\\\/www.ucaldas.edu.co\\\/portal\\\/?s={search_term_string}\"},\"query-input\":{\"@type\":\"PropertyValueSpecification\",\"valueRequired\":true,\"valueName\":\"search_term_string\"}}],\"inLanguage\":\"es\"},{\"@type\":\"Organization\",\"@id\":\"https:\\\/\\\/www.ucaldas.edu.co\\\/portal\\\/#organization\",\"name\":\"Universidad de Caldas\",\"alternateName\":\"U. de Caldas\",\"url\":\"https:\\\/\\\/www.ucaldas.edu.co\\\/portal\\\/\",\"logo\":{\"@type\":\"ImageObject\",\"inLanguage\":\"es\",\"@id\":\"https:\\\/\\\/www.ucaldas.edu.co\\\/portal\\\/#\\\/schema\\\/logo\\\/image\\\/\",\"url\":\"https:\\\/\\\/www.ucaldas.edu.co\\\/portal\\\/wp-content\\\/uploads\\\/2023\\\/11\\\/Logo_horizontal_oscuroU-2023.png\",\"contentUrl\":\"https:\\\/\\\/www.ucaldas.edu.co\\\/portal\\\/wp-content\\\/uploads\\\/2023\\\/11\\\/Logo_horizontal_oscuroU-2023.png\",\"width\":263,\"height\":101,\"caption\":\"Universidad de Caldas\"},\"image\":{\"@id\":\"https:\\\/\\\/www.ucaldas.edu.co\\\/portal\\\/#\\\/schema\\\/logo\\\/image\\\/\"},\"sameAs\":[\"https:\\\/\\\/www.facebook.com\\\/udecaldas\",\"https:\\\/\\\/x.com\\\/udecaldas\",\"https:\\\/\\\/www.youtube.com\\\/universidadcaldas\",\"https:\\\/\\\/www.instagram.com\\\/udecaldas\\\/\"]},{\"@type\":\"Person\",\"@id\":\"https:\\\/\\\/www.ucaldas.edu.co\\\/portal\\\/#\\\/schema\\\/person\\\/a1b482e23449158b4bc319926c074fdf\",\"name\":\"ofiprensa\",\"image\":{\"@type\":\"ImageObject\",\"inLanguage\":\"es\",\"@id\":\"https:\\\/\\\/www.ucaldas.edu.co\\\/portal\\\/wp-content\\\/litespeed\\\/avatar\\\/09ea5085e600095a7a811142c6944527.jpg?ver=1777497608\",\"url\":\"https:\\\/\\\/www.ucaldas.edu.co\\\/portal\\\/wp-content\\\/litespeed\\\/avatar\\\/09ea5085e600095a7a811142c6944527.jpg?ver=1777497608\",\"contentUrl\":\"https:\\\/\\\/www.ucaldas.edu.co\\\/portal\\\/wp-content\\\/litespeed\\\/avatar\\\/09ea5085e600095a7a811142c6944527.jpg?ver=1777497608\",\"caption\":\"ofiprensa\"},\"url\":\"https:\\\/\\\/www.ucaldas.edu.co\\\/portal\\\/author\\\/ofiprensa\\\/\"}]}<\/script>\n<!-- \/ Yoast SEO plugin. -->","yoast_head_json":{"title":"Administraciones municipales se capacitaron en ordenamiento territorial, en U. de Caldas .","robots":{"index":"index","follow":"follow","max-snippet":"max-snippet:-1","max-image-preview":"max-image-preview:large","max-video-preview":"max-video-preview:-1"},"canonical":"https:\/\/www.ucaldas.edu.co\/portal\/administraciones-municipales-se-capacitaron-en-ordenamiento-territorial-en-u-de-caldas\/","schema":{"@context":"https:\/\/schema.org","@graph":[{"@type":"Article","@id":"https:\/\/www.ucaldas.edu.co\/portal\/administraciones-municipales-se-capacitaron-en-ordenamiento-territorial-en-u-de-caldas\/#article","isPartOf":{"@id":"https:\/\/www.ucaldas.edu.co\/portal\/administraciones-municipales-se-capacitaron-en-ordenamiento-territorial-en-u-de-caldas\/"},"author":{"name":"ofiprensa","@id":"https:\/\/www.ucaldas.edu.co\/portal\/#\/schema\/person\/a1b482e23449158b4bc319926c074fdf"},"headline":"Administraciones municipales se capacitaron en ordenamiento territorial, en U. de Caldas","datePublished":"2012-11-26T20:35:49+00:00","mainEntityOfPage":{"@id":"https:\/\/www.ucaldas.edu.co\/portal\/administraciones-municipales-se-capacitaron-en-ordenamiento-territorial-en-u-de-caldas\/"},"wordCount":269,"publisher":{"@id":"https:\/\/www.ucaldas.edu.co\/portal\/#organization"},"image":{"@id":"https:\/\/www.ucaldas.edu.co\/portal\/administraciones-municipales-se-capacitaron-en-ordenamiento-territorial-en-u-de-caldas\/#primaryimage"},"thumbnailUrl":"http:\/\/www.ucaldas.edu.co\/images\/tmp\/tallerordenamientoterritorialgobernacioncaldas.jpg","articleSection":["Actualidad","Universidad al D\u00eda"],"inLanguage":"es"},{"@type":"WebPage","@id":"https:\/\/www.ucaldas.edu.co\/portal\/administraciones-municipales-se-capacitaron-en-ordenamiento-territorial-en-u-de-caldas\/","url":"https:\/\/www.ucaldas.edu.co\/portal\/administraciones-municipales-se-capacitaron-en-ordenamiento-territorial-en-u-de-caldas\/","name":"Administraciones municipales se capacitaron en ordenamiento territorial, en U. de Caldas .","isPartOf":{"@id":"https:\/\/www.ucaldas.edu.co\/portal\/#website"},"primaryImageOfPage":{"@id":"https:\/\/www.ucaldas.edu.co\/portal\/administraciones-municipales-se-capacitaron-en-ordenamiento-territorial-en-u-de-caldas\/#primaryimage"},"image":{"@id":"https:\/\/www.ucaldas.edu.co\/portal\/administraciones-municipales-se-capacitaron-en-ordenamiento-territorial-en-u-de-caldas\/#primaryimage"},"thumbnailUrl":"http:\/\/www.ucaldas.edu.co\/images\/tmp\/tallerordenamientoterritorialgobernacioncaldas.jpg","datePublished":"2012-11-26T20:35:49+00:00","breadcrumb":{"@id":"https:\/\/www.ucaldas.edu.co\/portal\/administraciones-municipales-se-capacitaron-en-ordenamiento-territorial-en-u-de-caldas\/#breadcrumb"},"inLanguage":"es","potentialAction":[{"@type":"ReadAction","target":["https:\/\/www.ucaldas.edu.co\/portal\/administraciones-municipales-se-capacitaron-en-ordenamiento-territorial-en-u-de-caldas\/"]}]},{"@type":"ImageObject","inLanguage":"es","@id":"https:\/\/www.ucaldas.edu.co\/portal\/administraciones-municipales-se-capacitaron-en-ordenamiento-territorial-en-u-de-caldas\/#primaryimage","url":"http:\/\/www.ucaldas.edu.co\/images\/tmp\/tallerordenamientoterritorialgobernacioncaldas.jpg","contentUrl":"http:\/\/www.ucaldas.edu.co\/images\/tmp\/tallerordenamientoterritorialgobernacioncaldas.jpg"},{"@type":"BreadcrumbList","@id":"https:\/\/www.ucaldas.edu.co\/portal\/administraciones-municipales-se-capacitaron-en-ordenamiento-territorial-en-u-de-caldas\/#breadcrumb","itemListElement":[{"@type":"ListItem","position":1,"name":"Portada","item":"https:\/\/www.ucaldas.edu.co\/portal\/"},{"@type":"ListItem","position":2,"name":"Administraciones municipales se capacitaron en ordenamiento territorial, en U. de Caldas"}]},{"@type":"WebSite","@id":"https:\/\/www.ucaldas.edu.co\/portal\/#website","url":"https:\/\/www.ucaldas.edu.co\/portal\/","name":"Universidad de Caldas","description":"","publisher":{"@id":"https:\/\/www.ucaldas.edu.co\/portal\/#organization"},"alternateName":"U. de Caldas","potentialAction":[{"@type":"SearchAction","target":{"@type":"EntryPoint","urlTemplate":"https:\/\/www.ucaldas.edu.co\/portal\/?s={search_term_string}"},"query-input":{"@type":"PropertyValueSpecification","valueRequired":true,"valueName":"search_term_string"}}],"inLanguage":"es"},{"@type":"Organization","@id":"https:\/\/www.ucaldas.edu.co\/portal\/#organization","name":"Universidad de Caldas","alternateName":"U. de Caldas","url":"https:\/\/www.ucaldas.edu.co\/portal\/","logo":{"@type":"ImageObject","inLanguage":"es","@id":"https:\/\/www.ucaldas.edu.co\/portal\/#\/schema\/logo\/image\/","url":"https:\/\/www.ucaldas.edu.co\/portal\/wp-content\/uploads\/2023\/11\/Logo_horizontal_oscuroU-2023.png","contentUrl":"https:\/\/www.ucaldas.edu.co\/portal\/wp-content\/uploads\/2023\/11\/Logo_horizontal_oscuroU-2023.png","width":263,"height":101,"caption":"Universidad de Caldas"},"image":{"@id":"https:\/\/www.ucaldas.edu.co\/portal\/#\/schema\/logo\/image\/"},"sameAs":["https:\/\/www.facebook.com\/udecaldas","https:\/\/x.com\/udecaldas","https:\/\/www.youtube.com\/universidadcaldas","https:\/\/www.instagram.com\/udecaldas\/"]},{"@type":"Person","@id":"https:\/\/www.ucaldas.edu.co\/portal\/#\/schema\/person\/a1b482e23449158b4bc319926c074fdf","name":"ofiprensa","image":{"@type":"ImageObject","inLanguage":"es","@id":"https:\/\/www.ucaldas.edu.co\/portal\/wp-content\/litespeed\/avatar\/09ea5085e600095a7a811142c6944527.jpg?ver=1777497608","url":"https:\/\/www.ucaldas.edu.co\/portal\/wp-content\/litespeed\/avatar\/09ea5085e600095a7a811142c6944527.jpg?ver=1777497608","contentUrl":"https:\/\/www.ucaldas.edu.co\/portal\/wp-content\/litespeed\/avatar\/09ea5085e600095a7a811142c6944527.jpg?ver=1777497608","caption":"ofiprensa"},"url":"https:\/\/www.ucaldas.edu.co\/portal\/author\/ofiprensa\/"}]}},"_links":{"self":[{"href":"https:\/\/www.ucaldas.edu.co\/portal\/wp-json\/wp\/v2\/posts\/14271","targetHints":{"allow":["GET"]}}],"collection":[{"href":"https:\/\/www.ucaldas.edu.co\/portal\/wp-json\/wp\/v2\/posts"}],"about":[{"href":"https:\/\/www.ucaldas.edu.co\/portal\/wp-json\/wp\/v2\/types\/post"}],"author":[{"embeddable":true,"href":"https:\/\/www.ucaldas.edu.co\/portal\/wp-json\/wp\/v2\/users\/2"}],"replies":[{"embeddable":true,"href":"https:\/\/www.ucaldas.edu.co\/portal\/wp-json\/wp\/v2\/comments?post=14271"}],"version-history":[{"count":0,"href":"https:\/\/www.ucaldas.edu.co\/portal\/wp-json\/wp\/v2\/posts\/14271\/revisions"}],"wp:attachment":[{"href":"https:\/\/www.ucaldas.edu.co\/portal\/wp-json\/wp\/v2\/media?parent=14271"}],"wp:term":[{"taxonomy":"category","embeddable":true,"href":"https:\/\/www.ucaldas.edu.co\/portal\/wp-json\/wp\/v2\/categories?post=14271"},{"taxonomy":"post_tag","embeddable":true,"href":"https:\/\/www.ucaldas.edu.co\/portal\/wp-json\/wp\/v2\/tags?post=14271"}],"curies":[{"name":"wp","href":"https:\/\/api.w.org\/{rel}","templated":true}]}}