{"id":14251,"date":"2012-11-22T15:27:30","date_gmt":"2012-11-22T20:27:30","guid":{"rendered":"https:\/\/www.ucaldas.edu.co\/portal\/?p=14251"},"modified":"2012-11-22T15:27:30","modified_gmt":"2012-11-22T20:27:30","slug":"los-musicos-cultivamos-y-creamos-sociedad-a-traves-de-este-arte-luis-guillermo-morales","status":"publish","type":"post","link":"https:\/\/www.ucaldas.edu.co\/portal\/los-musicos-cultivamos-y-creamos-sociedad-a-traves-de-este-arte-luis-guillermo-morales\/","title":{"rendered":"\u201cLos m\u00fasicos cultivamos y creamos sociedad, a trav\u00e9s de este arte\u201d: Luis Guillermo Morales"},"content":{"rendered":"<p align=\"center\">Director del Programa de M\u00fasica de U. de Caldas env\u00edo felicitaci\u00f3n en este d\u00eda<\/p>\n<p align=\"right\">22\/11\/2012<\/p>\n<hr \/>\n<p align=\"right\">Redacci\u00f3n: Margarita Laverde Galvis<\/p>\n<table border=\"0\">\n<tbody>\n<tr>\n<td>\u00a0<img loading=\"lazy\" decoding=\"async\" style=\"border: 0px\" title=\"M\u00fasica\" alt=\"M\u00fasica\" src=\"http:\/\/www.ucaldas.edu.co\/images\/tmp\/celebraciondiamusicos2012.jpg\" width=\"240\" height=\"150\" border=\"0\" \/><\/p>\n<h6>Foto: Guillermo Sarmiento Estrada\/ Prensa U. de Caldas.<\/h6>\n<\/td>\n<td><b>Hoy<\/b>, jueves 22 de noviembre del 2012, <b>se celebra el D\u00eda de los M\u00fasicos<\/b> y la <b>Universidad de Caldas<\/b>, a trav\u00e9s de la <b>Facultad de Artes y Humanidades, Departamento de M\u00fasica y \u00c1rea de Extensi\u00f3n Cultural<\/b>, <b>puso a vibrar todos los campus de la Instituci\u00f3n<\/b>, en una fecha que no puede pasar desapercibida.<\/td>\n<\/tr>\n<\/tbody>\n<\/table>\n<p>&nbsp;<\/p>\n<p>&nbsp;<\/p>\n<p>Para Luis Guillermo Morales Quiceno, <b>Director del Programa de M\u00fasica de la Instituci\u00f3n: <\/b>\u201clo que hacemos es cultivar y crear una sociedad, que debe ser mejor cada d\u00eda. Lo m\u00e1s importante es que a trav\u00e9s de la m\u00fasica compartimos la semilla de paz y amor, a trav\u00e9s de este arte\u201d.<\/p>\n<p>&nbsp;<\/p>\n<p>Con <b>tomas musicales durante todo el d\u00eda<\/b>, <b>la comunidad se deleit\u00f3<\/b> a ritmo de <b>Jazz, flautas, guitarras,<\/b> entre otros, para celebrar esta fecha. Este a\u00f1o coincidi\u00f3\u00a0 con la <a href=\"http:\/\/desarrollo.ucaldas.edu.co\/archivo\/index.php?option=com_content&amp;view=article&amp;id=7987:-en-celebracion-de-25-anos-de-licenciatura-en-musica-u-caldas-exalto-a-sus-creadores&amp;catid=419:universidad-al-dia&amp;Itemid=1039\" target=\"_blank\">celebraci\u00f3n de los 25 a\u00f1os de la Licenciatura en M\u00fasica, en la que la U. Caldas exalt\u00f3 a sus creadores (ver nota)<\/a>.<\/p>\n<p><a href=\"http:\/\/www.facebook.com\/media\/set\/?set=a.437538662974671.104898.107054166023124&amp;type=3\" target=\"_blank\">Conozca im\u00e1genes de la celebraci\u00f3n del D\u00eda de los M\u00fasicos, en la U. de Caldas<\/a><\/p>\n<p>&nbsp;<\/p>\n<p><a href=\"http:\/\/www.facebook.com\/media\/set\/?set=a.437551002973437.104906.107054166023124&amp;type=3\" target=\"_blank\">Conozca m\u00e1s im\u00e1genes de la celebraci\u00f3n<\/a><\/p>\n<p>&nbsp;<\/p>\n<p><b>Informes: <\/b>Oficina de Prensa, tel\u00e9fono 878 15 00, extensi\u00f3n 12 167.<\/p>\n","protected":false},"excerpt":{"rendered":"<p>Director del Programa de M\u00fasica de U. de Caldas env\u00edo felicitaci\u00f3n en este d\u00eda 22\/11\/2012 Redacci\u00f3n: Margarita Laverde Galvis \u00a0 Foto: Guillermo Sarmiento Estrada\/ Prensa U. de Caldas. Hoy, jueves 22 de noviembre del 2012, se celebra el D\u00eda de los M\u00fasicos y la Universidad de Caldas, a trav\u00e9s de la Facultad de Artes y [&hellip;]<\/p>\n","protected":false},"author":2,"featured_media":0,"comment_status":"closed","ping_status":"closed","sticky":false,"template":"","format":"standard","meta":{"footnotes":""},"categories":[48,53],"tags":[],"class_list":["post-14251","post","type-post","status-publish","format-standard","hentry","category-actualidad","category-universidad-al-dia"],"yoast_head":"<!-- This site is optimized with the Yoast SEO plugin v27.5 - https:\/\/yoast.com\/product\/yoast-seo-wordpress\/ -->\n<title>\u201cLos m\u00fasicos cultivamos y creamos sociedad, a trav\u00e9s de este arte\u201d: Luis Guillermo Morales .<\/title>\n<meta name=\"robots\" content=\"index, follow, max-snippet:-1, max-image-preview:large, max-video-preview:-1\" \/>\n<link rel=\"canonical\" href=\"https:\/\/www.ucaldas.edu.co\/portal\/los-musicos-cultivamos-y-creamos-sociedad-a-traves-de-este-arte-luis-guillermo-morales\/\" \/>\n<script type=\"application\/ld+json\" class=\"yoast-schema-graph\">{\"@context\":\"https:\\\/\\\/schema.org\",\"@graph\":[{\"@type\":\"Article\",\"@id\":\"https:\\\/\\\/www.ucaldas.edu.co\\\/portal\\\/los-musicos-cultivamos-y-creamos-sociedad-a-traves-de-este-arte-luis-guillermo-morales\\\/#article\",\"isPartOf\":{\"@id\":\"https:\\\/\\\/www.ucaldas.edu.co\\\/portal\\\/los-musicos-cultivamos-y-creamos-sociedad-a-traves-de-este-arte-luis-guillermo-morales\\\/\"},\"author\":{\"name\":\"ofiprensa\",\"@id\":\"https:\\\/\\\/www.ucaldas.edu.co\\\/portal\\\/#\\\/schema\\\/person\\\/a1b482e23449158b4bc319926c074fdf\"},\"headline\":\"\u201cLos m\u00fasicos cultivamos y creamos sociedad, a trav\u00e9s de este arte\u201d: Luis Guillermo Morales\",\"datePublished\":\"2012-11-22T20:27:30+00:00\",\"mainEntityOfPage\":{\"@id\":\"https:\\\/\\\/www.ucaldas.edu.co\\\/portal\\\/los-musicos-cultivamos-y-creamos-sociedad-a-traves-de-este-arte-luis-guillermo-morales\\\/\"},\"wordCount\":256,\"publisher\":{\"@id\":\"https:\\\/\\\/www.ucaldas.edu.co\\\/portal\\\/#organization\"},\"image\":{\"@id\":\"https:\\\/\\\/www.ucaldas.edu.co\\\/portal\\\/los-musicos-cultivamos-y-creamos-sociedad-a-traves-de-este-arte-luis-guillermo-morales\\\/#primaryimage\"},\"thumbnailUrl\":\"http:\\\/\\\/www.ucaldas.edu.co\\\/images\\\/tmp\\\/celebraciondiamusicos2012.jpg\",\"articleSection\":[\"Actualidad\",\"Universidad al D\u00eda\"],\"inLanguage\":\"es\"},{\"@type\":\"WebPage\",\"@id\":\"https:\\\/\\\/www.ucaldas.edu.co\\\/portal\\\/los-musicos-cultivamos-y-creamos-sociedad-a-traves-de-este-arte-luis-guillermo-morales\\\/\",\"url\":\"https:\\\/\\\/www.ucaldas.edu.co\\\/portal\\\/los-musicos-cultivamos-y-creamos-sociedad-a-traves-de-este-arte-luis-guillermo-morales\\\/\",\"name\":\"\u201cLos m\u00fasicos cultivamos y creamos sociedad, a trav\u00e9s de este arte\u201d: Luis Guillermo Morales .\",\"isPartOf\":{\"@id\":\"https:\\\/\\\/www.ucaldas.edu.co\\\/portal\\\/#website\"},\"primaryImageOfPage\":{\"@id\":\"https:\\\/\\\/www.ucaldas.edu.co\\\/portal\\\/los-musicos-cultivamos-y-creamos-sociedad-a-traves-de-este-arte-luis-guillermo-morales\\\/#primaryimage\"},\"image\":{\"@id\":\"https:\\\/\\\/www.ucaldas.edu.co\\\/portal\\\/los-musicos-cultivamos-y-creamos-sociedad-a-traves-de-este-arte-luis-guillermo-morales\\\/#primaryimage\"},\"thumbnailUrl\":\"http:\\\/\\\/www.ucaldas.edu.co\\\/images\\\/tmp\\\/celebraciondiamusicos2012.jpg\",\"datePublished\":\"2012-11-22T20:27:30+00:00\",\"breadcrumb\":{\"@id\":\"https:\\\/\\\/www.ucaldas.edu.co\\\/portal\\\/los-musicos-cultivamos-y-creamos-sociedad-a-traves-de-este-arte-luis-guillermo-morales\\\/#breadcrumb\"},\"inLanguage\":\"es\",\"potentialAction\":[{\"@type\":\"ReadAction\",\"target\":[\"https:\\\/\\\/www.ucaldas.edu.co\\\/portal\\\/los-musicos-cultivamos-y-creamos-sociedad-a-traves-de-este-arte-luis-guillermo-morales\\\/\"]}]},{\"@type\":\"ImageObject\",\"inLanguage\":\"es\",\"@id\":\"https:\\\/\\\/www.ucaldas.edu.co\\\/portal\\\/los-musicos-cultivamos-y-creamos-sociedad-a-traves-de-este-arte-luis-guillermo-morales\\\/#primaryimage\",\"url\":\"http:\\\/\\\/www.ucaldas.edu.co\\\/images\\\/tmp\\\/celebraciondiamusicos2012.jpg\",\"contentUrl\":\"http:\\\/\\\/www.ucaldas.edu.co\\\/images\\\/tmp\\\/celebraciondiamusicos2012.jpg\"},{\"@type\":\"BreadcrumbList\",\"@id\":\"https:\\\/\\\/www.ucaldas.edu.co\\\/portal\\\/los-musicos-cultivamos-y-creamos-sociedad-a-traves-de-este-arte-luis-guillermo-morales\\\/#breadcrumb\",\"itemListElement\":[{\"@type\":\"ListItem\",\"position\":1,\"name\":\"Portada\",\"item\":\"https:\\\/\\\/www.ucaldas.edu.co\\\/portal\\\/\"},{\"@type\":\"ListItem\",\"position\":2,\"name\":\"\u201cLos m\u00fasicos cultivamos y creamos sociedad, a trav\u00e9s de este arte\u201d: Luis Guillermo Morales\"}]},{\"@type\":\"WebSite\",\"@id\":\"https:\\\/\\\/www.ucaldas.edu.co\\\/portal\\\/#website\",\"url\":\"https:\\\/\\\/www.ucaldas.edu.co\\\/portal\\\/\",\"name\":\"Universidad de Caldas\",\"description\":\"\",\"publisher\":{\"@id\":\"https:\\\/\\\/www.ucaldas.edu.co\\\/portal\\\/#organization\"},\"alternateName\":\"U. de Caldas\",\"potentialAction\":[{\"@type\":\"SearchAction\",\"target\":{\"@type\":\"EntryPoint\",\"urlTemplate\":\"https:\\\/\\\/www.ucaldas.edu.co\\\/portal\\\/?s={search_term_string}\"},\"query-input\":{\"@type\":\"PropertyValueSpecification\",\"valueRequired\":true,\"valueName\":\"search_term_string\"}}],\"inLanguage\":\"es\"},{\"@type\":\"Organization\",\"@id\":\"https:\\\/\\\/www.ucaldas.edu.co\\\/portal\\\/#organization\",\"name\":\"Universidad de Caldas\",\"alternateName\":\"U. de Caldas\",\"url\":\"https:\\\/\\\/www.ucaldas.edu.co\\\/portal\\\/\",\"logo\":{\"@type\":\"ImageObject\",\"inLanguage\":\"es\",\"@id\":\"https:\\\/\\\/www.ucaldas.edu.co\\\/portal\\\/#\\\/schema\\\/logo\\\/image\\\/\",\"url\":\"https:\\\/\\\/www.ucaldas.edu.co\\\/portal\\\/wp-content\\\/uploads\\\/2023\\\/11\\\/Logo_horizontal_oscuroU-2023.png\",\"contentUrl\":\"https:\\\/\\\/www.ucaldas.edu.co\\\/portal\\\/wp-content\\\/uploads\\\/2023\\\/11\\\/Logo_horizontal_oscuroU-2023.png\",\"width\":263,\"height\":101,\"caption\":\"Universidad de Caldas\"},\"image\":{\"@id\":\"https:\\\/\\\/www.ucaldas.edu.co\\\/portal\\\/#\\\/schema\\\/logo\\\/image\\\/\"},\"sameAs\":[\"https:\\\/\\\/www.facebook.com\\\/udecaldas\",\"https:\\\/\\\/x.com\\\/udecaldas\",\"https:\\\/\\\/www.youtube.com\\\/universidadcaldas\",\"https:\\\/\\\/www.instagram.com\\\/udecaldas\\\/\"]},{\"@type\":\"Person\",\"@id\":\"https:\\\/\\\/www.ucaldas.edu.co\\\/portal\\\/#\\\/schema\\\/person\\\/a1b482e23449158b4bc319926c074fdf\",\"name\":\"ofiprensa\",\"image\":{\"@type\":\"ImageObject\",\"inLanguage\":\"es\",\"@id\":\"https:\\\/\\\/www.ucaldas.edu.co\\\/portal\\\/wp-content\\\/litespeed\\\/avatar\\\/09ea5085e600095a7a811142c6944527.jpg?ver=1777497608\",\"url\":\"https:\\\/\\\/www.ucaldas.edu.co\\\/portal\\\/wp-content\\\/litespeed\\\/avatar\\\/09ea5085e600095a7a811142c6944527.jpg?ver=1777497608\",\"contentUrl\":\"https:\\\/\\\/www.ucaldas.edu.co\\\/portal\\\/wp-content\\\/litespeed\\\/avatar\\\/09ea5085e600095a7a811142c6944527.jpg?ver=1777497608\",\"caption\":\"ofiprensa\"},\"url\":\"https:\\\/\\\/www.ucaldas.edu.co\\\/portal\\\/author\\\/ofiprensa\\\/\"}]}<\/script>\n<!-- \/ Yoast SEO plugin. -->","yoast_head_json":{"title":"\u201cLos m\u00fasicos cultivamos y creamos sociedad, a trav\u00e9s de este arte\u201d: Luis Guillermo Morales .","robots":{"index":"index","follow":"follow","max-snippet":"max-snippet:-1","max-image-preview":"max-image-preview:large","max-video-preview":"max-video-preview:-1"},"canonical":"https:\/\/www.ucaldas.edu.co\/portal\/los-musicos-cultivamos-y-creamos-sociedad-a-traves-de-este-arte-luis-guillermo-morales\/","schema":{"@context":"https:\/\/schema.org","@graph":[{"@type":"Article","@id":"https:\/\/www.ucaldas.edu.co\/portal\/los-musicos-cultivamos-y-creamos-sociedad-a-traves-de-este-arte-luis-guillermo-morales\/#article","isPartOf":{"@id":"https:\/\/www.ucaldas.edu.co\/portal\/los-musicos-cultivamos-y-creamos-sociedad-a-traves-de-este-arte-luis-guillermo-morales\/"},"author":{"name":"ofiprensa","@id":"https:\/\/www.ucaldas.edu.co\/portal\/#\/schema\/person\/a1b482e23449158b4bc319926c074fdf"},"headline":"\u201cLos m\u00fasicos cultivamos y creamos sociedad, a trav\u00e9s de este arte\u201d: Luis Guillermo Morales","datePublished":"2012-11-22T20:27:30+00:00","mainEntityOfPage":{"@id":"https:\/\/www.ucaldas.edu.co\/portal\/los-musicos-cultivamos-y-creamos-sociedad-a-traves-de-este-arte-luis-guillermo-morales\/"},"wordCount":256,"publisher":{"@id":"https:\/\/www.ucaldas.edu.co\/portal\/#organization"},"image":{"@id":"https:\/\/www.ucaldas.edu.co\/portal\/los-musicos-cultivamos-y-creamos-sociedad-a-traves-de-este-arte-luis-guillermo-morales\/#primaryimage"},"thumbnailUrl":"http:\/\/www.ucaldas.edu.co\/images\/tmp\/celebraciondiamusicos2012.jpg","articleSection":["Actualidad","Universidad al D\u00eda"],"inLanguage":"es"},{"@type":"WebPage","@id":"https:\/\/www.ucaldas.edu.co\/portal\/los-musicos-cultivamos-y-creamos-sociedad-a-traves-de-este-arte-luis-guillermo-morales\/","url":"https:\/\/www.ucaldas.edu.co\/portal\/los-musicos-cultivamos-y-creamos-sociedad-a-traves-de-este-arte-luis-guillermo-morales\/","name":"\u201cLos m\u00fasicos cultivamos y creamos sociedad, a trav\u00e9s de este arte\u201d: Luis Guillermo Morales .","isPartOf":{"@id":"https:\/\/www.ucaldas.edu.co\/portal\/#website"},"primaryImageOfPage":{"@id":"https:\/\/www.ucaldas.edu.co\/portal\/los-musicos-cultivamos-y-creamos-sociedad-a-traves-de-este-arte-luis-guillermo-morales\/#primaryimage"},"image":{"@id":"https:\/\/www.ucaldas.edu.co\/portal\/los-musicos-cultivamos-y-creamos-sociedad-a-traves-de-este-arte-luis-guillermo-morales\/#primaryimage"},"thumbnailUrl":"http:\/\/www.ucaldas.edu.co\/images\/tmp\/celebraciondiamusicos2012.jpg","datePublished":"2012-11-22T20:27:30+00:00","breadcrumb":{"@id":"https:\/\/www.ucaldas.edu.co\/portal\/los-musicos-cultivamos-y-creamos-sociedad-a-traves-de-este-arte-luis-guillermo-morales\/#breadcrumb"},"inLanguage":"es","potentialAction":[{"@type":"ReadAction","target":["https:\/\/www.ucaldas.edu.co\/portal\/los-musicos-cultivamos-y-creamos-sociedad-a-traves-de-este-arte-luis-guillermo-morales\/"]}]},{"@type":"ImageObject","inLanguage":"es","@id":"https:\/\/www.ucaldas.edu.co\/portal\/los-musicos-cultivamos-y-creamos-sociedad-a-traves-de-este-arte-luis-guillermo-morales\/#primaryimage","url":"http:\/\/www.ucaldas.edu.co\/images\/tmp\/celebraciondiamusicos2012.jpg","contentUrl":"http:\/\/www.ucaldas.edu.co\/images\/tmp\/celebraciondiamusicos2012.jpg"},{"@type":"BreadcrumbList","@id":"https:\/\/www.ucaldas.edu.co\/portal\/los-musicos-cultivamos-y-creamos-sociedad-a-traves-de-este-arte-luis-guillermo-morales\/#breadcrumb","itemListElement":[{"@type":"ListItem","position":1,"name":"Portada","item":"https:\/\/www.ucaldas.edu.co\/portal\/"},{"@type":"ListItem","position":2,"name":"\u201cLos m\u00fasicos cultivamos y creamos sociedad, a trav\u00e9s de este arte\u201d: Luis Guillermo Morales"}]},{"@type":"WebSite","@id":"https:\/\/www.ucaldas.edu.co\/portal\/#website","url":"https:\/\/www.ucaldas.edu.co\/portal\/","name":"Universidad de Caldas","description":"","publisher":{"@id":"https:\/\/www.ucaldas.edu.co\/portal\/#organization"},"alternateName":"U. de Caldas","potentialAction":[{"@type":"SearchAction","target":{"@type":"EntryPoint","urlTemplate":"https:\/\/www.ucaldas.edu.co\/portal\/?s={search_term_string}"},"query-input":{"@type":"PropertyValueSpecification","valueRequired":true,"valueName":"search_term_string"}}],"inLanguage":"es"},{"@type":"Organization","@id":"https:\/\/www.ucaldas.edu.co\/portal\/#organization","name":"Universidad de Caldas","alternateName":"U. de Caldas","url":"https:\/\/www.ucaldas.edu.co\/portal\/","logo":{"@type":"ImageObject","inLanguage":"es","@id":"https:\/\/www.ucaldas.edu.co\/portal\/#\/schema\/logo\/image\/","url":"https:\/\/www.ucaldas.edu.co\/portal\/wp-content\/uploads\/2023\/11\/Logo_horizontal_oscuroU-2023.png","contentUrl":"https:\/\/www.ucaldas.edu.co\/portal\/wp-content\/uploads\/2023\/11\/Logo_horizontal_oscuroU-2023.png","width":263,"height":101,"caption":"Universidad de Caldas"},"image":{"@id":"https:\/\/www.ucaldas.edu.co\/portal\/#\/schema\/logo\/image\/"},"sameAs":["https:\/\/www.facebook.com\/udecaldas","https:\/\/x.com\/udecaldas","https:\/\/www.youtube.com\/universidadcaldas","https:\/\/www.instagram.com\/udecaldas\/"]},{"@type":"Person","@id":"https:\/\/www.ucaldas.edu.co\/portal\/#\/schema\/person\/a1b482e23449158b4bc319926c074fdf","name":"ofiprensa","image":{"@type":"ImageObject","inLanguage":"es","@id":"https:\/\/www.ucaldas.edu.co\/portal\/wp-content\/litespeed\/avatar\/09ea5085e600095a7a811142c6944527.jpg?ver=1777497608","url":"https:\/\/www.ucaldas.edu.co\/portal\/wp-content\/litespeed\/avatar\/09ea5085e600095a7a811142c6944527.jpg?ver=1777497608","contentUrl":"https:\/\/www.ucaldas.edu.co\/portal\/wp-content\/litespeed\/avatar\/09ea5085e600095a7a811142c6944527.jpg?ver=1777497608","caption":"ofiprensa"},"url":"https:\/\/www.ucaldas.edu.co\/portal\/author\/ofiprensa\/"}]}},"_links":{"self":[{"href":"https:\/\/www.ucaldas.edu.co\/portal\/wp-json\/wp\/v2\/posts\/14251","targetHints":{"allow":["GET"]}}],"collection":[{"href":"https:\/\/www.ucaldas.edu.co\/portal\/wp-json\/wp\/v2\/posts"}],"about":[{"href":"https:\/\/www.ucaldas.edu.co\/portal\/wp-json\/wp\/v2\/types\/post"}],"author":[{"embeddable":true,"href":"https:\/\/www.ucaldas.edu.co\/portal\/wp-json\/wp\/v2\/users\/2"}],"replies":[{"embeddable":true,"href":"https:\/\/www.ucaldas.edu.co\/portal\/wp-json\/wp\/v2\/comments?post=14251"}],"version-history":[{"count":0,"href":"https:\/\/www.ucaldas.edu.co\/portal\/wp-json\/wp\/v2\/posts\/14251\/revisions"}],"wp:attachment":[{"href":"https:\/\/www.ucaldas.edu.co\/portal\/wp-json\/wp\/v2\/media?parent=14251"}],"wp:term":[{"taxonomy":"category","embeddable":true,"href":"https:\/\/www.ucaldas.edu.co\/portal\/wp-json\/wp\/v2\/categories?post=14251"},{"taxonomy":"post_tag","embeddable":true,"href":"https:\/\/www.ucaldas.edu.co\/portal\/wp-json\/wp\/v2\/tags?post=14251"}],"curies":[{"name":"wp","href":"https:\/\/api.w.org\/{rel}","templated":true}]}}