{"id":14249,"date":"2012-11-22T15:26:42","date_gmt":"2012-11-22T20:26:42","guid":{"rendered":"https:\/\/www.ucaldas.edu.co\/portal\/?p=14249"},"modified":"2012-11-22T15:26:42","modified_gmt":"2012-11-22T20:26:42","slug":"exposicion-de-u-de-caldas-y-u-de-pembroke-estados-unidos-se-inaugura-hoy-en-cali","status":"publish","type":"post","link":"https:\/\/www.ucaldas.edu.co\/portal\/exposicion-de-u-de-caldas-y-u-de-pembroke-estados-unidos-se-inaugura-hoy-en-cali\/","title":{"rendered":"Exposici\u00f3n de U. de Caldas y U. de Pembroke (Estados Unidos) se inaugura hoy, en Cali"},"content":{"rendered":"<p align=\"center\">Se trata de muestra itinerante de c\u00e1racter acad\u00e9mico<\/p>\n<p align=\"center\">\n<p align=\"right\">\n<p align=\"right\">22\/11\/2012<\/p>\n<hr \/>\n<p align=\"right\">Redacci\u00f3n: Margarita Laverde Galvis<\/p>\n<p align=\"right\">\n<table border=\"0\">\n<tbody>\n<tr>\n<td>\u00a0<img loading=\"lazy\" decoding=\"async\" style=\"border: 0px\" title=\"Exposici\u00f3n\" alt=\"Exposici\u00f3n\" src=\"http:\/\/www.ucaldas.edu.co\/images\/tmp\/expodialogos.jpg\" width=\"240\" height=\"150\" border=\"0\" \/><\/td>\n<td><b>Hoy<\/b>, jueves 22 de noviembre del 2012, <b>se inaugura en Cali<\/b> (Valle) la <b>exposici\u00f3n <\/b><i><b>Di\u00e1logos e Interpretaciones, <\/b><\/i><i>de la <\/i><b>Universidad de Caldas<\/b>, <b>con el apoyo<\/b> de la <b>Universidad de Pembroke,<\/b> en Carolina del Norte (<b>Estados Unidos<\/b>).<\/td>\n<\/tr>\n<\/tbody>\n<\/table>\n<p>&nbsp;<\/p>\n<p>&nbsp;<\/p>\n<p>El acto ser\u00e1 <b>a las 7:00 p.m. en la Sociedad de Mejoras P\u00fablicas<\/b>, ubicada en la carrera 4 # 6-76 de la ciudad vallecaucana. Se trata de una <b>exposici\u00f3n itinerante de car\u00e1cter acad\u00e9mico<\/b>, proyecto que \u00a0invita a referentes de distintas nacionalidades a realizar alianzas de cooperaci\u00f3n y fortalecimiento a trav\u00e9s de los diferentes medios del grabado contempor\u00e1neo.<\/p>\n<p>&nbsp;<\/p>\n<p><a href=\"http:\/\/desarrollo.ucaldas.edu.co\/archivo\/index.php?option=com_content&amp;view=article&amp;catid=419%3Auniversidad-al-dia&amp;id=7653%3A-en-u-de-caldas-se-presenta-exposicion-itinerante-con-apoyo-de-u-de-pembroke-estados-unidos&amp;Itemid=1039\" target=\"_blank\">La exposici\u00f3n se realiz\u00f3 en la U. de Caldas, en septiembre de este a\u00f1o (ver nota)<\/a> <b>s<b>e lleva a cabo<\/b><\/b> bajo la <b>organizaci\u00f3n<\/b> de <b>Julie Floss<\/b> y <b>Jorge Eli\u00e9cer Rodr\u00edguez Osorio<\/b>, <b>Coordinador<\/b> del <b>Grupo de Investigaci\u00f3n Artescultura<\/b> de la <b>U. de Caldas<\/b>.<\/p>\n<p>&nbsp;<\/p>\n<p>En <b>colaboraci\u00f3n<\/b> con el <b>docente<\/b> Cesar Garc\u00eda, de la Universidad Javeriana de Cali, <b>se gestion\u00f3 un espacio<\/b> en donde <b>estar\u00e1 exhibida <\/b>la <b>obra hasta finales de diciembre de este a\u00f1o<\/b>. El proyecto estar\u00e1 activado nuevamente en el 2013 y se tratar\u00e1 de involucrar m\u00e1s universidades.<\/p>\n<p>&nbsp;<\/p>\n<p>Conozca m\u00e1s detalles de la exposici\u00f3n en <a href=\"http:\/\/dialogosyinterpretaciones.blogspot.com\/\" target=\"_blank\">http:\/\/dialogosyinterpretaciones.blogspot.com\/<\/a><\/p>\n<p>&nbsp;<\/p>\n<p><b>Informes: <\/b>Oficina de Prensa U. de Caldas, tel\u00e9fono 878 15 00, extensi\u00f3n 12 167, o con Jorge Eli\u00e9cer Rodr\u00edguez Osorio, Coordinador del Grupo de Investigaci\u00f3n Artescultura de la Instituci\u00f3n, en el correo electr\u00f3nico: <a href=\"mailto:artescultura@ucaldas.edu.co\" target=\"_blank\">artescultura@ucaldas.edu.co<\/a><\/p>\n","protected":false},"excerpt":{"rendered":"<p>Se trata de muestra itinerante de c\u00e1racter acad\u00e9mico 22\/11\/2012 Redacci\u00f3n: Margarita Laverde Galvis \u00a0 Hoy, jueves 22 de noviembre del 2012, se inaugura en Cali (Valle) la exposici\u00f3n Di\u00e1logos e Interpretaciones, de la Universidad de Caldas, con el apoyo de la Universidad de Pembroke, en Carolina del Norte (Estados Unidos). &nbsp; &nbsp; El acto ser\u00e1 [&hellip;]<\/p>\n","protected":false},"author":2,"featured_media":0,"comment_status":"closed","ping_status":"closed","sticky":false,"template":"","format":"standard","meta":{"footnotes":""},"categories":[48,53],"tags":[],"class_list":["post-14249","post","type-post","status-publish","format-standard","hentry","category-actualidad","category-universidad-al-dia"],"yoast_head":"<!-- This site is optimized with the Yoast SEO plugin v27.5 - https:\/\/yoast.com\/product\/yoast-seo-wordpress\/ -->\n<title>Exposici\u00f3n de U. de Caldas y U. de Pembroke (Estados Unidos) se inaugura hoy, en Cali .<\/title>\n<meta name=\"robots\" content=\"index, follow, max-snippet:-1, max-image-preview:large, max-video-preview:-1\" \/>\n<link rel=\"canonical\" href=\"https:\/\/www.ucaldas.edu.co\/portal\/exposicion-de-u-de-caldas-y-u-de-pembroke-estados-unidos-se-inaugura-hoy-en-cali\/\" \/>\n<script type=\"application\/ld+json\" class=\"yoast-schema-graph\">{\"@context\":\"https:\\\/\\\/schema.org\",\"@graph\":[{\"@type\":\"Article\",\"@id\":\"https:\\\/\\\/www.ucaldas.edu.co\\\/portal\\\/exposicion-de-u-de-caldas-y-u-de-pembroke-estados-unidos-se-inaugura-hoy-en-cali\\\/#article\",\"isPartOf\":{\"@id\":\"https:\\\/\\\/www.ucaldas.edu.co\\\/portal\\\/exposicion-de-u-de-caldas-y-u-de-pembroke-estados-unidos-se-inaugura-hoy-en-cali\\\/\"},\"author\":{\"name\":\"ofiprensa\",\"@id\":\"https:\\\/\\\/www.ucaldas.edu.co\\\/portal\\\/#\\\/schema\\\/person\\\/a1b482e23449158b4bc319926c074fdf\"},\"headline\":\"Exposici\u00f3n de U. de Caldas y U. de Pembroke (Estados Unidos) se inaugura hoy, en Cali\",\"datePublished\":\"2012-11-22T20:26:42+00:00\",\"mainEntityOfPage\":{\"@id\":\"https:\\\/\\\/www.ucaldas.edu.co\\\/portal\\\/exposicion-de-u-de-caldas-y-u-de-pembroke-estados-unidos-se-inaugura-hoy-en-cali\\\/\"},\"wordCount\":284,\"publisher\":{\"@id\":\"https:\\\/\\\/www.ucaldas.edu.co\\\/portal\\\/#organization\"},\"image\":{\"@id\":\"https:\\\/\\\/www.ucaldas.edu.co\\\/portal\\\/exposicion-de-u-de-caldas-y-u-de-pembroke-estados-unidos-se-inaugura-hoy-en-cali\\\/#primaryimage\"},\"thumbnailUrl\":\"http:\\\/\\\/www.ucaldas.edu.co\\\/images\\\/tmp\\\/expodialogos.jpg\",\"articleSection\":[\"Actualidad\",\"Universidad al D\u00eda\"],\"inLanguage\":\"es\"},{\"@type\":\"WebPage\",\"@id\":\"https:\\\/\\\/www.ucaldas.edu.co\\\/portal\\\/exposicion-de-u-de-caldas-y-u-de-pembroke-estados-unidos-se-inaugura-hoy-en-cali\\\/\",\"url\":\"https:\\\/\\\/www.ucaldas.edu.co\\\/portal\\\/exposicion-de-u-de-caldas-y-u-de-pembroke-estados-unidos-se-inaugura-hoy-en-cali\\\/\",\"name\":\"Exposici\u00f3n de U. de Caldas y U. de Pembroke (Estados Unidos) se inaugura hoy, en Cali .\",\"isPartOf\":{\"@id\":\"https:\\\/\\\/www.ucaldas.edu.co\\\/portal\\\/#website\"},\"primaryImageOfPage\":{\"@id\":\"https:\\\/\\\/www.ucaldas.edu.co\\\/portal\\\/exposicion-de-u-de-caldas-y-u-de-pembroke-estados-unidos-se-inaugura-hoy-en-cali\\\/#primaryimage\"},\"image\":{\"@id\":\"https:\\\/\\\/www.ucaldas.edu.co\\\/portal\\\/exposicion-de-u-de-caldas-y-u-de-pembroke-estados-unidos-se-inaugura-hoy-en-cali\\\/#primaryimage\"},\"thumbnailUrl\":\"http:\\\/\\\/www.ucaldas.edu.co\\\/images\\\/tmp\\\/expodialogos.jpg\",\"datePublished\":\"2012-11-22T20:26:42+00:00\",\"breadcrumb\":{\"@id\":\"https:\\\/\\\/www.ucaldas.edu.co\\\/portal\\\/exposicion-de-u-de-caldas-y-u-de-pembroke-estados-unidos-se-inaugura-hoy-en-cali\\\/#breadcrumb\"},\"inLanguage\":\"es\",\"potentialAction\":[{\"@type\":\"ReadAction\",\"target\":[\"https:\\\/\\\/www.ucaldas.edu.co\\\/portal\\\/exposicion-de-u-de-caldas-y-u-de-pembroke-estados-unidos-se-inaugura-hoy-en-cali\\\/\"]}]},{\"@type\":\"ImageObject\",\"inLanguage\":\"es\",\"@id\":\"https:\\\/\\\/www.ucaldas.edu.co\\\/portal\\\/exposicion-de-u-de-caldas-y-u-de-pembroke-estados-unidos-se-inaugura-hoy-en-cali\\\/#primaryimage\",\"url\":\"http:\\\/\\\/www.ucaldas.edu.co\\\/images\\\/tmp\\\/expodialogos.jpg\",\"contentUrl\":\"http:\\\/\\\/www.ucaldas.edu.co\\\/images\\\/tmp\\\/expodialogos.jpg\"},{\"@type\":\"BreadcrumbList\",\"@id\":\"https:\\\/\\\/www.ucaldas.edu.co\\\/portal\\\/exposicion-de-u-de-caldas-y-u-de-pembroke-estados-unidos-se-inaugura-hoy-en-cali\\\/#breadcrumb\",\"itemListElement\":[{\"@type\":\"ListItem\",\"position\":1,\"name\":\"Portada\",\"item\":\"https:\\\/\\\/www.ucaldas.edu.co\\\/portal\\\/\"},{\"@type\":\"ListItem\",\"position\":2,\"name\":\"Exposici\u00f3n de U. de Caldas y U. de Pembroke (Estados Unidos) se inaugura hoy, en Cali\"}]},{\"@type\":\"WebSite\",\"@id\":\"https:\\\/\\\/www.ucaldas.edu.co\\\/portal\\\/#website\",\"url\":\"https:\\\/\\\/www.ucaldas.edu.co\\\/portal\\\/\",\"name\":\"Universidad de Caldas\",\"description\":\"\",\"publisher\":{\"@id\":\"https:\\\/\\\/www.ucaldas.edu.co\\\/portal\\\/#organization\"},\"alternateName\":\"U. de Caldas\",\"potentialAction\":[{\"@type\":\"SearchAction\",\"target\":{\"@type\":\"EntryPoint\",\"urlTemplate\":\"https:\\\/\\\/www.ucaldas.edu.co\\\/portal\\\/?s={search_term_string}\"},\"query-input\":{\"@type\":\"PropertyValueSpecification\",\"valueRequired\":true,\"valueName\":\"search_term_string\"}}],\"inLanguage\":\"es\"},{\"@type\":\"Organization\",\"@id\":\"https:\\\/\\\/www.ucaldas.edu.co\\\/portal\\\/#organization\",\"name\":\"Universidad de Caldas\",\"alternateName\":\"U. de Caldas\",\"url\":\"https:\\\/\\\/www.ucaldas.edu.co\\\/portal\\\/\",\"logo\":{\"@type\":\"ImageObject\",\"inLanguage\":\"es\",\"@id\":\"https:\\\/\\\/www.ucaldas.edu.co\\\/portal\\\/#\\\/schema\\\/logo\\\/image\\\/\",\"url\":\"https:\\\/\\\/www.ucaldas.edu.co\\\/portal\\\/wp-content\\\/uploads\\\/2023\\\/11\\\/Logo_horizontal_oscuroU-2023.png\",\"contentUrl\":\"https:\\\/\\\/www.ucaldas.edu.co\\\/portal\\\/wp-content\\\/uploads\\\/2023\\\/11\\\/Logo_horizontal_oscuroU-2023.png\",\"width\":263,\"height\":101,\"caption\":\"Universidad de Caldas\"},\"image\":{\"@id\":\"https:\\\/\\\/www.ucaldas.edu.co\\\/portal\\\/#\\\/schema\\\/logo\\\/image\\\/\"},\"sameAs\":[\"https:\\\/\\\/www.facebook.com\\\/udecaldas\",\"https:\\\/\\\/x.com\\\/udecaldas\",\"https:\\\/\\\/www.youtube.com\\\/universidadcaldas\",\"https:\\\/\\\/www.instagram.com\\\/udecaldas\\\/\"]},{\"@type\":\"Person\",\"@id\":\"https:\\\/\\\/www.ucaldas.edu.co\\\/portal\\\/#\\\/schema\\\/person\\\/a1b482e23449158b4bc319926c074fdf\",\"name\":\"ofiprensa\",\"image\":{\"@type\":\"ImageObject\",\"inLanguage\":\"es\",\"@id\":\"https:\\\/\\\/www.ucaldas.edu.co\\\/portal\\\/wp-content\\\/litespeed\\\/avatar\\\/09ea5085e600095a7a811142c6944527.jpg?ver=1777497608\",\"url\":\"https:\\\/\\\/www.ucaldas.edu.co\\\/portal\\\/wp-content\\\/litespeed\\\/avatar\\\/09ea5085e600095a7a811142c6944527.jpg?ver=1777497608\",\"contentUrl\":\"https:\\\/\\\/www.ucaldas.edu.co\\\/portal\\\/wp-content\\\/litespeed\\\/avatar\\\/09ea5085e600095a7a811142c6944527.jpg?ver=1777497608\",\"caption\":\"ofiprensa\"},\"url\":\"https:\\\/\\\/www.ucaldas.edu.co\\\/portal\\\/author\\\/ofiprensa\\\/\"}]}<\/script>\n<!-- \/ Yoast SEO plugin. -->","yoast_head_json":{"title":"Exposici\u00f3n de U. de Caldas y U. de Pembroke (Estados Unidos) se inaugura hoy, en Cali .","robots":{"index":"index","follow":"follow","max-snippet":"max-snippet:-1","max-image-preview":"max-image-preview:large","max-video-preview":"max-video-preview:-1"},"canonical":"https:\/\/www.ucaldas.edu.co\/portal\/exposicion-de-u-de-caldas-y-u-de-pembroke-estados-unidos-se-inaugura-hoy-en-cali\/","schema":{"@context":"https:\/\/schema.org","@graph":[{"@type":"Article","@id":"https:\/\/www.ucaldas.edu.co\/portal\/exposicion-de-u-de-caldas-y-u-de-pembroke-estados-unidos-se-inaugura-hoy-en-cali\/#article","isPartOf":{"@id":"https:\/\/www.ucaldas.edu.co\/portal\/exposicion-de-u-de-caldas-y-u-de-pembroke-estados-unidos-se-inaugura-hoy-en-cali\/"},"author":{"name":"ofiprensa","@id":"https:\/\/www.ucaldas.edu.co\/portal\/#\/schema\/person\/a1b482e23449158b4bc319926c074fdf"},"headline":"Exposici\u00f3n de U. de Caldas y U. de Pembroke (Estados Unidos) se inaugura hoy, en Cali","datePublished":"2012-11-22T20:26:42+00:00","mainEntityOfPage":{"@id":"https:\/\/www.ucaldas.edu.co\/portal\/exposicion-de-u-de-caldas-y-u-de-pembroke-estados-unidos-se-inaugura-hoy-en-cali\/"},"wordCount":284,"publisher":{"@id":"https:\/\/www.ucaldas.edu.co\/portal\/#organization"},"image":{"@id":"https:\/\/www.ucaldas.edu.co\/portal\/exposicion-de-u-de-caldas-y-u-de-pembroke-estados-unidos-se-inaugura-hoy-en-cali\/#primaryimage"},"thumbnailUrl":"http:\/\/www.ucaldas.edu.co\/images\/tmp\/expodialogos.jpg","articleSection":["Actualidad","Universidad al D\u00eda"],"inLanguage":"es"},{"@type":"WebPage","@id":"https:\/\/www.ucaldas.edu.co\/portal\/exposicion-de-u-de-caldas-y-u-de-pembroke-estados-unidos-se-inaugura-hoy-en-cali\/","url":"https:\/\/www.ucaldas.edu.co\/portal\/exposicion-de-u-de-caldas-y-u-de-pembroke-estados-unidos-se-inaugura-hoy-en-cali\/","name":"Exposici\u00f3n de U. de Caldas y U. de Pembroke (Estados Unidos) se inaugura hoy, en Cali .","isPartOf":{"@id":"https:\/\/www.ucaldas.edu.co\/portal\/#website"},"primaryImageOfPage":{"@id":"https:\/\/www.ucaldas.edu.co\/portal\/exposicion-de-u-de-caldas-y-u-de-pembroke-estados-unidos-se-inaugura-hoy-en-cali\/#primaryimage"},"image":{"@id":"https:\/\/www.ucaldas.edu.co\/portal\/exposicion-de-u-de-caldas-y-u-de-pembroke-estados-unidos-se-inaugura-hoy-en-cali\/#primaryimage"},"thumbnailUrl":"http:\/\/www.ucaldas.edu.co\/images\/tmp\/expodialogos.jpg","datePublished":"2012-11-22T20:26:42+00:00","breadcrumb":{"@id":"https:\/\/www.ucaldas.edu.co\/portal\/exposicion-de-u-de-caldas-y-u-de-pembroke-estados-unidos-se-inaugura-hoy-en-cali\/#breadcrumb"},"inLanguage":"es","potentialAction":[{"@type":"ReadAction","target":["https:\/\/www.ucaldas.edu.co\/portal\/exposicion-de-u-de-caldas-y-u-de-pembroke-estados-unidos-se-inaugura-hoy-en-cali\/"]}]},{"@type":"ImageObject","inLanguage":"es","@id":"https:\/\/www.ucaldas.edu.co\/portal\/exposicion-de-u-de-caldas-y-u-de-pembroke-estados-unidos-se-inaugura-hoy-en-cali\/#primaryimage","url":"http:\/\/www.ucaldas.edu.co\/images\/tmp\/expodialogos.jpg","contentUrl":"http:\/\/www.ucaldas.edu.co\/images\/tmp\/expodialogos.jpg"},{"@type":"BreadcrumbList","@id":"https:\/\/www.ucaldas.edu.co\/portal\/exposicion-de-u-de-caldas-y-u-de-pembroke-estados-unidos-se-inaugura-hoy-en-cali\/#breadcrumb","itemListElement":[{"@type":"ListItem","position":1,"name":"Portada","item":"https:\/\/www.ucaldas.edu.co\/portal\/"},{"@type":"ListItem","position":2,"name":"Exposici\u00f3n de U. de Caldas y U. de Pembroke (Estados Unidos) se inaugura hoy, en Cali"}]},{"@type":"WebSite","@id":"https:\/\/www.ucaldas.edu.co\/portal\/#website","url":"https:\/\/www.ucaldas.edu.co\/portal\/","name":"Universidad de Caldas","description":"","publisher":{"@id":"https:\/\/www.ucaldas.edu.co\/portal\/#organization"},"alternateName":"U. de Caldas","potentialAction":[{"@type":"SearchAction","target":{"@type":"EntryPoint","urlTemplate":"https:\/\/www.ucaldas.edu.co\/portal\/?s={search_term_string}"},"query-input":{"@type":"PropertyValueSpecification","valueRequired":true,"valueName":"search_term_string"}}],"inLanguage":"es"},{"@type":"Organization","@id":"https:\/\/www.ucaldas.edu.co\/portal\/#organization","name":"Universidad de Caldas","alternateName":"U. de Caldas","url":"https:\/\/www.ucaldas.edu.co\/portal\/","logo":{"@type":"ImageObject","inLanguage":"es","@id":"https:\/\/www.ucaldas.edu.co\/portal\/#\/schema\/logo\/image\/","url":"https:\/\/www.ucaldas.edu.co\/portal\/wp-content\/uploads\/2023\/11\/Logo_horizontal_oscuroU-2023.png","contentUrl":"https:\/\/www.ucaldas.edu.co\/portal\/wp-content\/uploads\/2023\/11\/Logo_horizontal_oscuroU-2023.png","width":263,"height":101,"caption":"Universidad de Caldas"},"image":{"@id":"https:\/\/www.ucaldas.edu.co\/portal\/#\/schema\/logo\/image\/"},"sameAs":["https:\/\/www.facebook.com\/udecaldas","https:\/\/x.com\/udecaldas","https:\/\/www.youtube.com\/universidadcaldas","https:\/\/www.instagram.com\/udecaldas\/"]},{"@type":"Person","@id":"https:\/\/www.ucaldas.edu.co\/portal\/#\/schema\/person\/a1b482e23449158b4bc319926c074fdf","name":"ofiprensa","image":{"@type":"ImageObject","inLanguage":"es","@id":"https:\/\/www.ucaldas.edu.co\/portal\/wp-content\/litespeed\/avatar\/09ea5085e600095a7a811142c6944527.jpg?ver=1777497608","url":"https:\/\/www.ucaldas.edu.co\/portal\/wp-content\/litespeed\/avatar\/09ea5085e600095a7a811142c6944527.jpg?ver=1777497608","contentUrl":"https:\/\/www.ucaldas.edu.co\/portal\/wp-content\/litespeed\/avatar\/09ea5085e600095a7a811142c6944527.jpg?ver=1777497608","caption":"ofiprensa"},"url":"https:\/\/www.ucaldas.edu.co\/portal\/author\/ofiprensa\/"}]}},"_links":{"self":[{"href":"https:\/\/www.ucaldas.edu.co\/portal\/wp-json\/wp\/v2\/posts\/14249","targetHints":{"allow":["GET"]}}],"collection":[{"href":"https:\/\/www.ucaldas.edu.co\/portal\/wp-json\/wp\/v2\/posts"}],"about":[{"href":"https:\/\/www.ucaldas.edu.co\/portal\/wp-json\/wp\/v2\/types\/post"}],"author":[{"embeddable":true,"href":"https:\/\/www.ucaldas.edu.co\/portal\/wp-json\/wp\/v2\/users\/2"}],"replies":[{"embeddable":true,"href":"https:\/\/www.ucaldas.edu.co\/portal\/wp-json\/wp\/v2\/comments?post=14249"}],"version-history":[{"count":0,"href":"https:\/\/www.ucaldas.edu.co\/portal\/wp-json\/wp\/v2\/posts\/14249\/revisions"}],"wp:attachment":[{"href":"https:\/\/www.ucaldas.edu.co\/portal\/wp-json\/wp\/v2\/media?parent=14249"}],"wp:term":[{"taxonomy":"category","embeddable":true,"href":"https:\/\/www.ucaldas.edu.co\/portal\/wp-json\/wp\/v2\/categories?post=14249"},{"taxonomy":"post_tag","embeddable":true,"href":"https:\/\/www.ucaldas.edu.co\/portal\/wp-json\/wp\/v2\/tags?post=14249"}],"curies":[{"name":"wp","href":"https:\/\/api.w.org\/{rel}","templated":true}]}}