{"id":14247,"date":"2012-11-22T15:26:04","date_gmt":"2012-11-22T20:26:04","guid":{"rendered":"https:\/\/www.ucaldas.edu.co\/portal\/?p=14247"},"modified":"2012-11-22T15:26:04","modified_gmt":"2012-11-22T20:26:04","slug":"proyecto-u-de-caldas-obtuvo-primer-puesto-en-premio-internacional-de-investigacion-en-salud","status":"publish","type":"post","link":"https:\/\/www.ucaldas.edu.co\/portal\/proyecto-u-de-caldas-obtuvo-primer-puesto-en-premio-internacional-de-investigacion-en-salud\/","title":{"rendered":"Proyecto U. de Caldas obtuvo primer puesto en premio internacional de investigaci\u00f3n en salud"},"content":{"rendered":"<p align=\"center\">Con trabajo sobre fragilidad en ancianos colombianos<\/p>\n<p align=\"center\"><b>\u00a0<\/b><\/p>\n<p align=\"right\">\n<p align=\"right\">22\/11\/2012<\/p>\n<hr \/>\n<p align=\"right\">Redacci\u00f3n: Margarita Laverde Galvis<\/p>\n<table border=\"0\">\n<tbody>\n<tr>\n<td><img loading=\"lazy\" decoding=\"async\" style=\"border: 0px\" title=\"Proyecto\" alt=\"Proyecto\" src=\"http:\/\/www.ucaldas.edu.co\/images\/tmp\/proyecto_adulto_mayor_2012.jpg\" width=\"240\" height=\"150\" border=\"0\" \/><\/td>\n<td>La <b>investigaci\u00f3n <i>Fragilidad en ancianos colombianos<\/i><\/b><i>, <\/i>del <b>Programa de Investigaciones<\/b> en <b>Gerontolog\u00eda y Geriatr\u00eda <\/b>de la <b>Universidad de Caldas<\/b>, <b>obtuvo<\/b> el <b>primer puesto<\/b> en el <b>Premio Internacional<\/b> en <b>Investigaci\u00f3n<\/b> en <b>Ciencias de la Salud<\/b> <b>Juan Jacobo Mu\u00f1oz<\/b>, edici\u00f3n 2012.<\/td>\n<\/tr>\n<\/tbody>\n<\/table>\n<p>&nbsp;<\/p>\n<p>&nbsp;<\/p>\n<p>Los <b>investigadores<\/b> son Jos\u00e9 Fernando G\u00f3mez Montes y Guadalupe Mar\u00edn Henao, c<b>oordinadores del Programa de Investigaciones en Gerontolog\u00eda y Geriatr\u00eda<\/b>, junto con Carmen Luc\u00eda Curcio Borrero, \u00a0<b>de dicho programa<\/b>.<\/p>\n<p>&nbsp;<\/p>\n<p>El <b>objetivo fue determinar<\/b> la <b>prevalencia<\/b> de <b>fragilidad<\/b> y <b>variables relacionadas en ancianos colombianos<\/b>, a trav\u00e9s de un estudio en el que <b>participaron mil 878 ancianos de 60 a\u00f1os en adelante, residentes en cuatro ciudades.<\/b><\/p>\n<p><b>\u00a0<\/b><\/p>\n<p>Entre las <b>conclusiones<\/b> del estudio se encuentra una <b>alta prevalencia de fragilidad en la poblaci\u00f3n anciana colombiana<\/b> y un <b>porcentaje considerable de ancianos prefr\u00e1giles<\/b>. La fragilidad tiene un gran impacto en la salud por su fuerte asociaci\u00f3n con comorbilidad, discapacidad, al igual que deterioro cognoscitivo y depresi\u00f3n.<\/p>\n<p>&nbsp;<\/p>\n<p>La edici\u00f3n pronto estar\u00e1 disponible en: <a href=\"http:\/\/www.unisanitas.edu.co\/revista_ediciones.php\" target=\"_blank\">http:\/\/www.unisanitas.edu.co\/revista_ediciones.php<\/a><\/p>\n<p>&nbsp;<\/p>\n<p><b>Contexto<br \/>\n<\/b><a href=\"http:\/\/desarrollo.ucaldas.edu.co\/archivo\/index.php?option=com_content&amp;view=article&amp;id=7487:u-de-caldas-realiza-proyecto-de-salud-en-los-barrios-con-adultos-mayores&amp;catid=419:universidad-al-dia&amp;Itemid=1039\" target=\"_blank\">La iniciativa se adelant\u00f3 <b>simult\u00e1neamente<\/b>\u00a0en\u00a0<b>cuatro ciudades de tres pa\u00edses<\/b>: Canad\u00e1, Brasil y Colombia (ver nota)<\/a>.\u00a0<b>Participaron<\/b>\u00a0la\u00a0<b>Universidad de Montr\u00e9al<\/b>\u00a0(Canad\u00e1),<b>Universidad Federal de Rio Grande del Norte<\/b>\u00a0(Brasil),\u00a0<b>Instituto Nacional de Envejecimiento<\/b>\u00a0(USA) y\u00a0<b>Wake Forest University<\/b>\u00a0(USA).\u00a0<b>P<\/b><b>or Manizales<\/b>\u00a0<b>particip\u00f3 <\/b>el\u00a0<b>Postgrado en Geriatr\u00eda<\/b>\u00a0de la\u00a0<b>U. de Caldas<\/b>.<\/p>\n<p>&nbsp;<\/p>\n<p><b>Informes:<\/b> Oficina de Prensa, tel\u00e9fono 878 15 00, extensi\u00f3n 12 167.<\/p>\n","protected":false},"excerpt":{"rendered":"<p>Con trabajo sobre fragilidad en ancianos colombianos \u00a0 22\/11\/2012 Redacci\u00f3n: Margarita Laverde Galvis La investigaci\u00f3n Fragilidad en ancianos colombianos, del Programa de Investigaciones en Gerontolog\u00eda y Geriatr\u00eda de la Universidad de Caldas, obtuvo el primer puesto en el Premio Internacional en Investigaci\u00f3n en Ciencias de la Salud Juan Jacobo Mu\u00f1oz, edici\u00f3n 2012. &nbsp; &nbsp; Los [&hellip;]<\/p>\n","protected":false},"author":2,"featured_media":0,"comment_status":"closed","ping_status":"closed","sticky":false,"template":"","format":"standard","meta":{"footnotes":""},"categories":[48,53],"tags":[],"class_list":["post-14247","post","type-post","status-publish","format-standard","hentry","category-actualidad","category-universidad-al-dia"],"yoast_head":"<!-- This site is optimized with the Yoast SEO plugin v27.5 - https:\/\/yoast.com\/product\/yoast-seo-wordpress\/ -->\n<title>Proyecto U. de Caldas obtuvo primer puesto en premio internacional de investigaci\u00f3n en salud .<\/title>\n<meta name=\"robots\" content=\"index, follow, max-snippet:-1, max-image-preview:large, max-video-preview:-1\" \/>\n<link rel=\"canonical\" href=\"https:\/\/www.ucaldas.edu.co\/portal\/proyecto-u-de-caldas-obtuvo-primer-puesto-en-premio-internacional-de-investigacion-en-salud\/\" \/>\n<script type=\"application\/ld+json\" class=\"yoast-schema-graph\">{\"@context\":\"https:\\\/\\\/schema.org\",\"@graph\":[{\"@type\":\"Article\",\"@id\":\"https:\\\/\\\/www.ucaldas.edu.co\\\/portal\\\/proyecto-u-de-caldas-obtuvo-primer-puesto-en-premio-internacional-de-investigacion-en-salud\\\/#article\",\"isPartOf\":{\"@id\":\"https:\\\/\\\/www.ucaldas.edu.co\\\/portal\\\/proyecto-u-de-caldas-obtuvo-primer-puesto-en-premio-internacional-de-investigacion-en-salud\\\/\"},\"author\":{\"name\":\"ofiprensa\",\"@id\":\"https:\\\/\\\/www.ucaldas.edu.co\\\/portal\\\/#\\\/schema\\\/person\\\/a1b482e23449158b4bc319926c074fdf\"},\"headline\":\"Proyecto U. de Caldas obtuvo primer puesto en premio internacional de investigaci\u00f3n en salud\",\"datePublished\":\"2012-11-22T20:26:04+00:00\",\"mainEntityOfPage\":{\"@id\":\"https:\\\/\\\/www.ucaldas.edu.co\\\/portal\\\/proyecto-u-de-caldas-obtuvo-primer-puesto-en-premio-internacional-de-investigacion-en-salud\\\/\"},\"wordCount\":279,\"publisher\":{\"@id\":\"https:\\\/\\\/www.ucaldas.edu.co\\\/portal\\\/#organization\"},\"image\":{\"@id\":\"https:\\\/\\\/www.ucaldas.edu.co\\\/portal\\\/proyecto-u-de-caldas-obtuvo-primer-puesto-en-premio-internacional-de-investigacion-en-salud\\\/#primaryimage\"},\"thumbnailUrl\":\"http:\\\/\\\/www.ucaldas.edu.co\\\/images\\\/tmp\\\/proyecto_adulto_mayor_2012.jpg\",\"articleSection\":[\"Actualidad\",\"Universidad al D\u00eda\"],\"inLanguage\":\"es\"},{\"@type\":\"WebPage\",\"@id\":\"https:\\\/\\\/www.ucaldas.edu.co\\\/portal\\\/proyecto-u-de-caldas-obtuvo-primer-puesto-en-premio-internacional-de-investigacion-en-salud\\\/\",\"url\":\"https:\\\/\\\/www.ucaldas.edu.co\\\/portal\\\/proyecto-u-de-caldas-obtuvo-primer-puesto-en-premio-internacional-de-investigacion-en-salud\\\/\",\"name\":\"Proyecto U. de Caldas obtuvo primer puesto en premio internacional de investigaci\u00f3n en salud .\",\"isPartOf\":{\"@id\":\"https:\\\/\\\/www.ucaldas.edu.co\\\/portal\\\/#website\"},\"primaryImageOfPage\":{\"@id\":\"https:\\\/\\\/www.ucaldas.edu.co\\\/portal\\\/proyecto-u-de-caldas-obtuvo-primer-puesto-en-premio-internacional-de-investigacion-en-salud\\\/#primaryimage\"},\"image\":{\"@id\":\"https:\\\/\\\/www.ucaldas.edu.co\\\/portal\\\/proyecto-u-de-caldas-obtuvo-primer-puesto-en-premio-internacional-de-investigacion-en-salud\\\/#primaryimage\"},\"thumbnailUrl\":\"http:\\\/\\\/www.ucaldas.edu.co\\\/images\\\/tmp\\\/proyecto_adulto_mayor_2012.jpg\",\"datePublished\":\"2012-11-22T20:26:04+00:00\",\"breadcrumb\":{\"@id\":\"https:\\\/\\\/www.ucaldas.edu.co\\\/portal\\\/proyecto-u-de-caldas-obtuvo-primer-puesto-en-premio-internacional-de-investigacion-en-salud\\\/#breadcrumb\"},\"inLanguage\":\"es\",\"potentialAction\":[{\"@type\":\"ReadAction\",\"target\":[\"https:\\\/\\\/www.ucaldas.edu.co\\\/portal\\\/proyecto-u-de-caldas-obtuvo-primer-puesto-en-premio-internacional-de-investigacion-en-salud\\\/\"]}]},{\"@type\":\"ImageObject\",\"inLanguage\":\"es\",\"@id\":\"https:\\\/\\\/www.ucaldas.edu.co\\\/portal\\\/proyecto-u-de-caldas-obtuvo-primer-puesto-en-premio-internacional-de-investigacion-en-salud\\\/#primaryimage\",\"url\":\"http:\\\/\\\/www.ucaldas.edu.co\\\/images\\\/tmp\\\/proyecto_adulto_mayor_2012.jpg\",\"contentUrl\":\"http:\\\/\\\/www.ucaldas.edu.co\\\/images\\\/tmp\\\/proyecto_adulto_mayor_2012.jpg\"},{\"@type\":\"BreadcrumbList\",\"@id\":\"https:\\\/\\\/www.ucaldas.edu.co\\\/portal\\\/proyecto-u-de-caldas-obtuvo-primer-puesto-en-premio-internacional-de-investigacion-en-salud\\\/#breadcrumb\",\"itemListElement\":[{\"@type\":\"ListItem\",\"position\":1,\"name\":\"Portada\",\"item\":\"https:\\\/\\\/www.ucaldas.edu.co\\\/portal\\\/\"},{\"@type\":\"ListItem\",\"position\":2,\"name\":\"Proyecto U. de Caldas obtuvo primer puesto en premio internacional de investigaci\u00f3n en salud\"}]},{\"@type\":\"WebSite\",\"@id\":\"https:\\\/\\\/www.ucaldas.edu.co\\\/portal\\\/#website\",\"url\":\"https:\\\/\\\/www.ucaldas.edu.co\\\/portal\\\/\",\"name\":\"Universidad de Caldas\",\"description\":\"\",\"publisher\":{\"@id\":\"https:\\\/\\\/www.ucaldas.edu.co\\\/portal\\\/#organization\"},\"alternateName\":\"U. de Caldas\",\"potentialAction\":[{\"@type\":\"SearchAction\",\"target\":{\"@type\":\"EntryPoint\",\"urlTemplate\":\"https:\\\/\\\/www.ucaldas.edu.co\\\/portal\\\/?s={search_term_string}\"},\"query-input\":{\"@type\":\"PropertyValueSpecification\",\"valueRequired\":true,\"valueName\":\"search_term_string\"}}],\"inLanguage\":\"es\"},{\"@type\":\"Organization\",\"@id\":\"https:\\\/\\\/www.ucaldas.edu.co\\\/portal\\\/#organization\",\"name\":\"Universidad de Caldas\",\"alternateName\":\"U. de Caldas\",\"url\":\"https:\\\/\\\/www.ucaldas.edu.co\\\/portal\\\/\",\"logo\":{\"@type\":\"ImageObject\",\"inLanguage\":\"es\",\"@id\":\"https:\\\/\\\/www.ucaldas.edu.co\\\/portal\\\/#\\\/schema\\\/logo\\\/image\\\/\",\"url\":\"https:\\\/\\\/www.ucaldas.edu.co\\\/portal\\\/wp-content\\\/uploads\\\/2023\\\/11\\\/Logo_horizontal_oscuroU-2023.png\",\"contentUrl\":\"https:\\\/\\\/www.ucaldas.edu.co\\\/portal\\\/wp-content\\\/uploads\\\/2023\\\/11\\\/Logo_horizontal_oscuroU-2023.png\",\"width\":263,\"height\":101,\"caption\":\"Universidad de Caldas\"},\"image\":{\"@id\":\"https:\\\/\\\/www.ucaldas.edu.co\\\/portal\\\/#\\\/schema\\\/logo\\\/image\\\/\"},\"sameAs\":[\"https:\\\/\\\/www.facebook.com\\\/udecaldas\",\"https:\\\/\\\/x.com\\\/udecaldas\",\"https:\\\/\\\/www.youtube.com\\\/universidadcaldas\",\"https:\\\/\\\/www.instagram.com\\\/udecaldas\\\/\"]},{\"@type\":\"Person\",\"@id\":\"https:\\\/\\\/www.ucaldas.edu.co\\\/portal\\\/#\\\/schema\\\/person\\\/a1b482e23449158b4bc319926c074fdf\",\"name\":\"ofiprensa\",\"image\":{\"@type\":\"ImageObject\",\"inLanguage\":\"es\",\"@id\":\"https:\\\/\\\/www.ucaldas.edu.co\\\/portal\\\/wp-content\\\/litespeed\\\/avatar\\\/09ea5085e600095a7a811142c6944527.jpg?ver=1777497608\",\"url\":\"https:\\\/\\\/www.ucaldas.edu.co\\\/portal\\\/wp-content\\\/litespeed\\\/avatar\\\/09ea5085e600095a7a811142c6944527.jpg?ver=1777497608\",\"contentUrl\":\"https:\\\/\\\/www.ucaldas.edu.co\\\/portal\\\/wp-content\\\/litespeed\\\/avatar\\\/09ea5085e600095a7a811142c6944527.jpg?ver=1777497608\",\"caption\":\"ofiprensa\"},\"url\":\"https:\\\/\\\/www.ucaldas.edu.co\\\/portal\\\/author\\\/ofiprensa\\\/\"}]}<\/script>\n<!-- \/ Yoast SEO plugin. -->","yoast_head_json":{"title":"Proyecto U. de Caldas obtuvo primer puesto en premio internacional de investigaci\u00f3n en salud .","robots":{"index":"index","follow":"follow","max-snippet":"max-snippet:-1","max-image-preview":"max-image-preview:large","max-video-preview":"max-video-preview:-1"},"canonical":"https:\/\/www.ucaldas.edu.co\/portal\/proyecto-u-de-caldas-obtuvo-primer-puesto-en-premio-internacional-de-investigacion-en-salud\/","schema":{"@context":"https:\/\/schema.org","@graph":[{"@type":"Article","@id":"https:\/\/www.ucaldas.edu.co\/portal\/proyecto-u-de-caldas-obtuvo-primer-puesto-en-premio-internacional-de-investigacion-en-salud\/#article","isPartOf":{"@id":"https:\/\/www.ucaldas.edu.co\/portal\/proyecto-u-de-caldas-obtuvo-primer-puesto-en-premio-internacional-de-investigacion-en-salud\/"},"author":{"name":"ofiprensa","@id":"https:\/\/www.ucaldas.edu.co\/portal\/#\/schema\/person\/a1b482e23449158b4bc319926c074fdf"},"headline":"Proyecto U. de Caldas obtuvo primer puesto en premio internacional de investigaci\u00f3n en salud","datePublished":"2012-11-22T20:26:04+00:00","mainEntityOfPage":{"@id":"https:\/\/www.ucaldas.edu.co\/portal\/proyecto-u-de-caldas-obtuvo-primer-puesto-en-premio-internacional-de-investigacion-en-salud\/"},"wordCount":279,"publisher":{"@id":"https:\/\/www.ucaldas.edu.co\/portal\/#organization"},"image":{"@id":"https:\/\/www.ucaldas.edu.co\/portal\/proyecto-u-de-caldas-obtuvo-primer-puesto-en-premio-internacional-de-investigacion-en-salud\/#primaryimage"},"thumbnailUrl":"http:\/\/www.ucaldas.edu.co\/images\/tmp\/proyecto_adulto_mayor_2012.jpg","articleSection":["Actualidad","Universidad al D\u00eda"],"inLanguage":"es"},{"@type":"WebPage","@id":"https:\/\/www.ucaldas.edu.co\/portal\/proyecto-u-de-caldas-obtuvo-primer-puesto-en-premio-internacional-de-investigacion-en-salud\/","url":"https:\/\/www.ucaldas.edu.co\/portal\/proyecto-u-de-caldas-obtuvo-primer-puesto-en-premio-internacional-de-investigacion-en-salud\/","name":"Proyecto U. de Caldas obtuvo primer puesto en premio internacional de investigaci\u00f3n en salud .","isPartOf":{"@id":"https:\/\/www.ucaldas.edu.co\/portal\/#website"},"primaryImageOfPage":{"@id":"https:\/\/www.ucaldas.edu.co\/portal\/proyecto-u-de-caldas-obtuvo-primer-puesto-en-premio-internacional-de-investigacion-en-salud\/#primaryimage"},"image":{"@id":"https:\/\/www.ucaldas.edu.co\/portal\/proyecto-u-de-caldas-obtuvo-primer-puesto-en-premio-internacional-de-investigacion-en-salud\/#primaryimage"},"thumbnailUrl":"http:\/\/www.ucaldas.edu.co\/images\/tmp\/proyecto_adulto_mayor_2012.jpg","datePublished":"2012-11-22T20:26:04+00:00","breadcrumb":{"@id":"https:\/\/www.ucaldas.edu.co\/portal\/proyecto-u-de-caldas-obtuvo-primer-puesto-en-premio-internacional-de-investigacion-en-salud\/#breadcrumb"},"inLanguage":"es","potentialAction":[{"@type":"ReadAction","target":["https:\/\/www.ucaldas.edu.co\/portal\/proyecto-u-de-caldas-obtuvo-primer-puesto-en-premio-internacional-de-investigacion-en-salud\/"]}]},{"@type":"ImageObject","inLanguage":"es","@id":"https:\/\/www.ucaldas.edu.co\/portal\/proyecto-u-de-caldas-obtuvo-primer-puesto-en-premio-internacional-de-investigacion-en-salud\/#primaryimage","url":"http:\/\/www.ucaldas.edu.co\/images\/tmp\/proyecto_adulto_mayor_2012.jpg","contentUrl":"http:\/\/www.ucaldas.edu.co\/images\/tmp\/proyecto_adulto_mayor_2012.jpg"},{"@type":"BreadcrumbList","@id":"https:\/\/www.ucaldas.edu.co\/portal\/proyecto-u-de-caldas-obtuvo-primer-puesto-en-premio-internacional-de-investigacion-en-salud\/#breadcrumb","itemListElement":[{"@type":"ListItem","position":1,"name":"Portada","item":"https:\/\/www.ucaldas.edu.co\/portal\/"},{"@type":"ListItem","position":2,"name":"Proyecto U. de Caldas obtuvo primer puesto en premio internacional de investigaci\u00f3n en salud"}]},{"@type":"WebSite","@id":"https:\/\/www.ucaldas.edu.co\/portal\/#website","url":"https:\/\/www.ucaldas.edu.co\/portal\/","name":"Universidad de Caldas","description":"","publisher":{"@id":"https:\/\/www.ucaldas.edu.co\/portal\/#organization"},"alternateName":"U. de Caldas","potentialAction":[{"@type":"SearchAction","target":{"@type":"EntryPoint","urlTemplate":"https:\/\/www.ucaldas.edu.co\/portal\/?s={search_term_string}"},"query-input":{"@type":"PropertyValueSpecification","valueRequired":true,"valueName":"search_term_string"}}],"inLanguage":"es"},{"@type":"Organization","@id":"https:\/\/www.ucaldas.edu.co\/portal\/#organization","name":"Universidad de Caldas","alternateName":"U. de Caldas","url":"https:\/\/www.ucaldas.edu.co\/portal\/","logo":{"@type":"ImageObject","inLanguage":"es","@id":"https:\/\/www.ucaldas.edu.co\/portal\/#\/schema\/logo\/image\/","url":"https:\/\/www.ucaldas.edu.co\/portal\/wp-content\/uploads\/2023\/11\/Logo_horizontal_oscuroU-2023.png","contentUrl":"https:\/\/www.ucaldas.edu.co\/portal\/wp-content\/uploads\/2023\/11\/Logo_horizontal_oscuroU-2023.png","width":263,"height":101,"caption":"Universidad de Caldas"},"image":{"@id":"https:\/\/www.ucaldas.edu.co\/portal\/#\/schema\/logo\/image\/"},"sameAs":["https:\/\/www.facebook.com\/udecaldas","https:\/\/x.com\/udecaldas","https:\/\/www.youtube.com\/universidadcaldas","https:\/\/www.instagram.com\/udecaldas\/"]},{"@type":"Person","@id":"https:\/\/www.ucaldas.edu.co\/portal\/#\/schema\/person\/a1b482e23449158b4bc319926c074fdf","name":"ofiprensa","image":{"@type":"ImageObject","inLanguage":"es","@id":"https:\/\/www.ucaldas.edu.co\/portal\/wp-content\/litespeed\/avatar\/09ea5085e600095a7a811142c6944527.jpg?ver=1777497608","url":"https:\/\/www.ucaldas.edu.co\/portal\/wp-content\/litespeed\/avatar\/09ea5085e600095a7a811142c6944527.jpg?ver=1777497608","contentUrl":"https:\/\/www.ucaldas.edu.co\/portal\/wp-content\/litespeed\/avatar\/09ea5085e600095a7a811142c6944527.jpg?ver=1777497608","caption":"ofiprensa"},"url":"https:\/\/www.ucaldas.edu.co\/portal\/author\/ofiprensa\/"}]}},"_links":{"self":[{"href":"https:\/\/www.ucaldas.edu.co\/portal\/wp-json\/wp\/v2\/posts\/14247","targetHints":{"allow":["GET"]}}],"collection":[{"href":"https:\/\/www.ucaldas.edu.co\/portal\/wp-json\/wp\/v2\/posts"}],"about":[{"href":"https:\/\/www.ucaldas.edu.co\/portal\/wp-json\/wp\/v2\/types\/post"}],"author":[{"embeddable":true,"href":"https:\/\/www.ucaldas.edu.co\/portal\/wp-json\/wp\/v2\/users\/2"}],"replies":[{"embeddable":true,"href":"https:\/\/www.ucaldas.edu.co\/portal\/wp-json\/wp\/v2\/comments?post=14247"}],"version-history":[{"count":0,"href":"https:\/\/www.ucaldas.edu.co\/portal\/wp-json\/wp\/v2\/posts\/14247\/revisions"}],"wp:attachment":[{"href":"https:\/\/www.ucaldas.edu.co\/portal\/wp-json\/wp\/v2\/media?parent=14247"}],"wp:term":[{"taxonomy":"category","embeddable":true,"href":"https:\/\/www.ucaldas.edu.co\/portal\/wp-json\/wp\/v2\/categories?post=14247"},{"taxonomy":"post_tag","embeddable":true,"href":"https:\/\/www.ucaldas.edu.co\/portal\/wp-json\/wp\/v2\/tags?post=14247"}],"curies":[{"name":"wp","href":"https:\/\/api.w.org\/{rel}","templated":true}]}}