{"id":14245,"date":"2012-11-22T15:25:12","date_gmt":"2012-11-22T20:25:12","guid":{"rendered":"https:\/\/www.ucaldas.edu.co\/portal\/?p=14245"},"modified":"2012-11-22T15:25:12","modified_gmt":"2012-11-22T20:25:12","slug":"periodista-u-de-caldas-presenta-sonidos-del-paisaje-para-narrar-la-region","status":"publish","type":"post","link":"https:\/\/www.ucaldas.edu.co\/portal\/periodista-u-de-caldas-presenta-sonidos-del-paisaje-para-narrar-la-region\/","title":{"rendered":"Periodista U. de Caldas presenta Sonidos del Paisaje, para narrar la regi\u00f3n"},"content":{"rendered":"<p align=\"center\">Desde este viernes escuche el paisaje, observe sus sonidos<\/p>\n<p align=\"center\"><b>\u00a0<\/b><\/p>\n<p align=\"right\">\n<p align=\"right\">22\/11\/2012<\/p>\n<hr \/>\n<p align=\"right\">Redacci\u00f3n: Mar\u00eda Fernanda Restrepo Torres<\/p>\n<p>&nbsp;<\/p>\n<table border=\"0\">\n<tbody>\n<tr>\n<td><img loading=\"lazy\" decoding=\"async\" style=\"border: 0px\" title=\"PCC\" alt=\"PCC\" src=\"http:\/\/www.ucaldas.edu.co\/images\/tmp\/sonidosdelpaisaje.jpg\" width=\"240\" height=\"150\" border=\"0\" \/><\/td>\n<td><b>Entre los 11 proyectos seleccionados<\/b> en la <b>convocatoria para narrar el Paisaje Cultural Cafetero<\/b> (PCC), del <b>Proyecto de Comunicaci\u00f3n y Territorio para el PCC<\/b>, conformado por el <b>Ministerio de Cultura y la Federaci\u00f3n Nacional de Cafeteros<\/b>, se encuentra una <b>propuesta sonora<\/b> de Margarita Mar\u00eda Laverde Galvis, <b>Periodista<\/b> de la <b>Oficina de Prensa<\/b> de la <b>Universidad de Caldas<\/b>.<\/td>\n<\/tr>\n<\/tbody>\n<\/table>\n<p>&nbsp;<\/p>\n<p>&nbsp;<\/p>\n<p>La <b>iniciativa, denominada Sonidos del Paisaje<\/b>, busca contribuir a la valoraci\u00f3n, difusi\u00f3n y apropiaci\u00f3n social del PCC, que hace poco m\u00e1s de un a\u00f1o fue declarado patrimonio de la humanidad por la Lista de Patrimonio Mundial de la Organizaci\u00f3n de las Naciones Unidas para la Educaci\u00f3n, la Ciencia y la Tecnolog\u00eda (Unesco).<\/p>\n<p>&nbsp;<\/p>\n<p>\u201cEstas piezas sonoras son el resultado de la investigaci\u00f3n, acercamiento, captura y proceso\u00a0 de algunas de las muchas\u00a0 cotidianidades y simbolog\u00edas que tambi\u00e9n hacen parte del Paisaje Cultural Cafetero. Queremos antojarlo\u201d, dijo Laverde Galvis.<\/p>\n<p>&nbsp;<\/p>\n<p>Se trata de paisajes sonoros sobre el recorrido de una chiva, la plaza del pueblo, el encuentro de amigos en un bar, la Catedral Bas\u00edlica Metropolitana Nuestra Se\u00f1ora del Rosario de Manizales, el Volc\u00e1n Nevado del Ru\u00edz, la visi\u00f3n de la ciudad a trav\u00e9s de un cantante urbano, el Sombrero Aguade\u00f1o, el Ron Viejo de Caldas, la recolecci\u00f3n del Caf\u00e9 y el deporte de la regi\u00f3n.<\/p>\n<p>&nbsp;<\/p>\n<p><b>Escuche los sonidos del paisaje<br \/>\n<\/b>A <b>partir de este viernes 23 de noviembre<\/b> del 2012 <b>podr\u00e1 escuchar los Sonidos del Paisaje<\/b>, a trav\u00e9s de las emisoras <b>Caldas FM, Red Sonora y La Cari\u00f1osa, de RCN.<\/b><\/p>\n<p>&nbsp;<\/p>\n<p>Por otra parte, este <b>s\u00e1bado 27 de noviembre<\/b>, podr\u00e1 escuchar una entrevista sobre este trabajo sonoro en el <b>programa radial El Viaje,<\/b> espacio de divulgaci\u00f3n de la U. de Caldas, <b>a las 8:30 a.m. en el dial 1450 a.m. de La Cari\u00f1osa, de RCN.<\/b><\/p>\n<p><b>\u00a0<\/b><\/p>\n<p><b>Apoyo<\/b><br \/>\n\u201cAgradezco a Adriana G\u00f3mez \u00c1lzate, Directora de la Maestr\u00eda en Dise\u00f1o y Creaci\u00f3n Interactiva de la U. de Caldas, quien fue invitada al primer encuentro y quien extendi\u00f3 la invitaci\u00f3n a Carlos Eduardo Garc\u00eda Cort\u00e9s, Jefe de Prensa de la Instituci\u00f3n. Este proceso es el resultado de mi participaci\u00f3n en los dos talleres\u201d, coment\u00f3 la periodista.<\/p>\n<p>&nbsp;<\/p>\n<p>El grupo <b>de trabajo lo integran Laverde Galvis<\/b>, <b>Mauricio Cardona Jim\u00e9nez; Realizador y Dise\u00f1ador Sonoro, y Diana Carolina Reina L\u00f3pez, Comunicadora Social y Periodista<\/b>.<\/p>\n<p>&nbsp;<\/p>\n<p>El <b>equipo agradece a la Universidad de Caldas<\/b>, a trav\u00e9s de su <b>Vicerrector\u00eda de Proyecci\u00f3n Universitaria, Consultorio de Dise\u00f1o Visual, Oficina de Prensa<\/b> y <b>Oficina de Internacionalizaci\u00f3n<\/b>, por el apoyo en el proceso.<\/p>\n<p>&nbsp;<\/p>\n<p><b>Contexto<\/b><\/p>\n<p>En total se presentaron 126 propuestas de creadores de contenidos, de las cuales inicialmente se seleccionaron 60 para participar en el primer Encuentro de Comunicaci\u00f3n, Cultura y Patrimonio del Paisaje Cultural Cafetero, realizado en Pereira los d\u00edas 2 y 3 de agosto de este a\u00f1o (<a href=\"http:\/\/desarrollo.ucaldas.edu.co\/archivo\/index.php?option=com_content&amp;view=article&amp;id=7543:somos-quienes-debemos-contar-la-historia-del-paisaje-cultural-cafeteroq-german-franco&amp;catid=419:universidad-al-dia&amp;Itemid=1039\" target=\"_blank\">ver nota<\/a>).<\/p>\n<p>&nbsp;<\/p>\n<p>Posteriormente, 55 de estos creadores participaron en la ciudad de Manizales, entre el 12 y 14 de septiembre, en un taller sobre dise\u00f1o de proyectos de comunicaci\u00f3n, denominado Distintas maneras de narrar el PCC (<a href=\"http:\/\/desarrollo.ucaldas.edu.co\/archivo\/index.php?option=com_content&amp;view=article&amp;catid=419%3Auniversidad-al-dia&amp;id=7738%3A-ministerio-de-cultura-capacita-a-creadores-sobre-formas-de-narrar-paisaje-cultural-cafetero&amp;Itemid=1039\" target=\"_blank\">ver nota<\/a>).<\/p>\n<p>&nbsp;<\/p>\n<p><a href=\"http:\/\/www.facebook.com\/media\/set\/?set=a.437528589642345.104894.107054166023124&amp;type=3\" target=\"_blank\">Conozca im\u00e1genes del proceso de realizaci\u00f3n de los Sonidos del Paisaje<\/a><\/p>\n<p>&nbsp;<\/p>\n<p><b>Informes: <\/b>Oficina de Prensa, tel\u00e9fono 878 15 00, extensi\u00f3n 12 167.<\/p>\n","protected":false},"excerpt":{"rendered":"<p>Desde este viernes escuche el paisaje, observe sus sonidos \u00a0 22\/11\/2012 Redacci\u00f3n: Mar\u00eda Fernanda Restrepo Torres &nbsp; Entre los 11 proyectos seleccionados en la convocatoria para narrar el Paisaje Cultural Cafetero (PCC), del Proyecto de Comunicaci\u00f3n y Territorio para el PCC, conformado por el Ministerio de Cultura y la Federaci\u00f3n Nacional de Cafeteros, se encuentra [&hellip;]<\/p>\n","protected":false},"author":2,"featured_media":0,"comment_status":"closed","ping_status":"closed","sticky":false,"template":"","format":"standard","meta":{"footnotes":""},"categories":[48,53],"tags":[],"class_list":["post-14245","post","type-post","status-publish","format-standard","hentry","category-actualidad","category-universidad-al-dia"],"yoast_head":"<!-- This site is optimized with the Yoast SEO plugin v27.5 - https:\/\/yoast.com\/product\/yoast-seo-wordpress\/ -->\n<title>Periodista U. de Caldas presenta Sonidos del Paisaje, para narrar la regi\u00f3n .<\/title>\n<meta name=\"robots\" content=\"index, follow, max-snippet:-1, max-image-preview:large, max-video-preview:-1\" \/>\n<link rel=\"canonical\" href=\"https:\/\/www.ucaldas.edu.co\/portal\/periodista-u-de-caldas-presenta-sonidos-del-paisaje-para-narrar-la-region\/\" \/>\n<script type=\"application\/ld+json\" class=\"yoast-schema-graph\">{\"@context\":\"https:\\\/\\\/schema.org\",\"@graph\":[{\"@type\":\"Article\",\"@id\":\"https:\\\/\\\/www.ucaldas.edu.co\\\/portal\\\/periodista-u-de-caldas-presenta-sonidos-del-paisaje-para-narrar-la-region\\\/#article\",\"isPartOf\":{\"@id\":\"https:\\\/\\\/www.ucaldas.edu.co\\\/portal\\\/periodista-u-de-caldas-presenta-sonidos-del-paisaje-para-narrar-la-region\\\/\"},\"author\":{\"name\":\"ofiprensa\",\"@id\":\"https:\\\/\\\/www.ucaldas.edu.co\\\/portal\\\/#\\\/schema\\\/person\\\/a1b482e23449158b4bc319926c074fdf\"},\"headline\":\"Periodista U. de Caldas presenta Sonidos del Paisaje, para narrar la regi\u00f3n\",\"datePublished\":\"2012-11-22T20:25:12+00:00\",\"mainEntityOfPage\":{\"@id\":\"https:\\\/\\\/www.ucaldas.edu.co\\\/portal\\\/periodista-u-de-caldas-presenta-sonidos-del-paisaje-para-narrar-la-region\\\/\"},\"wordCount\":588,\"publisher\":{\"@id\":\"https:\\\/\\\/www.ucaldas.edu.co\\\/portal\\\/#organization\"},\"image\":{\"@id\":\"https:\\\/\\\/www.ucaldas.edu.co\\\/portal\\\/periodista-u-de-caldas-presenta-sonidos-del-paisaje-para-narrar-la-region\\\/#primaryimage\"},\"thumbnailUrl\":\"http:\\\/\\\/www.ucaldas.edu.co\\\/images\\\/tmp\\\/sonidosdelpaisaje.jpg\",\"articleSection\":[\"Actualidad\",\"Universidad al D\u00eda\"],\"inLanguage\":\"es\"},{\"@type\":\"WebPage\",\"@id\":\"https:\\\/\\\/www.ucaldas.edu.co\\\/portal\\\/periodista-u-de-caldas-presenta-sonidos-del-paisaje-para-narrar-la-region\\\/\",\"url\":\"https:\\\/\\\/www.ucaldas.edu.co\\\/portal\\\/periodista-u-de-caldas-presenta-sonidos-del-paisaje-para-narrar-la-region\\\/\",\"name\":\"Periodista U. de Caldas presenta Sonidos del Paisaje, para narrar la regi\u00f3n .\",\"isPartOf\":{\"@id\":\"https:\\\/\\\/www.ucaldas.edu.co\\\/portal\\\/#website\"},\"primaryImageOfPage\":{\"@id\":\"https:\\\/\\\/www.ucaldas.edu.co\\\/portal\\\/periodista-u-de-caldas-presenta-sonidos-del-paisaje-para-narrar-la-region\\\/#primaryimage\"},\"image\":{\"@id\":\"https:\\\/\\\/www.ucaldas.edu.co\\\/portal\\\/periodista-u-de-caldas-presenta-sonidos-del-paisaje-para-narrar-la-region\\\/#primaryimage\"},\"thumbnailUrl\":\"http:\\\/\\\/www.ucaldas.edu.co\\\/images\\\/tmp\\\/sonidosdelpaisaje.jpg\",\"datePublished\":\"2012-11-22T20:25:12+00:00\",\"breadcrumb\":{\"@id\":\"https:\\\/\\\/www.ucaldas.edu.co\\\/portal\\\/periodista-u-de-caldas-presenta-sonidos-del-paisaje-para-narrar-la-region\\\/#breadcrumb\"},\"inLanguage\":\"es\",\"potentialAction\":[{\"@type\":\"ReadAction\",\"target\":[\"https:\\\/\\\/www.ucaldas.edu.co\\\/portal\\\/periodista-u-de-caldas-presenta-sonidos-del-paisaje-para-narrar-la-region\\\/\"]}]},{\"@type\":\"ImageObject\",\"inLanguage\":\"es\",\"@id\":\"https:\\\/\\\/www.ucaldas.edu.co\\\/portal\\\/periodista-u-de-caldas-presenta-sonidos-del-paisaje-para-narrar-la-region\\\/#primaryimage\",\"url\":\"http:\\\/\\\/www.ucaldas.edu.co\\\/images\\\/tmp\\\/sonidosdelpaisaje.jpg\",\"contentUrl\":\"http:\\\/\\\/www.ucaldas.edu.co\\\/images\\\/tmp\\\/sonidosdelpaisaje.jpg\"},{\"@type\":\"BreadcrumbList\",\"@id\":\"https:\\\/\\\/www.ucaldas.edu.co\\\/portal\\\/periodista-u-de-caldas-presenta-sonidos-del-paisaje-para-narrar-la-region\\\/#breadcrumb\",\"itemListElement\":[{\"@type\":\"ListItem\",\"position\":1,\"name\":\"Portada\",\"item\":\"https:\\\/\\\/www.ucaldas.edu.co\\\/portal\\\/\"},{\"@type\":\"ListItem\",\"position\":2,\"name\":\"Periodista U. de Caldas presenta Sonidos del Paisaje, para narrar la regi\u00f3n\"}]},{\"@type\":\"WebSite\",\"@id\":\"https:\\\/\\\/www.ucaldas.edu.co\\\/portal\\\/#website\",\"url\":\"https:\\\/\\\/www.ucaldas.edu.co\\\/portal\\\/\",\"name\":\"Universidad de Caldas\",\"description\":\"\",\"publisher\":{\"@id\":\"https:\\\/\\\/www.ucaldas.edu.co\\\/portal\\\/#organization\"},\"alternateName\":\"U. de Caldas\",\"potentialAction\":[{\"@type\":\"SearchAction\",\"target\":{\"@type\":\"EntryPoint\",\"urlTemplate\":\"https:\\\/\\\/www.ucaldas.edu.co\\\/portal\\\/?s={search_term_string}\"},\"query-input\":{\"@type\":\"PropertyValueSpecification\",\"valueRequired\":true,\"valueName\":\"search_term_string\"}}],\"inLanguage\":\"es\"},{\"@type\":\"Organization\",\"@id\":\"https:\\\/\\\/www.ucaldas.edu.co\\\/portal\\\/#organization\",\"name\":\"Universidad de Caldas\",\"alternateName\":\"U. de Caldas\",\"url\":\"https:\\\/\\\/www.ucaldas.edu.co\\\/portal\\\/\",\"logo\":{\"@type\":\"ImageObject\",\"inLanguage\":\"es\",\"@id\":\"https:\\\/\\\/www.ucaldas.edu.co\\\/portal\\\/#\\\/schema\\\/logo\\\/image\\\/\",\"url\":\"https:\\\/\\\/www.ucaldas.edu.co\\\/portal\\\/wp-content\\\/uploads\\\/2023\\\/11\\\/Logo_horizontal_oscuroU-2023.png\",\"contentUrl\":\"https:\\\/\\\/www.ucaldas.edu.co\\\/portal\\\/wp-content\\\/uploads\\\/2023\\\/11\\\/Logo_horizontal_oscuroU-2023.png\",\"width\":263,\"height\":101,\"caption\":\"Universidad de Caldas\"},\"image\":{\"@id\":\"https:\\\/\\\/www.ucaldas.edu.co\\\/portal\\\/#\\\/schema\\\/logo\\\/image\\\/\"},\"sameAs\":[\"https:\\\/\\\/www.facebook.com\\\/udecaldas\",\"https:\\\/\\\/x.com\\\/udecaldas\",\"https:\\\/\\\/www.youtube.com\\\/universidadcaldas\",\"https:\\\/\\\/www.instagram.com\\\/udecaldas\\\/\"]},{\"@type\":\"Person\",\"@id\":\"https:\\\/\\\/www.ucaldas.edu.co\\\/portal\\\/#\\\/schema\\\/person\\\/a1b482e23449158b4bc319926c074fdf\",\"name\":\"ofiprensa\",\"image\":{\"@type\":\"ImageObject\",\"inLanguage\":\"es\",\"@id\":\"https:\\\/\\\/www.ucaldas.edu.co\\\/portal\\\/wp-content\\\/litespeed\\\/avatar\\\/09ea5085e600095a7a811142c6944527.jpg?ver=1777497608\",\"url\":\"https:\\\/\\\/www.ucaldas.edu.co\\\/portal\\\/wp-content\\\/litespeed\\\/avatar\\\/09ea5085e600095a7a811142c6944527.jpg?ver=1777497608\",\"contentUrl\":\"https:\\\/\\\/www.ucaldas.edu.co\\\/portal\\\/wp-content\\\/litespeed\\\/avatar\\\/09ea5085e600095a7a811142c6944527.jpg?ver=1777497608\",\"caption\":\"ofiprensa\"},\"url\":\"https:\\\/\\\/www.ucaldas.edu.co\\\/portal\\\/author\\\/ofiprensa\\\/\"}]}<\/script>\n<!-- \/ Yoast SEO plugin. -->","yoast_head_json":{"title":"Periodista U. de Caldas presenta Sonidos del Paisaje, para narrar la regi\u00f3n .","robots":{"index":"index","follow":"follow","max-snippet":"max-snippet:-1","max-image-preview":"max-image-preview:large","max-video-preview":"max-video-preview:-1"},"canonical":"https:\/\/www.ucaldas.edu.co\/portal\/periodista-u-de-caldas-presenta-sonidos-del-paisaje-para-narrar-la-region\/","schema":{"@context":"https:\/\/schema.org","@graph":[{"@type":"Article","@id":"https:\/\/www.ucaldas.edu.co\/portal\/periodista-u-de-caldas-presenta-sonidos-del-paisaje-para-narrar-la-region\/#article","isPartOf":{"@id":"https:\/\/www.ucaldas.edu.co\/portal\/periodista-u-de-caldas-presenta-sonidos-del-paisaje-para-narrar-la-region\/"},"author":{"name":"ofiprensa","@id":"https:\/\/www.ucaldas.edu.co\/portal\/#\/schema\/person\/a1b482e23449158b4bc319926c074fdf"},"headline":"Periodista U. de Caldas presenta Sonidos del Paisaje, para narrar la regi\u00f3n","datePublished":"2012-11-22T20:25:12+00:00","mainEntityOfPage":{"@id":"https:\/\/www.ucaldas.edu.co\/portal\/periodista-u-de-caldas-presenta-sonidos-del-paisaje-para-narrar-la-region\/"},"wordCount":588,"publisher":{"@id":"https:\/\/www.ucaldas.edu.co\/portal\/#organization"},"image":{"@id":"https:\/\/www.ucaldas.edu.co\/portal\/periodista-u-de-caldas-presenta-sonidos-del-paisaje-para-narrar-la-region\/#primaryimage"},"thumbnailUrl":"http:\/\/www.ucaldas.edu.co\/images\/tmp\/sonidosdelpaisaje.jpg","articleSection":["Actualidad","Universidad al D\u00eda"],"inLanguage":"es"},{"@type":"WebPage","@id":"https:\/\/www.ucaldas.edu.co\/portal\/periodista-u-de-caldas-presenta-sonidos-del-paisaje-para-narrar-la-region\/","url":"https:\/\/www.ucaldas.edu.co\/portal\/periodista-u-de-caldas-presenta-sonidos-del-paisaje-para-narrar-la-region\/","name":"Periodista U. de Caldas presenta Sonidos del Paisaje, para narrar la regi\u00f3n .","isPartOf":{"@id":"https:\/\/www.ucaldas.edu.co\/portal\/#website"},"primaryImageOfPage":{"@id":"https:\/\/www.ucaldas.edu.co\/portal\/periodista-u-de-caldas-presenta-sonidos-del-paisaje-para-narrar-la-region\/#primaryimage"},"image":{"@id":"https:\/\/www.ucaldas.edu.co\/portal\/periodista-u-de-caldas-presenta-sonidos-del-paisaje-para-narrar-la-region\/#primaryimage"},"thumbnailUrl":"http:\/\/www.ucaldas.edu.co\/images\/tmp\/sonidosdelpaisaje.jpg","datePublished":"2012-11-22T20:25:12+00:00","breadcrumb":{"@id":"https:\/\/www.ucaldas.edu.co\/portal\/periodista-u-de-caldas-presenta-sonidos-del-paisaje-para-narrar-la-region\/#breadcrumb"},"inLanguage":"es","potentialAction":[{"@type":"ReadAction","target":["https:\/\/www.ucaldas.edu.co\/portal\/periodista-u-de-caldas-presenta-sonidos-del-paisaje-para-narrar-la-region\/"]}]},{"@type":"ImageObject","inLanguage":"es","@id":"https:\/\/www.ucaldas.edu.co\/portal\/periodista-u-de-caldas-presenta-sonidos-del-paisaje-para-narrar-la-region\/#primaryimage","url":"http:\/\/www.ucaldas.edu.co\/images\/tmp\/sonidosdelpaisaje.jpg","contentUrl":"http:\/\/www.ucaldas.edu.co\/images\/tmp\/sonidosdelpaisaje.jpg"},{"@type":"BreadcrumbList","@id":"https:\/\/www.ucaldas.edu.co\/portal\/periodista-u-de-caldas-presenta-sonidos-del-paisaje-para-narrar-la-region\/#breadcrumb","itemListElement":[{"@type":"ListItem","position":1,"name":"Portada","item":"https:\/\/www.ucaldas.edu.co\/portal\/"},{"@type":"ListItem","position":2,"name":"Periodista U. de Caldas presenta Sonidos del Paisaje, para narrar la regi\u00f3n"}]},{"@type":"WebSite","@id":"https:\/\/www.ucaldas.edu.co\/portal\/#website","url":"https:\/\/www.ucaldas.edu.co\/portal\/","name":"Universidad de Caldas","description":"","publisher":{"@id":"https:\/\/www.ucaldas.edu.co\/portal\/#organization"},"alternateName":"U. de Caldas","potentialAction":[{"@type":"SearchAction","target":{"@type":"EntryPoint","urlTemplate":"https:\/\/www.ucaldas.edu.co\/portal\/?s={search_term_string}"},"query-input":{"@type":"PropertyValueSpecification","valueRequired":true,"valueName":"search_term_string"}}],"inLanguage":"es"},{"@type":"Organization","@id":"https:\/\/www.ucaldas.edu.co\/portal\/#organization","name":"Universidad de Caldas","alternateName":"U. de Caldas","url":"https:\/\/www.ucaldas.edu.co\/portal\/","logo":{"@type":"ImageObject","inLanguage":"es","@id":"https:\/\/www.ucaldas.edu.co\/portal\/#\/schema\/logo\/image\/","url":"https:\/\/www.ucaldas.edu.co\/portal\/wp-content\/uploads\/2023\/11\/Logo_horizontal_oscuroU-2023.png","contentUrl":"https:\/\/www.ucaldas.edu.co\/portal\/wp-content\/uploads\/2023\/11\/Logo_horizontal_oscuroU-2023.png","width":263,"height":101,"caption":"Universidad de Caldas"},"image":{"@id":"https:\/\/www.ucaldas.edu.co\/portal\/#\/schema\/logo\/image\/"},"sameAs":["https:\/\/www.facebook.com\/udecaldas","https:\/\/x.com\/udecaldas","https:\/\/www.youtube.com\/universidadcaldas","https:\/\/www.instagram.com\/udecaldas\/"]},{"@type":"Person","@id":"https:\/\/www.ucaldas.edu.co\/portal\/#\/schema\/person\/a1b482e23449158b4bc319926c074fdf","name":"ofiprensa","image":{"@type":"ImageObject","inLanguage":"es","@id":"https:\/\/www.ucaldas.edu.co\/portal\/wp-content\/litespeed\/avatar\/09ea5085e600095a7a811142c6944527.jpg?ver=1777497608","url":"https:\/\/www.ucaldas.edu.co\/portal\/wp-content\/litespeed\/avatar\/09ea5085e600095a7a811142c6944527.jpg?ver=1777497608","contentUrl":"https:\/\/www.ucaldas.edu.co\/portal\/wp-content\/litespeed\/avatar\/09ea5085e600095a7a811142c6944527.jpg?ver=1777497608","caption":"ofiprensa"},"url":"https:\/\/www.ucaldas.edu.co\/portal\/author\/ofiprensa\/"}]}},"_links":{"self":[{"href":"https:\/\/www.ucaldas.edu.co\/portal\/wp-json\/wp\/v2\/posts\/14245","targetHints":{"allow":["GET"]}}],"collection":[{"href":"https:\/\/www.ucaldas.edu.co\/portal\/wp-json\/wp\/v2\/posts"}],"about":[{"href":"https:\/\/www.ucaldas.edu.co\/portal\/wp-json\/wp\/v2\/types\/post"}],"author":[{"embeddable":true,"href":"https:\/\/www.ucaldas.edu.co\/portal\/wp-json\/wp\/v2\/users\/2"}],"replies":[{"embeddable":true,"href":"https:\/\/www.ucaldas.edu.co\/portal\/wp-json\/wp\/v2\/comments?post=14245"}],"version-history":[{"count":0,"href":"https:\/\/www.ucaldas.edu.co\/portal\/wp-json\/wp\/v2\/posts\/14245\/revisions"}],"wp:attachment":[{"href":"https:\/\/www.ucaldas.edu.co\/portal\/wp-json\/wp\/v2\/media?parent=14245"}],"wp:term":[{"taxonomy":"category","embeddable":true,"href":"https:\/\/www.ucaldas.edu.co\/portal\/wp-json\/wp\/v2\/categories?post=14245"},{"taxonomy":"post_tag","embeddable":true,"href":"https:\/\/www.ucaldas.edu.co\/portal\/wp-json\/wp\/v2\/tags?post=14245"}],"curies":[{"name":"wp","href":"https:\/\/api.w.org\/{rel}","templated":true}]}}