{"id":14243,"date":"2012-11-22T15:24:13","date_gmt":"2012-11-22T20:24:13","guid":{"rendered":"https:\/\/www.ucaldas.edu.co\/portal\/?p=14243"},"modified":"2012-11-22T15:24:13","modified_gmt":"2012-11-22T20:24:13","slug":"jornadas-de-atencion-a-primera-infancia-culminaron-con-exito","status":"publish","type":"post","link":"https:\/\/www.ucaldas.edu.co\/portal\/jornadas-de-atencion-a-primera-infancia-culminaron-con-exito\/","title":{"rendered":"Jornadas de atenci\u00f3n a primera infancia culminaron con \u00e9xito"},"content":{"rendered":"<p align=\"center\">Encuentros se realizaron en diferentes municipios de Caldas<\/p>\n<p align=\"center\">\n<p align=\"right\">\n<p align=\"right\">22\/11\/2012<\/p>\n<hr \/>\n<p align=\"right\">Redacci\u00f3n: Mar\u00eda Fernanda Restrepo Torres<\/p>\n<p>&nbsp;<\/p>\n<table border=\"0\">\n<tbody>\n<tr>\n<td>\u00a0<img loading=\"lazy\" decoding=\"async\" style=\"border: 0px\" title=\"Suma\" alt=\"Suma\" src=\"http:\/\/www.ucaldas.edu.co\/images\/tmp\/jornadasuma.jpg\" width=\"240\" height=\"150\" border=\"0\" \/><\/p>\n<h6>Foto: Alianza Suma Proyecci\u00f3n.<\/h6>\n<\/td>\n<td><b>Gracias<\/b> a la <b>Alianza Suma Proyecci\u00f3n<\/b> -de la cual <b>hace parte<\/b> la <b>Universidad de Caldas<\/b>&#8211; y en <b>asocio con<\/b> la <b>Direcci\u00f3n Territorial de Salud<\/b> del departamento, se <b>realizaron<\/b> las <b>cuatro \u00faltimas jornadas <\/b>de <b>Fortalecimiento<\/b> de la <b>Atenci\u00f3n Integral<\/b> a la <b>Primera Infancia<\/b>, entre el 14 y el 17 de noviembre de 2012.<\/td>\n<\/tr>\n<\/tbody>\n<\/table>\n<p>&nbsp;<\/p>\n<p>&nbsp;<\/p>\n<p><b>Riosucio, Belalc\u00e1zar, Palestina y Chinchin\u00e1<\/b> fueron los municipios en donde se <b>reuni\u00f3 <\/b>la <b>comunidad con practicantes<\/b> y <b>miembros <\/b>de la <b>Coordinaci\u00f3n Ejecutiva<\/b> de <b>Suma Proyecci\u00f3n. <\/b>Los ni\u00f1os fueron evaluados por estudiantes de Enfermer\u00eda, Fisioterapia y Odontolog\u00eda, y participaron en talleres l\u00fadicos organizados por estudiantes de Artes Esc\u00e9nicas de la U. de Caldas.<\/p>\n<p>&nbsp;<\/p>\n<p>Asimismo, los acompa\u00f1antes de los ni\u00f1os recibieron charlas sobre t\u00e9cnicas de crianza, pr\u00e1cticas saludables (vacunaci\u00f3n y lactancia materna), huertas caseras, seguridad alimentaria y consultorio jur\u00eddico, actividades orientadas por estudiantes de Psicolog\u00eda\u00a0 de la U. Antonio Nari\u00f1o; Bacteriolog\u00eda de la U. Cat\u00f3lica y \u00a0Agronom\u00eda, Ingenier\u00eda de Alimentos y Derecho \u00a0de la U. de Caldas.<\/p>\n<p>&nbsp;<\/p>\n<p>El <b>proyecto lleg\u00f3 a mil 726 personas<\/b> en total: <b>907 ni\u00f1os y 819 adultos<\/b>, adem\u00e1s participaron alrededor de 170 estudiantes practicantes.<\/p>\n<p>&nbsp;<\/p>\n<p>Para ver la galer\u00eda de fotos de las Jornadas de Atenci\u00f3n Integral a la Primera Infancia,\u00a0 ingrese a <a href=\"http:\/\/www.facebook.com\/alianzasumaproyeccion\" target=\"_blank\">www.facebook.com\/alianzasumaproyeccion<\/a><\/p>\n<p>&nbsp;<\/p>\n<p><b>Informes:<\/b> Oficina de Prensa, tel\u00e9fono 878 15 00 extensi\u00f3n 12 167.<\/p>\n<p>&nbsp;<\/p>\n","protected":false},"excerpt":{"rendered":"<p>Encuentros se realizaron en diferentes municipios de Caldas 22\/11\/2012 Redacci\u00f3n: Mar\u00eda Fernanda Restrepo Torres &nbsp; \u00a0 Foto: Alianza Suma Proyecci\u00f3n. Gracias a la Alianza Suma Proyecci\u00f3n -de la cual hace parte la Universidad de Caldas&#8211; y en asocio con la Direcci\u00f3n Territorial de Salud del departamento, se realizaron las cuatro \u00faltimas jornadas de Fortalecimiento de [&hellip;]<\/p>\n","protected":false},"author":2,"featured_media":0,"comment_status":"closed","ping_status":"closed","sticky":false,"template":"","format":"standard","meta":{"footnotes":""},"categories":[48,53],"tags":[],"class_list":["post-14243","post","type-post","status-publish","format-standard","hentry","category-actualidad","category-universidad-al-dia"],"yoast_head":"<!-- This site is optimized with the Yoast SEO plugin v27.5 - https:\/\/yoast.com\/product\/yoast-seo-wordpress\/ -->\n<title>Jornadas de atenci\u00f3n a primera infancia culminaron con \u00e9xito .<\/title>\n<meta name=\"robots\" content=\"index, follow, max-snippet:-1, max-image-preview:large, max-video-preview:-1\" \/>\n<link rel=\"canonical\" href=\"https:\/\/www.ucaldas.edu.co\/portal\/jornadas-de-atencion-a-primera-infancia-culminaron-con-exito\/\" \/>\n<script type=\"application\/ld+json\" class=\"yoast-schema-graph\">{\"@context\":\"https:\\\/\\\/schema.org\",\"@graph\":[{\"@type\":\"Article\",\"@id\":\"https:\\\/\\\/www.ucaldas.edu.co\\\/portal\\\/jornadas-de-atencion-a-primera-infancia-culminaron-con-exito\\\/#article\",\"isPartOf\":{\"@id\":\"https:\\\/\\\/www.ucaldas.edu.co\\\/portal\\\/jornadas-de-atencion-a-primera-infancia-culminaron-con-exito\\\/\"},\"author\":{\"name\":\"ofiprensa\",\"@id\":\"https:\\\/\\\/www.ucaldas.edu.co\\\/portal\\\/#\\\/schema\\\/person\\\/a1b482e23449158b4bc319926c074fdf\"},\"headline\":\"Jornadas de atenci\u00f3n a primera infancia culminaron con \u00e9xito\",\"datePublished\":\"2012-11-22T20:24:13+00:00\",\"mainEntityOfPage\":{\"@id\":\"https:\\\/\\\/www.ucaldas.edu.co\\\/portal\\\/jornadas-de-atencion-a-primera-infancia-culminaron-con-exito\\\/\"},\"wordCount\":266,\"publisher\":{\"@id\":\"https:\\\/\\\/www.ucaldas.edu.co\\\/portal\\\/#organization\"},\"image\":{\"@id\":\"https:\\\/\\\/www.ucaldas.edu.co\\\/portal\\\/jornadas-de-atencion-a-primera-infancia-culminaron-con-exito\\\/#primaryimage\"},\"thumbnailUrl\":\"http:\\\/\\\/www.ucaldas.edu.co\\\/images\\\/tmp\\\/jornadasuma.jpg\",\"articleSection\":[\"Actualidad\",\"Universidad al D\u00eda\"],\"inLanguage\":\"es\"},{\"@type\":\"WebPage\",\"@id\":\"https:\\\/\\\/www.ucaldas.edu.co\\\/portal\\\/jornadas-de-atencion-a-primera-infancia-culminaron-con-exito\\\/\",\"url\":\"https:\\\/\\\/www.ucaldas.edu.co\\\/portal\\\/jornadas-de-atencion-a-primera-infancia-culminaron-con-exito\\\/\",\"name\":\"Jornadas de atenci\u00f3n a primera infancia culminaron con \u00e9xito .\",\"isPartOf\":{\"@id\":\"https:\\\/\\\/www.ucaldas.edu.co\\\/portal\\\/#website\"},\"primaryImageOfPage\":{\"@id\":\"https:\\\/\\\/www.ucaldas.edu.co\\\/portal\\\/jornadas-de-atencion-a-primera-infancia-culminaron-con-exito\\\/#primaryimage\"},\"image\":{\"@id\":\"https:\\\/\\\/www.ucaldas.edu.co\\\/portal\\\/jornadas-de-atencion-a-primera-infancia-culminaron-con-exito\\\/#primaryimage\"},\"thumbnailUrl\":\"http:\\\/\\\/www.ucaldas.edu.co\\\/images\\\/tmp\\\/jornadasuma.jpg\",\"datePublished\":\"2012-11-22T20:24:13+00:00\",\"breadcrumb\":{\"@id\":\"https:\\\/\\\/www.ucaldas.edu.co\\\/portal\\\/jornadas-de-atencion-a-primera-infancia-culminaron-con-exito\\\/#breadcrumb\"},\"inLanguage\":\"es\",\"potentialAction\":[{\"@type\":\"ReadAction\",\"target\":[\"https:\\\/\\\/www.ucaldas.edu.co\\\/portal\\\/jornadas-de-atencion-a-primera-infancia-culminaron-con-exito\\\/\"]}]},{\"@type\":\"ImageObject\",\"inLanguage\":\"es\",\"@id\":\"https:\\\/\\\/www.ucaldas.edu.co\\\/portal\\\/jornadas-de-atencion-a-primera-infancia-culminaron-con-exito\\\/#primaryimage\",\"url\":\"http:\\\/\\\/www.ucaldas.edu.co\\\/images\\\/tmp\\\/jornadasuma.jpg\",\"contentUrl\":\"http:\\\/\\\/www.ucaldas.edu.co\\\/images\\\/tmp\\\/jornadasuma.jpg\"},{\"@type\":\"BreadcrumbList\",\"@id\":\"https:\\\/\\\/www.ucaldas.edu.co\\\/portal\\\/jornadas-de-atencion-a-primera-infancia-culminaron-con-exito\\\/#breadcrumb\",\"itemListElement\":[{\"@type\":\"ListItem\",\"position\":1,\"name\":\"Portada\",\"item\":\"https:\\\/\\\/www.ucaldas.edu.co\\\/portal\\\/\"},{\"@type\":\"ListItem\",\"position\":2,\"name\":\"Jornadas de atenci\u00f3n a primera infancia culminaron con \u00e9xito\"}]},{\"@type\":\"WebSite\",\"@id\":\"https:\\\/\\\/www.ucaldas.edu.co\\\/portal\\\/#website\",\"url\":\"https:\\\/\\\/www.ucaldas.edu.co\\\/portal\\\/\",\"name\":\"Universidad de Caldas\",\"description\":\"\",\"publisher\":{\"@id\":\"https:\\\/\\\/www.ucaldas.edu.co\\\/portal\\\/#organization\"},\"alternateName\":\"U. de Caldas\",\"potentialAction\":[{\"@type\":\"SearchAction\",\"target\":{\"@type\":\"EntryPoint\",\"urlTemplate\":\"https:\\\/\\\/www.ucaldas.edu.co\\\/portal\\\/?s={search_term_string}\"},\"query-input\":{\"@type\":\"PropertyValueSpecification\",\"valueRequired\":true,\"valueName\":\"search_term_string\"}}],\"inLanguage\":\"es\"},{\"@type\":\"Organization\",\"@id\":\"https:\\\/\\\/www.ucaldas.edu.co\\\/portal\\\/#organization\",\"name\":\"Universidad de Caldas\",\"alternateName\":\"U. de Caldas\",\"url\":\"https:\\\/\\\/www.ucaldas.edu.co\\\/portal\\\/\",\"logo\":{\"@type\":\"ImageObject\",\"inLanguage\":\"es\",\"@id\":\"https:\\\/\\\/www.ucaldas.edu.co\\\/portal\\\/#\\\/schema\\\/logo\\\/image\\\/\",\"url\":\"https:\\\/\\\/www.ucaldas.edu.co\\\/portal\\\/wp-content\\\/uploads\\\/2023\\\/11\\\/Logo_horizontal_oscuroU-2023.png\",\"contentUrl\":\"https:\\\/\\\/www.ucaldas.edu.co\\\/portal\\\/wp-content\\\/uploads\\\/2023\\\/11\\\/Logo_horizontal_oscuroU-2023.png\",\"width\":263,\"height\":101,\"caption\":\"Universidad de Caldas\"},\"image\":{\"@id\":\"https:\\\/\\\/www.ucaldas.edu.co\\\/portal\\\/#\\\/schema\\\/logo\\\/image\\\/\"},\"sameAs\":[\"https:\\\/\\\/www.facebook.com\\\/udecaldas\",\"https:\\\/\\\/x.com\\\/udecaldas\",\"https:\\\/\\\/www.youtube.com\\\/universidadcaldas\",\"https:\\\/\\\/www.instagram.com\\\/udecaldas\\\/\"]},{\"@type\":\"Person\",\"@id\":\"https:\\\/\\\/www.ucaldas.edu.co\\\/portal\\\/#\\\/schema\\\/person\\\/a1b482e23449158b4bc319926c074fdf\",\"name\":\"ofiprensa\",\"image\":{\"@type\":\"ImageObject\",\"inLanguage\":\"es\",\"@id\":\"https:\\\/\\\/www.ucaldas.edu.co\\\/portal\\\/wp-content\\\/litespeed\\\/avatar\\\/09ea5085e600095a7a811142c6944527.jpg?ver=1777497608\",\"url\":\"https:\\\/\\\/www.ucaldas.edu.co\\\/portal\\\/wp-content\\\/litespeed\\\/avatar\\\/09ea5085e600095a7a811142c6944527.jpg?ver=1777497608\",\"contentUrl\":\"https:\\\/\\\/www.ucaldas.edu.co\\\/portal\\\/wp-content\\\/litespeed\\\/avatar\\\/09ea5085e600095a7a811142c6944527.jpg?ver=1777497608\",\"caption\":\"ofiprensa\"},\"url\":\"https:\\\/\\\/www.ucaldas.edu.co\\\/portal\\\/author\\\/ofiprensa\\\/\"}]}<\/script>\n<!-- \/ Yoast SEO plugin. -->","yoast_head_json":{"title":"Jornadas de atenci\u00f3n a primera infancia culminaron con \u00e9xito .","robots":{"index":"index","follow":"follow","max-snippet":"max-snippet:-1","max-image-preview":"max-image-preview:large","max-video-preview":"max-video-preview:-1"},"canonical":"https:\/\/www.ucaldas.edu.co\/portal\/jornadas-de-atencion-a-primera-infancia-culminaron-con-exito\/","schema":{"@context":"https:\/\/schema.org","@graph":[{"@type":"Article","@id":"https:\/\/www.ucaldas.edu.co\/portal\/jornadas-de-atencion-a-primera-infancia-culminaron-con-exito\/#article","isPartOf":{"@id":"https:\/\/www.ucaldas.edu.co\/portal\/jornadas-de-atencion-a-primera-infancia-culminaron-con-exito\/"},"author":{"name":"ofiprensa","@id":"https:\/\/www.ucaldas.edu.co\/portal\/#\/schema\/person\/a1b482e23449158b4bc319926c074fdf"},"headline":"Jornadas de atenci\u00f3n a primera infancia culminaron con \u00e9xito","datePublished":"2012-11-22T20:24:13+00:00","mainEntityOfPage":{"@id":"https:\/\/www.ucaldas.edu.co\/portal\/jornadas-de-atencion-a-primera-infancia-culminaron-con-exito\/"},"wordCount":266,"publisher":{"@id":"https:\/\/www.ucaldas.edu.co\/portal\/#organization"},"image":{"@id":"https:\/\/www.ucaldas.edu.co\/portal\/jornadas-de-atencion-a-primera-infancia-culminaron-con-exito\/#primaryimage"},"thumbnailUrl":"http:\/\/www.ucaldas.edu.co\/images\/tmp\/jornadasuma.jpg","articleSection":["Actualidad","Universidad al D\u00eda"],"inLanguage":"es"},{"@type":"WebPage","@id":"https:\/\/www.ucaldas.edu.co\/portal\/jornadas-de-atencion-a-primera-infancia-culminaron-con-exito\/","url":"https:\/\/www.ucaldas.edu.co\/portal\/jornadas-de-atencion-a-primera-infancia-culminaron-con-exito\/","name":"Jornadas de atenci\u00f3n a primera infancia culminaron con \u00e9xito .","isPartOf":{"@id":"https:\/\/www.ucaldas.edu.co\/portal\/#website"},"primaryImageOfPage":{"@id":"https:\/\/www.ucaldas.edu.co\/portal\/jornadas-de-atencion-a-primera-infancia-culminaron-con-exito\/#primaryimage"},"image":{"@id":"https:\/\/www.ucaldas.edu.co\/portal\/jornadas-de-atencion-a-primera-infancia-culminaron-con-exito\/#primaryimage"},"thumbnailUrl":"http:\/\/www.ucaldas.edu.co\/images\/tmp\/jornadasuma.jpg","datePublished":"2012-11-22T20:24:13+00:00","breadcrumb":{"@id":"https:\/\/www.ucaldas.edu.co\/portal\/jornadas-de-atencion-a-primera-infancia-culminaron-con-exito\/#breadcrumb"},"inLanguage":"es","potentialAction":[{"@type":"ReadAction","target":["https:\/\/www.ucaldas.edu.co\/portal\/jornadas-de-atencion-a-primera-infancia-culminaron-con-exito\/"]}]},{"@type":"ImageObject","inLanguage":"es","@id":"https:\/\/www.ucaldas.edu.co\/portal\/jornadas-de-atencion-a-primera-infancia-culminaron-con-exito\/#primaryimage","url":"http:\/\/www.ucaldas.edu.co\/images\/tmp\/jornadasuma.jpg","contentUrl":"http:\/\/www.ucaldas.edu.co\/images\/tmp\/jornadasuma.jpg"},{"@type":"BreadcrumbList","@id":"https:\/\/www.ucaldas.edu.co\/portal\/jornadas-de-atencion-a-primera-infancia-culminaron-con-exito\/#breadcrumb","itemListElement":[{"@type":"ListItem","position":1,"name":"Portada","item":"https:\/\/www.ucaldas.edu.co\/portal\/"},{"@type":"ListItem","position":2,"name":"Jornadas de atenci\u00f3n a primera infancia culminaron con \u00e9xito"}]},{"@type":"WebSite","@id":"https:\/\/www.ucaldas.edu.co\/portal\/#website","url":"https:\/\/www.ucaldas.edu.co\/portal\/","name":"Universidad de Caldas","description":"","publisher":{"@id":"https:\/\/www.ucaldas.edu.co\/portal\/#organization"},"alternateName":"U. de Caldas","potentialAction":[{"@type":"SearchAction","target":{"@type":"EntryPoint","urlTemplate":"https:\/\/www.ucaldas.edu.co\/portal\/?s={search_term_string}"},"query-input":{"@type":"PropertyValueSpecification","valueRequired":true,"valueName":"search_term_string"}}],"inLanguage":"es"},{"@type":"Organization","@id":"https:\/\/www.ucaldas.edu.co\/portal\/#organization","name":"Universidad de Caldas","alternateName":"U. de Caldas","url":"https:\/\/www.ucaldas.edu.co\/portal\/","logo":{"@type":"ImageObject","inLanguage":"es","@id":"https:\/\/www.ucaldas.edu.co\/portal\/#\/schema\/logo\/image\/","url":"https:\/\/www.ucaldas.edu.co\/portal\/wp-content\/uploads\/2023\/11\/Logo_horizontal_oscuroU-2023.png","contentUrl":"https:\/\/www.ucaldas.edu.co\/portal\/wp-content\/uploads\/2023\/11\/Logo_horizontal_oscuroU-2023.png","width":263,"height":101,"caption":"Universidad de Caldas"},"image":{"@id":"https:\/\/www.ucaldas.edu.co\/portal\/#\/schema\/logo\/image\/"},"sameAs":["https:\/\/www.facebook.com\/udecaldas","https:\/\/x.com\/udecaldas","https:\/\/www.youtube.com\/universidadcaldas","https:\/\/www.instagram.com\/udecaldas\/"]},{"@type":"Person","@id":"https:\/\/www.ucaldas.edu.co\/portal\/#\/schema\/person\/a1b482e23449158b4bc319926c074fdf","name":"ofiprensa","image":{"@type":"ImageObject","inLanguage":"es","@id":"https:\/\/www.ucaldas.edu.co\/portal\/wp-content\/litespeed\/avatar\/09ea5085e600095a7a811142c6944527.jpg?ver=1777497608","url":"https:\/\/www.ucaldas.edu.co\/portal\/wp-content\/litespeed\/avatar\/09ea5085e600095a7a811142c6944527.jpg?ver=1777497608","contentUrl":"https:\/\/www.ucaldas.edu.co\/portal\/wp-content\/litespeed\/avatar\/09ea5085e600095a7a811142c6944527.jpg?ver=1777497608","caption":"ofiprensa"},"url":"https:\/\/www.ucaldas.edu.co\/portal\/author\/ofiprensa\/"}]}},"_links":{"self":[{"href":"https:\/\/www.ucaldas.edu.co\/portal\/wp-json\/wp\/v2\/posts\/14243","targetHints":{"allow":["GET"]}}],"collection":[{"href":"https:\/\/www.ucaldas.edu.co\/portal\/wp-json\/wp\/v2\/posts"}],"about":[{"href":"https:\/\/www.ucaldas.edu.co\/portal\/wp-json\/wp\/v2\/types\/post"}],"author":[{"embeddable":true,"href":"https:\/\/www.ucaldas.edu.co\/portal\/wp-json\/wp\/v2\/users\/2"}],"replies":[{"embeddable":true,"href":"https:\/\/www.ucaldas.edu.co\/portal\/wp-json\/wp\/v2\/comments?post=14243"}],"version-history":[{"count":0,"href":"https:\/\/www.ucaldas.edu.co\/portal\/wp-json\/wp\/v2\/posts\/14243\/revisions"}],"wp:attachment":[{"href":"https:\/\/www.ucaldas.edu.co\/portal\/wp-json\/wp\/v2\/media?parent=14243"}],"wp:term":[{"taxonomy":"category","embeddable":true,"href":"https:\/\/www.ucaldas.edu.co\/portal\/wp-json\/wp\/v2\/categories?post=14243"},{"taxonomy":"post_tag","embeddable":true,"href":"https:\/\/www.ucaldas.edu.co\/portal\/wp-json\/wp\/v2\/tags?post=14243"}],"curies":[{"name":"wp","href":"https:\/\/api.w.org\/{rel}","templated":true}]}}