{"id":14237,"date":"2012-11-21T15:21:28","date_gmt":"2012-11-21T20:21:28","guid":{"rendered":"https:\/\/www.ucaldas.edu.co\/portal\/?p=14237"},"modified":"2012-11-21T15:21:28","modified_gmt":"2012-11-21T20:21:28","slug":"u-de-caldas-aparecera-en-television-japonesa-en-especial-sobre-cultura-cafetera","status":"publish","type":"post","link":"https:\/\/www.ucaldas.edu.co\/portal\/u-de-caldas-aparecera-en-television-japonesa-en-especial-sobre-cultura-cafetera\/","title":{"rendered":"U. de Caldas aparecer\u00e1 en televisi\u00f3n japonesa, en especial sobre cultura cafetera"},"content":{"rendered":"<p>Se trata del programa Banana TV, del Canal Japon\u00e9s Asahi TV<\/p>\n<hr \/>\n<p>&nbsp;<\/p>\n<p align=\"center\">\n<p align=\"right\">\n<p align=\"right\">21\/11\/2012<br \/>\nRedacci\u00f3n: Mar\u00eda Fernanda Restrepo Torres<\/p>\n<p>&nbsp;<\/p>\n<table border=\"0\">\n<tbody>\n<tr>\n<td>&nbsp;<\/p>\n<p><img loading=\"lazy\" decoding=\"async\" style=\"border: 0px\" title=\"U. de Caldas aparecer\u00e1 en televisi\u00f3n japonesa, en especial sobre cultura cafetera\" alt=\"Comercial Asahi\" src=\"http:\/\/www.ucaldas.edu.co\/images\/tmp\/grabacion_japon.jpg\" width=\"240\" height=\"160\" border=\"0\" \/><\/p>\n<h6>Foto: Guillermo Sarmiento\/Prensa U. de Caldas<\/h6>\n<\/td>\n<td>La <b>Universidad de Caldas<\/b> <b>recibi\u00f3<\/b> una <b>delegaci\u00f3n <\/b>del <b>canal japon\u00e9s TV Asahi Corporation<\/b>, quien eligi\u00f3 a la Instituci\u00f3n para realizar im\u00e1genes de video que <b>aparecer\u00e1n<\/b> en el <b>programa Banana TV<\/b>, patrocinado por la bebida Georgia Emerald Mountain, producto elaborado a base de caf\u00e9 colombiano.<\/td>\n<\/tr>\n<\/tbody>\n<\/table>\n<p>&nbsp;<\/p>\n<p>&nbsp;<\/p>\n<p>El <b>rodaje <\/b>se efectu\u00f3 el <b>mi\u00e9rcoles<\/b> <b>21 <\/b>de<b> noviembre<\/b> del 2012 en el <b>Campus Central<\/b> de la <b>U. de Caldas<\/b>, uno de los sitios <b>elegidos<\/b> por los visitantes para <b>realizar la grabaci\u00f3n<\/b> de una <b>emisi\u00f3n especial<\/b> sobre la <b>cultura cafetera colombiana<\/b>. El programa podr\u00e1 verse a finales de diciembre de 2012 y principios de enero de 2013, en <a href=\"http:\/\/www.tv-asahi.co.jp\/\" target=\"_blank\">http:\/\/www.tv-asahi.co.jp\/<\/a><\/p>\n<p>&nbsp;<\/p>\n<p>El <b>comediante japon\u00e9s Eiko Kano<\/b> <b>recorri\u00f3 los diferentes lugares de la U. de Caldas<\/b> y adem\u00e1s se reuni\u00f3 con un grupo de estudiantes de la Instituci\u00f3n, ante quienes hizo una demostraci\u00f3n de <b>comedia japonesa<\/b>.<\/p>\n<p><b>\u00a0<\/b><\/p>\n<p><b>Colombia + Jap\u00f3n<br \/>\n<\/b>Una vez finalizada la grabaci\u00f3n, se ofreci\u00f3 un almuerzo t\u00edpico colombiano a los visitantes. El comediante y uno de los productores del clip comentaron sus impresiones acerca de la visita a la U. de Caldas.<\/p>\n<p><b>\u00a0<\/b><\/p>\n<p><b>Atsushi Tsubota, Presidente de Arco JM (con sede en Bogot\u00e1, Colombia): <\/b>\u201cEn este programa queremos mostrar el cultivo de caf\u00e9 y la cultura colombiana en general.\u00a0 <b>Elegimos la Universidad de Caldas porque quisimos generar un intercambio de ideas con estudiantes<\/b>, son los j\u00f3venes quienes generan la moda y nuestro comediante quiere con ello inspirar m\u00e1s su carrera\u201d.<\/p>\n<p><b>\u00a0<\/b><\/p>\n<p><b>Eiko Kano, comediante japon\u00e9s: <\/b>\u201cTodos nos atendieron muy amablemente, agradecemos mucho el habernos recibido a nosotros los japoneses y cuando regrese a Jap\u00f3n, voy a decir a todos que <b>Colombia es un pa\u00eds hermoso<\/b>\u201d.<\/p>\n<p>&nbsp;<\/p>\n<p>El clip se realiz\u00f3\u00a0con el apoyo de Proexport Colombia, entidad que promueve el turismo, la inversi\u00f3n extranjera y las exportaciones en el pa\u00eds. La\u00a0<b>U. de Caldas<\/b> y el Comit\u00e9 de Cafeteros de Caldas fueron las \u00fanicas dos entidades del departamento que se unieron a esta propuesta.<br \/>\n<a href=\"http:\/\/www.facebook.com\/media\/set\/?set=a.437148853013652.104788.107054166023124&amp;type=1\" target=\"_blank\">Vea im\u00e1genes de la grabaci\u00f3n de Emerald Mountain en la U. de Caldas<\/a><\/p>\n<p><b>Informes: <\/b>Oficina de Prensa, tel\u00e9fono 878 15 00, extensi\u00f3n 12 167.<\/p>\n","protected":false},"excerpt":{"rendered":"<p>Se trata del programa Banana TV, del Canal Japon\u00e9s Asahi TV &nbsp; 21\/11\/2012 Redacci\u00f3n: Mar\u00eda Fernanda Restrepo Torres &nbsp; &nbsp; Foto: Guillermo Sarmiento\/Prensa U. de Caldas La Universidad de Caldas recibi\u00f3 una delegaci\u00f3n del canal japon\u00e9s TV Asahi Corporation, quien eligi\u00f3 a la Instituci\u00f3n para realizar im\u00e1genes de video que aparecer\u00e1n en el programa Banana [&hellip;]<\/p>\n","protected":false},"author":2,"featured_media":0,"comment_status":"closed","ping_status":"closed","sticky":false,"template":"","format":"standard","meta":{"footnotes":""},"categories":[48,53],"tags":[],"class_list":["post-14237","post","type-post","status-publish","format-standard","hentry","category-actualidad","category-universidad-al-dia"],"yoast_head":"<!-- This site is optimized with the Yoast SEO plugin v27.5 - https:\/\/yoast.com\/product\/yoast-seo-wordpress\/ -->\n<title>U. de Caldas aparecer\u00e1 en televisi\u00f3n japonesa, en especial sobre cultura cafetera .<\/title>\n<meta name=\"robots\" content=\"index, follow, max-snippet:-1, max-image-preview:large, max-video-preview:-1\" \/>\n<link rel=\"canonical\" href=\"https:\/\/www.ucaldas.edu.co\/portal\/u-de-caldas-aparecera-en-television-japonesa-en-especial-sobre-cultura-cafetera\/\" \/>\n<script type=\"application\/ld+json\" class=\"yoast-schema-graph\">{\"@context\":\"https:\\\/\\\/schema.org\",\"@graph\":[{\"@type\":\"Article\",\"@id\":\"https:\\\/\\\/www.ucaldas.edu.co\\\/portal\\\/u-de-caldas-aparecera-en-television-japonesa-en-especial-sobre-cultura-cafetera\\\/#article\",\"isPartOf\":{\"@id\":\"https:\\\/\\\/www.ucaldas.edu.co\\\/portal\\\/u-de-caldas-aparecera-en-television-japonesa-en-especial-sobre-cultura-cafetera\\\/\"},\"author\":{\"name\":\"ofiprensa\",\"@id\":\"https:\\\/\\\/www.ucaldas.edu.co\\\/portal\\\/#\\\/schema\\\/person\\\/a1b482e23449158b4bc319926c074fdf\"},\"headline\":\"U. de Caldas aparecer\u00e1 en televisi\u00f3n japonesa, en especial sobre cultura cafetera\",\"datePublished\":\"2012-11-21T20:21:28+00:00\",\"mainEntityOfPage\":{\"@id\":\"https:\\\/\\\/www.ucaldas.edu.co\\\/portal\\\/u-de-caldas-aparecera-en-television-japonesa-en-especial-sobre-cultura-cafetera\\\/\"},\"wordCount\":404,\"publisher\":{\"@id\":\"https:\\\/\\\/www.ucaldas.edu.co\\\/portal\\\/#organization\"},\"image\":{\"@id\":\"https:\\\/\\\/www.ucaldas.edu.co\\\/portal\\\/u-de-caldas-aparecera-en-television-japonesa-en-especial-sobre-cultura-cafetera\\\/#primaryimage\"},\"thumbnailUrl\":\"http:\\\/\\\/www.ucaldas.edu.co\\\/images\\\/tmp\\\/grabacion_japon.jpg\",\"articleSection\":[\"Actualidad\",\"Universidad al D\u00eda\"],\"inLanguage\":\"es\"},{\"@type\":\"WebPage\",\"@id\":\"https:\\\/\\\/www.ucaldas.edu.co\\\/portal\\\/u-de-caldas-aparecera-en-television-japonesa-en-especial-sobre-cultura-cafetera\\\/\",\"url\":\"https:\\\/\\\/www.ucaldas.edu.co\\\/portal\\\/u-de-caldas-aparecera-en-television-japonesa-en-especial-sobre-cultura-cafetera\\\/\",\"name\":\"U. de Caldas aparecer\u00e1 en televisi\u00f3n japonesa, en especial sobre cultura cafetera .\",\"isPartOf\":{\"@id\":\"https:\\\/\\\/www.ucaldas.edu.co\\\/portal\\\/#website\"},\"primaryImageOfPage\":{\"@id\":\"https:\\\/\\\/www.ucaldas.edu.co\\\/portal\\\/u-de-caldas-aparecera-en-television-japonesa-en-especial-sobre-cultura-cafetera\\\/#primaryimage\"},\"image\":{\"@id\":\"https:\\\/\\\/www.ucaldas.edu.co\\\/portal\\\/u-de-caldas-aparecera-en-television-japonesa-en-especial-sobre-cultura-cafetera\\\/#primaryimage\"},\"thumbnailUrl\":\"http:\\\/\\\/www.ucaldas.edu.co\\\/images\\\/tmp\\\/grabacion_japon.jpg\",\"datePublished\":\"2012-11-21T20:21:28+00:00\",\"breadcrumb\":{\"@id\":\"https:\\\/\\\/www.ucaldas.edu.co\\\/portal\\\/u-de-caldas-aparecera-en-television-japonesa-en-especial-sobre-cultura-cafetera\\\/#breadcrumb\"},\"inLanguage\":\"es\",\"potentialAction\":[{\"@type\":\"ReadAction\",\"target\":[\"https:\\\/\\\/www.ucaldas.edu.co\\\/portal\\\/u-de-caldas-aparecera-en-television-japonesa-en-especial-sobre-cultura-cafetera\\\/\"]}]},{\"@type\":\"ImageObject\",\"inLanguage\":\"es\",\"@id\":\"https:\\\/\\\/www.ucaldas.edu.co\\\/portal\\\/u-de-caldas-aparecera-en-television-japonesa-en-especial-sobre-cultura-cafetera\\\/#primaryimage\",\"url\":\"http:\\\/\\\/www.ucaldas.edu.co\\\/images\\\/tmp\\\/grabacion_japon.jpg\",\"contentUrl\":\"http:\\\/\\\/www.ucaldas.edu.co\\\/images\\\/tmp\\\/grabacion_japon.jpg\"},{\"@type\":\"BreadcrumbList\",\"@id\":\"https:\\\/\\\/www.ucaldas.edu.co\\\/portal\\\/u-de-caldas-aparecera-en-television-japonesa-en-especial-sobre-cultura-cafetera\\\/#breadcrumb\",\"itemListElement\":[{\"@type\":\"ListItem\",\"position\":1,\"name\":\"Portada\",\"item\":\"https:\\\/\\\/www.ucaldas.edu.co\\\/portal\\\/\"},{\"@type\":\"ListItem\",\"position\":2,\"name\":\"U. de Caldas aparecer\u00e1 en televisi\u00f3n japonesa, en especial sobre cultura cafetera\"}]},{\"@type\":\"WebSite\",\"@id\":\"https:\\\/\\\/www.ucaldas.edu.co\\\/portal\\\/#website\",\"url\":\"https:\\\/\\\/www.ucaldas.edu.co\\\/portal\\\/\",\"name\":\"Universidad de Caldas\",\"description\":\"\",\"publisher\":{\"@id\":\"https:\\\/\\\/www.ucaldas.edu.co\\\/portal\\\/#organization\"},\"alternateName\":\"U. de Caldas\",\"potentialAction\":[{\"@type\":\"SearchAction\",\"target\":{\"@type\":\"EntryPoint\",\"urlTemplate\":\"https:\\\/\\\/www.ucaldas.edu.co\\\/portal\\\/?s={search_term_string}\"},\"query-input\":{\"@type\":\"PropertyValueSpecification\",\"valueRequired\":true,\"valueName\":\"search_term_string\"}}],\"inLanguage\":\"es\"},{\"@type\":\"Organization\",\"@id\":\"https:\\\/\\\/www.ucaldas.edu.co\\\/portal\\\/#organization\",\"name\":\"Universidad de Caldas\",\"alternateName\":\"U. de Caldas\",\"url\":\"https:\\\/\\\/www.ucaldas.edu.co\\\/portal\\\/\",\"logo\":{\"@type\":\"ImageObject\",\"inLanguage\":\"es\",\"@id\":\"https:\\\/\\\/www.ucaldas.edu.co\\\/portal\\\/#\\\/schema\\\/logo\\\/image\\\/\",\"url\":\"https:\\\/\\\/www.ucaldas.edu.co\\\/portal\\\/wp-content\\\/uploads\\\/2023\\\/11\\\/Logo_horizontal_oscuroU-2023.png\",\"contentUrl\":\"https:\\\/\\\/www.ucaldas.edu.co\\\/portal\\\/wp-content\\\/uploads\\\/2023\\\/11\\\/Logo_horizontal_oscuroU-2023.png\",\"width\":263,\"height\":101,\"caption\":\"Universidad de Caldas\"},\"image\":{\"@id\":\"https:\\\/\\\/www.ucaldas.edu.co\\\/portal\\\/#\\\/schema\\\/logo\\\/image\\\/\"},\"sameAs\":[\"https:\\\/\\\/www.facebook.com\\\/udecaldas\",\"https:\\\/\\\/x.com\\\/udecaldas\",\"https:\\\/\\\/www.youtube.com\\\/universidadcaldas\",\"https:\\\/\\\/www.instagram.com\\\/udecaldas\\\/\"]},{\"@type\":\"Person\",\"@id\":\"https:\\\/\\\/www.ucaldas.edu.co\\\/portal\\\/#\\\/schema\\\/person\\\/a1b482e23449158b4bc319926c074fdf\",\"name\":\"ofiprensa\",\"image\":{\"@type\":\"ImageObject\",\"inLanguage\":\"es\",\"@id\":\"https:\\\/\\\/www.ucaldas.edu.co\\\/portal\\\/wp-content\\\/litespeed\\\/avatar\\\/09ea5085e600095a7a811142c6944527.jpg?ver=1777497608\",\"url\":\"https:\\\/\\\/www.ucaldas.edu.co\\\/portal\\\/wp-content\\\/litespeed\\\/avatar\\\/09ea5085e600095a7a811142c6944527.jpg?ver=1777497608\",\"contentUrl\":\"https:\\\/\\\/www.ucaldas.edu.co\\\/portal\\\/wp-content\\\/litespeed\\\/avatar\\\/09ea5085e600095a7a811142c6944527.jpg?ver=1777497608\",\"caption\":\"ofiprensa\"},\"url\":\"https:\\\/\\\/www.ucaldas.edu.co\\\/portal\\\/author\\\/ofiprensa\\\/\"}]}<\/script>\n<!-- \/ Yoast SEO plugin. -->","yoast_head_json":{"title":"U. de Caldas aparecer\u00e1 en televisi\u00f3n japonesa, en especial sobre cultura cafetera .","robots":{"index":"index","follow":"follow","max-snippet":"max-snippet:-1","max-image-preview":"max-image-preview:large","max-video-preview":"max-video-preview:-1"},"canonical":"https:\/\/www.ucaldas.edu.co\/portal\/u-de-caldas-aparecera-en-television-japonesa-en-especial-sobre-cultura-cafetera\/","schema":{"@context":"https:\/\/schema.org","@graph":[{"@type":"Article","@id":"https:\/\/www.ucaldas.edu.co\/portal\/u-de-caldas-aparecera-en-television-japonesa-en-especial-sobre-cultura-cafetera\/#article","isPartOf":{"@id":"https:\/\/www.ucaldas.edu.co\/portal\/u-de-caldas-aparecera-en-television-japonesa-en-especial-sobre-cultura-cafetera\/"},"author":{"name":"ofiprensa","@id":"https:\/\/www.ucaldas.edu.co\/portal\/#\/schema\/person\/a1b482e23449158b4bc319926c074fdf"},"headline":"U. de Caldas aparecer\u00e1 en televisi\u00f3n japonesa, en especial sobre cultura cafetera","datePublished":"2012-11-21T20:21:28+00:00","mainEntityOfPage":{"@id":"https:\/\/www.ucaldas.edu.co\/portal\/u-de-caldas-aparecera-en-television-japonesa-en-especial-sobre-cultura-cafetera\/"},"wordCount":404,"publisher":{"@id":"https:\/\/www.ucaldas.edu.co\/portal\/#organization"},"image":{"@id":"https:\/\/www.ucaldas.edu.co\/portal\/u-de-caldas-aparecera-en-television-japonesa-en-especial-sobre-cultura-cafetera\/#primaryimage"},"thumbnailUrl":"http:\/\/www.ucaldas.edu.co\/images\/tmp\/grabacion_japon.jpg","articleSection":["Actualidad","Universidad al D\u00eda"],"inLanguage":"es"},{"@type":"WebPage","@id":"https:\/\/www.ucaldas.edu.co\/portal\/u-de-caldas-aparecera-en-television-japonesa-en-especial-sobre-cultura-cafetera\/","url":"https:\/\/www.ucaldas.edu.co\/portal\/u-de-caldas-aparecera-en-television-japonesa-en-especial-sobre-cultura-cafetera\/","name":"U. de Caldas aparecer\u00e1 en televisi\u00f3n japonesa, en especial sobre cultura cafetera .","isPartOf":{"@id":"https:\/\/www.ucaldas.edu.co\/portal\/#website"},"primaryImageOfPage":{"@id":"https:\/\/www.ucaldas.edu.co\/portal\/u-de-caldas-aparecera-en-television-japonesa-en-especial-sobre-cultura-cafetera\/#primaryimage"},"image":{"@id":"https:\/\/www.ucaldas.edu.co\/portal\/u-de-caldas-aparecera-en-television-japonesa-en-especial-sobre-cultura-cafetera\/#primaryimage"},"thumbnailUrl":"http:\/\/www.ucaldas.edu.co\/images\/tmp\/grabacion_japon.jpg","datePublished":"2012-11-21T20:21:28+00:00","breadcrumb":{"@id":"https:\/\/www.ucaldas.edu.co\/portal\/u-de-caldas-aparecera-en-television-japonesa-en-especial-sobre-cultura-cafetera\/#breadcrumb"},"inLanguage":"es","potentialAction":[{"@type":"ReadAction","target":["https:\/\/www.ucaldas.edu.co\/portal\/u-de-caldas-aparecera-en-television-japonesa-en-especial-sobre-cultura-cafetera\/"]}]},{"@type":"ImageObject","inLanguage":"es","@id":"https:\/\/www.ucaldas.edu.co\/portal\/u-de-caldas-aparecera-en-television-japonesa-en-especial-sobre-cultura-cafetera\/#primaryimage","url":"http:\/\/www.ucaldas.edu.co\/images\/tmp\/grabacion_japon.jpg","contentUrl":"http:\/\/www.ucaldas.edu.co\/images\/tmp\/grabacion_japon.jpg"},{"@type":"BreadcrumbList","@id":"https:\/\/www.ucaldas.edu.co\/portal\/u-de-caldas-aparecera-en-television-japonesa-en-especial-sobre-cultura-cafetera\/#breadcrumb","itemListElement":[{"@type":"ListItem","position":1,"name":"Portada","item":"https:\/\/www.ucaldas.edu.co\/portal\/"},{"@type":"ListItem","position":2,"name":"U. de Caldas aparecer\u00e1 en televisi\u00f3n japonesa, en especial sobre cultura cafetera"}]},{"@type":"WebSite","@id":"https:\/\/www.ucaldas.edu.co\/portal\/#website","url":"https:\/\/www.ucaldas.edu.co\/portal\/","name":"Universidad de Caldas","description":"","publisher":{"@id":"https:\/\/www.ucaldas.edu.co\/portal\/#organization"},"alternateName":"U. de Caldas","potentialAction":[{"@type":"SearchAction","target":{"@type":"EntryPoint","urlTemplate":"https:\/\/www.ucaldas.edu.co\/portal\/?s={search_term_string}"},"query-input":{"@type":"PropertyValueSpecification","valueRequired":true,"valueName":"search_term_string"}}],"inLanguage":"es"},{"@type":"Organization","@id":"https:\/\/www.ucaldas.edu.co\/portal\/#organization","name":"Universidad de Caldas","alternateName":"U. de Caldas","url":"https:\/\/www.ucaldas.edu.co\/portal\/","logo":{"@type":"ImageObject","inLanguage":"es","@id":"https:\/\/www.ucaldas.edu.co\/portal\/#\/schema\/logo\/image\/","url":"https:\/\/www.ucaldas.edu.co\/portal\/wp-content\/uploads\/2023\/11\/Logo_horizontal_oscuroU-2023.png","contentUrl":"https:\/\/www.ucaldas.edu.co\/portal\/wp-content\/uploads\/2023\/11\/Logo_horizontal_oscuroU-2023.png","width":263,"height":101,"caption":"Universidad de Caldas"},"image":{"@id":"https:\/\/www.ucaldas.edu.co\/portal\/#\/schema\/logo\/image\/"},"sameAs":["https:\/\/www.facebook.com\/udecaldas","https:\/\/x.com\/udecaldas","https:\/\/www.youtube.com\/universidadcaldas","https:\/\/www.instagram.com\/udecaldas\/"]},{"@type":"Person","@id":"https:\/\/www.ucaldas.edu.co\/portal\/#\/schema\/person\/a1b482e23449158b4bc319926c074fdf","name":"ofiprensa","image":{"@type":"ImageObject","inLanguage":"es","@id":"https:\/\/www.ucaldas.edu.co\/portal\/wp-content\/litespeed\/avatar\/09ea5085e600095a7a811142c6944527.jpg?ver=1777497608","url":"https:\/\/www.ucaldas.edu.co\/portal\/wp-content\/litespeed\/avatar\/09ea5085e600095a7a811142c6944527.jpg?ver=1777497608","contentUrl":"https:\/\/www.ucaldas.edu.co\/portal\/wp-content\/litespeed\/avatar\/09ea5085e600095a7a811142c6944527.jpg?ver=1777497608","caption":"ofiprensa"},"url":"https:\/\/www.ucaldas.edu.co\/portal\/author\/ofiprensa\/"}]}},"_links":{"self":[{"href":"https:\/\/www.ucaldas.edu.co\/portal\/wp-json\/wp\/v2\/posts\/14237","targetHints":{"allow":["GET"]}}],"collection":[{"href":"https:\/\/www.ucaldas.edu.co\/portal\/wp-json\/wp\/v2\/posts"}],"about":[{"href":"https:\/\/www.ucaldas.edu.co\/portal\/wp-json\/wp\/v2\/types\/post"}],"author":[{"embeddable":true,"href":"https:\/\/www.ucaldas.edu.co\/portal\/wp-json\/wp\/v2\/users\/2"}],"replies":[{"embeddable":true,"href":"https:\/\/www.ucaldas.edu.co\/portal\/wp-json\/wp\/v2\/comments?post=14237"}],"version-history":[{"count":0,"href":"https:\/\/www.ucaldas.edu.co\/portal\/wp-json\/wp\/v2\/posts\/14237\/revisions"}],"wp:attachment":[{"href":"https:\/\/www.ucaldas.edu.co\/portal\/wp-json\/wp\/v2\/media?parent=14237"}],"wp:term":[{"taxonomy":"category","embeddable":true,"href":"https:\/\/www.ucaldas.edu.co\/portal\/wp-json\/wp\/v2\/categories?post=14237"},{"taxonomy":"post_tag","embeddable":true,"href":"https:\/\/www.ucaldas.edu.co\/portal\/wp-json\/wp\/v2\/tags?post=14237"}],"curies":[{"name":"wp","href":"https:\/\/api.w.org\/{rel}","templated":true}]}}