{"id":14235,"date":"2012-11-21T15:20:31","date_gmt":"2012-11-21T20:20:31","guid":{"rendered":"https:\/\/www.ucaldas.edu.co\/portal\/?p=14235"},"modified":"2012-11-21T15:20:31","modified_gmt":"2012-11-21T20:20:31","slug":"300-estudiantes-de-la-u-en-el-campo-en-campamento-de-bienestar-universitario","status":"publish","type":"post","link":"https:\/\/www.ucaldas.edu.co\/portal\/300-estudiantes-de-la-u-en-el-campo-en-campamento-de-bienestar-universitario\/","title":{"rendered":"300 estudiantes de La U. en el Campo, en campamento de bienestar universitario"},"content":{"rendered":"<p>J\u00f3venes de distintos municipios se re\u00fanen, durante cuatro d\u00edas<\/p>\n<hr \/>\n<p>&nbsp;<\/p>\n<p align=\"right\">21\/11\/2012<br \/>\nRedacci\u00f3n: Margarita Laverde Galvis<\/p>\n<p><b>\u00a0<\/b><\/p>\n<table border=\"0\">\n<tbody>\n<tr>\n<td>&nbsp;<\/p>\n<p><img loading=\"lazy\" decoding=\"async\" style=\"border: 0px\" title=\"300 estudiantes de La U. en el Campo, en campamento de bienestar universitario\" alt=\"U en el campo\" src=\"http:\/\/www.ucaldas.edu.co\/images\/tmp\/u_rochela.jpg\" width=\"240\" height=\"160\" border=\"0\" \/><\/p>\n<h6>Foto: Guillermo Sarmiento\/Prensa U. de Caldas<\/h6>\n<\/td>\n<td>El <b>Centro Vacacional La Rochela alberga<\/b> hasta este 22 de noviembre del 2012 a unos <b>300 j\u00f3venes<\/b> de seis municipios: <b>Manzanares, La Merced, Sup\u00eda, P\u00e1cora<\/b>, <b>Florencia<\/b> (Saman\u00e1) <b>y San F\u00e9lix<\/b> (Salamina), en el <b>Campamento Universitario de La U. en el Campo.<\/b><\/td>\n<\/tr>\n<\/tbody>\n<\/table>\n<p>&nbsp;<\/p>\n<p>&nbsp;<\/p>\n<p>El <b>objetivo<\/b> es <b>brindarles a los j\u00f3venes<\/b> una <b>actividad diferente a la acad\u00e9mica<\/b>, un espacio de bienestar universitario donde se trabajen actividades complementarias como de recreaci\u00f3n, salud, entre otras.<\/p>\n<p>&nbsp;<\/p>\n<p>Fanny Osorio Giraldo, <b>Vicerrectora de Proyecci\u00f3n Universitaria de la U. de Caldas, <\/b>expres\u00f3: \u201ceste es un proyecto completamente maravilloso, producto de alianzas entre varias instituciones del departamento, que ha permitido llevar la educaci\u00f3n superior a municipios de Caldas. Para nosotros es la primera vez que se re\u00fanen estos j\u00f3venes, en este espacio de encuentro y esparcimiento\u201d.<\/p>\n<p>&nbsp;<\/p>\n<p><b>Aliados por la educaci\u00f3n<\/b><\/p>\n<p><b>Guillermo Orlando Sierra Sierra, Rector de la U. de Manizales<br \/>\n<\/b>Esperamos que de verdad se encuentren, conversen y que construyan sue\u00f1os personales, familiares, de regi\u00f3n y de esa manera podamos tener un nuevo y distinto departamento. Lo que hoy tejen entre compa\u00f1eros ser\u00e1n los frutos de un pa\u00eds incluyente y equitativo.<\/p>\n<p>&nbsp;<\/p>\n<p><b>Carlos Alberto Parra Salinas, Decano de la Facultad de Ciencias Agropecuarias de la U. de Caldas<br \/>\n<\/b>La educaci\u00f3n no es solamente cuadernos, l\u00e1piz y tiza. Aqu\u00ed se est\u00e1n aumentando expectativas y horizontes. Lo que hacemos es construir departamento y pa\u00eds, as\u00ed como demostrarle al mundo que la universidad puede llegar al campo con calidad, suficiencia y altos est\u00e1ndares de formaci\u00f3n cient\u00edfica y profesional.<\/p>\n<p>&nbsp;<\/p>\n<p><b>Los beneficiados<br \/>\nJohan Arias Quiceno, estudiante de la Instituci\u00f3n Educativa Llanadas, en La Merced (Caldas)<\/b><br \/>\nPara m\u00ed el proyecto significa todo, porque es lo que me ha permitido trascender y crecer tanto personal como profesionalmente. Los invito a que hagan parte del programa, porque el conocimiento es lo m\u00e1s importante para nuestras vidas.<\/p>\n<p>&nbsp;<\/p>\n<p><b>Luis Fernando Serna Sep\u00falveda, estudiante de la Instituci\u00f3n Educativa San F\u00e9lix (Salamina)<br \/>\n<\/b>Ser parte de La U. de Caldas es una gran opci\u00f3n de vida, porque nos da m\u00e1s oportunidades. Los invito a que hagan parte del proyecto, porque es algo que nos servir\u00e1 mucho en la vida.<\/p>\n<p>&nbsp;<\/p>\n<p><a href=\"http:\/\/www.facebook.com\/media\/set\/?set=a.436800929715111.104693.107054166023124&amp;type=3\" target=\"_blank\">Conozca im\u00e1genes del Campamento Universitario La U. en el Campo<\/a><\/p>\n<p><b>Contexto<br \/>\n<\/b>Este a\u00f1o el proyecto gradu\u00f3 t\u00e9cnicos profesionales en cuatro localidades del departamento. Conozca m\u00e1s noticias sobre las graduaciones del programa <i>La U. en el Campo:<\/i><\/p>\n<p>&#8211; <a href=\"http:\/\/desarrollo.ucaldas.edu.co\/archivo\/index.php?option=com_content&amp;view=article&amp;id=7504:la-u-en-el-campo-entrego-sus-primeros-17-tecnicos-profesionales-en-san-felix-salamina&amp;catid=419:universidad-al-dia&amp;Itemid=1039\" target=\"_blank\">La U. en el Campo entreg\u00f3 sus primeros 17 t\u00e9cnicos profesionales, en San F\u00e9lix (Salamina)<\/a><\/p>\n<p>&#8211; <a href=\"http:\/\/desarrollo.ucaldas.edu.co\/archivo\/index.php?option=com_content&amp;view=article&amp;catid=419%3Auniversidad-al-dia&amp;id=7724%3Ase-graduo-segunda-promocion-de-tecnicos-profesionales-del-programa-u-en-el-campo&amp;Itemid=1039\" target=\"_blank\">Se gradu\u00f3 segunda promoci\u00f3n de t\u00e9cnicos profesionales, del programa La U. en el Campo, en Manzanares (Caldas)<\/a><\/p>\n<p>&#8211; <a href=\"http:\/\/desarrollo.ucaldas.edu.co\/archivo\/index.php?option=com_content&amp;view=article&amp;catid=419%3Auniversidad-al-dia&amp;id=7872%3Aeste-ano-florencia-samana-tiene-29-egresados-de-u-de-caldas&amp;Itemid=1039\" target=\"_blank\">Este a\u00f1o Florencia (Saman\u00e1) tiene 29 egresados de U. de Caldas<\/a><\/p>\n<p>&#8211; <a href=\"http:\/\/desarrollo.ucaldas.edu.co\/archivo\/index.php?option=com_content&amp;view=article&amp;catid=419%3Auniversidad-al-dia&amp;id=7922%3Au-de-caldas-graduo-21-nuevos-tecnicos-profesionales-en-proyectos-agropecuarios&amp;Itemid=1039\" target=\"_blank\">U. de Caldas gradu\u00f3 21 nuevos t\u00e9cnicos profesionales en proyectos agropecuarios en La Merced (Caldas)<\/a><\/p>\n<p><b>Informes: <\/b>Programas Especiales, tel\u00e9fono 878 15 00, extensi\u00f3n\u00a0 15 237.<\/p>\n","protected":false},"excerpt":{"rendered":"<p>J\u00f3venes de distintos municipios se re\u00fanen, durante cuatro d\u00edas &nbsp; 21\/11\/2012 Redacci\u00f3n: Margarita Laverde Galvis \u00a0 &nbsp; Foto: Guillermo Sarmiento\/Prensa U. de Caldas El Centro Vacacional La Rochela alberga hasta este 22 de noviembre del 2012 a unos 300 j\u00f3venes de seis municipios: Manzanares, La Merced, Sup\u00eda, P\u00e1cora, Florencia (Saman\u00e1) y San F\u00e9lix (Salamina), en [&hellip;]<\/p>\n","protected":false},"author":2,"featured_media":0,"comment_status":"closed","ping_status":"closed","sticky":false,"template":"","format":"standard","meta":{"footnotes":""},"categories":[48,53],"tags":[],"class_list":["post-14235","post","type-post","status-publish","format-standard","hentry","category-actualidad","category-universidad-al-dia"],"yoast_head":"<!-- This site is optimized with the Yoast SEO plugin v27.5 - https:\/\/yoast.com\/product\/yoast-seo-wordpress\/ -->\n<title>300 estudiantes de La U. en el Campo, en campamento de bienestar universitario .<\/title>\n<meta name=\"robots\" content=\"index, follow, max-snippet:-1, max-image-preview:large, max-video-preview:-1\" \/>\n<link rel=\"canonical\" href=\"https:\/\/www.ucaldas.edu.co\/portal\/300-estudiantes-de-la-u-en-el-campo-en-campamento-de-bienestar-universitario\/\" \/>\n<script type=\"application\/ld+json\" class=\"yoast-schema-graph\">{\"@context\":\"https:\\\/\\\/schema.org\",\"@graph\":[{\"@type\":\"Article\",\"@id\":\"https:\\\/\\\/www.ucaldas.edu.co\\\/portal\\\/300-estudiantes-de-la-u-en-el-campo-en-campamento-de-bienestar-universitario\\\/#article\",\"isPartOf\":{\"@id\":\"https:\\\/\\\/www.ucaldas.edu.co\\\/portal\\\/300-estudiantes-de-la-u-en-el-campo-en-campamento-de-bienestar-universitario\\\/\"},\"author\":{\"name\":\"ofiprensa\",\"@id\":\"https:\\\/\\\/www.ucaldas.edu.co\\\/portal\\\/#\\\/schema\\\/person\\\/a1b482e23449158b4bc319926c074fdf\"},\"headline\":\"300 estudiantes de La U. en el Campo, en campamento de bienestar universitario\",\"datePublished\":\"2012-11-21T20:20:31+00:00\",\"mainEntityOfPage\":{\"@id\":\"https:\\\/\\\/www.ucaldas.edu.co\\\/portal\\\/300-estudiantes-de-la-u-en-el-campo-en-campamento-de-bienestar-universitario\\\/\"},\"wordCount\":531,\"publisher\":{\"@id\":\"https:\\\/\\\/www.ucaldas.edu.co\\\/portal\\\/#organization\"},\"image\":{\"@id\":\"https:\\\/\\\/www.ucaldas.edu.co\\\/portal\\\/300-estudiantes-de-la-u-en-el-campo-en-campamento-de-bienestar-universitario\\\/#primaryimage\"},\"thumbnailUrl\":\"http:\\\/\\\/www.ucaldas.edu.co\\\/images\\\/tmp\\\/u_rochela.jpg\",\"articleSection\":[\"Actualidad\",\"Universidad al D\u00eda\"],\"inLanguage\":\"es\"},{\"@type\":\"WebPage\",\"@id\":\"https:\\\/\\\/www.ucaldas.edu.co\\\/portal\\\/300-estudiantes-de-la-u-en-el-campo-en-campamento-de-bienestar-universitario\\\/\",\"url\":\"https:\\\/\\\/www.ucaldas.edu.co\\\/portal\\\/300-estudiantes-de-la-u-en-el-campo-en-campamento-de-bienestar-universitario\\\/\",\"name\":\"300 estudiantes de La U. en el Campo, en campamento de bienestar universitario .\",\"isPartOf\":{\"@id\":\"https:\\\/\\\/www.ucaldas.edu.co\\\/portal\\\/#website\"},\"primaryImageOfPage\":{\"@id\":\"https:\\\/\\\/www.ucaldas.edu.co\\\/portal\\\/300-estudiantes-de-la-u-en-el-campo-en-campamento-de-bienestar-universitario\\\/#primaryimage\"},\"image\":{\"@id\":\"https:\\\/\\\/www.ucaldas.edu.co\\\/portal\\\/300-estudiantes-de-la-u-en-el-campo-en-campamento-de-bienestar-universitario\\\/#primaryimage\"},\"thumbnailUrl\":\"http:\\\/\\\/www.ucaldas.edu.co\\\/images\\\/tmp\\\/u_rochela.jpg\",\"datePublished\":\"2012-11-21T20:20:31+00:00\",\"breadcrumb\":{\"@id\":\"https:\\\/\\\/www.ucaldas.edu.co\\\/portal\\\/300-estudiantes-de-la-u-en-el-campo-en-campamento-de-bienestar-universitario\\\/#breadcrumb\"},\"inLanguage\":\"es\",\"potentialAction\":[{\"@type\":\"ReadAction\",\"target\":[\"https:\\\/\\\/www.ucaldas.edu.co\\\/portal\\\/300-estudiantes-de-la-u-en-el-campo-en-campamento-de-bienestar-universitario\\\/\"]}]},{\"@type\":\"ImageObject\",\"inLanguage\":\"es\",\"@id\":\"https:\\\/\\\/www.ucaldas.edu.co\\\/portal\\\/300-estudiantes-de-la-u-en-el-campo-en-campamento-de-bienestar-universitario\\\/#primaryimage\",\"url\":\"http:\\\/\\\/www.ucaldas.edu.co\\\/images\\\/tmp\\\/u_rochela.jpg\",\"contentUrl\":\"http:\\\/\\\/www.ucaldas.edu.co\\\/images\\\/tmp\\\/u_rochela.jpg\"},{\"@type\":\"BreadcrumbList\",\"@id\":\"https:\\\/\\\/www.ucaldas.edu.co\\\/portal\\\/300-estudiantes-de-la-u-en-el-campo-en-campamento-de-bienestar-universitario\\\/#breadcrumb\",\"itemListElement\":[{\"@type\":\"ListItem\",\"position\":1,\"name\":\"Portada\",\"item\":\"https:\\\/\\\/www.ucaldas.edu.co\\\/portal\\\/\"},{\"@type\":\"ListItem\",\"position\":2,\"name\":\"300 estudiantes de La U. en el Campo, en campamento de bienestar universitario\"}]},{\"@type\":\"WebSite\",\"@id\":\"https:\\\/\\\/www.ucaldas.edu.co\\\/portal\\\/#website\",\"url\":\"https:\\\/\\\/www.ucaldas.edu.co\\\/portal\\\/\",\"name\":\"Universidad de Caldas\",\"description\":\"\",\"publisher\":{\"@id\":\"https:\\\/\\\/www.ucaldas.edu.co\\\/portal\\\/#organization\"},\"alternateName\":\"U. de Caldas\",\"potentialAction\":[{\"@type\":\"SearchAction\",\"target\":{\"@type\":\"EntryPoint\",\"urlTemplate\":\"https:\\\/\\\/www.ucaldas.edu.co\\\/portal\\\/?s={search_term_string}\"},\"query-input\":{\"@type\":\"PropertyValueSpecification\",\"valueRequired\":true,\"valueName\":\"search_term_string\"}}],\"inLanguage\":\"es\"},{\"@type\":\"Organization\",\"@id\":\"https:\\\/\\\/www.ucaldas.edu.co\\\/portal\\\/#organization\",\"name\":\"Universidad de Caldas\",\"alternateName\":\"U. de Caldas\",\"url\":\"https:\\\/\\\/www.ucaldas.edu.co\\\/portal\\\/\",\"logo\":{\"@type\":\"ImageObject\",\"inLanguage\":\"es\",\"@id\":\"https:\\\/\\\/www.ucaldas.edu.co\\\/portal\\\/#\\\/schema\\\/logo\\\/image\\\/\",\"url\":\"https:\\\/\\\/www.ucaldas.edu.co\\\/portal\\\/wp-content\\\/uploads\\\/2023\\\/11\\\/Logo_horizontal_oscuroU-2023.png\",\"contentUrl\":\"https:\\\/\\\/www.ucaldas.edu.co\\\/portal\\\/wp-content\\\/uploads\\\/2023\\\/11\\\/Logo_horizontal_oscuroU-2023.png\",\"width\":263,\"height\":101,\"caption\":\"Universidad de Caldas\"},\"image\":{\"@id\":\"https:\\\/\\\/www.ucaldas.edu.co\\\/portal\\\/#\\\/schema\\\/logo\\\/image\\\/\"},\"sameAs\":[\"https:\\\/\\\/www.facebook.com\\\/udecaldas\",\"https:\\\/\\\/x.com\\\/udecaldas\",\"https:\\\/\\\/www.youtube.com\\\/universidadcaldas\",\"https:\\\/\\\/www.instagram.com\\\/udecaldas\\\/\"]},{\"@type\":\"Person\",\"@id\":\"https:\\\/\\\/www.ucaldas.edu.co\\\/portal\\\/#\\\/schema\\\/person\\\/a1b482e23449158b4bc319926c074fdf\",\"name\":\"ofiprensa\",\"image\":{\"@type\":\"ImageObject\",\"inLanguage\":\"es\",\"@id\":\"https:\\\/\\\/www.ucaldas.edu.co\\\/portal\\\/wp-content\\\/litespeed\\\/avatar\\\/09ea5085e600095a7a811142c6944527.jpg?ver=1777497608\",\"url\":\"https:\\\/\\\/www.ucaldas.edu.co\\\/portal\\\/wp-content\\\/litespeed\\\/avatar\\\/09ea5085e600095a7a811142c6944527.jpg?ver=1777497608\",\"contentUrl\":\"https:\\\/\\\/www.ucaldas.edu.co\\\/portal\\\/wp-content\\\/litespeed\\\/avatar\\\/09ea5085e600095a7a811142c6944527.jpg?ver=1777497608\",\"caption\":\"ofiprensa\"},\"url\":\"https:\\\/\\\/www.ucaldas.edu.co\\\/portal\\\/author\\\/ofiprensa\\\/\"}]}<\/script>\n<!-- \/ Yoast SEO plugin. -->","yoast_head_json":{"title":"300 estudiantes de La U. en el Campo, en campamento de bienestar universitario .","robots":{"index":"index","follow":"follow","max-snippet":"max-snippet:-1","max-image-preview":"max-image-preview:large","max-video-preview":"max-video-preview:-1"},"canonical":"https:\/\/www.ucaldas.edu.co\/portal\/300-estudiantes-de-la-u-en-el-campo-en-campamento-de-bienestar-universitario\/","schema":{"@context":"https:\/\/schema.org","@graph":[{"@type":"Article","@id":"https:\/\/www.ucaldas.edu.co\/portal\/300-estudiantes-de-la-u-en-el-campo-en-campamento-de-bienestar-universitario\/#article","isPartOf":{"@id":"https:\/\/www.ucaldas.edu.co\/portal\/300-estudiantes-de-la-u-en-el-campo-en-campamento-de-bienestar-universitario\/"},"author":{"name":"ofiprensa","@id":"https:\/\/www.ucaldas.edu.co\/portal\/#\/schema\/person\/a1b482e23449158b4bc319926c074fdf"},"headline":"300 estudiantes de La U. en el Campo, en campamento de bienestar universitario","datePublished":"2012-11-21T20:20:31+00:00","mainEntityOfPage":{"@id":"https:\/\/www.ucaldas.edu.co\/portal\/300-estudiantes-de-la-u-en-el-campo-en-campamento-de-bienestar-universitario\/"},"wordCount":531,"publisher":{"@id":"https:\/\/www.ucaldas.edu.co\/portal\/#organization"},"image":{"@id":"https:\/\/www.ucaldas.edu.co\/portal\/300-estudiantes-de-la-u-en-el-campo-en-campamento-de-bienestar-universitario\/#primaryimage"},"thumbnailUrl":"http:\/\/www.ucaldas.edu.co\/images\/tmp\/u_rochela.jpg","articleSection":["Actualidad","Universidad al D\u00eda"],"inLanguage":"es"},{"@type":"WebPage","@id":"https:\/\/www.ucaldas.edu.co\/portal\/300-estudiantes-de-la-u-en-el-campo-en-campamento-de-bienestar-universitario\/","url":"https:\/\/www.ucaldas.edu.co\/portal\/300-estudiantes-de-la-u-en-el-campo-en-campamento-de-bienestar-universitario\/","name":"300 estudiantes de La U. en el Campo, en campamento de bienestar universitario .","isPartOf":{"@id":"https:\/\/www.ucaldas.edu.co\/portal\/#website"},"primaryImageOfPage":{"@id":"https:\/\/www.ucaldas.edu.co\/portal\/300-estudiantes-de-la-u-en-el-campo-en-campamento-de-bienestar-universitario\/#primaryimage"},"image":{"@id":"https:\/\/www.ucaldas.edu.co\/portal\/300-estudiantes-de-la-u-en-el-campo-en-campamento-de-bienestar-universitario\/#primaryimage"},"thumbnailUrl":"http:\/\/www.ucaldas.edu.co\/images\/tmp\/u_rochela.jpg","datePublished":"2012-11-21T20:20:31+00:00","breadcrumb":{"@id":"https:\/\/www.ucaldas.edu.co\/portal\/300-estudiantes-de-la-u-en-el-campo-en-campamento-de-bienestar-universitario\/#breadcrumb"},"inLanguage":"es","potentialAction":[{"@type":"ReadAction","target":["https:\/\/www.ucaldas.edu.co\/portal\/300-estudiantes-de-la-u-en-el-campo-en-campamento-de-bienestar-universitario\/"]}]},{"@type":"ImageObject","inLanguage":"es","@id":"https:\/\/www.ucaldas.edu.co\/portal\/300-estudiantes-de-la-u-en-el-campo-en-campamento-de-bienestar-universitario\/#primaryimage","url":"http:\/\/www.ucaldas.edu.co\/images\/tmp\/u_rochela.jpg","contentUrl":"http:\/\/www.ucaldas.edu.co\/images\/tmp\/u_rochela.jpg"},{"@type":"BreadcrumbList","@id":"https:\/\/www.ucaldas.edu.co\/portal\/300-estudiantes-de-la-u-en-el-campo-en-campamento-de-bienestar-universitario\/#breadcrumb","itemListElement":[{"@type":"ListItem","position":1,"name":"Portada","item":"https:\/\/www.ucaldas.edu.co\/portal\/"},{"@type":"ListItem","position":2,"name":"300 estudiantes de La U. en el Campo, en campamento de bienestar universitario"}]},{"@type":"WebSite","@id":"https:\/\/www.ucaldas.edu.co\/portal\/#website","url":"https:\/\/www.ucaldas.edu.co\/portal\/","name":"Universidad de Caldas","description":"","publisher":{"@id":"https:\/\/www.ucaldas.edu.co\/portal\/#organization"},"alternateName":"U. de Caldas","potentialAction":[{"@type":"SearchAction","target":{"@type":"EntryPoint","urlTemplate":"https:\/\/www.ucaldas.edu.co\/portal\/?s={search_term_string}"},"query-input":{"@type":"PropertyValueSpecification","valueRequired":true,"valueName":"search_term_string"}}],"inLanguage":"es"},{"@type":"Organization","@id":"https:\/\/www.ucaldas.edu.co\/portal\/#organization","name":"Universidad de Caldas","alternateName":"U. de Caldas","url":"https:\/\/www.ucaldas.edu.co\/portal\/","logo":{"@type":"ImageObject","inLanguage":"es","@id":"https:\/\/www.ucaldas.edu.co\/portal\/#\/schema\/logo\/image\/","url":"https:\/\/www.ucaldas.edu.co\/portal\/wp-content\/uploads\/2023\/11\/Logo_horizontal_oscuroU-2023.png","contentUrl":"https:\/\/www.ucaldas.edu.co\/portal\/wp-content\/uploads\/2023\/11\/Logo_horizontal_oscuroU-2023.png","width":263,"height":101,"caption":"Universidad de Caldas"},"image":{"@id":"https:\/\/www.ucaldas.edu.co\/portal\/#\/schema\/logo\/image\/"},"sameAs":["https:\/\/www.facebook.com\/udecaldas","https:\/\/x.com\/udecaldas","https:\/\/www.youtube.com\/universidadcaldas","https:\/\/www.instagram.com\/udecaldas\/"]},{"@type":"Person","@id":"https:\/\/www.ucaldas.edu.co\/portal\/#\/schema\/person\/a1b482e23449158b4bc319926c074fdf","name":"ofiprensa","image":{"@type":"ImageObject","inLanguage":"es","@id":"https:\/\/www.ucaldas.edu.co\/portal\/wp-content\/litespeed\/avatar\/09ea5085e600095a7a811142c6944527.jpg?ver=1777497608","url":"https:\/\/www.ucaldas.edu.co\/portal\/wp-content\/litespeed\/avatar\/09ea5085e600095a7a811142c6944527.jpg?ver=1777497608","contentUrl":"https:\/\/www.ucaldas.edu.co\/portal\/wp-content\/litespeed\/avatar\/09ea5085e600095a7a811142c6944527.jpg?ver=1777497608","caption":"ofiprensa"},"url":"https:\/\/www.ucaldas.edu.co\/portal\/author\/ofiprensa\/"}]}},"_links":{"self":[{"href":"https:\/\/www.ucaldas.edu.co\/portal\/wp-json\/wp\/v2\/posts\/14235","targetHints":{"allow":["GET"]}}],"collection":[{"href":"https:\/\/www.ucaldas.edu.co\/portal\/wp-json\/wp\/v2\/posts"}],"about":[{"href":"https:\/\/www.ucaldas.edu.co\/portal\/wp-json\/wp\/v2\/types\/post"}],"author":[{"embeddable":true,"href":"https:\/\/www.ucaldas.edu.co\/portal\/wp-json\/wp\/v2\/users\/2"}],"replies":[{"embeddable":true,"href":"https:\/\/www.ucaldas.edu.co\/portal\/wp-json\/wp\/v2\/comments?post=14235"}],"version-history":[{"count":0,"href":"https:\/\/www.ucaldas.edu.co\/portal\/wp-json\/wp\/v2\/posts\/14235\/revisions"}],"wp:attachment":[{"href":"https:\/\/www.ucaldas.edu.co\/portal\/wp-json\/wp\/v2\/media?parent=14235"}],"wp:term":[{"taxonomy":"category","embeddable":true,"href":"https:\/\/www.ucaldas.edu.co\/portal\/wp-json\/wp\/v2\/categories?post=14235"},{"taxonomy":"post_tag","embeddable":true,"href":"https:\/\/www.ucaldas.edu.co\/portal\/wp-json\/wp\/v2\/tags?post=14235"}],"curies":[{"name":"wp","href":"https:\/\/api.w.org\/{rel}","templated":true}]}}