{"id":14233,"date":"2012-11-21T15:19:40","date_gmt":"2012-11-21T20:19:40","guid":{"rendered":"https:\/\/www.ucaldas.edu.co\/portal\/?p=14233"},"modified":"2012-11-21T15:19:40","modified_gmt":"2012-11-21T20:19:40","slug":"carlos-sarmiento-segovia-recibio-orden-emilio-robledo-correa-por-su-aporte-fotografico","status":"publish","type":"post","link":"https:\/\/www.ucaldas.edu.co\/portal\/carlos-sarmiento-segovia-recibio-orden-emilio-robledo-correa-por-su-aporte-fotografico\/","title":{"rendered":"Carlos Sarmiento Segovia recibi\u00f3 Orden Emilio Robledo Correa, por su aporte fotogr\u00e1fico"},"content":{"rendered":"<p>Su hijo Guillermo Sarmiento Estrada recopila memoria fotogr\u00e1fica de U. de Caldas<\/p>\n<hr \/>\n<p>&nbsp;<\/p>\n<p align=\"right\">21\/11\/2012<br \/>\nRedacci\u00f3n: Margarita Laverde Galvis<\/p>\n<p>&nbsp;<\/p>\n<table border=\"0\">\n<tbody>\n<tr>\n<td>&nbsp;<\/p>\n<p><img loading=\"lazy\" decoding=\"async\" style=\"border: 0px\" title=\"Carlos Sarmiento Segovia recibi\u00f3 Orden Emilio Robledo Correa, por su aporte fotogr\u00e1fico\" alt=\"Carlos Sarmiento \" src=\"http:\/\/www.ucaldas.edu.co\/images\/tmp\/papa_memo.jpg\" width=\"240\" height=\"160\" border=\"0\" \/><\/p>\n<h6>Foto: Guillermo Sarmiento\/Prensa U. de Caldas<\/h6>\n<\/td>\n<td>El <b>maestro Carlos Sarmiento Segovia<\/b>, <b>padre<\/b> del <b>fot\u00f3grafo<\/b> de la <b>Universidad de Caldas<\/b>, <b>Guillermo Sarmiento Estrada<\/b>, recibi\u00f3 la <b>Orden Emilio Robledo Correa<\/b>, otorgada por la <b>Academia Caldense de Historia<\/b> y la <b>Secretar\u00eda de Cultura<\/b> de la <b>Gobernaci\u00f3n de Caldas<\/b>, por su valioso aporte en la difusi\u00f3n a nivel local y nacional con su trabajo fotogr\u00e1fico publicado en el diario La Patria.<\/td>\n<\/tr>\n<\/tbody>\n<\/table>\n<p>&nbsp;<\/p>\n<p>&nbsp;<\/p>\n<p>En el acto, que se efectu\u00f3 el pasado martes 20 de noviembre del 2012, Sarmiento Segovia, <b>considerado el fot\u00f3grafo m\u00e1s importante de la segunda mitad del siglo XX en el Eje Cafetero<\/b>, recibi\u00f3 la Orden en compa\u00f1\u00eda de su familia.<\/p>\n<p>&nbsp;<\/p>\n<p>Su hijo, <a href=\"http:\/\/desarrollo.ucaldas.edu.co\/archivo\/index.php?option=com_content&amp;view=article&amp;id=4826&amp;Itemid=1086\" target=\"_blank\">Guillermo Sarmiento Estrada, quien trabaja en la U. de Caldas hace 29 a\u00f1os, present\u00f3 en el 2011 el Proyecto Memoria Fotogr\u00e1fica U. de Caldas (ver nota)<\/a>, que pone a disposici\u00f3n de la comunidad el archivo fotogr\u00e1fico de la Instituci\u00f3n, con aproximadamente 10 mil im\u00e1genes.<\/p>\n<p>&nbsp;<\/p>\n<p>Por otra parte, tambi\u00e9n en el 2012, <a href=\"http:\/\/desarrollo.ucaldas.edu.co\/archivo\/index.php?option=com_content&amp;view=article&amp;id=4963:el-maestro-carlos-sarmiento-segovia-entrego-archivo-fotografico-a-la-u-de-caldas&amp;catid=419:universidad-al-dia&amp;Itemid=1039\" target=\"_blank\">el maestro Sarmiento Segovia entreg\u00f3 a la U. de Caldas parte de su archivo, con m\u00e1s de 50 mil negativos que recopilan cuatro a\u00f1os de su labor (ver nota)<\/a>.<\/p>\n<p>&nbsp;<\/p>\n<p>Jorge Eli\u00e9cer Zapata Bonilla, <b>Presidente de la Academia Caldense de Historia, <\/b>expres\u00f3: \u201cbuscamos reconocer el trabajo del maestro, porque es muy significativo imponerle esta orden, ya que esta medalla se estableci\u00f3 para exaltar a personas o instituciones que a trav\u00e9s de los a\u00f1os <b>aportaron al proceso hist\u00f3rico y regional<\/b>, para lograr la permanencia en el tiempo a los procesos del departamento\u201d.<\/p>\n<p>&nbsp;<\/p>\n<p>\u201cSu labor gr\u00e1fica significa el aporte a la identidad regional, que se pueden ver en sus fotograf\u00edas: los cambios arquitect\u00f3nicos de la ciudad, las grandes manifestaciones colectivas en lo social, sindical y religiosos, sucesos deportivos, entre otros\u201d, agreg\u00f3 Zapata Bonilla.<\/p>\n<p>&nbsp;<\/p>\n<p><a href=\"http:\/\/www.facebook.com\/media\/set\/?set=a.437008649694339.104736.107054166023124&amp;type=3\" target=\"_blank\">Conozca im\u00e1genes de la entrega de la Orden Emilio Robledo Correa al maestro Carlos Sarmiento Segovia<\/a><\/p>\n<p>&nbsp;<\/p>\n<p><b>Informes:<\/b> Oficina de Prensa, tel\u00e9fono 878 15 00, extensi\u00f3n 12 167.<\/p>\n","protected":false},"excerpt":{"rendered":"<p>Su hijo Guillermo Sarmiento Estrada recopila memoria fotogr\u00e1fica de U. de Caldas &nbsp; 21\/11\/2012 Redacci\u00f3n: Margarita Laverde Galvis &nbsp; &nbsp; Foto: Guillermo Sarmiento\/Prensa U. de Caldas El maestro Carlos Sarmiento Segovia, padre del fot\u00f3grafo de la Universidad de Caldas, Guillermo Sarmiento Estrada, recibi\u00f3 la Orden Emilio Robledo Correa, otorgada por la Academia Caldense de Historia [&hellip;]<\/p>\n","protected":false},"author":2,"featured_media":0,"comment_status":"closed","ping_status":"closed","sticky":false,"template":"","format":"standard","meta":{"footnotes":""},"categories":[48,53],"tags":[],"class_list":["post-14233","post","type-post","status-publish","format-standard","hentry","category-actualidad","category-universidad-al-dia"],"yoast_head":"<!-- This site is optimized with the Yoast SEO plugin v27.5 - https:\/\/yoast.com\/product\/yoast-seo-wordpress\/ -->\n<title>Carlos Sarmiento Segovia recibi\u00f3 Orden Emilio Robledo Correa, por su aporte fotogr\u00e1fico .<\/title>\n<meta name=\"robots\" content=\"index, follow, max-snippet:-1, max-image-preview:large, max-video-preview:-1\" \/>\n<link rel=\"canonical\" href=\"https:\/\/www.ucaldas.edu.co\/portal\/carlos-sarmiento-segovia-recibio-orden-emilio-robledo-correa-por-su-aporte-fotografico\/\" \/>\n<script type=\"application\/ld+json\" class=\"yoast-schema-graph\">{\"@context\":\"https:\\\/\\\/schema.org\",\"@graph\":[{\"@type\":\"Article\",\"@id\":\"https:\\\/\\\/www.ucaldas.edu.co\\\/portal\\\/carlos-sarmiento-segovia-recibio-orden-emilio-robledo-correa-por-su-aporte-fotografico\\\/#article\",\"isPartOf\":{\"@id\":\"https:\\\/\\\/www.ucaldas.edu.co\\\/portal\\\/carlos-sarmiento-segovia-recibio-orden-emilio-robledo-correa-por-su-aporte-fotografico\\\/\"},\"author\":{\"name\":\"ofiprensa\",\"@id\":\"https:\\\/\\\/www.ucaldas.edu.co\\\/portal\\\/#\\\/schema\\\/person\\\/a1b482e23449158b4bc319926c074fdf\"},\"headline\":\"Carlos Sarmiento Segovia recibi\u00f3 Orden Emilio Robledo Correa, por su aporte fotogr\u00e1fico\",\"datePublished\":\"2012-11-21T20:19:40+00:00\",\"mainEntityOfPage\":{\"@id\":\"https:\\\/\\\/www.ucaldas.edu.co\\\/portal\\\/carlos-sarmiento-segovia-recibio-orden-emilio-robledo-correa-por-su-aporte-fotografico\\\/\"},\"wordCount\":375,\"publisher\":{\"@id\":\"https:\\\/\\\/www.ucaldas.edu.co\\\/portal\\\/#organization\"},\"image\":{\"@id\":\"https:\\\/\\\/www.ucaldas.edu.co\\\/portal\\\/carlos-sarmiento-segovia-recibio-orden-emilio-robledo-correa-por-su-aporte-fotografico\\\/#primaryimage\"},\"thumbnailUrl\":\"http:\\\/\\\/www.ucaldas.edu.co\\\/images\\\/tmp\\\/papa_memo.jpg\",\"articleSection\":[\"Actualidad\",\"Universidad al D\u00eda\"],\"inLanguage\":\"es\"},{\"@type\":\"WebPage\",\"@id\":\"https:\\\/\\\/www.ucaldas.edu.co\\\/portal\\\/carlos-sarmiento-segovia-recibio-orden-emilio-robledo-correa-por-su-aporte-fotografico\\\/\",\"url\":\"https:\\\/\\\/www.ucaldas.edu.co\\\/portal\\\/carlos-sarmiento-segovia-recibio-orden-emilio-robledo-correa-por-su-aporte-fotografico\\\/\",\"name\":\"Carlos Sarmiento Segovia recibi\u00f3 Orden Emilio Robledo Correa, por su aporte fotogr\u00e1fico .\",\"isPartOf\":{\"@id\":\"https:\\\/\\\/www.ucaldas.edu.co\\\/portal\\\/#website\"},\"primaryImageOfPage\":{\"@id\":\"https:\\\/\\\/www.ucaldas.edu.co\\\/portal\\\/carlos-sarmiento-segovia-recibio-orden-emilio-robledo-correa-por-su-aporte-fotografico\\\/#primaryimage\"},\"image\":{\"@id\":\"https:\\\/\\\/www.ucaldas.edu.co\\\/portal\\\/carlos-sarmiento-segovia-recibio-orden-emilio-robledo-correa-por-su-aporte-fotografico\\\/#primaryimage\"},\"thumbnailUrl\":\"http:\\\/\\\/www.ucaldas.edu.co\\\/images\\\/tmp\\\/papa_memo.jpg\",\"datePublished\":\"2012-11-21T20:19:40+00:00\",\"breadcrumb\":{\"@id\":\"https:\\\/\\\/www.ucaldas.edu.co\\\/portal\\\/carlos-sarmiento-segovia-recibio-orden-emilio-robledo-correa-por-su-aporte-fotografico\\\/#breadcrumb\"},\"inLanguage\":\"es\",\"potentialAction\":[{\"@type\":\"ReadAction\",\"target\":[\"https:\\\/\\\/www.ucaldas.edu.co\\\/portal\\\/carlos-sarmiento-segovia-recibio-orden-emilio-robledo-correa-por-su-aporte-fotografico\\\/\"]}]},{\"@type\":\"ImageObject\",\"inLanguage\":\"es\",\"@id\":\"https:\\\/\\\/www.ucaldas.edu.co\\\/portal\\\/carlos-sarmiento-segovia-recibio-orden-emilio-robledo-correa-por-su-aporte-fotografico\\\/#primaryimage\",\"url\":\"http:\\\/\\\/www.ucaldas.edu.co\\\/images\\\/tmp\\\/papa_memo.jpg\",\"contentUrl\":\"http:\\\/\\\/www.ucaldas.edu.co\\\/images\\\/tmp\\\/papa_memo.jpg\"},{\"@type\":\"BreadcrumbList\",\"@id\":\"https:\\\/\\\/www.ucaldas.edu.co\\\/portal\\\/carlos-sarmiento-segovia-recibio-orden-emilio-robledo-correa-por-su-aporte-fotografico\\\/#breadcrumb\",\"itemListElement\":[{\"@type\":\"ListItem\",\"position\":1,\"name\":\"Portada\",\"item\":\"https:\\\/\\\/www.ucaldas.edu.co\\\/portal\\\/\"},{\"@type\":\"ListItem\",\"position\":2,\"name\":\"Carlos Sarmiento Segovia recibi\u00f3 Orden Emilio Robledo Correa, por su aporte fotogr\u00e1fico\"}]},{\"@type\":\"WebSite\",\"@id\":\"https:\\\/\\\/www.ucaldas.edu.co\\\/portal\\\/#website\",\"url\":\"https:\\\/\\\/www.ucaldas.edu.co\\\/portal\\\/\",\"name\":\"Universidad de Caldas\",\"description\":\"\",\"publisher\":{\"@id\":\"https:\\\/\\\/www.ucaldas.edu.co\\\/portal\\\/#organization\"},\"alternateName\":\"U. de Caldas\",\"potentialAction\":[{\"@type\":\"SearchAction\",\"target\":{\"@type\":\"EntryPoint\",\"urlTemplate\":\"https:\\\/\\\/www.ucaldas.edu.co\\\/portal\\\/?s={search_term_string}\"},\"query-input\":{\"@type\":\"PropertyValueSpecification\",\"valueRequired\":true,\"valueName\":\"search_term_string\"}}],\"inLanguage\":\"es\"},{\"@type\":\"Organization\",\"@id\":\"https:\\\/\\\/www.ucaldas.edu.co\\\/portal\\\/#organization\",\"name\":\"Universidad de Caldas\",\"alternateName\":\"U. de Caldas\",\"url\":\"https:\\\/\\\/www.ucaldas.edu.co\\\/portal\\\/\",\"logo\":{\"@type\":\"ImageObject\",\"inLanguage\":\"es\",\"@id\":\"https:\\\/\\\/www.ucaldas.edu.co\\\/portal\\\/#\\\/schema\\\/logo\\\/image\\\/\",\"url\":\"https:\\\/\\\/www.ucaldas.edu.co\\\/portal\\\/wp-content\\\/uploads\\\/2023\\\/11\\\/Logo_horizontal_oscuroU-2023.png\",\"contentUrl\":\"https:\\\/\\\/www.ucaldas.edu.co\\\/portal\\\/wp-content\\\/uploads\\\/2023\\\/11\\\/Logo_horizontal_oscuroU-2023.png\",\"width\":263,\"height\":101,\"caption\":\"Universidad de Caldas\"},\"image\":{\"@id\":\"https:\\\/\\\/www.ucaldas.edu.co\\\/portal\\\/#\\\/schema\\\/logo\\\/image\\\/\"},\"sameAs\":[\"https:\\\/\\\/www.facebook.com\\\/udecaldas\",\"https:\\\/\\\/x.com\\\/udecaldas\",\"https:\\\/\\\/www.youtube.com\\\/universidadcaldas\",\"https:\\\/\\\/www.instagram.com\\\/udecaldas\\\/\"]},{\"@type\":\"Person\",\"@id\":\"https:\\\/\\\/www.ucaldas.edu.co\\\/portal\\\/#\\\/schema\\\/person\\\/a1b482e23449158b4bc319926c074fdf\",\"name\":\"ofiprensa\",\"image\":{\"@type\":\"ImageObject\",\"inLanguage\":\"es\",\"@id\":\"https:\\\/\\\/www.ucaldas.edu.co\\\/portal\\\/wp-content\\\/litespeed\\\/avatar\\\/09ea5085e600095a7a811142c6944527.jpg?ver=1777497608\",\"url\":\"https:\\\/\\\/www.ucaldas.edu.co\\\/portal\\\/wp-content\\\/litespeed\\\/avatar\\\/09ea5085e600095a7a811142c6944527.jpg?ver=1777497608\",\"contentUrl\":\"https:\\\/\\\/www.ucaldas.edu.co\\\/portal\\\/wp-content\\\/litespeed\\\/avatar\\\/09ea5085e600095a7a811142c6944527.jpg?ver=1777497608\",\"caption\":\"ofiprensa\"},\"url\":\"https:\\\/\\\/www.ucaldas.edu.co\\\/portal\\\/author\\\/ofiprensa\\\/\"}]}<\/script>\n<!-- \/ Yoast SEO plugin. -->","yoast_head_json":{"title":"Carlos Sarmiento Segovia recibi\u00f3 Orden Emilio Robledo Correa, por su aporte fotogr\u00e1fico .","robots":{"index":"index","follow":"follow","max-snippet":"max-snippet:-1","max-image-preview":"max-image-preview:large","max-video-preview":"max-video-preview:-1"},"canonical":"https:\/\/www.ucaldas.edu.co\/portal\/carlos-sarmiento-segovia-recibio-orden-emilio-robledo-correa-por-su-aporte-fotografico\/","schema":{"@context":"https:\/\/schema.org","@graph":[{"@type":"Article","@id":"https:\/\/www.ucaldas.edu.co\/portal\/carlos-sarmiento-segovia-recibio-orden-emilio-robledo-correa-por-su-aporte-fotografico\/#article","isPartOf":{"@id":"https:\/\/www.ucaldas.edu.co\/portal\/carlos-sarmiento-segovia-recibio-orden-emilio-robledo-correa-por-su-aporte-fotografico\/"},"author":{"name":"ofiprensa","@id":"https:\/\/www.ucaldas.edu.co\/portal\/#\/schema\/person\/a1b482e23449158b4bc319926c074fdf"},"headline":"Carlos Sarmiento Segovia recibi\u00f3 Orden Emilio Robledo Correa, por su aporte fotogr\u00e1fico","datePublished":"2012-11-21T20:19:40+00:00","mainEntityOfPage":{"@id":"https:\/\/www.ucaldas.edu.co\/portal\/carlos-sarmiento-segovia-recibio-orden-emilio-robledo-correa-por-su-aporte-fotografico\/"},"wordCount":375,"publisher":{"@id":"https:\/\/www.ucaldas.edu.co\/portal\/#organization"},"image":{"@id":"https:\/\/www.ucaldas.edu.co\/portal\/carlos-sarmiento-segovia-recibio-orden-emilio-robledo-correa-por-su-aporte-fotografico\/#primaryimage"},"thumbnailUrl":"http:\/\/www.ucaldas.edu.co\/images\/tmp\/papa_memo.jpg","articleSection":["Actualidad","Universidad al D\u00eda"],"inLanguage":"es"},{"@type":"WebPage","@id":"https:\/\/www.ucaldas.edu.co\/portal\/carlos-sarmiento-segovia-recibio-orden-emilio-robledo-correa-por-su-aporte-fotografico\/","url":"https:\/\/www.ucaldas.edu.co\/portal\/carlos-sarmiento-segovia-recibio-orden-emilio-robledo-correa-por-su-aporte-fotografico\/","name":"Carlos Sarmiento Segovia recibi\u00f3 Orden Emilio Robledo Correa, por su aporte fotogr\u00e1fico .","isPartOf":{"@id":"https:\/\/www.ucaldas.edu.co\/portal\/#website"},"primaryImageOfPage":{"@id":"https:\/\/www.ucaldas.edu.co\/portal\/carlos-sarmiento-segovia-recibio-orden-emilio-robledo-correa-por-su-aporte-fotografico\/#primaryimage"},"image":{"@id":"https:\/\/www.ucaldas.edu.co\/portal\/carlos-sarmiento-segovia-recibio-orden-emilio-robledo-correa-por-su-aporte-fotografico\/#primaryimage"},"thumbnailUrl":"http:\/\/www.ucaldas.edu.co\/images\/tmp\/papa_memo.jpg","datePublished":"2012-11-21T20:19:40+00:00","breadcrumb":{"@id":"https:\/\/www.ucaldas.edu.co\/portal\/carlos-sarmiento-segovia-recibio-orden-emilio-robledo-correa-por-su-aporte-fotografico\/#breadcrumb"},"inLanguage":"es","potentialAction":[{"@type":"ReadAction","target":["https:\/\/www.ucaldas.edu.co\/portal\/carlos-sarmiento-segovia-recibio-orden-emilio-robledo-correa-por-su-aporte-fotografico\/"]}]},{"@type":"ImageObject","inLanguage":"es","@id":"https:\/\/www.ucaldas.edu.co\/portal\/carlos-sarmiento-segovia-recibio-orden-emilio-robledo-correa-por-su-aporte-fotografico\/#primaryimage","url":"http:\/\/www.ucaldas.edu.co\/images\/tmp\/papa_memo.jpg","contentUrl":"http:\/\/www.ucaldas.edu.co\/images\/tmp\/papa_memo.jpg"},{"@type":"BreadcrumbList","@id":"https:\/\/www.ucaldas.edu.co\/portal\/carlos-sarmiento-segovia-recibio-orden-emilio-robledo-correa-por-su-aporte-fotografico\/#breadcrumb","itemListElement":[{"@type":"ListItem","position":1,"name":"Portada","item":"https:\/\/www.ucaldas.edu.co\/portal\/"},{"@type":"ListItem","position":2,"name":"Carlos Sarmiento Segovia recibi\u00f3 Orden Emilio Robledo Correa, por su aporte fotogr\u00e1fico"}]},{"@type":"WebSite","@id":"https:\/\/www.ucaldas.edu.co\/portal\/#website","url":"https:\/\/www.ucaldas.edu.co\/portal\/","name":"Universidad de Caldas","description":"","publisher":{"@id":"https:\/\/www.ucaldas.edu.co\/portal\/#organization"},"alternateName":"U. de Caldas","potentialAction":[{"@type":"SearchAction","target":{"@type":"EntryPoint","urlTemplate":"https:\/\/www.ucaldas.edu.co\/portal\/?s={search_term_string}"},"query-input":{"@type":"PropertyValueSpecification","valueRequired":true,"valueName":"search_term_string"}}],"inLanguage":"es"},{"@type":"Organization","@id":"https:\/\/www.ucaldas.edu.co\/portal\/#organization","name":"Universidad de Caldas","alternateName":"U. de Caldas","url":"https:\/\/www.ucaldas.edu.co\/portal\/","logo":{"@type":"ImageObject","inLanguage":"es","@id":"https:\/\/www.ucaldas.edu.co\/portal\/#\/schema\/logo\/image\/","url":"https:\/\/www.ucaldas.edu.co\/portal\/wp-content\/uploads\/2023\/11\/Logo_horizontal_oscuroU-2023.png","contentUrl":"https:\/\/www.ucaldas.edu.co\/portal\/wp-content\/uploads\/2023\/11\/Logo_horizontal_oscuroU-2023.png","width":263,"height":101,"caption":"Universidad de Caldas"},"image":{"@id":"https:\/\/www.ucaldas.edu.co\/portal\/#\/schema\/logo\/image\/"},"sameAs":["https:\/\/www.facebook.com\/udecaldas","https:\/\/x.com\/udecaldas","https:\/\/www.youtube.com\/universidadcaldas","https:\/\/www.instagram.com\/udecaldas\/"]},{"@type":"Person","@id":"https:\/\/www.ucaldas.edu.co\/portal\/#\/schema\/person\/a1b482e23449158b4bc319926c074fdf","name":"ofiprensa","image":{"@type":"ImageObject","inLanguage":"es","@id":"https:\/\/www.ucaldas.edu.co\/portal\/wp-content\/litespeed\/avatar\/09ea5085e600095a7a811142c6944527.jpg?ver=1777497608","url":"https:\/\/www.ucaldas.edu.co\/portal\/wp-content\/litespeed\/avatar\/09ea5085e600095a7a811142c6944527.jpg?ver=1777497608","contentUrl":"https:\/\/www.ucaldas.edu.co\/portal\/wp-content\/litespeed\/avatar\/09ea5085e600095a7a811142c6944527.jpg?ver=1777497608","caption":"ofiprensa"},"url":"https:\/\/www.ucaldas.edu.co\/portal\/author\/ofiprensa\/"}]}},"_links":{"self":[{"href":"https:\/\/www.ucaldas.edu.co\/portal\/wp-json\/wp\/v2\/posts\/14233","targetHints":{"allow":["GET"]}}],"collection":[{"href":"https:\/\/www.ucaldas.edu.co\/portal\/wp-json\/wp\/v2\/posts"}],"about":[{"href":"https:\/\/www.ucaldas.edu.co\/portal\/wp-json\/wp\/v2\/types\/post"}],"author":[{"embeddable":true,"href":"https:\/\/www.ucaldas.edu.co\/portal\/wp-json\/wp\/v2\/users\/2"}],"replies":[{"embeddable":true,"href":"https:\/\/www.ucaldas.edu.co\/portal\/wp-json\/wp\/v2\/comments?post=14233"}],"version-history":[{"count":0,"href":"https:\/\/www.ucaldas.edu.co\/portal\/wp-json\/wp\/v2\/posts\/14233\/revisions"}],"wp:attachment":[{"href":"https:\/\/www.ucaldas.edu.co\/portal\/wp-json\/wp\/v2\/media?parent=14233"}],"wp:term":[{"taxonomy":"category","embeddable":true,"href":"https:\/\/www.ucaldas.edu.co\/portal\/wp-json\/wp\/v2\/categories?post=14233"},{"taxonomy":"post_tag","embeddable":true,"href":"https:\/\/www.ucaldas.edu.co\/portal\/wp-json\/wp\/v2\/tags?post=14233"}],"curies":[{"name":"wp","href":"https:\/\/api.w.org\/{rel}","templated":true}]}}