{"id":14227,"date":"2012-11-21T15:17:08","date_gmt":"2012-11-21T20:17:08","guid":{"rendered":"https:\/\/www.ucaldas.edu.co\/portal\/?p=14227"},"modified":"2012-11-21T15:17:08","modified_gmt":"2012-11-21T20:17:08","slug":"u-de-caldas-presento-impactos-de-certificacion-cafetera-en-cundinamarca-y-santander","status":"publish","type":"post","link":"https:\/\/www.ucaldas.edu.co\/portal\/u-de-caldas-presento-impactos-de-certificacion-cafetera-en-cundinamarca-y-santander\/","title":{"rendered":"U. de Caldas present\u00f3 impactos de certificaci\u00f3n cafetera en Cundinamarca y Santander"},"content":{"rendered":"<p>En encuentro acad\u00e9mico de Seminario permanente de Desarrollo Rural<\/p>\n<hr \/>\n<p>&nbsp;<\/p>\n<p>&nbsp;<\/p>\n<p align=\"right\">21\/11\/2012<br \/>\nRedacci\u00f3n: Margarita Laverde Galvis<\/p>\n<table border=\"0\">\n<tbody>\n<tr>\n<td>\u00a0<img loading=\"lazy\" decoding=\"async\" style=\"border: 0px\" title=\"U. de Caldas present\u00f3 impactos de certificaci\u00f3n cafetera en Cundinamarca y Santander\" alt=\"impactos certificacion\" src=\"http:\/\/www.ucaldas.edu.co\/\/images\/tmp\/impactos_certificacion.jpg\" width=\"240\" height=\"160\" border=\"0\" \/><\/p>\n<h6>Foto: Guillermo Sarmiento\/Prensa U. de Caldas<\/h6>\n<\/td>\n<td>Jos\u00e9 Gabriel Cruz Cer\u00f3n, <b>profesor<\/b> <b>del Departamento de Desarrollo Rural y Recursos Naturales de la Universidad de Caldas, present\u00f3<\/b> el pasado 19 de noviembre del 2012 la <b>evaluaci\u00f3n integral<\/b> de los <b>impactos<\/b> de la <b>certificaci\u00f3n de sistemas de producci\u00f3n cafetera<\/b> <b>en Cundinamarca y Santander<\/b>.<\/td>\n<\/tr>\n<\/tbody>\n<\/table>\n<p>&nbsp;<\/p>\n<p>&nbsp;<\/p>\n<p><b>Se trata de un trabajo que se efectu\u00f3 en el 2007 y el 2010<\/b> en dos lugares del pa\u00eds donde se vive una agricultura contrastante, pues es Santander los sistemas de caf\u00e9 se deben trabajar en sombr\u00edo, mientras que en Cundinamarca no existe esa condici\u00f3n limitante de alta radiaci\u00f3n solar.<\/p>\n<p>&nbsp;<\/p>\n<p>\u201cLa investigaci\u00f3n se realiz\u00f3 en cooperaci\u00f3n con el <b>Centro Nacional de Investigaciones de Caf\u00e9 (Cenicaf\u00e9)<\/b>. Como asesor metodol\u00f3gico y coautor de la propuesta, puedo decir que en Santander se observa que el caf\u00e9 certificado tiene mayor productividad, lo que indica un efecto favorable, mientras que en Cundinamarca se vieron avances, pero no con una diferencia apreciable\u201d, coment\u00f3 el profesor.<\/p>\n<p>&nbsp;<\/p>\n<p>Para el conferencista: \u201clas diferencias en el manejo de una finca certificada y otra que no lo es, se refiere a avances en preservaci\u00f3n de fauna animal, manejo de residuos s\u00f3lidos, remuneraci\u00f3n de la mano de obra, ventajas de un sello certificador, entre otros\u201d.<\/p>\n<p>&nbsp;<\/p>\n<p>\u201cEl resultado del trabajo es concluyente: las fincas cafeteras o sistemas de producci\u00f3n agropecuaria debe tener la garant\u00eda de que tiene un producto inocuo, sano, de buena calidad y manejado de forma sostenible\u201d, concluy\u00f3 el investigador.<\/p>\n<p>&nbsp;<\/p>\n<p>El <b>evento <\/b>lo<b> organiz\u00f3 <\/b>el <b>Seminario Permanente de Desarrollo Rural<\/b> y <b>la Facultad de Ciencias Agropecuarias<\/b> de la <b>U. de Caldas.<\/b><\/p>\n<p>&nbsp;<\/p>\n<p><a href=\"http:\/\/www.facebook.com\/media\/set\/?set=a.436388789756325.104574.107054166023124&amp;type=3\" target=\"_blank\">Conozca im\u00e1genes de la conferencia sobre impactos de certificaci\u00f3n de sistemas de producci\u00f3n cafetera<\/a><br \/>\n<b>Informes:<\/b> Departamento de Desarrollo Rural y Recursos Naturales, tel\u00e9fono 878 15 00, extensi\u00f3n 15 238.<\/p>\n","protected":false},"excerpt":{"rendered":"<p>En encuentro acad\u00e9mico de Seminario permanente de Desarrollo Rural &nbsp; &nbsp; 21\/11\/2012 Redacci\u00f3n: Margarita Laverde Galvis \u00a0 Foto: Guillermo Sarmiento\/Prensa U. de Caldas Jos\u00e9 Gabriel Cruz Cer\u00f3n, profesor del Departamento de Desarrollo Rural y Recursos Naturales de la Universidad de Caldas, present\u00f3 el pasado 19 de noviembre del 2012 la evaluaci\u00f3n integral de los impactos [&hellip;]<\/p>\n","protected":false},"author":2,"featured_media":0,"comment_status":"closed","ping_status":"closed","sticky":false,"template":"","format":"standard","meta":{"footnotes":""},"categories":[48,53],"tags":[],"class_list":["post-14227","post","type-post","status-publish","format-standard","hentry","category-actualidad","category-universidad-al-dia"],"yoast_head":"<!-- This site is optimized with the Yoast SEO plugin v27.5 - https:\/\/yoast.com\/product\/yoast-seo-wordpress\/ -->\n<title>U. de Caldas present\u00f3 impactos de certificaci\u00f3n cafetera en Cundinamarca y Santander .<\/title>\n<meta name=\"robots\" content=\"index, follow, max-snippet:-1, max-image-preview:large, max-video-preview:-1\" \/>\n<link rel=\"canonical\" href=\"https:\/\/www.ucaldas.edu.co\/portal\/u-de-caldas-presento-impactos-de-certificacion-cafetera-en-cundinamarca-y-santander\/\" \/>\n<script type=\"application\/ld+json\" class=\"yoast-schema-graph\">{\"@context\":\"https:\\\/\\\/schema.org\",\"@graph\":[{\"@type\":\"Article\",\"@id\":\"https:\\\/\\\/www.ucaldas.edu.co\\\/portal\\\/u-de-caldas-presento-impactos-de-certificacion-cafetera-en-cundinamarca-y-santander\\\/#article\",\"isPartOf\":{\"@id\":\"https:\\\/\\\/www.ucaldas.edu.co\\\/portal\\\/u-de-caldas-presento-impactos-de-certificacion-cafetera-en-cundinamarca-y-santander\\\/\"},\"author\":{\"name\":\"ofiprensa\",\"@id\":\"https:\\\/\\\/www.ucaldas.edu.co\\\/portal\\\/#\\\/schema\\\/person\\\/a1b482e23449158b4bc319926c074fdf\"},\"headline\":\"U. de Caldas present\u00f3 impactos de certificaci\u00f3n cafetera en Cundinamarca y Santander\",\"datePublished\":\"2012-11-21T20:17:08+00:00\",\"mainEntityOfPage\":{\"@id\":\"https:\\\/\\\/www.ucaldas.edu.co\\\/portal\\\/u-de-caldas-presento-impactos-de-certificacion-cafetera-en-cundinamarca-y-santander\\\/\"},\"wordCount\":339,\"publisher\":{\"@id\":\"https:\\\/\\\/www.ucaldas.edu.co\\\/portal\\\/#organization\"},\"image\":{\"@id\":\"https:\\\/\\\/www.ucaldas.edu.co\\\/portal\\\/u-de-caldas-presento-impactos-de-certificacion-cafetera-en-cundinamarca-y-santander\\\/#primaryimage\"},\"thumbnailUrl\":\"http:\\\/\\\/www.ucaldas.edu.co\\\/\\\/images\\\/tmp\\\/impactos_certificacion.jpg\",\"articleSection\":[\"Actualidad\",\"Universidad al D\u00eda\"],\"inLanguage\":\"es\"},{\"@type\":\"WebPage\",\"@id\":\"https:\\\/\\\/www.ucaldas.edu.co\\\/portal\\\/u-de-caldas-presento-impactos-de-certificacion-cafetera-en-cundinamarca-y-santander\\\/\",\"url\":\"https:\\\/\\\/www.ucaldas.edu.co\\\/portal\\\/u-de-caldas-presento-impactos-de-certificacion-cafetera-en-cundinamarca-y-santander\\\/\",\"name\":\"U. de Caldas present\u00f3 impactos de certificaci\u00f3n cafetera en Cundinamarca y Santander .\",\"isPartOf\":{\"@id\":\"https:\\\/\\\/www.ucaldas.edu.co\\\/portal\\\/#website\"},\"primaryImageOfPage\":{\"@id\":\"https:\\\/\\\/www.ucaldas.edu.co\\\/portal\\\/u-de-caldas-presento-impactos-de-certificacion-cafetera-en-cundinamarca-y-santander\\\/#primaryimage\"},\"image\":{\"@id\":\"https:\\\/\\\/www.ucaldas.edu.co\\\/portal\\\/u-de-caldas-presento-impactos-de-certificacion-cafetera-en-cundinamarca-y-santander\\\/#primaryimage\"},\"thumbnailUrl\":\"http:\\\/\\\/www.ucaldas.edu.co\\\/\\\/images\\\/tmp\\\/impactos_certificacion.jpg\",\"datePublished\":\"2012-11-21T20:17:08+00:00\",\"breadcrumb\":{\"@id\":\"https:\\\/\\\/www.ucaldas.edu.co\\\/portal\\\/u-de-caldas-presento-impactos-de-certificacion-cafetera-en-cundinamarca-y-santander\\\/#breadcrumb\"},\"inLanguage\":\"es\",\"potentialAction\":[{\"@type\":\"ReadAction\",\"target\":[\"https:\\\/\\\/www.ucaldas.edu.co\\\/portal\\\/u-de-caldas-presento-impactos-de-certificacion-cafetera-en-cundinamarca-y-santander\\\/\"]}]},{\"@type\":\"ImageObject\",\"inLanguage\":\"es\",\"@id\":\"https:\\\/\\\/www.ucaldas.edu.co\\\/portal\\\/u-de-caldas-presento-impactos-de-certificacion-cafetera-en-cundinamarca-y-santander\\\/#primaryimage\",\"url\":\"http:\\\/\\\/www.ucaldas.edu.co\\\/\\\/images\\\/tmp\\\/impactos_certificacion.jpg\",\"contentUrl\":\"http:\\\/\\\/www.ucaldas.edu.co\\\/\\\/images\\\/tmp\\\/impactos_certificacion.jpg\"},{\"@type\":\"BreadcrumbList\",\"@id\":\"https:\\\/\\\/www.ucaldas.edu.co\\\/portal\\\/u-de-caldas-presento-impactos-de-certificacion-cafetera-en-cundinamarca-y-santander\\\/#breadcrumb\",\"itemListElement\":[{\"@type\":\"ListItem\",\"position\":1,\"name\":\"Portada\",\"item\":\"https:\\\/\\\/www.ucaldas.edu.co\\\/portal\\\/\"},{\"@type\":\"ListItem\",\"position\":2,\"name\":\"U. de Caldas present\u00f3 impactos de certificaci\u00f3n cafetera en Cundinamarca y Santander\"}]},{\"@type\":\"WebSite\",\"@id\":\"https:\\\/\\\/www.ucaldas.edu.co\\\/portal\\\/#website\",\"url\":\"https:\\\/\\\/www.ucaldas.edu.co\\\/portal\\\/\",\"name\":\"Universidad de Caldas\",\"description\":\"\",\"publisher\":{\"@id\":\"https:\\\/\\\/www.ucaldas.edu.co\\\/portal\\\/#organization\"},\"alternateName\":\"U. de Caldas\",\"potentialAction\":[{\"@type\":\"SearchAction\",\"target\":{\"@type\":\"EntryPoint\",\"urlTemplate\":\"https:\\\/\\\/www.ucaldas.edu.co\\\/portal\\\/?s={search_term_string}\"},\"query-input\":{\"@type\":\"PropertyValueSpecification\",\"valueRequired\":true,\"valueName\":\"search_term_string\"}}],\"inLanguage\":\"es\"},{\"@type\":\"Organization\",\"@id\":\"https:\\\/\\\/www.ucaldas.edu.co\\\/portal\\\/#organization\",\"name\":\"Universidad de Caldas\",\"alternateName\":\"U. de Caldas\",\"url\":\"https:\\\/\\\/www.ucaldas.edu.co\\\/portal\\\/\",\"logo\":{\"@type\":\"ImageObject\",\"inLanguage\":\"es\",\"@id\":\"https:\\\/\\\/www.ucaldas.edu.co\\\/portal\\\/#\\\/schema\\\/logo\\\/image\\\/\",\"url\":\"https:\\\/\\\/www.ucaldas.edu.co\\\/portal\\\/wp-content\\\/uploads\\\/2023\\\/11\\\/Logo_horizontal_oscuroU-2023.png\",\"contentUrl\":\"https:\\\/\\\/www.ucaldas.edu.co\\\/portal\\\/wp-content\\\/uploads\\\/2023\\\/11\\\/Logo_horizontal_oscuroU-2023.png\",\"width\":263,\"height\":101,\"caption\":\"Universidad de Caldas\"},\"image\":{\"@id\":\"https:\\\/\\\/www.ucaldas.edu.co\\\/portal\\\/#\\\/schema\\\/logo\\\/image\\\/\"},\"sameAs\":[\"https:\\\/\\\/www.facebook.com\\\/udecaldas\",\"https:\\\/\\\/x.com\\\/udecaldas\",\"https:\\\/\\\/www.youtube.com\\\/universidadcaldas\",\"https:\\\/\\\/www.instagram.com\\\/udecaldas\\\/\"]},{\"@type\":\"Person\",\"@id\":\"https:\\\/\\\/www.ucaldas.edu.co\\\/portal\\\/#\\\/schema\\\/person\\\/a1b482e23449158b4bc319926c074fdf\",\"name\":\"ofiprensa\",\"image\":{\"@type\":\"ImageObject\",\"inLanguage\":\"es\",\"@id\":\"https:\\\/\\\/www.ucaldas.edu.co\\\/portal\\\/wp-content\\\/litespeed\\\/avatar\\\/09ea5085e600095a7a811142c6944527.jpg?ver=1777497608\",\"url\":\"https:\\\/\\\/www.ucaldas.edu.co\\\/portal\\\/wp-content\\\/litespeed\\\/avatar\\\/09ea5085e600095a7a811142c6944527.jpg?ver=1777497608\",\"contentUrl\":\"https:\\\/\\\/www.ucaldas.edu.co\\\/portal\\\/wp-content\\\/litespeed\\\/avatar\\\/09ea5085e600095a7a811142c6944527.jpg?ver=1777497608\",\"caption\":\"ofiprensa\"},\"url\":\"https:\\\/\\\/www.ucaldas.edu.co\\\/portal\\\/author\\\/ofiprensa\\\/\"}]}<\/script>\n<!-- \/ Yoast SEO plugin. -->","yoast_head_json":{"title":"U. de Caldas present\u00f3 impactos de certificaci\u00f3n cafetera en Cundinamarca y Santander .","robots":{"index":"index","follow":"follow","max-snippet":"max-snippet:-1","max-image-preview":"max-image-preview:large","max-video-preview":"max-video-preview:-1"},"canonical":"https:\/\/www.ucaldas.edu.co\/portal\/u-de-caldas-presento-impactos-de-certificacion-cafetera-en-cundinamarca-y-santander\/","schema":{"@context":"https:\/\/schema.org","@graph":[{"@type":"Article","@id":"https:\/\/www.ucaldas.edu.co\/portal\/u-de-caldas-presento-impactos-de-certificacion-cafetera-en-cundinamarca-y-santander\/#article","isPartOf":{"@id":"https:\/\/www.ucaldas.edu.co\/portal\/u-de-caldas-presento-impactos-de-certificacion-cafetera-en-cundinamarca-y-santander\/"},"author":{"name":"ofiprensa","@id":"https:\/\/www.ucaldas.edu.co\/portal\/#\/schema\/person\/a1b482e23449158b4bc319926c074fdf"},"headline":"U. de Caldas present\u00f3 impactos de certificaci\u00f3n cafetera en Cundinamarca y Santander","datePublished":"2012-11-21T20:17:08+00:00","mainEntityOfPage":{"@id":"https:\/\/www.ucaldas.edu.co\/portal\/u-de-caldas-presento-impactos-de-certificacion-cafetera-en-cundinamarca-y-santander\/"},"wordCount":339,"publisher":{"@id":"https:\/\/www.ucaldas.edu.co\/portal\/#organization"},"image":{"@id":"https:\/\/www.ucaldas.edu.co\/portal\/u-de-caldas-presento-impactos-de-certificacion-cafetera-en-cundinamarca-y-santander\/#primaryimage"},"thumbnailUrl":"http:\/\/www.ucaldas.edu.co\/\/images\/tmp\/impactos_certificacion.jpg","articleSection":["Actualidad","Universidad al D\u00eda"],"inLanguage":"es"},{"@type":"WebPage","@id":"https:\/\/www.ucaldas.edu.co\/portal\/u-de-caldas-presento-impactos-de-certificacion-cafetera-en-cundinamarca-y-santander\/","url":"https:\/\/www.ucaldas.edu.co\/portal\/u-de-caldas-presento-impactos-de-certificacion-cafetera-en-cundinamarca-y-santander\/","name":"U. de Caldas present\u00f3 impactos de certificaci\u00f3n cafetera en Cundinamarca y Santander .","isPartOf":{"@id":"https:\/\/www.ucaldas.edu.co\/portal\/#website"},"primaryImageOfPage":{"@id":"https:\/\/www.ucaldas.edu.co\/portal\/u-de-caldas-presento-impactos-de-certificacion-cafetera-en-cundinamarca-y-santander\/#primaryimage"},"image":{"@id":"https:\/\/www.ucaldas.edu.co\/portal\/u-de-caldas-presento-impactos-de-certificacion-cafetera-en-cundinamarca-y-santander\/#primaryimage"},"thumbnailUrl":"http:\/\/www.ucaldas.edu.co\/\/images\/tmp\/impactos_certificacion.jpg","datePublished":"2012-11-21T20:17:08+00:00","breadcrumb":{"@id":"https:\/\/www.ucaldas.edu.co\/portal\/u-de-caldas-presento-impactos-de-certificacion-cafetera-en-cundinamarca-y-santander\/#breadcrumb"},"inLanguage":"es","potentialAction":[{"@type":"ReadAction","target":["https:\/\/www.ucaldas.edu.co\/portal\/u-de-caldas-presento-impactos-de-certificacion-cafetera-en-cundinamarca-y-santander\/"]}]},{"@type":"ImageObject","inLanguage":"es","@id":"https:\/\/www.ucaldas.edu.co\/portal\/u-de-caldas-presento-impactos-de-certificacion-cafetera-en-cundinamarca-y-santander\/#primaryimage","url":"http:\/\/www.ucaldas.edu.co\/\/images\/tmp\/impactos_certificacion.jpg","contentUrl":"http:\/\/www.ucaldas.edu.co\/\/images\/tmp\/impactos_certificacion.jpg"},{"@type":"BreadcrumbList","@id":"https:\/\/www.ucaldas.edu.co\/portal\/u-de-caldas-presento-impactos-de-certificacion-cafetera-en-cundinamarca-y-santander\/#breadcrumb","itemListElement":[{"@type":"ListItem","position":1,"name":"Portada","item":"https:\/\/www.ucaldas.edu.co\/portal\/"},{"@type":"ListItem","position":2,"name":"U. de Caldas present\u00f3 impactos de certificaci\u00f3n cafetera en Cundinamarca y Santander"}]},{"@type":"WebSite","@id":"https:\/\/www.ucaldas.edu.co\/portal\/#website","url":"https:\/\/www.ucaldas.edu.co\/portal\/","name":"Universidad de Caldas","description":"","publisher":{"@id":"https:\/\/www.ucaldas.edu.co\/portal\/#organization"},"alternateName":"U. de Caldas","potentialAction":[{"@type":"SearchAction","target":{"@type":"EntryPoint","urlTemplate":"https:\/\/www.ucaldas.edu.co\/portal\/?s={search_term_string}"},"query-input":{"@type":"PropertyValueSpecification","valueRequired":true,"valueName":"search_term_string"}}],"inLanguage":"es"},{"@type":"Organization","@id":"https:\/\/www.ucaldas.edu.co\/portal\/#organization","name":"Universidad de Caldas","alternateName":"U. de Caldas","url":"https:\/\/www.ucaldas.edu.co\/portal\/","logo":{"@type":"ImageObject","inLanguage":"es","@id":"https:\/\/www.ucaldas.edu.co\/portal\/#\/schema\/logo\/image\/","url":"https:\/\/www.ucaldas.edu.co\/portal\/wp-content\/uploads\/2023\/11\/Logo_horizontal_oscuroU-2023.png","contentUrl":"https:\/\/www.ucaldas.edu.co\/portal\/wp-content\/uploads\/2023\/11\/Logo_horizontal_oscuroU-2023.png","width":263,"height":101,"caption":"Universidad de Caldas"},"image":{"@id":"https:\/\/www.ucaldas.edu.co\/portal\/#\/schema\/logo\/image\/"},"sameAs":["https:\/\/www.facebook.com\/udecaldas","https:\/\/x.com\/udecaldas","https:\/\/www.youtube.com\/universidadcaldas","https:\/\/www.instagram.com\/udecaldas\/"]},{"@type":"Person","@id":"https:\/\/www.ucaldas.edu.co\/portal\/#\/schema\/person\/a1b482e23449158b4bc319926c074fdf","name":"ofiprensa","image":{"@type":"ImageObject","inLanguage":"es","@id":"https:\/\/www.ucaldas.edu.co\/portal\/wp-content\/litespeed\/avatar\/09ea5085e600095a7a811142c6944527.jpg?ver=1777497608","url":"https:\/\/www.ucaldas.edu.co\/portal\/wp-content\/litespeed\/avatar\/09ea5085e600095a7a811142c6944527.jpg?ver=1777497608","contentUrl":"https:\/\/www.ucaldas.edu.co\/portal\/wp-content\/litespeed\/avatar\/09ea5085e600095a7a811142c6944527.jpg?ver=1777497608","caption":"ofiprensa"},"url":"https:\/\/www.ucaldas.edu.co\/portal\/author\/ofiprensa\/"}]}},"_links":{"self":[{"href":"https:\/\/www.ucaldas.edu.co\/portal\/wp-json\/wp\/v2\/posts\/14227","targetHints":{"allow":["GET"]}}],"collection":[{"href":"https:\/\/www.ucaldas.edu.co\/portal\/wp-json\/wp\/v2\/posts"}],"about":[{"href":"https:\/\/www.ucaldas.edu.co\/portal\/wp-json\/wp\/v2\/types\/post"}],"author":[{"embeddable":true,"href":"https:\/\/www.ucaldas.edu.co\/portal\/wp-json\/wp\/v2\/users\/2"}],"replies":[{"embeddable":true,"href":"https:\/\/www.ucaldas.edu.co\/portal\/wp-json\/wp\/v2\/comments?post=14227"}],"version-history":[{"count":0,"href":"https:\/\/www.ucaldas.edu.co\/portal\/wp-json\/wp\/v2\/posts\/14227\/revisions"}],"wp:attachment":[{"href":"https:\/\/www.ucaldas.edu.co\/portal\/wp-json\/wp\/v2\/media?parent=14227"}],"wp:term":[{"taxonomy":"category","embeddable":true,"href":"https:\/\/www.ucaldas.edu.co\/portal\/wp-json\/wp\/v2\/categories?post=14227"},{"taxonomy":"post_tag","embeddable":true,"href":"https:\/\/www.ucaldas.edu.co\/portal\/wp-json\/wp\/v2\/tags?post=14227"}],"curies":[{"name":"wp","href":"https:\/\/api.w.org\/{rel}","templated":true}]}}