{"id":14217,"date":"2012-11-20T15:13:31","date_gmt":"2012-11-20T20:13:31","guid":{"rendered":"https:\/\/www.ucaldas.edu.co\/portal\/?p=14217"},"modified":"2012-11-20T15:13:31","modified_gmt":"2012-11-20T20:13:31","slug":"dos-revistas-u-de-caldas-en-indice-bibliografico-de-citaciones-scopus","status":"publish","type":"post","link":"https:\/\/www.ucaldas.edu.co\/portal\/dos-revistas-u-de-caldas-en-indice-bibliografico-de-citaciones-scopus\/","title":{"rendered":"Dos revistas U. de Caldas, en  \u00edndice bibliogr\u00e1fico de citaciones Scopus"},"content":{"rendered":"<p align=\"center\">Se trata de las publicaciones Kepes y Jur\u00eddicas<\/p>\n<p align=\"right\">20\/11\/2012<\/p>\n<hr \/>\n<p align=\"right\">Redacci\u00f3n: Margarita Laverde Galvis<\/p>\n<p>&nbsp;<\/p>\n<table border=\"0\">\n<tbody>\n<tr>\n<td><img loading=\"lazy\" decoding=\"async\" style=\"border: 0px\" title=\"Revistas\" alt=\"Revistas\" src=\"http:\/\/www.ucaldas.edu.co\/images\/tmp\/revistascientificas.jpg\" width=\"240\" height=\"150\" border=\"0\" \/><\/td>\n<td>Las\u00a0<b>revistas Kepes y Jur\u00eddicas<\/b>, de la Universidad de Caldas,\u00a0<b>fueron aceptadas<\/b>\u00a0para pertenecer al\u00a0<b>\u00edndice bibliogr\u00e1fico de citaciones Scopus<\/b>, seg\u00fan lo anunci\u00f3\u00a0la\u00a0<b>Vicerrector\u00eda de Investigaciones y Postgrados\u00a0<\/b>de la Instituci\u00f3n.<\/td>\n<\/tr>\n<\/tbody>\n<\/table>\n<p>&nbsp;<\/p>\n<p>&nbsp;<\/p>\n<p>Dicha vicerrector\u00eda\u00a0<b>extendi\u00f3<\/b>\u00a0tambi\u00e9n sus\u00a0<b>felicitaciones<\/b>\u00a0al<b>\u00a0Director de la Revista Jur\u00eddicas<\/b>\u00a0y\u00a0<b>Decano de la Facultad Ciencias Jur\u00eddicas y Sociales de la Instituci\u00f3n<\/b>, Javier Gonzaga Valencia, por la\u00a0<b>indexaci\u00f3n\u00a0<\/b>de la publicaci\u00f3n<b>\u00a0en la Categor\u00eda B de Publindex<\/b>, seg\u00fan la \u00faltima actualizaci\u00f3n.<\/p>\n<p>&nbsp;<\/p>\n<p>La U. de Caldas\u00a0<b>felicita a los editores<\/b>\u00a0de ambas revistas y\u00a0<b>exalta la labor<\/b>\u00a0de la\u00a0<b>Oficina de Promoci\u00f3n e Indexaci\u00f3n de Revistas Cient\u00edficas<\/b>, pues gracias a su trabajo y apoyo la Instituci\u00f3n cada d\u00eda se consolida como\u00a0<b>una de las mejores en publicaciones seriadas cient\u00edficas de Colombia<\/b>.<br \/>\n<b>Sobre Scopus\u00a0<\/b><\/p>\n<p>Scopus es una\u00a0<b>gran base de datos multidisciplinar<\/b>\u00a0elaborada por Elsevier para cubrir ambiciosamente todo el campo de la\u00a0<b>informaci\u00f3n cient\u00edfica referencial<\/b>. Engloba\u00a0<b>la mayor colecci\u00f3n multidisciplinar a nivel mundial<\/b>\u00a0de res\u00famenes, referencias e \u00edndices de literatura cient\u00edfica, t\u00e9cnica y m\u00e9dica.<\/p>\n<p>&nbsp;<\/p>\n<p>Sus principales materias son: agricultura, biolog\u00eda, qu\u00edmica, geolog\u00eda, econom\u00eda, negocios, ingenier\u00eda, salud, ciencias de la vida, matem\u00e1ticas, f\u00edsica, psicolog\u00eda y ciencias sociales.<\/p>\n<p>&nbsp;<\/p>\n<p><b>Dicha base se puede consultar<\/b>\u00a0en\u00a0<b><a href=\"http:\/\/desarrollo.ucaldas.edu.co\/\" target=\"_blank\">www.ucaldas.edu.co<\/a><\/b>\u00a0<b>secci\u00f3n<\/b>\u00a0<b>Bibliotecas<\/b>\u00a0(columna \u00a0derecha),\u00a0<b>pesta\u00f1a Bases de Datos<\/b>.<\/p>\n<p>&nbsp;<\/p>\n<p><b>Informes:<\/b>\u00a0Oficina de Promoci\u00f3n e Indexaci\u00f3n de Revistas Cient\u00edficas, tel\u00e9fono 878 15 00, extensi\u00f3n\u00a0\u00a011 222.<\/p>\n","protected":false},"excerpt":{"rendered":"<p>Se trata de las publicaciones Kepes y Jur\u00eddicas 20\/11\/2012 Redacci\u00f3n: Margarita Laverde Galvis &nbsp; Las\u00a0revistas Kepes y Jur\u00eddicas, de la Universidad de Caldas,\u00a0fueron aceptadas\u00a0para pertenecer al\u00a0\u00edndice bibliogr\u00e1fico de citaciones Scopus, seg\u00fan lo anunci\u00f3\u00a0la\u00a0Vicerrector\u00eda de Investigaciones y Postgrados\u00a0de la Instituci\u00f3n. &nbsp; &nbsp; Dicha vicerrector\u00eda\u00a0extendi\u00f3\u00a0tambi\u00e9n sus\u00a0felicitaciones\u00a0al\u00a0Director de la Revista Jur\u00eddicas\u00a0y\u00a0Decano de la Facultad Ciencias Jur\u00eddicas y Sociales [&hellip;]<\/p>\n","protected":false},"author":2,"featured_media":0,"comment_status":"closed","ping_status":"closed","sticky":false,"template":"","format":"standard","meta":{"footnotes":""},"categories":[48,53],"tags":[],"class_list":["post-14217","post","type-post","status-publish","format-standard","hentry","category-actualidad","category-universidad-al-dia"],"yoast_head":"<!-- This site is optimized with the Yoast SEO plugin v27.5 - https:\/\/yoast.com\/product\/yoast-seo-wordpress\/ -->\n<title>Dos revistas U. de Caldas, en \u00edndice bibliogr\u00e1fico de citaciones Scopus .<\/title>\n<meta name=\"robots\" content=\"index, follow, max-snippet:-1, max-image-preview:large, max-video-preview:-1\" \/>\n<link rel=\"canonical\" href=\"https:\/\/www.ucaldas.edu.co\/portal\/dos-revistas-u-de-caldas-en-indice-bibliografico-de-citaciones-scopus\/\" \/>\n<script type=\"application\/ld+json\" class=\"yoast-schema-graph\">{\"@context\":\"https:\\\/\\\/schema.org\",\"@graph\":[{\"@type\":\"Article\",\"@id\":\"https:\\\/\\\/www.ucaldas.edu.co\\\/portal\\\/dos-revistas-u-de-caldas-en-indice-bibliografico-de-citaciones-scopus\\\/#article\",\"isPartOf\":{\"@id\":\"https:\\\/\\\/www.ucaldas.edu.co\\\/portal\\\/dos-revistas-u-de-caldas-en-indice-bibliografico-de-citaciones-scopus\\\/\"},\"author\":{\"name\":\"ofiprensa\",\"@id\":\"https:\\\/\\\/www.ucaldas.edu.co\\\/portal\\\/#\\\/schema\\\/person\\\/a1b482e23449158b4bc319926c074fdf\"},\"headline\":\"Dos revistas U. de Caldas, en \u00edndice bibliogr\u00e1fico de citaciones Scopus\",\"datePublished\":\"2012-11-20T20:13:31+00:00\",\"mainEntityOfPage\":{\"@id\":\"https:\\\/\\\/www.ucaldas.edu.co\\\/portal\\\/dos-revistas-u-de-caldas-en-indice-bibliografico-de-citaciones-scopus\\\/\"},\"wordCount\":294,\"publisher\":{\"@id\":\"https:\\\/\\\/www.ucaldas.edu.co\\\/portal\\\/#organization\"},\"image\":{\"@id\":\"https:\\\/\\\/www.ucaldas.edu.co\\\/portal\\\/dos-revistas-u-de-caldas-en-indice-bibliografico-de-citaciones-scopus\\\/#primaryimage\"},\"thumbnailUrl\":\"http:\\\/\\\/www.ucaldas.edu.co\\\/images\\\/tmp\\\/revistascientificas.jpg\",\"articleSection\":[\"Actualidad\",\"Universidad al D\u00eda\"],\"inLanguage\":\"es\"},{\"@type\":\"WebPage\",\"@id\":\"https:\\\/\\\/www.ucaldas.edu.co\\\/portal\\\/dos-revistas-u-de-caldas-en-indice-bibliografico-de-citaciones-scopus\\\/\",\"url\":\"https:\\\/\\\/www.ucaldas.edu.co\\\/portal\\\/dos-revistas-u-de-caldas-en-indice-bibliografico-de-citaciones-scopus\\\/\",\"name\":\"Dos revistas U. de Caldas, en \u00edndice bibliogr\u00e1fico de citaciones Scopus .\",\"isPartOf\":{\"@id\":\"https:\\\/\\\/www.ucaldas.edu.co\\\/portal\\\/#website\"},\"primaryImageOfPage\":{\"@id\":\"https:\\\/\\\/www.ucaldas.edu.co\\\/portal\\\/dos-revistas-u-de-caldas-en-indice-bibliografico-de-citaciones-scopus\\\/#primaryimage\"},\"image\":{\"@id\":\"https:\\\/\\\/www.ucaldas.edu.co\\\/portal\\\/dos-revistas-u-de-caldas-en-indice-bibliografico-de-citaciones-scopus\\\/#primaryimage\"},\"thumbnailUrl\":\"http:\\\/\\\/www.ucaldas.edu.co\\\/images\\\/tmp\\\/revistascientificas.jpg\",\"datePublished\":\"2012-11-20T20:13:31+00:00\",\"breadcrumb\":{\"@id\":\"https:\\\/\\\/www.ucaldas.edu.co\\\/portal\\\/dos-revistas-u-de-caldas-en-indice-bibliografico-de-citaciones-scopus\\\/#breadcrumb\"},\"inLanguage\":\"es\",\"potentialAction\":[{\"@type\":\"ReadAction\",\"target\":[\"https:\\\/\\\/www.ucaldas.edu.co\\\/portal\\\/dos-revistas-u-de-caldas-en-indice-bibliografico-de-citaciones-scopus\\\/\"]}]},{\"@type\":\"ImageObject\",\"inLanguage\":\"es\",\"@id\":\"https:\\\/\\\/www.ucaldas.edu.co\\\/portal\\\/dos-revistas-u-de-caldas-en-indice-bibliografico-de-citaciones-scopus\\\/#primaryimage\",\"url\":\"http:\\\/\\\/www.ucaldas.edu.co\\\/images\\\/tmp\\\/revistascientificas.jpg\",\"contentUrl\":\"http:\\\/\\\/www.ucaldas.edu.co\\\/images\\\/tmp\\\/revistascientificas.jpg\"},{\"@type\":\"BreadcrumbList\",\"@id\":\"https:\\\/\\\/www.ucaldas.edu.co\\\/portal\\\/dos-revistas-u-de-caldas-en-indice-bibliografico-de-citaciones-scopus\\\/#breadcrumb\",\"itemListElement\":[{\"@type\":\"ListItem\",\"position\":1,\"name\":\"Portada\",\"item\":\"https:\\\/\\\/www.ucaldas.edu.co\\\/portal\\\/\"},{\"@type\":\"ListItem\",\"position\":2,\"name\":\"Dos revistas U. de Caldas, en \u00edndice bibliogr\u00e1fico de citaciones Scopus\"}]},{\"@type\":\"WebSite\",\"@id\":\"https:\\\/\\\/www.ucaldas.edu.co\\\/portal\\\/#website\",\"url\":\"https:\\\/\\\/www.ucaldas.edu.co\\\/portal\\\/\",\"name\":\"Universidad de Caldas\",\"description\":\"\",\"publisher\":{\"@id\":\"https:\\\/\\\/www.ucaldas.edu.co\\\/portal\\\/#organization\"},\"alternateName\":\"U. de Caldas\",\"potentialAction\":[{\"@type\":\"SearchAction\",\"target\":{\"@type\":\"EntryPoint\",\"urlTemplate\":\"https:\\\/\\\/www.ucaldas.edu.co\\\/portal\\\/?s={search_term_string}\"},\"query-input\":{\"@type\":\"PropertyValueSpecification\",\"valueRequired\":true,\"valueName\":\"search_term_string\"}}],\"inLanguage\":\"es\"},{\"@type\":\"Organization\",\"@id\":\"https:\\\/\\\/www.ucaldas.edu.co\\\/portal\\\/#organization\",\"name\":\"Universidad de Caldas\",\"alternateName\":\"U. de Caldas\",\"url\":\"https:\\\/\\\/www.ucaldas.edu.co\\\/portal\\\/\",\"logo\":{\"@type\":\"ImageObject\",\"inLanguage\":\"es\",\"@id\":\"https:\\\/\\\/www.ucaldas.edu.co\\\/portal\\\/#\\\/schema\\\/logo\\\/image\\\/\",\"url\":\"https:\\\/\\\/www.ucaldas.edu.co\\\/portal\\\/wp-content\\\/uploads\\\/2023\\\/11\\\/Logo_horizontal_oscuroU-2023.png\",\"contentUrl\":\"https:\\\/\\\/www.ucaldas.edu.co\\\/portal\\\/wp-content\\\/uploads\\\/2023\\\/11\\\/Logo_horizontal_oscuroU-2023.png\",\"width\":263,\"height\":101,\"caption\":\"Universidad de Caldas\"},\"image\":{\"@id\":\"https:\\\/\\\/www.ucaldas.edu.co\\\/portal\\\/#\\\/schema\\\/logo\\\/image\\\/\"},\"sameAs\":[\"https:\\\/\\\/www.facebook.com\\\/udecaldas\",\"https:\\\/\\\/x.com\\\/udecaldas\",\"https:\\\/\\\/www.youtube.com\\\/universidadcaldas\",\"https:\\\/\\\/www.instagram.com\\\/udecaldas\\\/\"]},{\"@type\":\"Person\",\"@id\":\"https:\\\/\\\/www.ucaldas.edu.co\\\/portal\\\/#\\\/schema\\\/person\\\/a1b482e23449158b4bc319926c074fdf\",\"name\":\"ofiprensa\",\"image\":{\"@type\":\"ImageObject\",\"inLanguage\":\"es\",\"@id\":\"https:\\\/\\\/www.ucaldas.edu.co\\\/portal\\\/wp-content\\\/litespeed\\\/avatar\\\/09ea5085e600095a7a811142c6944527.jpg?ver=1777497608\",\"url\":\"https:\\\/\\\/www.ucaldas.edu.co\\\/portal\\\/wp-content\\\/litespeed\\\/avatar\\\/09ea5085e600095a7a811142c6944527.jpg?ver=1777497608\",\"contentUrl\":\"https:\\\/\\\/www.ucaldas.edu.co\\\/portal\\\/wp-content\\\/litespeed\\\/avatar\\\/09ea5085e600095a7a811142c6944527.jpg?ver=1777497608\",\"caption\":\"ofiprensa\"},\"url\":\"https:\\\/\\\/www.ucaldas.edu.co\\\/portal\\\/author\\\/ofiprensa\\\/\"}]}<\/script>\n<!-- \/ Yoast SEO plugin. -->","yoast_head_json":{"title":"Dos revistas U. de Caldas, en \u00edndice bibliogr\u00e1fico de citaciones Scopus .","robots":{"index":"index","follow":"follow","max-snippet":"max-snippet:-1","max-image-preview":"max-image-preview:large","max-video-preview":"max-video-preview:-1"},"canonical":"https:\/\/www.ucaldas.edu.co\/portal\/dos-revistas-u-de-caldas-en-indice-bibliografico-de-citaciones-scopus\/","schema":{"@context":"https:\/\/schema.org","@graph":[{"@type":"Article","@id":"https:\/\/www.ucaldas.edu.co\/portal\/dos-revistas-u-de-caldas-en-indice-bibliografico-de-citaciones-scopus\/#article","isPartOf":{"@id":"https:\/\/www.ucaldas.edu.co\/portal\/dos-revistas-u-de-caldas-en-indice-bibliografico-de-citaciones-scopus\/"},"author":{"name":"ofiprensa","@id":"https:\/\/www.ucaldas.edu.co\/portal\/#\/schema\/person\/a1b482e23449158b4bc319926c074fdf"},"headline":"Dos revistas U. de Caldas, en \u00edndice bibliogr\u00e1fico de citaciones Scopus","datePublished":"2012-11-20T20:13:31+00:00","mainEntityOfPage":{"@id":"https:\/\/www.ucaldas.edu.co\/portal\/dos-revistas-u-de-caldas-en-indice-bibliografico-de-citaciones-scopus\/"},"wordCount":294,"publisher":{"@id":"https:\/\/www.ucaldas.edu.co\/portal\/#organization"},"image":{"@id":"https:\/\/www.ucaldas.edu.co\/portal\/dos-revistas-u-de-caldas-en-indice-bibliografico-de-citaciones-scopus\/#primaryimage"},"thumbnailUrl":"http:\/\/www.ucaldas.edu.co\/images\/tmp\/revistascientificas.jpg","articleSection":["Actualidad","Universidad al D\u00eda"],"inLanguage":"es"},{"@type":"WebPage","@id":"https:\/\/www.ucaldas.edu.co\/portal\/dos-revistas-u-de-caldas-en-indice-bibliografico-de-citaciones-scopus\/","url":"https:\/\/www.ucaldas.edu.co\/portal\/dos-revistas-u-de-caldas-en-indice-bibliografico-de-citaciones-scopus\/","name":"Dos revistas U. de Caldas, en \u00edndice bibliogr\u00e1fico de citaciones Scopus .","isPartOf":{"@id":"https:\/\/www.ucaldas.edu.co\/portal\/#website"},"primaryImageOfPage":{"@id":"https:\/\/www.ucaldas.edu.co\/portal\/dos-revistas-u-de-caldas-en-indice-bibliografico-de-citaciones-scopus\/#primaryimage"},"image":{"@id":"https:\/\/www.ucaldas.edu.co\/portal\/dos-revistas-u-de-caldas-en-indice-bibliografico-de-citaciones-scopus\/#primaryimage"},"thumbnailUrl":"http:\/\/www.ucaldas.edu.co\/images\/tmp\/revistascientificas.jpg","datePublished":"2012-11-20T20:13:31+00:00","breadcrumb":{"@id":"https:\/\/www.ucaldas.edu.co\/portal\/dos-revistas-u-de-caldas-en-indice-bibliografico-de-citaciones-scopus\/#breadcrumb"},"inLanguage":"es","potentialAction":[{"@type":"ReadAction","target":["https:\/\/www.ucaldas.edu.co\/portal\/dos-revistas-u-de-caldas-en-indice-bibliografico-de-citaciones-scopus\/"]}]},{"@type":"ImageObject","inLanguage":"es","@id":"https:\/\/www.ucaldas.edu.co\/portal\/dos-revistas-u-de-caldas-en-indice-bibliografico-de-citaciones-scopus\/#primaryimage","url":"http:\/\/www.ucaldas.edu.co\/images\/tmp\/revistascientificas.jpg","contentUrl":"http:\/\/www.ucaldas.edu.co\/images\/tmp\/revistascientificas.jpg"},{"@type":"BreadcrumbList","@id":"https:\/\/www.ucaldas.edu.co\/portal\/dos-revistas-u-de-caldas-en-indice-bibliografico-de-citaciones-scopus\/#breadcrumb","itemListElement":[{"@type":"ListItem","position":1,"name":"Portada","item":"https:\/\/www.ucaldas.edu.co\/portal\/"},{"@type":"ListItem","position":2,"name":"Dos revistas U. de Caldas, en \u00edndice bibliogr\u00e1fico de citaciones Scopus"}]},{"@type":"WebSite","@id":"https:\/\/www.ucaldas.edu.co\/portal\/#website","url":"https:\/\/www.ucaldas.edu.co\/portal\/","name":"Universidad de Caldas","description":"","publisher":{"@id":"https:\/\/www.ucaldas.edu.co\/portal\/#organization"},"alternateName":"U. de Caldas","potentialAction":[{"@type":"SearchAction","target":{"@type":"EntryPoint","urlTemplate":"https:\/\/www.ucaldas.edu.co\/portal\/?s={search_term_string}"},"query-input":{"@type":"PropertyValueSpecification","valueRequired":true,"valueName":"search_term_string"}}],"inLanguage":"es"},{"@type":"Organization","@id":"https:\/\/www.ucaldas.edu.co\/portal\/#organization","name":"Universidad de Caldas","alternateName":"U. de Caldas","url":"https:\/\/www.ucaldas.edu.co\/portal\/","logo":{"@type":"ImageObject","inLanguage":"es","@id":"https:\/\/www.ucaldas.edu.co\/portal\/#\/schema\/logo\/image\/","url":"https:\/\/www.ucaldas.edu.co\/portal\/wp-content\/uploads\/2023\/11\/Logo_horizontal_oscuroU-2023.png","contentUrl":"https:\/\/www.ucaldas.edu.co\/portal\/wp-content\/uploads\/2023\/11\/Logo_horizontal_oscuroU-2023.png","width":263,"height":101,"caption":"Universidad de Caldas"},"image":{"@id":"https:\/\/www.ucaldas.edu.co\/portal\/#\/schema\/logo\/image\/"},"sameAs":["https:\/\/www.facebook.com\/udecaldas","https:\/\/x.com\/udecaldas","https:\/\/www.youtube.com\/universidadcaldas","https:\/\/www.instagram.com\/udecaldas\/"]},{"@type":"Person","@id":"https:\/\/www.ucaldas.edu.co\/portal\/#\/schema\/person\/a1b482e23449158b4bc319926c074fdf","name":"ofiprensa","image":{"@type":"ImageObject","inLanguage":"es","@id":"https:\/\/www.ucaldas.edu.co\/portal\/wp-content\/litespeed\/avatar\/09ea5085e600095a7a811142c6944527.jpg?ver=1777497608","url":"https:\/\/www.ucaldas.edu.co\/portal\/wp-content\/litespeed\/avatar\/09ea5085e600095a7a811142c6944527.jpg?ver=1777497608","contentUrl":"https:\/\/www.ucaldas.edu.co\/portal\/wp-content\/litespeed\/avatar\/09ea5085e600095a7a811142c6944527.jpg?ver=1777497608","caption":"ofiprensa"},"url":"https:\/\/www.ucaldas.edu.co\/portal\/author\/ofiprensa\/"}]}},"_links":{"self":[{"href":"https:\/\/www.ucaldas.edu.co\/portal\/wp-json\/wp\/v2\/posts\/14217","targetHints":{"allow":["GET"]}}],"collection":[{"href":"https:\/\/www.ucaldas.edu.co\/portal\/wp-json\/wp\/v2\/posts"}],"about":[{"href":"https:\/\/www.ucaldas.edu.co\/portal\/wp-json\/wp\/v2\/types\/post"}],"author":[{"embeddable":true,"href":"https:\/\/www.ucaldas.edu.co\/portal\/wp-json\/wp\/v2\/users\/2"}],"replies":[{"embeddable":true,"href":"https:\/\/www.ucaldas.edu.co\/portal\/wp-json\/wp\/v2\/comments?post=14217"}],"version-history":[{"count":0,"href":"https:\/\/www.ucaldas.edu.co\/portal\/wp-json\/wp\/v2\/posts\/14217\/revisions"}],"wp:attachment":[{"href":"https:\/\/www.ucaldas.edu.co\/portal\/wp-json\/wp\/v2\/media?parent=14217"}],"wp:term":[{"taxonomy":"category","embeddable":true,"href":"https:\/\/www.ucaldas.edu.co\/portal\/wp-json\/wp\/v2\/categories?post=14217"},{"taxonomy":"post_tag","embeddable":true,"href":"https:\/\/www.ucaldas.edu.co\/portal\/wp-json\/wp\/v2\/tags?post=14217"}],"curies":[{"name":"wp","href":"https:\/\/api.w.org\/{rel}","templated":true}]}}