{"id":14211,"date":"2012-11-19T15:10:54","date_gmt":"2012-11-19T20:10:54","guid":{"rendered":"https:\/\/www.ucaldas.edu.co\/portal\/?p=14211"},"modified":"2012-11-19T15:10:54","modified_gmt":"2012-11-19T20:10:54","slug":"manizales-se-unio-a-reflexion-en-dia-mundial-contra-el-maltrato-infantil","status":"publish","type":"post","link":"https:\/\/www.ucaldas.edu.co\/portal\/manizales-se-unio-a-reflexion-en-dia-mundial-contra-el-maltrato-infantil\/","title":{"rendered":"Manizales se uni\u00f3 a reflexi\u00f3n en D\u00eda Mundial Contra el Maltrato Infantil"},"content":{"rendered":"<p align=\"center\">U. de Caldas, aliada de proceso de concientizaci\u00f3n<\/p>\n<p align=\"right\">19\/11\/2012<\/p>\n<hr \/>\n<p align=\"right\">Redacci\u00f3n: Margarita Laverde Galvis<\/p>\n<table border=\"0\">\n<tbody>\n<tr>\n<td>&nbsp;<\/p>\n<p><img loading=\"lazy\" decoding=\"async\" title=\"Maltrato\" alt=\"Maltrato\" src=\"http:\/\/desarrollo.ucaldas.edu.co\/archivo\/images\/tmp\/maltratoinfantilplanton.jpg\" width=\"240\" height=\"150\" border=\"0\" \/><\/p>\n<h6>Foto: Guillermo Sarmiento Estrada\/ Prensa U. de Caldas.<\/h6>\n<\/td>\n<td>\u201cNo al maltrato y s\u00ed al afecto\u201d, este es el <b>mensaje<\/b> que este <b>lunes 19 de noviembre del 2012<\/b>, <b>se repiti\u00f3 a muchas voces<\/b> en la <b>Plaza de Bol\u00edvar de Manizales<\/b>, en la <b>celebraci\u00f3n<\/b> del <b>D\u00eda Mundial Contra el Maltrato Infantil<\/b>, un <b>movimiento<\/b> que se realiza <b>alrededor del mundo<\/b> y en el que la ciudad tambi\u00e9n se pronunci\u00f3.<\/td>\n<\/tr>\n<\/tbody>\n<\/table>\n<p>&nbsp;<\/p>\n<p>&nbsp;<\/p>\n<p>Con una <b>manifestaci\u00f3n simb\u00f3lica,<\/b> a trav\u00e9s de ob<b>jetos y situaciones con las cuales maltratan a los ni\u00f1os<\/b>, la ciudad se uni\u00f3 a esta celebraci\u00f3n.<\/p>\n<p>&nbsp;<\/p>\n<p>Carlos Alberto Montoya Mar\u00edn, <b>pediatra afect\u00f3logo y Coordinador de la<\/b><b> Red Afecto Contra el Maltrato Infantil de Manizales, <\/b>expres\u00f3: \u201cen promedio tres o cuatro ni\u00f1os mueren diariamente en el pa\u00eds v\u00edctimas de maltrato y abuso. Estamos luchando para que esto no se siga presentando en nuestra sociedad, por eso, a trav\u00e9s de la Red, nos pronunciamos\u201d.<\/p>\n<p>&nbsp;<\/p>\n<p>\u201cExisten muchas l\u00edneas de denuncias como la Polic\u00eda de Infancia y Adolescencia, Fiscal\u00eda General de la Naci\u00f3n, Centro de Atenci\u00f3n a la Violencia, Instituto Colombiano de Bienestar Familiar (ICBF), Cuerpo T\u00e9cnico de Investigaci\u00f3n (CTI), pero lo m\u00e1s importante es denunciar lo que est\u00e1 pasando y prevenir, con afecto y buen trato\u201d, agreg\u00f3 el <b>profesor del Departamento Materno Infantil de la U. de Caldas<\/b>.<\/p>\n<p>&nbsp;<\/p>\n<p>El evento lo <b>organiz\u00f3<\/b> la <b>Red\u00a0 Afecto Contra el Maltrato Infantil de Manizales<\/b>, el <b>Grupo Afecto contra el Maltrato Infanti<\/b>l (Acomain) del <b>semillero de estudiantes<\/b> del\u00a0 <b>Departamento<\/b> <b>Materno Infantil<\/b> de <b>la U. de Caldas<\/b>, con el apoyo de instituciones que trabajan por la ni\u00f1ez\u00a0 y juventud en la regi\u00f3n.<\/p>\n<p>&nbsp;<\/p>\n<p><a href=\"http:\/\/www.facebook.com\/media\/set\/?set=a.436312186430652.104557.107054166023124&amp;type=3\" target=\"_blank\">Conozca im\u00e1genes del D\u00eda Mundial Contra el Maltrato Infantil<\/a><br \/>\n<b>Informes:<\/b> con Carlos Alberto Montoya, Coordinador de la Red, en el celular: <a href=\"http:\/\/desarrollo.ucaldas.edu.co\/archivo\/tel:315%20560%2090%2011\" target=\"_blank\">315 560 90 11<\/a> o en el correo electr\u00f3nico: <a href=\"mailto:camontoya114@hotmail.com\" target=\"_blank\">camontoya114@hotmail.com<\/a>;<\/p>\n","protected":false},"excerpt":{"rendered":"<p>U. de Caldas, aliada de proceso de concientizaci\u00f3n 19\/11\/2012 Redacci\u00f3n: Margarita Laverde Galvis &nbsp; Foto: Guillermo Sarmiento Estrada\/ Prensa U. de Caldas. \u201cNo al maltrato y s\u00ed al afecto\u201d, este es el mensaje que este lunes 19 de noviembre del 2012, se repiti\u00f3 a muchas voces en la Plaza de Bol\u00edvar de Manizales, en la [&hellip;]<\/p>\n","protected":false},"author":2,"featured_media":0,"comment_status":"closed","ping_status":"closed","sticky":false,"template":"","format":"standard","meta":{"footnotes":""},"categories":[48,53],"tags":[],"class_list":["post-14211","post","type-post","status-publish","format-standard","hentry","category-actualidad","category-universidad-al-dia"],"yoast_head":"<!-- This site is optimized with the Yoast SEO plugin v27.5 - https:\/\/yoast.com\/product\/yoast-seo-wordpress\/ -->\n<title>Manizales se uni\u00f3 a reflexi\u00f3n en D\u00eda Mundial Contra el Maltrato Infantil .<\/title>\n<meta name=\"robots\" content=\"index, follow, max-snippet:-1, max-image-preview:large, max-video-preview:-1\" \/>\n<link rel=\"canonical\" href=\"https:\/\/www.ucaldas.edu.co\/portal\/manizales-se-unio-a-reflexion-en-dia-mundial-contra-el-maltrato-infantil\/\" \/>\n<script type=\"application\/ld+json\" class=\"yoast-schema-graph\">{\"@context\":\"https:\\\/\\\/schema.org\",\"@graph\":[{\"@type\":\"Article\",\"@id\":\"https:\\\/\\\/www.ucaldas.edu.co\\\/portal\\\/manizales-se-unio-a-reflexion-en-dia-mundial-contra-el-maltrato-infantil\\\/#article\",\"isPartOf\":{\"@id\":\"https:\\\/\\\/www.ucaldas.edu.co\\\/portal\\\/manizales-se-unio-a-reflexion-en-dia-mundial-contra-el-maltrato-infantil\\\/\"},\"author\":{\"name\":\"ofiprensa\",\"@id\":\"https:\\\/\\\/www.ucaldas.edu.co\\\/portal\\\/#\\\/schema\\\/person\\\/a1b482e23449158b4bc319926c074fdf\"},\"headline\":\"Manizales se uni\u00f3 a reflexi\u00f3n en D\u00eda Mundial Contra el Maltrato Infantil\",\"datePublished\":\"2012-11-19T20:10:54+00:00\",\"mainEntityOfPage\":{\"@id\":\"https:\\\/\\\/www.ucaldas.edu.co\\\/portal\\\/manizales-se-unio-a-reflexion-en-dia-mundial-contra-el-maltrato-infantil\\\/\"},\"wordCount\":348,\"publisher\":{\"@id\":\"https:\\\/\\\/www.ucaldas.edu.co\\\/portal\\\/#organization\"},\"image\":{\"@id\":\"https:\\\/\\\/www.ucaldas.edu.co\\\/portal\\\/manizales-se-unio-a-reflexion-en-dia-mundial-contra-el-maltrato-infantil\\\/#primaryimage\"},\"thumbnailUrl\":\"http:\\\/\\\/desarrollo.ucaldas.edu.co\\\/archivo\\\/images\\\/tmp\\\/maltratoinfantilplanton.jpg\",\"articleSection\":[\"Actualidad\",\"Universidad al D\u00eda\"],\"inLanguage\":\"es\"},{\"@type\":\"WebPage\",\"@id\":\"https:\\\/\\\/www.ucaldas.edu.co\\\/portal\\\/manizales-se-unio-a-reflexion-en-dia-mundial-contra-el-maltrato-infantil\\\/\",\"url\":\"https:\\\/\\\/www.ucaldas.edu.co\\\/portal\\\/manizales-se-unio-a-reflexion-en-dia-mundial-contra-el-maltrato-infantil\\\/\",\"name\":\"Manizales se uni\u00f3 a reflexi\u00f3n en D\u00eda Mundial Contra el Maltrato Infantil .\",\"isPartOf\":{\"@id\":\"https:\\\/\\\/www.ucaldas.edu.co\\\/portal\\\/#website\"},\"primaryImageOfPage\":{\"@id\":\"https:\\\/\\\/www.ucaldas.edu.co\\\/portal\\\/manizales-se-unio-a-reflexion-en-dia-mundial-contra-el-maltrato-infantil\\\/#primaryimage\"},\"image\":{\"@id\":\"https:\\\/\\\/www.ucaldas.edu.co\\\/portal\\\/manizales-se-unio-a-reflexion-en-dia-mundial-contra-el-maltrato-infantil\\\/#primaryimage\"},\"thumbnailUrl\":\"http:\\\/\\\/desarrollo.ucaldas.edu.co\\\/archivo\\\/images\\\/tmp\\\/maltratoinfantilplanton.jpg\",\"datePublished\":\"2012-11-19T20:10:54+00:00\",\"breadcrumb\":{\"@id\":\"https:\\\/\\\/www.ucaldas.edu.co\\\/portal\\\/manizales-se-unio-a-reflexion-en-dia-mundial-contra-el-maltrato-infantil\\\/#breadcrumb\"},\"inLanguage\":\"es\",\"potentialAction\":[{\"@type\":\"ReadAction\",\"target\":[\"https:\\\/\\\/www.ucaldas.edu.co\\\/portal\\\/manizales-se-unio-a-reflexion-en-dia-mundial-contra-el-maltrato-infantil\\\/\"]}]},{\"@type\":\"ImageObject\",\"inLanguage\":\"es\",\"@id\":\"https:\\\/\\\/www.ucaldas.edu.co\\\/portal\\\/manizales-se-unio-a-reflexion-en-dia-mundial-contra-el-maltrato-infantil\\\/#primaryimage\",\"url\":\"http:\\\/\\\/desarrollo.ucaldas.edu.co\\\/archivo\\\/images\\\/tmp\\\/maltratoinfantilplanton.jpg\",\"contentUrl\":\"http:\\\/\\\/desarrollo.ucaldas.edu.co\\\/archivo\\\/images\\\/tmp\\\/maltratoinfantilplanton.jpg\"},{\"@type\":\"BreadcrumbList\",\"@id\":\"https:\\\/\\\/www.ucaldas.edu.co\\\/portal\\\/manizales-se-unio-a-reflexion-en-dia-mundial-contra-el-maltrato-infantil\\\/#breadcrumb\",\"itemListElement\":[{\"@type\":\"ListItem\",\"position\":1,\"name\":\"Portada\",\"item\":\"https:\\\/\\\/www.ucaldas.edu.co\\\/portal\\\/\"},{\"@type\":\"ListItem\",\"position\":2,\"name\":\"Manizales se uni\u00f3 a reflexi\u00f3n en D\u00eda Mundial Contra el Maltrato Infantil\"}]},{\"@type\":\"WebSite\",\"@id\":\"https:\\\/\\\/www.ucaldas.edu.co\\\/portal\\\/#website\",\"url\":\"https:\\\/\\\/www.ucaldas.edu.co\\\/portal\\\/\",\"name\":\"Universidad de Caldas\",\"description\":\"\",\"publisher\":{\"@id\":\"https:\\\/\\\/www.ucaldas.edu.co\\\/portal\\\/#organization\"},\"alternateName\":\"U. de Caldas\",\"potentialAction\":[{\"@type\":\"SearchAction\",\"target\":{\"@type\":\"EntryPoint\",\"urlTemplate\":\"https:\\\/\\\/www.ucaldas.edu.co\\\/portal\\\/?s={search_term_string}\"},\"query-input\":{\"@type\":\"PropertyValueSpecification\",\"valueRequired\":true,\"valueName\":\"search_term_string\"}}],\"inLanguage\":\"es\"},{\"@type\":\"Organization\",\"@id\":\"https:\\\/\\\/www.ucaldas.edu.co\\\/portal\\\/#organization\",\"name\":\"Universidad de Caldas\",\"alternateName\":\"U. de Caldas\",\"url\":\"https:\\\/\\\/www.ucaldas.edu.co\\\/portal\\\/\",\"logo\":{\"@type\":\"ImageObject\",\"inLanguage\":\"es\",\"@id\":\"https:\\\/\\\/www.ucaldas.edu.co\\\/portal\\\/#\\\/schema\\\/logo\\\/image\\\/\",\"url\":\"https:\\\/\\\/www.ucaldas.edu.co\\\/portal\\\/wp-content\\\/uploads\\\/2023\\\/11\\\/Logo_horizontal_oscuroU-2023.png\",\"contentUrl\":\"https:\\\/\\\/www.ucaldas.edu.co\\\/portal\\\/wp-content\\\/uploads\\\/2023\\\/11\\\/Logo_horizontal_oscuroU-2023.png\",\"width\":263,\"height\":101,\"caption\":\"Universidad de Caldas\"},\"image\":{\"@id\":\"https:\\\/\\\/www.ucaldas.edu.co\\\/portal\\\/#\\\/schema\\\/logo\\\/image\\\/\"},\"sameAs\":[\"https:\\\/\\\/www.facebook.com\\\/udecaldas\",\"https:\\\/\\\/x.com\\\/udecaldas\",\"https:\\\/\\\/www.youtube.com\\\/universidadcaldas\",\"https:\\\/\\\/www.instagram.com\\\/udecaldas\\\/\"]},{\"@type\":\"Person\",\"@id\":\"https:\\\/\\\/www.ucaldas.edu.co\\\/portal\\\/#\\\/schema\\\/person\\\/a1b482e23449158b4bc319926c074fdf\",\"name\":\"ofiprensa\",\"image\":{\"@type\":\"ImageObject\",\"inLanguage\":\"es\",\"@id\":\"https:\\\/\\\/www.ucaldas.edu.co\\\/portal\\\/wp-content\\\/litespeed\\\/avatar\\\/09ea5085e600095a7a811142c6944527.jpg?ver=1777497608\",\"url\":\"https:\\\/\\\/www.ucaldas.edu.co\\\/portal\\\/wp-content\\\/litespeed\\\/avatar\\\/09ea5085e600095a7a811142c6944527.jpg?ver=1777497608\",\"contentUrl\":\"https:\\\/\\\/www.ucaldas.edu.co\\\/portal\\\/wp-content\\\/litespeed\\\/avatar\\\/09ea5085e600095a7a811142c6944527.jpg?ver=1777497608\",\"caption\":\"ofiprensa\"},\"url\":\"https:\\\/\\\/www.ucaldas.edu.co\\\/portal\\\/author\\\/ofiprensa\\\/\"}]}<\/script>\n<!-- \/ Yoast SEO plugin. -->","yoast_head_json":{"title":"Manizales se uni\u00f3 a reflexi\u00f3n en D\u00eda Mundial Contra el Maltrato Infantil .","robots":{"index":"index","follow":"follow","max-snippet":"max-snippet:-1","max-image-preview":"max-image-preview:large","max-video-preview":"max-video-preview:-1"},"canonical":"https:\/\/www.ucaldas.edu.co\/portal\/manizales-se-unio-a-reflexion-en-dia-mundial-contra-el-maltrato-infantil\/","schema":{"@context":"https:\/\/schema.org","@graph":[{"@type":"Article","@id":"https:\/\/www.ucaldas.edu.co\/portal\/manizales-se-unio-a-reflexion-en-dia-mundial-contra-el-maltrato-infantil\/#article","isPartOf":{"@id":"https:\/\/www.ucaldas.edu.co\/portal\/manizales-se-unio-a-reflexion-en-dia-mundial-contra-el-maltrato-infantil\/"},"author":{"name":"ofiprensa","@id":"https:\/\/www.ucaldas.edu.co\/portal\/#\/schema\/person\/a1b482e23449158b4bc319926c074fdf"},"headline":"Manizales se uni\u00f3 a reflexi\u00f3n en D\u00eda Mundial Contra el Maltrato Infantil","datePublished":"2012-11-19T20:10:54+00:00","mainEntityOfPage":{"@id":"https:\/\/www.ucaldas.edu.co\/portal\/manizales-se-unio-a-reflexion-en-dia-mundial-contra-el-maltrato-infantil\/"},"wordCount":348,"publisher":{"@id":"https:\/\/www.ucaldas.edu.co\/portal\/#organization"},"image":{"@id":"https:\/\/www.ucaldas.edu.co\/portal\/manizales-se-unio-a-reflexion-en-dia-mundial-contra-el-maltrato-infantil\/#primaryimage"},"thumbnailUrl":"http:\/\/desarrollo.ucaldas.edu.co\/archivo\/images\/tmp\/maltratoinfantilplanton.jpg","articleSection":["Actualidad","Universidad al D\u00eda"],"inLanguage":"es"},{"@type":"WebPage","@id":"https:\/\/www.ucaldas.edu.co\/portal\/manizales-se-unio-a-reflexion-en-dia-mundial-contra-el-maltrato-infantil\/","url":"https:\/\/www.ucaldas.edu.co\/portal\/manizales-se-unio-a-reflexion-en-dia-mundial-contra-el-maltrato-infantil\/","name":"Manizales se uni\u00f3 a reflexi\u00f3n en D\u00eda Mundial Contra el Maltrato Infantil .","isPartOf":{"@id":"https:\/\/www.ucaldas.edu.co\/portal\/#website"},"primaryImageOfPage":{"@id":"https:\/\/www.ucaldas.edu.co\/portal\/manizales-se-unio-a-reflexion-en-dia-mundial-contra-el-maltrato-infantil\/#primaryimage"},"image":{"@id":"https:\/\/www.ucaldas.edu.co\/portal\/manizales-se-unio-a-reflexion-en-dia-mundial-contra-el-maltrato-infantil\/#primaryimage"},"thumbnailUrl":"http:\/\/desarrollo.ucaldas.edu.co\/archivo\/images\/tmp\/maltratoinfantilplanton.jpg","datePublished":"2012-11-19T20:10:54+00:00","breadcrumb":{"@id":"https:\/\/www.ucaldas.edu.co\/portal\/manizales-se-unio-a-reflexion-en-dia-mundial-contra-el-maltrato-infantil\/#breadcrumb"},"inLanguage":"es","potentialAction":[{"@type":"ReadAction","target":["https:\/\/www.ucaldas.edu.co\/portal\/manizales-se-unio-a-reflexion-en-dia-mundial-contra-el-maltrato-infantil\/"]}]},{"@type":"ImageObject","inLanguage":"es","@id":"https:\/\/www.ucaldas.edu.co\/portal\/manizales-se-unio-a-reflexion-en-dia-mundial-contra-el-maltrato-infantil\/#primaryimage","url":"http:\/\/desarrollo.ucaldas.edu.co\/archivo\/images\/tmp\/maltratoinfantilplanton.jpg","contentUrl":"http:\/\/desarrollo.ucaldas.edu.co\/archivo\/images\/tmp\/maltratoinfantilplanton.jpg"},{"@type":"BreadcrumbList","@id":"https:\/\/www.ucaldas.edu.co\/portal\/manizales-se-unio-a-reflexion-en-dia-mundial-contra-el-maltrato-infantil\/#breadcrumb","itemListElement":[{"@type":"ListItem","position":1,"name":"Portada","item":"https:\/\/www.ucaldas.edu.co\/portal\/"},{"@type":"ListItem","position":2,"name":"Manizales se uni\u00f3 a reflexi\u00f3n en D\u00eda Mundial Contra el Maltrato Infantil"}]},{"@type":"WebSite","@id":"https:\/\/www.ucaldas.edu.co\/portal\/#website","url":"https:\/\/www.ucaldas.edu.co\/portal\/","name":"Universidad de Caldas","description":"","publisher":{"@id":"https:\/\/www.ucaldas.edu.co\/portal\/#organization"},"alternateName":"U. de Caldas","potentialAction":[{"@type":"SearchAction","target":{"@type":"EntryPoint","urlTemplate":"https:\/\/www.ucaldas.edu.co\/portal\/?s={search_term_string}"},"query-input":{"@type":"PropertyValueSpecification","valueRequired":true,"valueName":"search_term_string"}}],"inLanguage":"es"},{"@type":"Organization","@id":"https:\/\/www.ucaldas.edu.co\/portal\/#organization","name":"Universidad de Caldas","alternateName":"U. de Caldas","url":"https:\/\/www.ucaldas.edu.co\/portal\/","logo":{"@type":"ImageObject","inLanguage":"es","@id":"https:\/\/www.ucaldas.edu.co\/portal\/#\/schema\/logo\/image\/","url":"https:\/\/www.ucaldas.edu.co\/portal\/wp-content\/uploads\/2023\/11\/Logo_horizontal_oscuroU-2023.png","contentUrl":"https:\/\/www.ucaldas.edu.co\/portal\/wp-content\/uploads\/2023\/11\/Logo_horizontal_oscuroU-2023.png","width":263,"height":101,"caption":"Universidad de Caldas"},"image":{"@id":"https:\/\/www.ucaldas.edu.co\/portal\/#\/schema\/logo\/image\/"},"sameAs":["https:\/\/www.facebook.com\/udecaldas","https:\/\/x.com\/udecaldas","https:\/\/www.youtube.com\/universidadcaldas","https:\/\/www.instagram.com\/udecaldas\/"]},{"@type":"Person","@id":"https:\/\/www.ucaldas.edu.co\/portal\/#\/schema\/person\/a1b482e23449158b4bc319926c074fdf","name":"ofiprensa","image":{"@type":"ImageObject","inLanguage":"es","@id":"https:\/\/www.ucaldas.edu.co\/portal\/wp-content\/litespeed\/avatar\/09ea5085e600095a7a811142c6944527.jpg?ver=1777497608","url":"https:\/\/www.ucaldas.edu.co\/portal\/wp-content\/litespeed\/avatar\/09ea5085e600095a7a811142c6944527.jpg?ver=1777497608","contentUrl":"https:\/\/www.ucaldas.edu.co\/portal\/wp-content\/litespeed\/avatar\/09ea5085e600095a7a811142c6944527.jpg?ver=1777497608","caption":"ofiprensa"},"url":"https:\/\/www.ucaldas.edu.co\/portal\/author\/ofiprensa\/"}]}},"_links":{"self":[{"href":"https:\/\/www.ucaldas.edu.co\/portal\/wp-json\/wp\/v2\/posts\/14211","targetHints":{"allow":["GET"]}}],"collection":[{"href":"https:\/\/www.ucaldas.edu.co\/portal\/wp-json\/wp\/v2\/posts"}],"about":[{"href":"https:\/\/www.ucaldas.edu.co\/portal\/wp-json\/wp\/v2\/types\/post"}],"author":[{"embeddable":true,"href":"https:\/\/www.ucaldas.edu.co\/portal\/wp-json\/wp\/v2\/users\/2"}],"replies":[{"embeddable":true,"href":"https:\/\/www.ucaldas.edu.co\/portal\/wp-json\/wp\/v2\/comments?post=14211"}],"version-history":[{"count":0,"href":"https:\/\/www.ucaldas.edu.co\/portal\/wp-json\/wp\/v2\/posts\/14211\/revisions"}],"wp:attachment":[{"href":"https:\/\/www.ucaldas.edu.co\/portal\/wp-json\/wp\/v2\/media?parent=14211"}],"wp:term":[{"taxonomy":"category","embeddable":true,"href":"https:\/\/www.ucaldas.edu.co\/portal\/wp-json\/wp\/v2\/categories?post=14211"},{"taxonomy":"post_tag","embeddable":true,"href":"https:\/\/www.ucaldas.edu.co\/portal\/wp-json\/wp\/v2\/tags?post=14211"}],"curies":[{"name":"wp","href":"https:\/\/api.w.org\/{rel}","templated":true}]}}