{"id":14209,"date":"2012-11-19T15:10:13","date_gmt":"2012-11-19T20:10:13","guid":{"rendered":"https:\/\/www.ucaldas.edu.co\/portal\/?p=14209"},"modified":"2012-11-19T15:10:13","modified_gmt":"2012-11-19T20:10:13","slug":"obra-u-de-caldas-se-presentara-en-museo-de-arte-moderno-de-bogota","status":"publish","type":"post","link":"https:\/\/www.ucaldas.edu.co\/portal\/obra-u-de-caldas-se-presentara-en-museo-de-arte-moderno-de-bogota\/","title":{"rendered":"Obra U. de Caldas se presentar\u00e1 en Museo de Arte Moderno de Bogot\u00e1"},"content":{"rendered":"<p align=\"center\">Este martes 20 de noviembre del 2012<\/p>\n<p align=\"right\">19\/11\/2012<\/p>\n<hr \/>\n<p align=\"right\">Redacci\u00f3n: Margarita Laverde Galvis<\/p>\n<table border=\"0\">\n<tbody>\n<tr>\n<td>\u00a0<img loading=\"lazy\" decoding=\"async\" style=\"border: 0px\" title=\"Obra\" alt=\"Obra\" src=\"http:\/\/www.ucaldas.edu.co\/images\/tmp\/propuesta_teatro_virtual_2012.jpg\" width=\"240\" height=\"160\" border=\"0\" \/><\/td>\n<td><b><i>Confesionarios, cuerpos escindidos<\/i><\/b><i>, <\/i><b>tendencia teatral creada<\/b> por el <b>profesor<\/b> del <b>Departamento de Artes Esc\u00e9nicas<\/b> de la <b>Universidad de Caldas<\/b>, Daniel Ariza G\u00f3mez, <b>se presentar\u00e1<\/b> en el Museo de Arte Moderno de Bogot\u00e1 (<b>Mambo<\/b>), este <b>martes 20 de noviembre del 2012.<\/b><\/td>\n<\/tr>\n<\/tbody>\n<\/table>\n<p>&nbsp;<\/p>\n<p>&nbsp;<\/p>\n<p>El montaje se llevar\u00e1 a cabo en el evento denominado Ca\u00edda y Recuperaci\u00f3n. Este es un logro m\u00e1s del Grupo de Investigaci\u00f3n Teatro, Cultura y Sociedad, de la Instituci\u00f3n. La investigaci\u00f3n trabaja en torno al problema de la presencia en el teatro y su relaci\u00f3n con las nuevas tecnolog\u00edas.<\/p>\n<p>&nbsp;<\/p>\n<p>La obra fue invitada al Mambo, porque ha sido presentada en diferentes eventos de car\u00e1cter nacional e internacional, convirti\u00e9ndose en una de las propuestas novedosas del teatro y el performance en Colombia.<\/p>\n<p>&nbsp;<\/p>\n<p>Vea la obra y el proyecto en: <a href=\"http:\/\/www.cuerposescindidos.com\/\" target=\"_blank\">www.cuerposescindidos.com<\/a><\/p>\n<p><b>Informes:<\/b> Oficina de Prensa, tel\u00e9fono 878 15 00, extensi\u00f3n 12 167.<\/p>\n","protected":false},"excerpt":{"rendered":"<p>Este martes 20 de noviembre del 2012 19\/11\/2012 Redacci\u00f3n: Margarita Laverde Galvis \u00a0 Confesionarios, cuerpos escindidos, tendencia teatral creada por el profesor del Departamento de Artes Esc\u00e9nicas de la Universidad de Caldas, Daniel Ariza G\u00f3mez, se presentar\u00e1 en el Museo de Arte Moderno de Bogot\u00e1 (Mambo), este martes 20 de noviembre del 2012. &nbsp; &nbsp; [&hellip;]<\/p>\n","protected":false},"author":2,"featured_media":0,"comment_status":"closed","ping_status":"closed","sticky":false,"template":"","format":"standard","meta":{"footnotes":""},"categories":[48,53],"tags":[],"class_list":["post-14209","post","type-post","status-publish","format-standard","hentry","category-actualidad","category-universidad-al-dia"],"yoast_head":"<!-- This site is optimized with the Yoast SEO plugin v27.5 - https:\/\/yoast.com\/product\/yoast-seo-wordpress\/ -->\n<title>Obra U. de Caldas se presentar\u00e1 en Museo de Arte Moderno de Bogot\u00e1 .<\/title>\n<meta name=\"robots\" content=\"index, follow, max-snippet:-1, max-image-preview:large, max-video-preview:-1\" \/>\n<link rel=\"canonical\" href=\"https:\/\/www.ucaldas.edu.co\/portal\/obra-u-de-caldas-se-presentara-en-museo-de-arte-moderno-de-bogota\/\" \/>\n<script type=\"application\/ld+json\" class=\"yoast-schema-graph\">{\"@context\":\"https:\\\/\\\/schema.org\",\"@graph\":[{\"@type\":\"Article\",\"@id\":\"https:\\\/\\\/www.ucaldas.edu.co\\\/portal\\\/obra-u-de-caldas-se-presentara-en-museo-de-arte-moderno-de-bogota\\\/#article\",\"isPartOf\":{\"@id\":\"https:\\\/\\\/www.ucaldas.edu.co\\\/portal\\\/obra-u-de-caldas-se-presentara-en-museo-de-arte-moderno-de-bogota\\\/\"},\"author\":{\"name\":\"ofiprensa\",\"@id\":\"https:\\\/\\\/www.ucaldas.edu.co\\\/portal\\\/#\\\/schema\\\/person\\\/a1b482e23449158b4bc319926c074fdf\"},\"headline\":\"Obra U. de Caldas se presentar\u00e1 en Museo de Arte Moderno de Bogot\u00e1\",\"datePublished\":\"2012-11-19T20:10:13+00:00\",\"mainEntityOfPage\":{\"@id\":\"https:\\\/\\\/www.ucaldas.edu.co\\\/portal\\\/obra-u-de-caldas-se-presentara-en-museo-de-arte-moderno-de-bogota\\\/\"},\"wordCount\":176,\"publisher\":{\"@id\":\"https:\\\/\\\/www.ucaldas.edu.co\\\/portal\\\/#organization\"},\"image\":{\"@id\":\"https:\\\/\\\/www.ucaldas.edu.co\\\/portal\\\/obra-u-de-caldas-se-presentara-en-museo-de-arte-moderno-de-bogota\\\/#primaryimage\"},\"thumbnailUrl\":\"http:\\\/\\\/www.ucaldas.edu.co\\\/images\\\/tmp\\\/propuesta_teatro_virtual_2012.jpg\",\"articleSection\":[\"Actualidad\",\"Universidad al D\u00eda\"],\"inLanguage\":\"es\"},{\"@type\":\"WebPage\",\"@id\":\"https:\\\/\\\/www.ucaldas.edu.co\\\/portal\\\/obra-u-de-caldas-se-presentara-en-museo-de-arte-moderno-de-bogota\\\/\",\"url\":\"https:\\\/\\\/www.ucaldas.edu.co\\\/portal\\\/obra-u-de-caldas-se-presentara-en-museo-de-arte-moderno-de-bogota\\\/\",\"name\":\"Obra U. de Caldas se presentar\u00e1 en Museo de Arte Moderno de Bogot\u00e1 .\",\"isPartOf\":{\"@id\":\"https:\\\/\\\/www.ucaldas.edu.co\\\/portal\\\/#website\"},\"primaryImageOfPage\":{\"@id\":\"https:\\\/\\\/www.ucaldas.edu.co\\\/portal\\\/obra-u-de-caldas-se-presentara-en-museo-de-arte-moderno-de-bogota\\\/#primaryimage\"},\"image\":{\"@id\":\"https:\\\/\\\/www.ucaldas.edu.co\\\/portal\\\/obra-u-de-caldas-se-presentara-en-museo-de-arte-moderno-de-bogota\\\/#primaryimage\"},\"thumbnailUrl\":\"http:\\\/\\\/www.ucaldas.edu.co\\\/images\\\/tmp\\\/propuesta_teatro_virtual_2012.jpg\",\"datePublished\":\"2012-11-19T20:10:13+00:00\",\"breadcrumb\":{\"@id\":\"https:\\\/\\\/www.ucaldas.edu.co\\\/portal\\\/obra-u-de-caldas-se-presentara-en-museo-de-arte-moderno-de-bogota\\\/#breadcrumb\"},\"inLanguage\":\"es\",\"potentialAction\":[{\"@type\":\"ReadAction\",\"target\":[\"https:\\\/\\\/www.ucaldas.edu.co\\\/portal\\\/obra-u-de-caldas-se-presentara-en-museo-de-arte-moderno-de-bogota\\\/\"]}]},{\"@type\":\"ImageObject\",\"inLanguage\":\"es\",\"@id\":\"https:\\\/\\\/www.ucaldas.edu.co\\\/portal\\\/obra-u-de-caldas-se-presentara-en-museo-de-arte-moderno-de-bogota\\\/#primaryimage\",\"url\":\"http:\\\/\\\/www.ucaldas.edu.co\\\/images\\\/tmp\\\/propuesta_teatro_virtual_2012.jpg\",\"contentUrl\":\"http:\\\/\\\/www.ucaldas.edu.co\\\/images\\\/tmp\\\/propuesta_teatro_virtual_2012.jpg\"},{\"@type\":\"BreadcrumbList\",\"@id\":\"https:\\\/\\\/www.ucaldas.edu.co\\\/portal\\\/obra-u-de-caldas-se-presentara-en-museo-de-arte-moderno-de-bogota\\\/#breadcrumb\",\"itemListElement\":[{\"@type\":\"ListItem\",\"position\":1,\"name\":\"Portada\",\"item\":\"https:\\\/\\\/www.ucaldas.edu.co\\\/portal\\\/\"},{\"@type\":\"ListItem\",\"position\":2,\"name\":\"Obra U. de Caldas se presentar\u00e1 en Museo de Arte Moderno de Bogot\u00e1\"}]},{\"@type\":\"WebSite\",\"@id\":\"https:\\\/\\\/www.ucaldas.edu.co\\\/portal\\\/#website\",\"url\":\"https:\\\/\\\/www.ucaldas.edu.co\\\/portal\\\/\",\"name\":\"Universidad de Caldas\",\"description\":\"\",\"publisher\":{\"@id\":\"https:\\\/\\\/www.ucaldas.edu.co\\\/portal\\\/#organization\"},\"alternateName\":\"U. de Caldas\",\"potentialAction\":[{\"@type\":\"SearchAction\",\"target\":{\"@type\":\"EntryPoint\",\"urlTemplate\":\"https:\\\/\\\/www.ucaldas.edu.co\\\/portal\\\/?s={search_term_string}\"},\"query-input\":{\"@type\":\"PropertyValueSpecification\",\"valueRequired\":true,\"valueName\":\"search_term_string\"}}],\"inLanguage\":\"es\"},{\"@type\":\"Organization\",\"@id\":\"https:\\\/\\\/www.ucaldas.edu.co\\\/portal\\\/#organization\",\"name\":\"Universidad de Caldas\",\"alternateName\":\"U. de Caldas\",\"url\":\"https:\\\/\\\/www.ucaldas.edu.co\\\/portal\\\/\",\"logo\":{\"@type\":\"ImageObject\",\"inLanguage\":\"es\",\"@id\":\"https:\\\/\\\/www.ucaldas.edu.co\\\/portal\\\/#\\\/schema\\\/logo\\\/image\\\/\",\"url\":\"https:\\\/\\\/www.ucaldas.edu.co\\\/portal\\\/wp-content\\\/uploads\\\/2023\\\/11\\\/Logo_horizontal_oscuroU-2023.png\",\"contentUrl\":\"https:\\\/\\\/www.ucaldas.edu.co\\\/portal\\\/wp-content\\\/uploads\\\/2023\\\/11\\\/Logo_horizontal_oscuroU-2023.png\",\"width\":263,\"height\":101,\"caption\":\"Universidad de Caldas\"},\"image\":{\"@id\":\"https:\\\/\\\/www.ucaldas.edu.co\\\/portal\\\/#\\\/schema\\\/logo\\\/image\\\/\"},\"sameAs\":[\"https:\\\/\\\/www.facebook.com\\\/udecaldas\",\"https:\\\/\\\/x.com\\\/udecaldas\",\"https:\\\/\\\/www.youtube.com\\\/universidadcaldas\",\"https:\\\/\\\/www.instagram.com\\\/udecaldas\\\/\"]},{\"@type\":\"Person\",\"@id\":\"https:\\\/\\\/www.ucaldas.edu.co\\\/portal\\\/#\\\/schema\\\/person\\\/a1b482e23449158b4bc319926c074fdf\",\"name\":\"ofiprensa\",\"image\":{\"@type\":\"ImageObject\",\"inLanguage\":\"es\",\"@id\":\"https:\\\/\\\/www.ucaldas.edu.co\\\/portal\\\/wp-content\\\/litespeed\\\/avatar\\\/09ea5085e600095a7a811142c6944527.jpg?ver=1777497608\",\"url\":\"https:\\\/\\\/www.ucaldas.edu.co\\\/portal\\\/wp-content\\\/litespeed\\\/avatar\\\/09ea5085e600095a7a811142c6944527.jpg?ver=1777497608\",\"contentUrl\":\"https:\\\/\\\/www.ucaldas.edu.co\\\/portal\\\/wp-content\\\/litespeed\\\/avatar\\\/09ea5085e600095a7a811142c6944527.jpg?ver=1777497608\",\"caption\":\"ofiprensa\"},\"url\":\"https:\\\/\\\/www.ucaldas.edu.co\\\/portal\\\/author\\\/ofiprensa\\\/\"}]}<\/script>\n<!-- \/ Yoast SEO plugin. -->","yoast_head_json":{"title":"Obra U. de Caldas se presentar\u00e1 en Museo de Arte Moderno de Bogot\u00e1 .","robots":{"index":"index","follow":"follow","max-snippet":"max-snippet:-1","max-image-preview":"max-image-preview:large","max-video-preview":"max-video-preview:-1"},"canonical":"https:\/\/www.ucaldas.edu.co\/portal\/obra-u-de-caldas-se-presentara-en-museo-de-arte-moderno-de-bogota\/","schema":{"@context":"https:\/\/schema.org","@graph":[{"@type":"Article","@id":"https:\/\/www.ucaldas.edu.co\/portal\/obra-u-de-caldas-se-presentara-en-museo-de-arte-moderno-de-bogota\/#article","isPartOf":{"@id":"https:\/\/www.ucaldas.edu.co\/portal\/obra-u-de-caldas-se-presentara-en-museo-de-arte-moderno-de-bogota\/"},"author":{"name":"ofiprensa","@id":"https:\/\/www.ucaldas.edu.co\/portal\/#\/schema\/person\/a1b482e23449158b4bc319926c074fdf"},"headline":"Obra U. de Caldas se presentar\u00e1 en Museo de Arte Moderno de Bogot\u00e1","datePublished":"2012-11-19T20:10:13+00:00","mainEntityOfPage":{"@id":"https:\/\/www.ucaldas.edu.co\/portal\/obra-u-de-caldas-se-presentara-en-museo-de-arte-moderno-de-bogota\/"},"wordCount":176,"publisher":{"@id":"https:\/\/www.ucaldas.edu.co\/portal\/#organization"},"image":{"@id":"https:\/\/www.ucaldas.edu.co\/portal\/obra-u-de-caldas-se-presentara-en-museo-de-arte-moderno-de-bogota\/#primaryimage"},"thumbnailUrl":"http:\/\/www.ucaldas.edu.co\/images\/tmp\/propuesta_teatro_virtual_2012.jpg","articleSection":["Actualidad","Universidad al D\u00eda"],"inLanguage":"es"},{"@type":"WebPage","@id":"https:\/\/www.ucaldas.edu.co\/portal\/obra-u-de-caldas-se-presentara-en-museo-de-arte-moderno-de-bogota\/","url":"https:\/\/www.ucaldas.edu.co\/portal\/obra-u-de-caldas-se-presentara-en-museo-de-arte-moderno-de-bogota\/","name":"Obra U. de Caldas se presentar\u00e1 en Museo de Arte Moderno de Bogot\u00e1 .","isPartOf":{"@id":"https:\/\/www.ucaldas.edu.co\/portal\/#website"},"primaryImageOfPage":{"@id":"https:\/\/www.ucaldas.edu.co\/portal\/obra-u-de-caldas-se-presentara-en-museo-de-arte-moderno-de-bogota\/#primaryimage"},"image":{"@id":"https:\/\/www.ucaldas.edu.co\/portal\/obra-u-de-caldas-se-presentara-en-museo-de-arte-moderno-de-bogota\/#primaryimage"},"thumbnailUrl":"http:\/\/www.ucaldas.edu.co\/images\/tmp\/propuesta_teatro_virtual_2012.jpg","datePublished":"2012-11-19T20:10:13+00:00","breadcrumb":{"@id":"https:\/\/www.ucaldas.edu.co\/portal\/obra-u-de-caldas-se-presentara-en-museo-de-arte-moderno-de-bogota\/#breadcrumb"},"inLanguage":"es","potentialAction":[{"@type":"ReadAction","target":["https:\/\/www.ucaldas.edu.co\/portal\/obra-u-de-caldas-se-presentara-en-museo-de-arte-moderno-de-bogota\/"]}]},{"@type":"ImageObject","inLanguage":"es","@id":"https:\/\/www.ucaldas.edu.co\/portal\/obra-u-de-caldas-se-presentara-en-museo-de-arte-moderno-de-bogota\/#primaryimage","url":"http:\/\/www.ucaldas.edu.co\/images\/tmp\/propuesta_teatro_virtual_2012.jpg","contentUrl":"http:\/\/www.ucaldas.edu.co\/images\/tmp\/propuesta_teatro_virtual_2012.jpg"},{"@type":"BreadcrumbList","@id":"https:\/\/www.ucaldas.edu.co\/portal\/obra-u-de-caldas-se-presentara-en-museo-de-arte-moderno-de-bogota\/#breadcrumb","itemListElement":[{"@type":"ListItem","position":1,"name":"Portada","item":"https:\/\/www.ucaldas.edu.co\/portal\/"},{"@type":"ListItem","position":2,"name":"Obra U. de Caldas se presentar\u00e1 en Museo de Arte Moderno de Bogot\u00e1"}]},{"@type":"WebSite","@id":"https:\/\/www.ucaldas.edu.co\/portal\/#website","url":"https:\/\/www.ucaldas.edu.co\/portal\/","name":"Universidad de Caldas","description":"","publisher":{"@id":"https:\/\/www.ucaldas.edu.co\/portal\/#organization"},"alternateName":"U. de Caldas","potentialAction":[{"@type":"SearchAction","target":{"@type":"EntryPoint","urlTemplate":"https:\/\/www.ucaldas.edu.co\/portal\/?s={search_term_string}"},"query-input":{"@type":"PropertyValueSpecification","valueRequired":true,"valueName":"search_term_string"}}],"inLanguage":"es"},{"@type":"Organization","@id":"https:\/\/www.ucaldas.edu.co\/portal\/#organization","name":"Universidad de Caldas","alternateName":"U. de Caldas","url":"https:\/\/www.ucaldas.edu.co\/portal\/","logo":{"@type":"ImageObject","inLanguage":"es","@id":"https:\/\/www.ucaldas.edu.co\/portal\/#\/schema\/logo\/image\/","url":"https:\/\/www.ucaldas.edu.co\/portal\/wp-content\/uploads\/2023\/11\/Logo_horizontal_oscuroU-2023.png","contentUrl":"https:\/\/www.ucaldas.edu.co\/portal\/wp-content\/uploads\/2023\/11\/Logo_horizontal_oscuroU-2023.png","width":263,"height":101,"caption":"Universidad de Caldas"},"image":{"@id":"https:\/\/www.ucaldas.edu.co\/portal\/#\/schema\/logo\/image\/"},"sameAs":["https:\/\/www.facebook.com\/udecaldas","https:\/\/x.com\/udecaldas","https:\/\/www.youtube.com\/universidadcaldas","https:\/\/www.instagram.com\/udecaldas\/"]},{"@type":"Person","@id":"https:\/\/www.ucaldas.edu.co\/portal\/#\/schema\/person\/a1b482e23449158b4bc319926c074fdf","name":"ofiprensa","image":{"@type":"ImageObject","inLanguage":"es","@id":"https:\/\/www.ucaldas.edu.co\/portal\/wp-content\/litespeed\/avatar\/09ea5085e600095a7a811142c6944527.jpg?ver=1777497608","url":"https:\/\/www.ucaldas.edu.co\/portal\/wp-content\/litespeed\/avatar\/09ea5085e600095a7a811142c6944527.jpg?ver=1777497608","contentUrl":"https:\/\/www.ucaldas.edu.co\/portal\/wp-content\/litespeed\/avatar\/09ea5085e600095a7a811142c6944527.jpg?ver=1777497608","caption":"ofiprensa"},"url":"https:\/\/www.ucaldas.edu.co\/portal\/author\/ofiprensa\/"}]}},"_links":{"self":[{"href":"https:\/\/www.ucaldas.edu.co\/portal\/wp-json\/wp\/v2\/posts\/14209","targetHints":{"allow":["GET"]}}],"collection":[{"href":"https:\/\/www.ucaldas.edu.co\/portal\/wp-json\/wp\/v2\/posts"}],"about":[{"href":"https:\/\/www.ucaldas.edu.co\/portal\/wp-json\/wp\/v2\/types\/post"}],"author":[{"embeddable":true,"href":"https:\/\/www.ucaldas.edu.co\/portal\/wp-json\/wp\/v2\/users\/2"}],"replies":[{"embeddable":true,"href":"https:\/\/www.ucaldas.edu.co\/portal\/wp-json\/wp\/v2\/comments?post=14209"}],"version-history":[{"count":0,"href":"https:\/\/www.ucaldas.edu.co\/portal\/wp-json\/wp\/v2\/posts\/14209\/revisions"}],"wp:attachment":[{"href":"https:\/\/www.ucaldas.edu.co\/portal\/wp-json\/wp\/v2\/media?parent=14209"}],"wp:term":[{"taxonomy":"category","embeddable":true,"href":"https:\/\/www.ucaldas.edu.co\/portal\/wp-json\/wp\/v2\/categories?post=14209"},{"taxonomy":"post_tag","embeddable":true,"href":"https:\/\/www.ucaldas.edu.co\/portal\/wp-json\/wp\/v2\/tags?post=14209"}],"curies":[{"name":"wp","href":"https:\/\/api.w.org\/{rel}","templated":true}]}}