{"id":14207,"date":"2012-11-19T15:09:33","date_gmt":"2012-11-19T20:09:33","guid":{"rendered":"https:\/\/www.ucaldas.edu.co\/portal\/?p=14207"},"modified":"2012-11-19T15:09:33","modified_gmt":"2012-11-19T20:09:33","slug":"jefe-de-prensa-u-de-caldas-representara-al-centro-occidente-en-red-de-comunicadores","status":"publish","type":"post","link":"https:\/\/www.ucaldas.edu.co\/portal\/jefe-de-prensa-u-de-caldas-representara-al-centro-occidente-en-red-de-comunicadores\/","title":{"rendered":"Jefe de Prensa U. de Caldas representar\u00e1 al Centro Occidente en red de comunicadores"},"content":{"rendered":"<p align=\"center\">Fue elegido por las universidades de dicha regi\u00f3n, integrantes de Asc\u00fan<\/p>\n<p align=\"right\">19\/11\/2012<\/p>\n<hr \/>\n<p align=\"right\">Redacci\u00f3n: Margarita Laverde Galvis<\/p>\n<table border=\"0\">\n<tbody>\n<tr>\n<td><img loading=\"lazy\" decoding=\"async\" style=\"border: 0px\" title=\"Asc\u00fan\" alt=\"Asc\u00fan\" src=\"http:\/\/www.ucaldas.edu.co\/images\/tmp\/encuentrocomunicadoresascun.jpg\" width=\"240\" height=\"150\" border=\"0\" \/><\/td>\n<td>Carlos Eduardo Garc\u00eda Cort\u00e9s, <b>Jefe de Prensa <\/b>de la <b>Universidad de Caldas<\/b>, <b>fue designado<\/b> como <b>Representante<\/b> de las <b>Universidades del Centro Occidente Colombiano<\/b>, para el <b>Comit\u00e9 Gestor<\/b> de la <b>Red de Comunicadores<\/b> de la Asociaci\u00f3n Colombiana de Universidades (<b>Asc\u00fan<\/b>), durante el <b>I Encuentro de Comunicadores y Jefes de Prensa<\/b>, que convoc\u00f3 esta organizaci\u00f3n.<\/td>\n<\/tr>\n<\/tbody>\n<\/table>\n<p>&nbsp;<\/p>\n<p>&nbsp;<\/p>\n<p>La primera parte del encuentro, que se efectu\u00f3 los d\u00edas 14 y 15 de noviembre del 2012, en Bogot\u00e1, la orient\u00f3 Universia Colombia y <b>reuni\u00f3 m\u00e1s de 90 comunicadores de universidades de todo el pa\u00eds<\/b>. El <b>objetivo<\/b> fue <b>generar<\/b> un <b>espacio de reflexi\u00f3n<\/b> sobre el <b>manejo<\/b> de las <b>redes sociales en el contexto educativo.<\/b><\/p>\n<p>&nbsp;<\/p>\n<p>\u201cEn la sesi\u00f3n con Universia Colombia les expusimos nuestras experiencias en divulgaci\u00f3n mediante redes sociales, como caso exitoso y con ejemplos que pueden replicar otras instituciones. Incluso algunas universidades nos pidieron datos de contacto para despejarles dudas o apoyarlas en varios aspectos\u201d, dijo Garc\u00eda Cort\u00e9s.<\/p>\n<p>&nbsp;<\/p>\n<p>Respecto a la designaci\u00f3n, el <b>Jefe de Prensa de la U. de Caldas<\/b> mencion\u00f3: \u201cel nombramiento fue un voto de confianza de los jefes de prensa y comunicaciones de las instituciones de educaci\u00f3n superior privadas y p\u00fablicas de esta regi\u00f3n. La responsabilidad es grande, pues la idea es construir la red de comunicadores y definir el enfoque del naciente Sistema de Informaci\u00f3n Universitario (Sinfu)\u201d.<\/p>\n<p>&nbsp;<\/p>\n<p>El <b>Coordinador de Comunicaciones de Asc\u00fan<\/b>, Mauricio Gallego, explic\u00f3: \u201cse determin\u00f3 la necesidad de renovar el Comit\u00e9 Gestor, en el que se definir\u00e1n estrategias puntuales para el desarrollo de los planes de comunicaci\u00f3n que presenten los rectores de las universidades asociadas\u201d.<\/p>\n<p>&nbsp;<\/p>\n<p>Gallego agreg\u00f3 que <b>el Comit\u00e9 se renueva cada dos a\u00f1os<\/b> y que la idea es que los <b>gestores planteen la estrategia propia, para dinamizar los procesos en las regiones<\/b>. Los seis nodos nacionales contemplan nuevos l\u00edderes y suplentes para consolidar las relaciones e imagen de las universidades.<\/p>\n<p>&nbsp;<\/p>\n<p>Luz Naima Gutierrez Castro, <b>de la Universidad del Tolima<\/b>, es la <b>suplente<\/b> del <b>Representante de las Universidades del Centro Occidente Colombiano.<\/b><\/p>\n<p>&nbsp;<\/p>\n<p><a href=\"http:\/\/www.ascun.org.co\/?idcategoria=5384\" target=\"_blank\">Lea aqu\u00ed una nota de prensa de Asc\u00fan<\/a><\/p>\n<p>&nbsp;<\/p>\n<p><a href=\"http:\/\/noticias.universia.net.co\/en-portada\/noticia\/2012\/11\/16\/982423\/mas-90-comunicadores-universidades-colombianas-hicieron-parte-encuentro-comunicadores-universia-colombia.html\" target=\"_blank\">Lea aqu\u00ed una nota de prensa de Universia Colombia<\/a><\/p>\n<p><a href=\"http:\/\/noticias.universia.net.co\/en-portada\/noticia\/2012\/11\/16\/982423\/mas-90-comunicadores-universidades-colombianas-hicieron-parte-encuentro-comunicadores-universia-colombia.html\" target=\"_blank\"><br \/>\n<\/a><\/p>\n<p><b>Asesor\u00eda<br \/>\n<\/b><a href=\"http:\/\/desarrollo.ucaldas.edu.co\/archivo\/index.php?option=com_content&amp;view=article&amp;id=7441:oficina-de-prensa-u-de-caldas-asesora-en-comunicacion-a-u-de-los-llanos&amp;catid=419:universidad-al-dia&amp;Itemid=1039\" target=\"_blank\">La\u00a0<b>Oficina de Prensa de la U. de Caldas<\/b>\u00a0comenz\u00f3 un proceso de\u00a0<b>acompa\u00f1amiento para estructurar el \u00e1rea de comunicaciones<\/b>\u00a0<b>de la Universidad de los Llanos<\/b>\u00a0(Unillanos) (ver nota)<\/a>. La solicitud la hizo un funcionario de la Direcci\u00f3n General de Proyecci\u00f3n Social de dicho centro de educaci\u00f3n superior, situado en\u00a0<b>Villavicencio<\/b>\u00a0(Meta).<\/p>\n<p>&nbsp;<\/p>\n<p><b>Informes:<\/b> Oficina de Prensa, tel\u00e9fono 878 15 00, extensi\u00f3n 12 167.<\/p>\n","protected":false},"excerpt":{"rendered":"<p>Fue elegido por las universidades de dicha regi\u00f3n, integrantes de Asc\u00fan 19\/11\/2012 Redacci\u00f3n: Margarita Laverde Galvis Carlos Eduardo Garc\u00eda Cort\u00e9s, Jefe de Prensa de la Universidad de Caldas, fue designado como Representante de las Universidades del Centro Occidente Colombiano, para el Comit\u00e9 Gestor de la Red de Comunicadores de la Asociaci\u00f3n Colombiana de Universidades (Asc\u00fan), [&hellip;]<\/p>\n","protected":false},"author":2,"featured_media":0,"comment_status":"closed","ping_status":"closed","sticky":false,"template":"","format":"standard","meta":{"footnotes":""},"categories":[48,53],"tags":[],"class_list":["post-14207","post","type-post","status-publish","format-standard","hentry","category-actualidad","category-universidad-al-dia"],"yoast_head":"<!-- This site is optimized with the Yoast SEO plugin v27.5 - https:\/\/yoast.com\/product\/yoast-seo-wordpress\/ -->\n<title>Jefe de Prensa U. de Caldas representar\u00e1 al Centro Occidente en red de comunicadores .<\/title>\n<meta name=\"robots\" content=\"index, follow, max-snippet:-1, max-image-preview:large, max-video-preview:-1\" \/>\n<link rel=\"canonical\" href=\"https:\/\/www.ucaldas.edu.co\/portal\/jefe-de-prensa-u-de-caldas-representara-al-centro-occidente-en-red-de-comunicadores\/\" \/>\n<script type=\"application\/ld+json\" class=\"yoast-schema-graph\">{\"@context\":\"https:\\\/\\\/schema.org\",\"@graph\":[{\"@type\":\"Article\",\"@id\":\"https:\\\/\\\/www.ucaldas.edu.co\\\/portal\\\/jefe-de-prensa-u-de-caldas-representara-al-centro-occidente-en-red-de-comunicadores\\\/#article\",\"isPartOf\":{\"@id\":\"https:\\\/\\\/www.ucaldas.edu.co\\\/portal\\\/jefe-de-prensa-u-de-caldas-representara-al-centro-occidente-en-red-de-comunicadores\\\/\"},\"author\":{\"name\":\"ofiprensa\",\"@id\":\"https:\\\/\\\/www.ucaldas.edu.co\\\/portal\\\/#\\\/schema\\\/person\\\/a1b482e23449158b4bc319926c074fdf\"},\"headline\":\"Jefe de Prensa U. de Caldas representar\u00e1 al Centro Occidente en red de comunicadores\",\"datePublished\":\"2012-11-19T20:09:33+00:00\",\"mainEntityOfPage\":{\"@id\":\"https:\\\/\\\/www.ucaldas.edu.co\\\/portal\\\/jefe-de-prensa-u-de-caldas-representara-al-centro-occidente-en-red-de-comunicadores\\\/\"},\"wordCount\":470,\"publisher\":{\"@id\":\"https:\\\/\\\/www.ucaldas.edu.co\\\/portal\\\/#organization\"},\"image\":{\"@id\":\"https:\\\/\\\/www.ucaldas.edu.co\\\/portal\\\/jefe-de-prensa-u-de-caldas-representara-al-centro-occidente-en-red-de-comunicadores\\\/#primaryimage\"},\"thumbnailUrl\":\"http:\\\/\\\/www.ucaldas.edu.co\\\/images\\\/tmp\\\/encuentrocomunicadoresascun.jpg\",\"articleSection\":[\"Actualidad\",\"Universidad al D\u00eda\"],\"inLanguage\":\"es\"},{\"@type\":\"WebPage\",\"@id\":\"https:\\\/\\\/www.ucaldas.edu.co\\\/portal\\\/jefe-de-prensa-u-de-caldas-representara-al-centro-occidente-en-red-de-comunicadores\\\/\",\"url\":\"https:\\\/\\\/www.ucaldas.edu.co\\\/portal\\\/jefe-de-prensa-u-de-caldas-representara-al-centro-occidente-en-red-de-comunicadores\\\/\",\"name\":\"Jefe de Prensa U. de Caldas representar\u00e1 al Centro Occidente en red de comunicadores .\",\"isPartOf\":{\"@id\":\"https:\\\/\\\/www.ucaldas.edu.co\\\/portal\\\/#website\"},\"primaryImageOfPage\":{\"@id\":\"https:\\\/\\\/www.ucaldas.edu.co\\\/portal\\\/jefe-de-prensa-u-de-caldas-representara-al-centro-occidente-en-red-de-comunicadores\\\/#primaryimage\"},\"image\":{\"@id\":\"https:\\\/\\\/www.ucaldas.edu.co\\\/portal\\\/jefe-de-prensa-u-de-caldas-representara-al-centro-occidente-en-red-de-comunicadores\\\/#primaryimage\"},\"thumbnailUrl\":\"http:\\\/\\\/www.ucaldas.edu.co\\\/images\\\/tmp\\\/encuentrocomunicadoresascun.jpg\",\"datePublished\":\"2012-11-19T20:09:33+00:00\",\"breadcrumb\":{\"@id\":\"https:\\\/\\\/www.ucaldas.edu.co\\\/portal\\\/jefe-de-prensa-u-de-caldas-representara-al-centro-occidente-en-red-de-comunicadores\\\/#breadcrumb\"},\"inLanguage\":\"es\",\"potentialAction\":[{\"@type\":\"ReadAction\",\"target\":[\"https:\\\/\\\/www.ucaldas.edu.co\\\/portal\\\/jefe-de-prensa-u-de-caldas-representara-al-centro-occidente-en-red-de-comunicadores\\\/\"]}]},{\"@type\":\"ImageObject\",\"inLanguage\":\"es\",\"@id\":\"https:\\\/\\\/www.ucaldas.edu.co\\\/portal\\\/jefe-de-prensa-u-de-caldas-representara-al-centro-occidente-en-red-de-comunicadores\\\/#primaryimage\",\"url\":\"http:\\\/\\\/www.ucaldas.edu.co\\\/images\\\/tmp\\\/encuentrocomunicadoresascun.jpg\",\"contentUrl\":\"http:\\\/\\\/www.ucaldas.edu.co\\\/images\\\/tmp\\\/encuentrocomunicadoresascun.jpg\"},{\"@type\":\"BreadcrumbList\",\"@id\":\"https:\\\/\\\/www.ucaldas.edu.co\\\/portal\\\/jefe-de-prensa-u-de-caldas-representara-al-centro-occidente-en-red-de-comunicadores\\\/#breadcrumb\",\"itemListElement\":[{\"@type\":\"ListItem\",\"position\":1,\"name\":\"Portada\",\"item\":\"https:\\\/\\\/www.ucaldas.edu.co\\\/portal\\\/\"},{\"@type\":\"ListItem\",\"position\":2,\"name\":\"Jefe de Prensa U. de Caldas representar\u00e1 al Centro Occidente en red de comunicadores\"}]},{\"@type\":\"WebSite\",\"@id\":\"https:\\\/\\\/www.ucaldas.edu.co\\\/portal\\\/#website\",\"url\":\"https:\\\/\\\/www.ucaldas.edu.co\\\/portal\\\/\",\"name\":\"Universidad de Caldas\",\"description\":\"\",\"publisher\":{\"@id\":\"https:\\\/\\\/www.ucaldas.edu.co\\\/portal\\\/#organization\"},\"alternateName\":\"U. de Caldas\",\"potentialAction\":[{\"@type\":\"SearchAction\",\"target\":{\"@type\":\"EntryPoint\",\"urlTemplate\":\"https:\\\/\\\/www.ucaldas.edu.co\\\/portal\\\/?s={search_term_string}\"},\"query-input\":{\"@type\":\"PropertyValueSpecification\",\"valueRequired\":true,\"valueName\":\"search_term_string\"}}],\"inLanguage\":\"es\"},{\"@type\":\"Organization\",\"@id\":\"https:\\\/\\\/www.ucaldas.edu.co\\\/portal\\\/#organization\",\"name\":\"Universidad de Caldas\",\"alternateName\":\"U. de Caldas\",\"url\":\"https:\\\/\\\/www.ucaldas.edu.co\\\/portal\\\/\",\"logo\":{\"@type\":\"ImageObject\",\"inLanguage\":\"es\",\"@id\":\"https:\\\/\\\/www.ucaldas.edu.co\\\/portal\\\/#\\\/schema\\\/logo\\\/image\\\/\",\"url\":\"https:\\\/\\\/www.ucaldas.edu.co\\\/portal\\\/wp-content\\\/uploads\\\/2023\\\/11\\\/Logo_horizontal_oscuroU-2023.png\",\"contentUrl\":\"https:\\\/\\\/www.ucaldas.edu.co\\\/portal\\\/wp-content\\\/uploads\\\/2023\\\/11\\\/Logo_horizontal_oscuroU-2023.png\",\"width\":263,\"height\":101,\"caption\":\"Universidad de Caldas\"},\"image\":{\"@id\":\"https:\\\/\\\/www.ucaldas.edu.co\\\/portal\\\/#\\\/schema\\\/logo\\\/image\\\/\"},\"sameAs\":[\"https:\\\/\\\/www.facebook.com\\\/udecaldas\",\"https:\\\/\\\/x.com\\\/udecaldas\",\"https:\\\/\\\/www.youtube.com\\\/universidadcaldas\",\"https:\\\/\\\/www.instagram.com\\\/udecaldas\\\/\"]},{\"@type\":\"Person\",\"@id\":\"https:\\\/\\\/www.ucaldas.edu.co\\\/portal\\\/#\\\/schema\\\/person\\\/a1b482e23449158b4bc319926c074fdf\",\"name\":\"ofiprensa\",\"image\":{\"@type\":\"ImageObject\",\"inLanguage\":\"es\",\"@id\":\"https:\\\/\\\/www.ucaldas.edu.co\\\/portal\\\/wp-content\\\/litespeed\\\/avatar\\\/09ea5085e600095a7a811142c6944527.jpg?ver=1777497608\",\"url\":\"https:\\\/\\\/www.ucaldas.edu.co\\\/portal\\\/wp-content\\\/litespeed\\\/avatar\\\/09ea5085e600095a7a811142c6944527.jpg?ver=1777497608\",\"contentUrl\":\"https:\\\/\\\/www.ucaldas.edu.co\\\/portal\\\/wp-content\\\/litespeed\\\/avatar\\\/09ea5085e600095a7a811142c6944527.jpg?ver=1777497608\",\"caption\":\"ofiprensa\"},\"url\":\"https:\\\/\\\/www.ucaldas.edu.co\\\/portal\\\/author\\\/ofiprensa\\\/\"}]}<\/script>\n<!-- \/ Yoast SEO plugin. -->","yoast_head_json":{"title":"Jefe de Prensa U. de Caldas representar\u00e1 al Centro Occidente en red de comunicadores .","robots":{"index":"index","follow":"follow","max-snippet":"max-snippet:-1","max-image-preview":"max-image-preview:large","max-video-preview":"max-video-preview:-1"},"canonical":"https:\/\/www.ucaldas.edu.co\/portal\/jefe-de-prensa-u-de-caldas-representara-al-centro-occidente-en-red-de-comunicadores\/","schema":{"@context":"https:\/\/schema.org","@graph":[{"@type":"Article","@id":"https:\/\/www.ucaldas.edu.co\/portal\/jefe-de-prensa-u-de-caldas-representara-al-centro-occidente-en-red-de-comunicadores\/#article","isPartOf":{"@id":"https:\/\/www.ucaldas.edu.co\/portal\/jefe-de-prensa-u-de-caldas-representara-al-centro-occidente-en-red-de-comunicadores\/"},"author":{"name":"ofiprensa","@id":"https:\/\/www.ucaldas.edu.co\/portal\/#\/schema\/person\/a1b482e23449158b4bc319926c074fdf"},"headline":"Jefe de Prensa U. de Caldas representar\u00e1 al Centro Occidente en red de comunicadores","datePublished":"2012-11-19T20:09:33+00:00","mainEntityOfPage":{"@id":"https:\/\/www.ucaldas.edu.co\/portal\/jefe-de-prensa-u-de-caldas-representara-al-centro-occidente-en-red-de-comunicadores\/"},"wordCount":470,"publisher":{"@id":"https:\/\/www.ucaldas.edu.co\/portal\/#organization"},"image":{"@id":"https:\/\/www.ucaldas.edu.co\/portal\/jefe-de-prensa-u-de-caldas-representara-al-centro-occidente-en-red-de-comunicadores\/#primaryimage"},"thumbnailUrl":"http:\/\/www.ucaldas.edu.co\/images\/tmp\/encuentrocomunicadoresascun.jpg","articleSection":["Actualidad","Universidad al D\u00eda"],"inLanguage":"es"},{"@type":"WebPage","@id":"https:\/\/www.ucaldas.edu.co\/portal\/jefe-de-prensa-u-de-caldas-representara-al-centro-occidente-en-red-de-comunicadores\/","url":"https:\/\/www.ucaldas.edu.co\/portal\/jefe-de-prensa-u-de-caldas-representara-al-centro-occidente-en-red-de-comunicadores\/","name":"Jefe de Prensa U. de Caldas representar\u00e1 al Centro Occidente en red de comunicadores .","isPartOf":{"@id":"https:\/\/www.ucaldas.edu.co\/portal\/#website"},"primaryImageOfPage":{"@id":"https:\/\/www.ucaldas.edu.co\/portal\/jefe-de-prensa-u-de-caldas-representara-al-centro-occidente-en-red-de-comunicadores\/#primaryimage"},"image":{"@id":"https:\/\/www.ucaldas.edu.co\/portal\/jefe-de-prensa-u-de-caldas-representara-al-centro-occidente-en-red-de-comunicadores\/#primaryimage"},"thumbnailUrl":"http:\/\/www.ucaldas.edu.co\/images\/tmp\/encuentrocomunicadoresascun.jpg","datePublished":"2012-11-19T20:09:33+00:00","breadcrumb":{"@id":"https:\/\/www.ucaldas.edu.co\/portal\/jefe-de-prensa-u-de-caldas-representara-al-centro-occidente-en-red-de-comunicadores\/#breadcrumb"},"inLanguage":"es","potentialAction":[{"@type":"ReadAction","target":["https:\/\/www.ucaldas.edu.co\/portal\/jefe-de-prensa-u-de-caldas-representara-al-centro-occidente-en-red-de-comunicadores\/"]}]},{"@type":"ImageObject","inLanguage":"es","@id":"https:\/\/www.ucaldas.edu.co\/portal\/jefe-de-prensa-u-de-caldas-representara-al-centro-occidente-en-red-de-comunicadores\/#primaryimage","url":"http:\/\/www.ucaldas.edu.co\/images\/tmp\/encuentrocomunicadoresascun.jpg","contentUrl":"http:\/\/www.ucaldas.edu.co\/images\/tmp\/encuentrocomunicadoresascun.jpg"},{"@type":"BreadcrumbList","@id":"https:\/\/www.ucaldas.edu.co\/portal\/jefe-de-prensa-u-de-caldas-representara-al-centro-occidente-en-red-de-comunicadores\/#breadcrumb","itemListElement":[{"@type":"ListItem","position":1,"name":"Portada","item":"https:\/\/www.ucaldas.edu.co\/portal\/"},{"@type":"ListItem","position":2,"name":"Jefe de Prensa U. de Caldas representar\u00e1 al Centro Occidente en red de comunicadores"}]},{"@type":"WebSite","@id":"https:\/\/www.ucaldas.edu.co\/portal\/#website","url":"https:\/\/www.ucaldas.edu.co\/portal\/","name":"Universidad de Caldas","description":"","publisher":{"@id":"https:\/\/www.ucaldas.edu.co\/portal\/#organization"},"alternateName":"U. de Caldas","potentialAction":[{"@type":"SearchAction","target":{"@type":"EntryPoint","urlTemplate":"https:\/\/www.ucaldas.edu.co\/portal\/?s={search_term_string}"},"query-input":{"@type":"PropertyValueSpecification","valueRequired":true,"valueName":"search_term_string"}}],"inLanguage":"es"},{"@type":"Organization","@id":"https:\/\/www.ucaldas.edu.co\/portal\/#organization","name":"Universidad de Caldas","alternateName":"U. de Caldas","url":"https:\/\/www.ucaldas.edu.co\/portal\/","logo":{"@type":"ImageObject","inLanguage":"es","@id":"https:\/\/www.ucaldas.edu.co\/portal\/#\/schema\/logo\/image\/","url":"https:\/\/www.ucaldas.edu.co\/portal\/wp-content\/uploads\/2023\/11\/Logo_horizontal_oscuroU-2023.png","contentUrl":"https:\/\/www.ucaldas.edu.co\/portal\/wp-content\/uploads\/2023\/11\/Logo_horizontal_oscuroU-2023.png","width":263,"height":101,"caption":"Universidad de Caldas"},"image":{"@id":"https:\/\/www.ucaldas.edu.co\/portal\/#\/schema\/logo\/image\/"},"sameAs":["https:\/\/www.facebook.com\/udecaldas","https:\/\/x.com\/udecaldas","https:\/\/www.youtube.com\/universidadcaldas","https:\/\/www.instagram.com\/udecaldas\/"]},{"@type":"Person","@id":"https:\/\/www.ucaldas.edu.co\/portal\/#\/schema\/person\/a1b482e23449158b4bc319926c074fdf","name":"ofiprensa","image":{"@type":"ImageObject","inLanguage":"es","@id":"https:\/\/www.ucaldas.edu.co\/portal\/wp-content\/litespeed\/avatar\/09ea5085e600095a7a811142c6944527.jpg?ver=1777497608","url":"https:\/\/www.ucaldas.edu.co\/portal\/wp-content\/litespeed\/avatar\/09ea5085e600095a7a811142c6944527.jpg?ver=1777497608","contentUrl":"https:\/\/www.ucaldas.edu.co\/portal\/wp-content\/litespeed\/avatar\/09ea5085e600095a7a811142c6944527.jpg?ver=1777497608","caption":"ofiprensa"},"url":"https:\/\/www.ucaldas.edu.co\/portal\/author\/ofiprensa\/"}]}},"_links":{"self":[{"href":"https:\/\/www.ucaldas.edu.co\/portal\/wp-json\/wp\/v2\/posts\/14207","targetHints":{"allow":["GET"]}}],"collection":[{"href":"https:\/\/www.ucaldas.edu.co\/portal\/wp-json\/wp\/v2\/posts"}],"about":[{"href":"https:\/\/www.ucaldas.edu.co\/portal\/wp-json\/wp\/v2\/types\/post"}],"author":[{"embeddable":true,"href":"https:\/\/www.ucaldas.edu.co\/portal\/wp-json\/wp\/v2\/users\/2"}],"replies":[{"embeddable":true,"href":"https:\/\/www.ucaldas.edu.co\/portal\/wp-json\/wp\/v2\/comments?post=14207"}],"version-history":[{"count":0,"href":"https:\/\/www.ucaldas.edu.co\/portal\/wp-json\/wp\/v2\/posts\/14207\/revisions"}],"wp:attachment":[{"href":"https:\/\/www.ucaldas.edu.co\/portal\/wp-json\/wp\/v2\/media?parent=14207"}],"wp:term":[{"taxonomy":"category","embeddable":true,"href":"https:\/\/www.ucaldas.edu.co\/portal\/wp-json\/wp\/v2\/categories?post=14207"},{"taxonomy":"post_tag","embeddable":true,"href":"https:\/\/www.ucaldas.edu.co\/portal\/wp-json\/wp\/v2\/tags?post=14207"}],"curies":[{"name":"wp","href":"https:\/\/api.w.org\/{rel}","templated":true}]}}