{"id":14205,"date":"2012-11-19T15:08:52","date_gmt":"2012-11-19T20:08:52","guid":{"rendered":"https:\/\/www.ucaldas.edu.co\/portal\/?p=14205"},"modified":"2012-11-19T15:08:52","modified_gmt":"2012-11-19T20:08:52","slug":"estudiantes-de-pregrado-u-de-caldas-tendran-mas-opciones-para-graduarse","status":"publish","type":"post","link":"https:\/\/www.ucaldas.edu.co\/portal\/estudiantes-de-pregrado-u-de-caldas-tendran-mas-opciones-para-graduarse\/","title":{"rendered":"Estudiantes de pregrado U. de Caldas tendr\u00e1n m\u00e1s opciones para graduarse"},"content":{"rendered":"<p align=\"center\">Consejo Acad\u00e9mico modific\u00f3 Reglamento Estudiantil, para dar agilidad al proceso<\/p>\n<p align=\"right\">19\/11\/2012<\/p>\n<hr \/>\n<p align=\"right\">Redacci\u00f3n: Margarita Laverde Galvis<\/p>\n<p>&nbsp;<\/p>\n<table border=\"0\">\n<tbody>\n<tr>\n<td>&nbsp;<\/p>\n<p><img loading=\"lazy\" decoding=\"async\" style=\"border: 0px\" title=\"Estudiantes\" alt=\"Estudiantes\" src=\"http:\/\/www.ucaldas.edu.co\/images\/tmp\/estudiantesucaldas.jpg\" width=\"240\" height=\"150\" border=\"0\" \/><\/p>\n<h6>Foto: Guillermo Sarmiento Estrada\/ Prensa U. de Caldas.<\/h6>\n<\/td>\n<td><b>Como una forma de optimizar y dar soluci\u00f3n<\/b> a la <b>retenci\u00f3n de estudiantes<\/b> a la <b>hora de graduarse<\/b>, el <b>Consejo Acad\u00e9mico<\/b> de la <b>Universidad de Caldas<\/b> <b>anuncia<\/b> la <b>modificaci\u00f3n<\/b> al <b>Reglamento Estudiantil<\/b> de la Instituci\u00f3n, mediante el <a href=\"http:\/\/desarrollo.ucaldas.edu.co\/archivo\/images\/tmp\/Acuerdo45ConsejoAcademicoUcaldas.pdf\" target=\"_blank\"><b>Acuerdo 45<\/b> (ver aqu\u00ed)<\/a>, que modifica el Capitulo XI.<\/td>\n<\/tr>\n<\/tbody>\n<\/table>\n<p>&nbsp;<\/p>\n<p>\u201cEl Acuerdo pretende que los estudiantes cuenten con m\u00e1s opciones para optar al t\u00edtulo de pregrado, ya sea con trabajo de grado o a trav\u00e9s de otra modalidad, de las que se crean y reglamentan en esta propuesta. Esta es una forma de dar alternativas de agilidad en el proceso\u201d, coment\u00f3 el <b>Secretario General de la U. de Caldas<\/b>, Fernando Duque Garc\u00eda.<\/p>\n<p>&nbsp;<\/p>\n<p>El Acuerdo <b>entr\u00f3 en rigor a partir del pasado 15 de noviembre del 2012<\/b>. Entre las modalidades (en el art\u00edculo 72 del Acuerdo), se entiende por formaci\u00f3n investigativa:<\/p>\n<p>&nbsp;<\/p>\n<p>&#8211; Las actividades acad\u00e9micas espec\u00edficamente encaminadas a formar para la investigaci\u00f3n, de acuerdo con el nivel y a los objetivos de formaci\u00f3n del programa acad\u00e9mico correspondiente.<\/p>\n<p>&#8211; La participaci\u00f3n en semilleros (avalados por la vicerrector\u00eda respectiva) o en grupos de investigaci\u00f3n (reconocidos por Colciencias).<\/p>\n<p>&#8211; La participaci\u00f3n en la realizaci\u00f3n de proyectos de investigaci\u00f3n, art\u00edsticos, de creaci\u00f3n, de proyecci\u00f3n o de desarrollo social o empresarial.<\/p>\n<p>&#8211; La publicaci\u00f3n de art\u00edculos en revistas indexadas y homologadas.<\/p>\n<p>&#8211; La realizaci\u00f3n y aprobaci\u00f3n de pasant\u00edas de investigaci\u00f3n o proyecci\u00f3n.<\/p>\n<p>&#8211; La obtenci\u00f3n de distinciones acad\u00e9micas.<br \/>\n&#8211; La aprobaci\u00f3n de actividades acad\u00e9micas de postgrados cursadas en la U. de Caldas.<\/p>\n<p>&#8211; La participaci\u00f3n en un libro o cap\u00edtulo de libro, como autor o coautor.<\/p>\n<p>&nbsp;<\/p>\n<p><b>Estudiantes con Plan de Estudios 296 del Programa de Medicina Veterinaria y Zootecnia<\/b><br \/>\nPor otra parte, el <a href=\"http:\/\/desarrollo.ucaldas.edu.co\/archivo\/images\/tmp\/Acuerdo47ConsejoAcademicoUcaldas.pdf\" target=\"_blank\"><b>Acuerdo 47 <\/b>(ver aqu\u00ed)<\/a> <b>modifica<\/b> los <b>requisitos<\/b> de <b>trabajo de grado<\/b> para estudiantes que cursan el <b>Plan de Estudios 296<\/b> del <b>Programa de Medicina Veterinaria y Zootecnia<\/b> de la Universidad.<\/p>\n<p>&nbsp;<\/p>\n<p>Los <b>estudiantes cobijados<\/b> por este Plan de Estudios <b>tienen la opci\u00f3n de continuar<\/b> (quienes realizan trabajo de grado) <b>o acogerse a la nueva normatividad.<\/b><\/p>\n<p>&nbsp;<\/p>\n<p><b>Informes:<\/b> Secretar\u00eda General, tel\u00e9fono 878 15 00, extensi\u00f3n 11 104.<\/p>\n","protected":false},"excerpt":{"rendered":"<p>Consejo Acad\u00e9mico modific\u00f3 Reglamento Estudiantil, para dar agilidad al proceso 19\/11\/2012 Redacci\u00f3n: Margarita Laverde Galvis &nbsp; &nbsp; Foto: Guillermo Sarmiento Estrada\/ Prensa U. de Caldas. Como una forma de optimizar y dar soluci\u00f3n a la retenci\u00f3n de estudiantes a la hora de graduarse, el Consejo Acad\u00e9mico de la Universidad de Caldas anuncia la modificaci\u00f3n al [&hellip;]<\/p>\n","protected":false},"author":2,"featured_media":0,"comment_status":"closed","ping_status":"closed","sticky":false,"template":"","format":"standard","meta":{"footnotes":""},"categories":[48,53],"tags":[],"class_list":["post-14205","post","type-post","status-publish","format-standard","hentry","category-actualidad","category-universidad-al-dia"],"yoast_head":"<!-- This site is optimized with the Yoast SEO plugin v27.5 - https:\/\/yoast.com\/product\/yoast-seo-wordpress\/ -->\n<title>Estudiantes de pregrado U. de Caldas tendr\u00e1n m\u00e1s opciones para graduarse .<\/title>\n<meta name=\"robots\" content=\"index, follow, max-snippet:-1, max-image-preview:large, max-video-preview:-1\" \/>\n<link rel=\"canonical\" href=\"https:\/\/www.ucaldas.edu.co\/portal\/estudiantes-de-pregrado-u-de-caldas-tendran-mas-opciones-para-graduarse\/\" \/>\n<script type=\"application\/ld+json\" class=\"yoast-schema-graph\">{\"@context\":\"https:\\\/\\\/schema.org\",\"@graph\":[{\"@type\":\"Article\",\"@id\":\"https:\\\/\\\/www.ucaldas.edu.co\\\/portal\\\/estudiantes-de-pregrado-u-de-caldas-tendran-mas-opciones-para-graduarse\\\/#article\",\"isPartOf\":{\"@id\":\"https:\\\/\\\/www.ucaldas.edu.co\\\/portal\\\/estudiantes-de-pregrado-u-de-caldas-tendran-mas-opciones-para-graduarse\\\/\"},\"author\":{\"name\":\"ofiprensa\",\"@id\":\"https:\\\/\\\/www.ucaldas.edu.co\\\/portal\\\/#\\\/schema\\\/person\\\/a1b482e23449158b4bc319926c074fdf\"},\"headline\":\"Estudiantes de pregrado U. de Caldas tendr\u00e1n m\u00e1s opciones para graduarse\",\"datePublished\":\"2012-11-19T20:08:52+00:00\",\"mainEntityOfPage\":{\"@id\":\"https:\\\/\\\/www.ucaldas.edu.co\\\/portal\\\/estudiantes-de-pregrado-u-de-caldas-tendran-mas-opciones-para-graduarse\\\/\"},\"wordCount\":412,\"publisher\":{\"@id\":\"https:\\\/\\\/www.ucaldas.edu.co\\\/portal\\\/#organization\"},\"image\":{\"@id\":\"https:\\\/\\\/www.ucaldas.edu.co\\\/portal\\\/estudiantes-de-pregrado-u-de-caldas-tendran-mas-opciones-para-graduarse\\\/#primaryimage\"},\"thumbnailUrl\":\"http:\\\/\\\/www.ucaldas.edu.co\\\/images\\\/tmp\\\/estudiantesucaldas.jpg\",\"articleSection\":[\"Actualidad\",\"Universidad al D\u00eda\"],\"inLanguage\":\"es\"},{\"@type\":\"WebPage\",\"@id\":\"https:\\\/\\\/www.ucaldas.edu.co\\\/portal\\\/estudiantes-de-pregrado-u-de-caldas-tendran-mas-opciones-para-graduarse\\\/\",\"url\":\"https:\\\/\\\/www.ucaldas.edu.co\\\/portal\\\/estudiantes-de-pregrado-u-de-caldas-tendran-mas-opciones-para-graduarse\\\/\",\"name\":\"Estudiantes de pregrado U. de Caldas tendr\u00e1n m\u00e1s opciones para graduarse .\",\"isPartOf\":{\"@id\":\"https:\\\/\\\/www.ucaldas.edu.co\\\/portal\\\/#website\"},\"primaryImageOfPage\":{\"@id\":\"https:\\\/\\\/www.ucaldas.edu.co\\\/portal\\\/estudiantes-de-pregrado-u-de-caldas-tendran-mas-opciones-para-graduarse\\\/#primaryimage\"},\"image\":{\"@id\":\"https:\\\/\\\/www.ucaldas.edu.co\\\/portal\\\/estudiantes-de-pregrado-u-de-caldas-tendran-mas-opciones-para-graduarse\\\/#primaryimage\"},\"thumbnailUrl\":\"http:\\\/\\\/www.ucaldas.edu.co\\\/images\\\/tmp\\\/estudiantesucaldas.jpg\",\"datePublished\":\"2012-11-19T20:08:52+00:00\",\"breadcrumb\":{\"@id\":\"https:\\\/\\\/www.ucaldas.edu.co\\\/portal\\\/estudiantes-de-pregrado-u-de-caldas-tendran-mas-opciones-para-graduarse\\\/#breadcrumb\"},\"inLanguage\":\"es\",\"potentialAction\":[{\"@type\":\"ReadAction\",\"target\":[\"https:\\\/\\\/www.ucaldas.edu.co\\\/portal\\\/estudiantes-de-pregrado-u-de-caldas-tendran-mas-opciones-para-graduarse\\\/\"]}]},{\"@type\":\"ImageObject\",\"inLanguage\":\"es\",\"@id\":\"https:\\\/\\\/www.ucaldas.edu.co\\\/portal\\\/estudiantes-de-pregrado-u-de-caldas-tendran-mas-opciones-para-graduarse\\\/#primaryimage\",\"url\":\"http:\\\/\\\/www.ucaldas.edu.co\\\/images\\\/tmp\\\/estudiantesucaldas.jpg\",\"contentUrl\":\"http:\\\/\\\/www.ucaldas.edu.co\\\/images\\\/tmp\\\/estudiantesucaldas.jpg\"},{\"@type\":\"BreadcrumbList\",\"@id\":\"https:\\\/\\\/www.ucaldas.edu.co\\\/portal\\\/estudiantes-de-pregrado-u-de-caldas-tendran-mas-opciones-para-graduarse\\\/#breadcrumb\",\"itemListElement\":[{\"@type\":\"ListItem\",\"position\":1,\"name\":\"Portada\",\"item\":\"https:\\\/\\\/www.ucaldas.edu.co\\\/portal\\\/\"},{\"@type\":\"ListItem\",\"position\":2,\"name\":\"Estudiantes de pregrado U. de Caldas tendr\u00e1n m\u00e1s opciones para graduarse\"}]},{\"@type\":\"WebSite\",\"@id\":\"https:\\\/\\\/www.ucaldas.edu.co\\\/portal\\\/#website\",\"url\":\"https:\\\/\\\/www.ucaldas.edu.co\\\/portal\\\/\",\"name\":\"Universidad de Caldas\",\"description\":\"\",\"publisher\":{\"@id\":\"https:\\\/\\\/www.ucaldas.edu.co\\\/portal\\\/#organization\"},\"alternateName\":\"U. de Caldas\",\"potentialAction\":[{\"@type\":\"SearchAction\",\"target\":{\"@type\":\"EntryPoint\",\"urlTemplate\":\"https:\\\/\\\/www.ucaldas.edu.co\\\/portal\\\/?s={search_term_string}\"},\"query-input\":{\"@type\":\"PropertyValueSpecification\",\"valueRequired\":true,\"valueName\":\"search_term_string\"}}],\"inLanguage\":\"es\"},{\"@type\":\"Organization\",\"@id\":\"https:\\\/\\\/www.ucaldas.edu.co\\\/portal\\\/#organization\",\"name\":\"Universidad de Caldas\",\"alternateName\":\"U. de Caldas\",\"url\":\"https:\\\/\\\/www.ucaldas.edu.co\\\/portal\\\/\",\"logo\":{\"@type\":\"ImageObject\",\"inLanguage\":\"es\",\"@id\":\"https:\\\/\\\/www.ucaldas.edu.co\\\/portal\\\/#\\\/schema\\\/logo\\\/image\\\/\",\"url\":\"https:\\\/\\\/www.ucaldas.edu.co\\\/portal\\\/wp-content\\\/uploads\\\/2023\\\/11\\\/Logo_horizontal_oscuroU-2023.png\",\"contentUrl\":\"https:\\\/\\\/www.ucaldas.edu.co\\\/portal\\\/wp-content\\\/uploads\\\/2023\\\/11\\\/Logo_horizontal_oscuroU-2023.png\",\"width\":263,\"height\":101,\"caption\":\"Universidad de Caldas\"},\"image\":{\"@id\":\"https:\\\/\\\/www.ucaldas.edu.co\\\/portal\\\/#\\\/schema\\\/logo\\\/image\\\/\"},\"sameAs\":[\"https:\\\/\\\/www.facebook.com\\\/udecaldas\",\"https:\\\/\\\/x.com\\\/udecaldas\",\"https:\\\/\\\/www.youtube.com\\\/universidadcaldas\",\"https:\\\/\\\/www.instagram.com\\\/udecaldas\\\/\"]},{\"@type\":\"Person\",\"@id\":\"https:\\\/\\\/www.ucaldas.edu.co\\\/portal\\\/#\\\/schema\\\/person\\\/a1b482e23449158b4bc319926c074fdf\",\"name\":\"ofiprensa\",\"image\":{\"@type\":\"ImageObject\",\"inLanguage\":\"es\",\"@id\":\"https:\\\/\\\/www.ucaldas.edu.co\\\/portal\\\/wp-content\\\/litespeed\\\/avatar\\\/09ea5085e600095a7a811142c6944527.jpg?ver=1777497608\",\"url\":\"https:\\\/\\\/www.ucaldas.edu.co\\\/portal\\\/wp-content\\\/litespeed\\\/avatar\\\/09ea5085e600095a7a811142c6944527.jpg?ver=1777497608\",\"contentUrl\":\"https:\\\/\\\/www.ucaldas.edu.co\\\/portal\\\/wp-content\\\/litespeed\\\/avatar\\\/09ea5085e600095a7a811142c6944527.jpg?ver=1777497608\",\"caption\":\"ofiprensa\"},\"url\":\"https:\\\/\\\/www.ucaldas.edu.co\\\/portal\\\/author\\\/ofiprensa\\\/\"}]}<\/script>\n<!-- \/ Yoast SEO plugin. -->","yoast_head_json":{"title":"Estudiantes de pregrado U. de Caldas tendr\u00e1n m\u00e1s opciones para graduarse .","robots":{"index":"index","follow":"follow","max-snippet":"max-snippet:-1","max-image-preview":"max-image-preview:large","max-video-preview":"max-video-preview:-1"},"canonical":"https:\/\/www.ucaldas.edu.co\/portal\/estudiantes-de-pregrado-u-de-caldas-tendran-mas-opciones-para-graduarse\/","schema":{"@context":"https:\/\/schema.org","@graph":[{"@type":"Article","@id":"https:\/\/www.ucaldas.edu.co\/portal\/estudiantes-de-pregrado-u-de-caldas-tendran-mas-opciones-para-graduarse\/#article","isPartOf":{"@id":"https:\/\/www.ucaldas.edu.co\/portal\/estudiantes-de-pregrado-u-de-caldas-tendran-mas-opciones-para-graduarse\/"},"author":{"name":"ofiprensa","@id":"https:\/\/www.ucaldas.edu.co\/portal\/#\/schema\/person\/a1b482e23449158b4bc319926c074fdf"},"headline":"Estudiantes de pregrado U. de Caldas tendr\u00e1n m\u00e1s opciones para graduarse","datePublished":"2012-11-19T20:08:52+00:00","mainEntityOfPage":{"@id":"https:\/\/www.ucaldas.edu.co\/portal\/estudiantes-de-pregrado-u-de-caldas-tendran-mas-opciones-para-graduarse\/"},"wordCount":412,"publisher":{"@id":"https:\/\/www.ucaldas.edu.co\/portal\/#organization"},"image":{"@id":"https:\/\/www.ucaldas.edu.co\/portal\/estudiantes-de-pregrado-u-de-caldas-tendran-mas-opciones-para-graduarse\/#primaryimage"},"thumbnailUrl":"http:\/\/www.ucaldas.edu.co\/images\/tmp\/estudiantesucaldas.jpg","articleSection":["Actualidad","Universidad al D\u00eda"],"inLanguage":"es"},{"@type":"WebPage","@id":"https:\/\/www.ucaldas.edu.co\/portal\/estudiantes-de-pregrado-u-de-caldas-tendran-mas-opciones-para-graduarse\/","url":"https:\/\/www.ucaldas.edu.co\/portal\/estudiantes-de-pregrado-u-de-caldas-tendran-mas-opciones-para-graduarse\/","name":"Estudiantes de pregrado U. de Caldas tendr\u00e1n m\u00e1s opciones para graduarse .","isPartOf":{"@id":"https:\/\/www.ucaldas.edu.co\/portal\/#website"},"primaryImageOfPage":{"@id":"https:\/\/www.ucaldas.edu.co\/portal\/estudiantes-de-pregrado-u-de-caldas-tendran-mas-opciones-para-graduarse\/#primaryimage"},"image":{"@id":"https:\/\/www.ucaldas.edu.co\/portal\/estudiantes-de-pregrado-u-de-caldas-tendran-mas-opciones-para-graduarse\/#primaryimage"},"thumbnailUrl":"http:\/\/www.ucaldas.edu.co\/images\/tmp\/estudiantesucaldas.jpg","datePublished":"2012-11-19T20:08:52+00:00","breadcrumb":{"@id":"https:\/\/www.ucaldas.edu.co\/portal\/estudiantes-de-pregrado-u-de-caldas-tendran-mas-opciones-para-graduarse\/#breadcrumb"},"inLanguage":"es","potentialAction":[{"@type":"ReadAction","target":["https:\/\/www.ucaldas.edu.co\/portal\/estudiantes-de-pregrado-u-de-caldas-tendran-mas-opciones-para-graduarse\/"]}]},{"@type":"ImageObject","inLanguage":"es","@id":"https:\/\/www.ucaldas.edu.co\/portal\/estudiantes-de-pregrado-u-de-caldas-tendran-mas-opciones-para-graduarse\/#primaryimage","url":"http:\/\/www.ucaldas.edu.co\/images\/tmp\/estudiantesucaldas.jpg","contentUrl":"http:\/\/www.ucaldas.edu.co\/images\/tmp\/estudiantesucaldas.jpg"},{"@type":"BreadcrumbList","@id":"https:\/\/www.ucaldas.edu.co\/portal\/estudiantes-de-pregrado-u-de-caldas-tendran-mas-opciones-para-graduarse\/#breadcrumb","itemListElement":[{"@type":"ListItem","position":1,"name":"Portada","item":"https:\/\/www.ucaldas.edu.co\/portal\/"},{"@type":"ListItem","position":2,"name":"Estudiantes de pregrado U. de Caldas tendr\u00e1n m\u00e1s opciones para graduarse"}]},{"@type":"WebSite","@id":"https:\/\/www.ucaldas.edu.co\/portal\/#website","url":"https:\/\/www.ucaldas.edu.co\/portal\/","name":"Universidad de Caldas","description":"","publisher":{"@id":"https:\/\/www.ucaldas.edu.co\/portal\/#organization"},"alternateName":"U. de Caldas","potentialAction":[{"@type":"SearchAction","target":{"@type":"EntryPoint","urlTemplate":"https:\/\/www.ucaldas.edu.co\/portal\/?s={search_term_string}"},"query-input":{"@type":"PropertyValueSpecification","valueRequired":true,"valueName":"search_term_string"}}],"inLanguage":"es"},{"@type":"Organization","@id":"https:\/\/www.ucaldas.edu.co\/portal\/#organization","name":"Universidad de Caldas","alternateName":"U. de Caldas","url":"https:\/\/www.ucaldas.edu.co\/portal\/","logo":{"@type":"ImageObject","inLanguage":"es","@id":"https:\/\/www.ucaldas.edu.co\/portal\/#\/schema\/logo\/image\/","url":"https:\/\/www.ucaldas.edu.co\/portal\/wp-content\/uploads\/2023\/11\/Logo_horizontal_oscuroU-2023.png","contentUrl":"https:\/\/www.ucaldas.edu.co\/portal\/wp-content\/uploads\/2023\/11\/Logo_horizontal_oscuroU-2023.png","width":263,"height":101,"caption":"Universidad de Caldas"},"image":{"@id":"https:\/\/www.ucaldas.edu.co\/portal\/#\/schema\/logo\/image\/"},"sameAs":["https:\/\/www.facebook.com\/udecaldas","https:\/\/x.com\/udecaldas","https:\/\/www.youtube.com\/universidadcaldas","https:\/\/www.instagram.com\/udecaldas\/"]},{"@type":"Person","@id":"https:\/\/www.ucaldas.edu.co\/portal\/#\/schema\/person\/a1b482e23449158b4bc319926c074fdf","name":"ofiprensa","image":{"@type":"ImageObject","inLanguage":"es","@id":"https:\/\/www.ucaldas.edu.co\/portal\/wp-content\/litespeed\/avatar\/09ea5085e600095a7a811142c6944527.jpg?ver=1777497608","url":"https:\/\/www.ucaldas.edu.co\/portal\/wp-content\/litespeed\/avatar\/09ea5085e600095a7a811142c6944527.jpg?ver=1777497608","contentUrl":"https:\/\/www.ucaldas.edu.co\/portal\/wp-content\/litespeed\/avatar\/09ea5085e600095a7a811142c6944527.jpg?ver=1777497608","caption":"ofiprensa"},"url":"https:\/\/www.ucaldas.edu.co\/portal\/author\/ofiprensa\/"}]}},"_links":{"self":[{"href":"https:\/\/www.ucaldas.edu.co\/portal\/wp-json\/wp\/v2\/posts\/14205","targetHints":{"allow":["GET"]}}],"collection":[{"href":"https:\/\/www.ucaldas.edu.co\/portal\/wp-json\/wp\/v2\/posts"}],"about":[{"href":"https:\/\/www.ucaldas.edu.co\/portal\/wp-json\/wp\/v2\/types\/post"}],"author":[{"embeddable":true,"href":"https:\/\/www.ucaldas.edu.co\/portal\/wp-json\/wp\/v2\/users\/2"}],"replies":[{"embeddable":true,"href":"https:\/\/www.ucaldas.edu.co\/portal\/wp-json\/wp\/v2\/comments?post=14205"}],"version-history":[{"count":0,"href":"https:\/\/www.ucaldas.edu.co\/portal\/wp-json\/wp\/v2\/posts\/14205\/revisions"}],"wp:attachment":[{"href":"https:\/\/www.ucaldas.edu.co\/portal\/wp-json\/wp\/v2\/media?parent=14205"}],"wp:term":[{"taxonomy":"category","embeddable":true,"href":"https:\/\/www.ucaldas.edu.co\/portal\/wp-json\/wp\/v2\/categories?post=14205"},{"taxonomy":"post_tag","embeddable":true,"href":"https:\/\/www.ucaldas.edu.co\/portal\/wp-json\/wp\/v2\/tags?post=14205"}],"curies":[{"name":"wp","href":"https:\/\/api.w.org\/{rel}","templated":true}]}}