{"id":14162,"date":"2012-11-15T14:46:44","date_gmt":"2012-11-15T19:46:44","guid":{"rendered":"https:\/\/www.ucaldas.edu.co\/portal\/?p=14162"},"modified":"2012-11-15T14:46:44","modified_gmt":"2012-11-15T19:46:44","slug":"con-programacion-academica-diseno-visual-cerro-celebracion-de-sus-20-anos","status":"publish","type":"post","link":"https:\/\/www.ucaldas.edu.co\/portal\/con-programacion-academica-diseno-visual-cerro-celebracion-de-sus-20-anos\/","title":{"rendered":"Con programaci\u00f3n acad\u00e9mica, Dise\u00f1o Visual cerr\u00f3 celebraci\u00f3n de sus 20 a\u00f1os"},"content":{"rendered":"<p align=\"center\">Conferencias y talleres fueron los eventos realizados en clausura<\/p>\n<p align=\"right\">15\/11\/2012<\/p>\n<hr \/>\n<p align=\"right\">Redacci\u00f3n: Mar\u00eda Fernanda Restrepo Torres<\/p>\n<table border=\"0\">\n<tbody>\n<tr>\n<td>\u00a0<img loading=\"lazy\" decoding=\"async\" style=\"border: 0px\" title=\"Conferencia\" alt=\"Conferencia\" src=\"http:\/\/www.ucaldas.edu.co\/images\/tmp\/conferenciasdisenoclausira.jpg\" width=\"240\" height=\"150\" border=\"0\" \/><\/p>\n<h6>Foto: Guillermo Sarmiento Estrada\/ Prensa U. de Caldas.<\/h6>\n<\/td>\n<td>Durante la <b>clausura<\/b> de la <b>celebraci\u00f3n<\/b> de los <b>20 a\u00f1os<\/b> del <b>Programa de Dise\u00f1o Visual<\/b> de la <b>Universidad de Caldas<\/b>, se reunieron <b>estudiantes, docentes y egresados<\/b> de dicho pregrado, para <b>disertar<\/b> sobre el <b>presente y futuro<\/b> de esta carrera, desde <b>perspectivas acad\u00e9micas y profesionales.<\/b><\/td>\n<\/tr>\n<\/tbody>\n<\/table>\n<p>&nbsp;<\/p>\n<p>Hasta el viernes 16 de noviembre del 2012 se llevar\u00e1n a cabo conferencias y talleres relacionados con los diferentes campos del dise\u00f1o. Durante la jornada se realiza un encuentro con los profesores y los comit\u00e9s de aseguramiento de calidad del programa, que est\u00e1 en proceso de reacreditaci\u00f3n.<\/p>\n<p>Claudia Jurado Grisales, <b>Directora del Departamento de Dise\u00f1o Visual de la U. de Caldas<\/b>, expres\u00f3: \u201ccelebrar los 20 a\u00f1os del programa, como egresada y ahora como directora, tiene un significado importante desde lo acad\u00e9mico y lo profesional. Adem\u00e1s es emotivo, hemos crecido con la carrera y hacemos parte de todos los procesos que se han desarrollado durante estos a\u00f1os\u201d.<\/p>\n<p>Sobre el porvenir del programa de Dise\u00f1o Visual, Jurado Grisales mencion\u00f3 que \u201capenas estamos empezando. As\u00ed como naci\u00f3 la carrera, con una intenci\u00f3n de proyecci\u00f3n, hemos tenido claro que debemos estar siempre a la vanguardia, no solo en cuanto a los procesos y desarrollo del dise\u00f1o, sino tambi\u00e9n en lo tecnol\u00f3gico, la ciencia y en todo lo que implica las actividades misionales de la universidad\u201d.<\/p>\n<p><a href=\"https:\/\/www.facebook.com\/media\/set\/?set=a.434848246577046.104116.107054166023124&amp;type=3\" target=\"_blank\">Clausura de la celebraci\u00f3n de los 20 a\u00f1os de Dise\u00f1o Visual<\/a><\/p>\n<p><b>Informes:<\/b> en el Departamento de Dise\u00f1o Visual, tel\u00e9fono 878 15 00 extensi\u00f3n 12 137.<\/p>\n","protected":false},"excerpt":{"rendered":"<p>Conferencias y talleres fueron los eventos realizados en clausura 15\/11\/2012 Redacci\u00f3n: Mar\u00eda Fernanda Restrepo Torres \u00a0 Foto: Guillermo Sarmiento Estrada\/ Prensa U. de Caldas. Durante la clausura de la celebraci\u00f3n de los 20 a\u00f1os del Programa de Dise\u00f1o Visual de la Universidad de Caldas, se reunieron estudiantes, docentes y egresados de dicho pregrado, para disertar [&hellip;]<\/p>\n","protected":false},"author":2,"featured_media":0,"comment_status":"closed","ping_status":"closed","sticky":false,"template":"","format":"standard","meta":{"footnotes":""},"categories":[48,53],"tags":[],"class_list":["post-14162","post","type-post","status-publish","format-standard","hentry","category-actualidad","category-universidad-al-dia"],"yoast_head":"<!-- This site is optimized with the Yoast SEO plugin v27.5 - https:\/\/yoast.com\/product\/yoast-seo-wordpress\/ -->\n<title>Con programaci\u00f3n acad\u00e9mica, Dise\u00f1o Visual cerr\u00f3 celebraci\u00f3n de sus 20 a\u00f1os .<\/title>\n<meta name=\"robots\" content=\"index, follow, max-snippet:-1, max-image-preview:large, max-video-preview:-1\" \/>\n<link rel=\"canonical\" href=\"https:\/\/www.ucaldas.edu.co\/portal\/con-programacion-academica-diseno-visual-cerro-celebracion-de-sus-20-anos\/\" \/>\n<script type=\"application\/ld+json\" class=\"yoast-schema-graph\">{\"@context\":\"https:\\\/\\\/schema.org\",\"@graph\":[{\"@type\":\"Article\",\"@id\":\"https:\\\/\\\/www.ucaldas.edu.co\\\/portal\\\/con-programacion-academica-diseno-visual-cerro-celebracion-de-sus-20-anos\\\/#article\",\"isPartOf\":{\"@id\":\"https:\\\/\\\/www.ucaldas.edu.co\\\/portal\\\/con-programacion-academica-diseno-visual-cerro-celebracion-de-sus-20-anos\\\/\"},\"author\":{\"name\":\"ofiprensa\",\"@id\":\"https:\\\/\\\/www.ucaldas.edu.co\\\/portal\\\/#\\\/schema\\\/person\\\/a1b482e23449158b4bc319926c074fdf\"},\"headline\":\"Con programaci\u00f3n acad\u00e9mica, Dise\u00f1o Visual cerr\u00f3 celebraci\u00f3n de sus 20 a\u00f1os\",\"datePublished\":\"2012-11-15T19:46:44+00:00\",\"mainEntityOfPage\":{\"@id\":\"https:\\\/\\\/www.ucaldas.edu.co\\\/portal\\\/con-programacion-academica-diseno-visual-cerro-celebracion-de-sus-20-anos\\\/\"},\"wordCount\":295,\"publisher\":{\"@id\":\"https:\\\/\\\/www.ucaldas.edu.co\\\/portal\\\/#organization\"},\"image\":{\"@id\":\"https:\\\/\\\/www.ucaldas.edu.co\\\/portal\\\/con-programacion-academica-diseno-visual-cerro-celebracion-de-sus-20-anos\\\/#primaryimage\"},\"thumbnailUrl\":\"http:\\\/\\\/www.ucaldas.edu.co\\\/images\\\/tmp\\\/conferenciasdisenoclausira.jpg\",\"articleSection\":[\"Actualidad\",\"Universidad al D\u00eda\"],\"inLanguage\":\"es\"},{\"@type\":\"WebPage\",\"@id\":\"https:\\\/\\\/www.ucaldas.edu.co\\\/portal\\\/con-programacion-academica-diseno-visual-cerro-celebracion-de-sus-20-anos\\\/\",\"url\":\"https:\\\/\\\/www.ucaldas.edu.co\\\/portal\\\/con-programacion-academica-diseno-visual-cerro-celebracion-de-sus-20-anos\\\/\",\"name\":\"Con programaci\u00f3n acad\u00e9mica, Dise\u00f1o Visual cerr\u00f3 celebraci\u00f3n de sus 20 a\u00f1os .\",\"isPartOf\":{\"@id\":\"https:\\\/\\\/www.ucaldas.edu.co\\\/portal\\\/#website\"},\"primaryImageOfPage\":{\"@id\":\"https:\\\/\\\/www.ucaldas.edu.co\\\/portal\\\/con-programacion-academica-diseno-visual-cerro-celebracion-de-sus-20-anos\\\/#primaryimage\"},\"image\":{\"@id\":\"https:\\\/\\\/www.ucaldas.edu.co\\\/portal\\\/con-programacion-academica-diseno-visual-cerro-celebracion-de-sus-20-anos\\\/#primaryimage\"},\"thumbnailUrl\":\"http:\\\/\\\/www.ucaldas.edu.co\\\/images\\\/tmp\\\/conferenciasdisenoclausira.jpg\",\"datePublished\":\"2012-11-15T19:46:44+00:00\",\"breadcrumb\":{\"@id\":\"https:\\\/\\\/www.ucaldas.edu.co\\\/portal\\\/con-programacion-academica-diseno-visual-cerro-celebracion-de-sus-20-anos\\\/#breadcrumb\"},\"inLanguage\":\"es\",\"potentialAction\":[{\"@type\":\"ReadAction\",\"target\":[\"https:\\\/\\\/www.ucaldas.edu.co\\\/portal\\\/con-programacion-academica-diseno-visual-cerro-celebracion-de-sus-20-anos\\\/\"]}]},{\"@type\":\"ImageObject\",\"inLanguage\":\"es\",\"@id\":\"https:\\\/\\\/www.ucaldas.edu.co\\\/portal\\\/con-programacion-academica-diseno-visual-cerro-celebracion-de-sus-20-anos\\\/#primaryimage\",\"url\":\"http:\\\/\\\/www.ucaldas.edu.co\\\/images\\\/tmp\\\/conferenciasdisenoclausira.jpg\",\"contentUrl\":\"http:\\\/\\\/www.ucaldas.edu.co\\\/images\\\/tmp\\\/conferenciasdisenoclausira.jpg\"},{\"@type\":\"BreadcrumbList\",\"@id\":\"https:\\\/\\\/www.ucaldas.edu.co\\\/portal\\\/con-programacion-academica-diseno-visual-cerro-celebracion-de-sus-20-anos\\\/#breadcrumb\",\"itemListElement\":[{\"@type\":\"ListItem\",\"position\":1,\"name\":\"Portada\",\"item\":\"https:\\\/\\\/www.ucaldas.edu.co\\\/portal\\\/\"},{\"@type\":\"ListItem\",\"position\":2,\"name\":\"Con programaci\u00f3n acad\u00e9mica, Dise\u00f1o Visual cerr\u00f3 celebraci\u00f3n de sus 20 a\u00f1os\"}]},{\"@type\":\"WebSite\",\"@id\":\"https:\\\/\\\/www.ucaldas.edu.co\\\/portal\\\/#website\",\"url\":\"https:\\\/\\\/www.ucaldas.edu.co\\\/portal\\\/\",\"name\":\"Universidad de Caldas\",\"description\":\"\",\"publisher\":{\"@id\":\"https:\\\/\\\/www.ucaldas.edu.co\\\/portal\\\/#organization\"},\"alternateName\":\"U. de Caldas\",\"potentialAction\":[{\"@type\":\"SearchAction\",\"target\":{\"@type\":\"EntryPoint\",\"urlTemplate\":\"https:\\\/\\\/www.ucaldas.edu.co\\\/portal\\\/?s={search_term_string}\"},\"query-input\":{\"@type\":\"PropertyValueSpecification\",\"valueRequired\":true,\"valueName\":\"search_term_string\"}}],\"inLanguage\":\"es\"},{\"@type\":\"Organization\",\"@id\":\"https:\\\/\\\/www.ucaldas.edu.co\\\/portal\\\/#organization\",\"name\":\"Universidad de Caldas\",\"alternateName\":\"U. de Caldas\",\"url\":\"https:\\\/\\\/www.ucaldas.edu.co\\\/portal\\\/\",\"logo\":{\"@type\":\"ImageObject\",\"inLanguage\":\"es\",\"@id\":\"https:\\\/\\\/www.ucaldas.edu.co\\\/portal\\\/#\\\/schema\\\/logo\\\/image\\\/\",\"url\":\"https:\\\/\\\/www.ucaldas.edu.co\\\/portal\\\/wp-content\\\/uploads\\\/2023\\\/11\\\/Logo_horizontal_oscuroU-2023.png\",\"contentUrl\":\"https:\\\/\\\/www.ucaldas.edu.co\\\/portal\\\/wp-content\\\/uploads\\\/2023\\\/11\\\/Logo_horizontal_oscuroU-2023.png\",\"width\":263,\"height\":101,\"caption\":\"Universidad de Caldas\"},\"image\":{\"@id\":\"https:\\\/\\\/www.ucaldas.edu.co\\\/portal\\\/#\\\/schema\\\/logo\\\/image\\\/\"},\"sameAs\":[\"https:\\\/\\\/www.facebook.com\\\/udecaldas\",\"https:\\\/\\\/x.com\\\/udecaldas\",\"https:\\\/\\\/www.youtube.com\\\/universidadcaldas\",\"https:\\\/\\\/www.instagram.com\\\/udecaldas\\\/\"]},{\"@type\":\"Person\",\"@id\":\"https:\\\/\\\/www.ucaldas.edu.co\\\/portal\\\/#\\\/schema\\\/person\\\/a1b482e23449158b4bc319926c074fdf\",\"name\":\"ofiprensa\",\"image\":{\"@type\":\"ImageObject\",\"inLanguage\":\"es\",\"@id\":\"https:\\\/\\\/www.ucaldas.edu.co\\\/portal\\\/wp-content\\\/litespeed\\\/avatar\\\/09ea5085e600095a7a811142c6944527.jpg?ver=1777497608\",\"url\":\"https:\\\/\\\/www.ucaldas.edu.co\\\/portal\\\/wp-content\\\/litespeed\\\/avatar\\\/09ea5085e600095a7a811142c6944527.jpg?ver=1777497608\",\"contentUrl\":\"https:\\\/\\\/www.ucaldas.edu.co\\\/portal\\\/wp-content\\\/litespeed\\\/avatar\\\/09ea5085e600095a7a811142c6944527.jpg?ver=1777497608\",\"caption\":\"ofiprensa\"},\"url\":\"https:\\\/\\\/www.ucaldas.edu.co\\\/portal\\\/author\\\/ofiprensa\\\/\"}]}<\/script>\n<!-- \/ Yoast SEO plugin. -->","yoast_head_json":{"title":"Con programaci\u00f3n acad\u00e9mica, Dise\u00f1o Visual cerr\u00f3 celebraci\u00f3n de sus 20 a\u00f1os .","robots":{"index":"index","follow":"follow","max-snippet":"max-snippet:-1","max-image-preview":"max-image-preview:large","max-video-preview":"max-video-preview:-1"},"canonical":"https:\/\/www.ucaldas.edu.co\/portal\/con-programacion-academica-diseno-visual-cerro-celebracion-de-sus-20-anos\/","schema":{"@context":"https:\/\/schema.org","@graph":[{"@type":"Article","@id":"https:\/\/www.ucaldas.edu.co\/portal\/con-programacion-academica-diseno-visual-cerro-celebracion-de-sus-20-anos\/#article","isPartOf":{"@id":"https:\/\/www.ucaldas.edu.co\/portal\/con-programacion-academica-diseno-visual-cerro-celebracion-de-sus-20-anos\/"},"author":{"name":"ofiprensa","@id":"https:\/\/www.ucaldas.edu.co\/portal\/#\/schema\/person\/a1b482e23449158b4bc319926c074fdf"},"headline":"Con programaci\u00f3n acad\u00e9mica, Dise\u00f1o Visual cerr\u00f3 celebraci\u00f3n de sus 20 a\u00f1os","datePublished":"2012-11-15T19:46:44+00:00","mainEntityOfPage":{"@id":"https:\/\/www.ucaldas.edu.co\/portal\/con-programacion-academica-diseno-visual-cerro-celebracion-de-sus-20-anos\/"},"wordCount":295,"publisher":{"@id":"https:\/\/www.ucaldas.edu.co\/portal\/#organization"},"image":{"@id":"https:\/\/www.ucaldas.edu.co\/portal\/con-programacion-academica-diseno-visual-cerro-celebracion-de-sus-20-anos\/#primaryimage"},"thumbnailUrl":"http:\/\/www.ucaldas.edu.co\/images\/tmp\/conferenciasdisenoclausira.jpg","articleSection":["Actualidad","Universidad al D\u00eda"],"inLanguage":"es"},{"@type":"WebPage","@id":"https:\/\/www.ucaldas.edu.co\/portal\/con-programacion-academica-diseno-visual-cerro-celebracion-de-sus-20-anos\/","url":"https:\/\/www.ucaldas.edu.co\/portal\/con-programacion-academica-diseno-visual-cerro-celebracion-de-sus-20-anos\/","name":"Con programaci\u00f3n acad\u00e9mica, Dise\u00f1o Visual cerr\u00f3 celebraci\u00f3n de sus 20 a\u00f1os .","isPartOf":{"@id":"https:\/\/www.ucaldas.edu.co\/portal\/#website"},"primaryImageOfPage":{"@id":"https:\/\/www.ucaldas.edu.co\/portal\/con-programacion-academica-diseno-visual-cerro-celebracion-de-sus-20-anos\/#primaryimage"},"image":{"@id":"https:\/\/www.ucaldas.edu.co\/portal\/con-programacion-academica-diseno-visual-cerro-celebracion-de-sus-20-anos\/#primaryimage"},"thumbnailUrl":"http:\/\/www.ucaldas.edu.co\/images\/tmp\/conferenciasdisenoclausira.jpg","datePublished":"2012-11-15T19:46:44+00:00","breadcrumb":{"@id":"https:\/\/www.ucaldas.edu.co\/portal\/con-programacion-academica-diseno-visual-cerro-celebracion-de-sus-20-anos\/#breadcrumb"},"inLanguage":"es","potentialAction":[{"@type":"ReadAction","target":["https:\/\/www.ucaldas.edu.co\/portal\/con-programacion-academica-diseno-visual-cerro-celebracion-de-sus-20-anos\/"]}]},{"@type":"ImageObject","inLanguage":"es","@id":"https:\/\/www.ucaldas.edu.co\/portal\/con-programacion-academica-diseno-visual-cerro-celebracion-de-sus-20-anos\/#primaryimage","url":"http:\/\/www.ucaldas.edu.co\/images\/tmp\/conferenciasdisenoclausira.jpg","contentUrl":"http:\/\/www.ucaldas.edu.co\/images\/tmp\/conferenciasdisenoclausira.jpg"},{"@type":"BreadcrumbList","@id":"https:\/\/www.ucaldas.edu.co\/portal\/con-programacion-academica-diseno-visual-cerro-celebracion-de-sus-20-anos\/#breadcrumb","itemListElement":[{"@type":"ListItem","position":1,"name":"Portada","item":"https:\/\/www.ucaldas.edu.co\/portal\/"},{"@type":"ListItem","position":2,"name":"Con programaci\u00f3n acad\u00e9mica, Dise\u00f1o Visual cerr\u00f3 celebraci\u00f3n de sus 20 a\u00f1os"}]},{"@type":"WebSite","@id":"https:\/\/www.ucaldas.edu.co\/portal\/#website","url":"https:\/\/www.ucaldas.edu.co\/portal\/","name":"Universidad de Caldas","description":"","publisher":{"@id":"https:\/\/www.ucaldas.edu.co\/portal\/#organization"},"alternateName":"U. de Caldas","potentialAction":[{"@type":"SearchAction","target":{"@type":"EntryPoint","urlTemplate":"https:\/\/www.ucaldas.edu.co\/portal\/?s={search_term_string}"},"query-input":{"@type":"PropertyValueSpecification","valueRequired":true,"valueName":"search_term_string"}}],"inLanguage":"es"},{"@type":"Organization","@id":"https:\/\/www.ucaldas.edu.co\/portal\/#organization","name":"Universidad de Caldas","alternateName":"U. de Caldas","url":"https:\/\/www.ucaldas.edu.co\/portal\/","logo":{"@type":"ImageObject","inLanguage":"es","@id":"https:\/\/www.ucaldas.edu.co\/portal\/#\/schema\/logo\/image\/","url":"https:\/\/www.ucaldas.edu.co\/portal\/wp-content\/uploads\/2023\/11\/Logo_horizontal_oscuroU-2023.png","contentUrl":"https:\/\/www.ucaldas.edu.co\/portal\/wp-content\/uploads\/2023\/11\/Logo_horizontal_oscuroU-2023.png","width":263,"height":101,"caption":"Universidad de Caldas"},"image":{"@id":"https:\/\/www.ucaldas.edu.co\/portal\/#\/schema\/logo\/image\/"},"sameAs":["https:\/\/www.facebook.com\/udecaldas","https:\/\/x.com\/udecaldas","https:\/\/www.youtube.com\/universidadcaldas","https:\/\/www.instagram.com\/udecaldas\/"]},{"@type":"Person","@id":"https:\/\/www.ucaldas.edu.co\/portal\/#\/schema\/person\/a1b482e23449158b4bc319926c074fdf","name":"ofiprensa","image":{"@type":"ImageObject","inLanguage":"es","@id":"https:\/\/www.ucaldas.edu.co\/portal\/wp-content\/litespeed\/avatar\/09ea5085e600095a7a811142c6944527.jpg?ver=1777497608","url":"https:\/\/www.ucaldas.edu.co\/portal\/wp-content\/litespeed\/avatar\/09ea5085e600095a7a811142c6944527.jpg?ver=1777497608","contentUrl":"https:\/\/www.ucaldas.edu.co\/portal\/wp-content\/litespeed\/avatar\/09ea5085e600095a7a811142c6944527.jpg?ver=1777497608","caption":"ofiprensa"},"url":"https:\/\/www.ucaldas.edu.co\/portal\/author\/ofiprensa\/"}]}},"_links":{"self":[{"href":"https:\/\/www.ucaldas.edu.co\/portal\/wp-json\/wp\/v2\/posts\/14162","targetHints":{"allow":["GET"]}}],"collection":[{"href":"https:\/\/www.ucaldas.edu.co\/portal\/wp-json\/wp\/v2\/posts"}],"about":[{"href":"https:\/\/www.ucaldas.edu.co\/portal\/wp-json\/wp\/v2\/types\/post"}],"author":[{"embeddable":true,"href":"https:\/\/www.ucaldas.edu.co\/portal\/wp-json\/wp\/v2\/users\/2"}],"replies":[{"embeddable":true,"href":"https:\/\/www.ucaldas.edu.co\/portal\/wp-json\/wp\/v2\/comments?post=14162"}],"version-history":[{"count":0,"href":"https:\/\/www.ucaldas.edu.co\/portal\/wp-json\/wp\/v2\/posts\/14162\/revisions"}],"wp:attachment":[{"href":"https:\/\/www.ucaldas.edu.co\/portal\/wp-json\/wp\/v2\/media?parent=14162"}],"wp:term":[{"taxonomy":"category","embeddable":true,"href":"https:\/\/www.ucaldas.edu.co\/portal\/wp-json\/wp\/v2\/categories?post=14162"},{"taxonomy":"post_tag","embeddable":true,"href":"https:\/\/www.ucaldas.edu.co\/portal\/wp-json\/wp\/v2\/tags?post=14162"}],"curies":[{"name":"wp","href":"https:\/\/api.w.org\/{rel}","templated":true}]}}