{"id":13993,"date":"2012-11-07T09:31:49","date_gmt":"2012-11-07T14:31:49","guid":{"rendered":"https:\/\/www.ucaldas.edu.co\/portal\/?p=13993"},"modified":"2012-11-07T09:31:49","modified_gmt":"2012-11-07T14:31:49","slug":"festivales-de-actividad-fisica-ejercicio-deporte-y-salud-3","status":"publish","type":"post","link":"https:\/\/www.ucaldas.edu.co\/portal\/festivales-de-actividad-fisica-ejercicio-deporte-y-salud-3\/","title":{"rendered":"Festivales de actividad f\u00edsica, ejercicio, deporte y salud"},"content":{"rendered":"<p><b>nov 8 al 29<\/b><\/p>\n<hr id=\"system-readmore\" \/>\n<table border=\"0\">\n<tbody>\n<tr>\n<td>\u00a0<img loading=\"lazy\" decoding=\"async\" style=\"border: 0px\" title=\"Festivales\" alt=\"Festivales\" src=\"http:\/\/www.ucaldas.edu.co\/images\/tmp\/festivales_actividad_fisica.jpg\" width=\"240\" height=\"150\" border=\"0\" \/><\/td>\n<td>\n<table border=\"0\">\n<tbody>\n<tr>\n<td><\/td>\n<td><\/td>\n<\/tr>\n<\/tbody>\n<\/table>\n<p><b>Descripci\u00f3n:<\/b> serie de actividades que fusionan los conocimientos te\u00f3ricos del licenciado en educaci\u00f3n f\u00edsica en formaci\u00f3n, con la aplicaci\u00f3n pr\u00e1ctica de los mismos en did\u00e1cticas especificas del programa. Para este segundo semestre se trabajar\u00e1 recreaci\u00f3n, gimnasia, baloncesto, voleibol, f\u00fatbol, actividades acu\u00e1ticas, actividades de resistencia, promoci\u00f3n de la salud a trav\u00e9s de la actividad f\u00edsica, folclor y atletismo.<\/td>\n<\/tr>\n<\/tbody>\n<\/table>\n<p><b>Horario:<\/b> del 8 al 29 de noviembre del 2012.<br \/>\n<b>Programaci\u00f3n:<\/b><\/p>\n<p>&nbsp;<\/p>\n<table style=\"width: 678px\" border=\"1\" cellspacing=\"0\" cellpadding=\"0\" align=\"left\">\n<tbody>\n<tr>\n<td valign=\"top\" width=\"243\">\n<p align=\"center\"><b>Nombre del festival<\/b><\/p>\n<\/td>\n<td valign=\"top\" width=\"189\">\n<p align=\"center\"><b>Docente encargado<\/b><\/p>\n<\/td>\n<td valign=\"top\" width=\"123\">\n<p align=\"center\"><b>Fecha <\/b><\/p>\n<\/td>\n<td valign=\"top\" width=\"123\">\n<p align=\"center\"><b>Hora y lugar<\/b><\/p>\n<\/td>\n<\/tr>\n<tr>\n<td valign=\"top\" width=\"243\">\n<p align=\"center\"><b>Festival de recreaci\u00f3n<\/b><\/p>\n<\/td>\n<td valign=\"top\" width=\"189\">Cesar Augusto Villa<\/td>\n<td valign=\"top\" width=\"123\">Martes 6\u00a0 y viernes 9 de noviembre<\/td>\n<td valign=\"top\" width=\"123\">8:00 a.m. a 12:00 m.<\/p>\n<p>Instituciones educativas<\/p>\n<p>&nbsp;<\/td>\n<\/tr>\n<tr>\n<td valign=\"top\" width=\"243\">\n<p align=\"center\"><b>Festival de gimnasia<\/b><\/p>\n<\/td>\n<td valign=\"top\" width=\"189\">Fernando \u00c1ngel Zuluaga<\/td>\n<td valign=\"top\" width=\"123\">Viernes\u00a0 23 de noviembre<\/td>\n<td valign=\"top\" width=\"123\">8:00 a.m. a 12:00 m.<\/p>\n<p>Normal Superior de Manizales<\/td>\n<\/tr>\n<tr>\n<td valign=\"top\" width=\"243\">\n<p align=\"center\"><b>Festival acu\u00e1tico<\/b><\/p>\n<\/td>\n<td valign=\"top\" width=\"189\">\n<p align=\"center\">Elsi Melendez<\/p>\n<p align=\"center\">\n<\/td>\n<td valign=\"top\" width=\"123\">Jueves 29 de noviembre<\/td>\n<td valign=\"top\" width=\"123\">8:00 a.m. a 11:00 m.<\/p>\n<p>Complejo Acu\u00e1tico<\/td>\n<\/tr>\n<tr>\n<td valign=\"top\" width=\"243\">\n<p align=\"center\"><b>Festival danc\u00edstico y folcl\u00f3rico<\/b><\/p>\n<\/td>\n<td valign=\"top\" width=\"189\">\n<p align=\"center\">Fabiana Mar\u00edn Mej\u00eda<\/p>\n<\/td>\n<td valign=\"top\" width=\"123\">Martes 13 al jueves 15 de noviembre<\/td>\n<td valign=\"top\" width=\"123\">Horario de clase:<\/p>\n<p>Martes de 4:00 p.m. a 6:00 p.m.<\/p>\n<p>Mi\u00e9rcoles de 2:00 p.m. a 4:00 p.m.<\/p>\n<p>Jueves de 4:00 p.m. a 6:00 p.m.<\/td>\n<\/tr>\n<tr>\n<td valign=\"top\" width=\"243\">\n<p align=\"center\"><b>Festival: deportes resistencia II<\/b><\/p>\n<p align=\"center\"><b>Fitness<\/b><\/p>\n<\/td>\n<td valign=\"top\" width=\"189\">\n<p align=\"center\">Jos\u00e9 Hern\u00e1n Echeverri<\/p>\n<p align=\"center\">\n<\/td>\n<td valign=\"top\" width=\"123\">Mi\u00e9rcoles 28 de noviembre<\/p>\n<p>&nbsp;<\/p>\n<p>&nbsp;<\/p>\n<p>Jueves 29 de noviembre<\/td>\n<td valign=\"top\" width=\"123\">8:00 a.m. a 10:00 a.m.<\/p>\n<p>Batall\u00f3n<\/p>\n<p>&nbsp;<\/p>\n<p>10:00 a.m. a 12:00 m.<\/p>\n<p>Facultad Ciencias para la Salud<\/p>\n<p>&nbsp;<\/td>\n<\/tr>\n<tr>\n<td valign=\"top\" width=\"243\">\n<p align=\"center\"><b>\u00a0Festival: promoci\u00f3n de la salud a trav\u00e9s de la actividad f\u00edsica<\/b><\/p>\n<\/td>\n<td valign=\"top\" width=\"189\">\n<p align=\"center\">Fabiana Mar\u00edn Mej\u00eda<\/p>\n<\/td>\n<td valign=\"top\" width=\"123\">Mi\u00e9rcoles 21 y<\/p>\n<p>Jueves 22 de noviembre<\/p>\n<p>&nbsp;<\/td>\n<td valign=\"top\" width=\"123\">10:00 a.m. a 12:00 m.<\/p>\n<p>Espacios institucionales<\/td>\n<\/tr>\n<tr>\n<td valign=\"top\" width=\"243\">\n<p align=\"center\"><b>Festival:\u00a0 deportes de resistencia I &#8211; acuatl\u00f3n<\/b><\/p>\n<\/td>\n<td valign=\"top\" width=\"189\">\n<p align=\"center\">Ang\u00e9lica Garc\u00eda<\/p>\n<p align=\"center\">\n<\/td>\n<td valign=\"top\" width=\"123\">Jueves 8 de noviembre<\/td>\n<td valign=\"top\" width=\"123\">8:00 a.m. a 12:00 m.<\/p>\n<p>Complejo Acu\u00e1tico<\/td>\n<\/tr>\n<tr>\n<td valign=\"top\" width=\"243\">\n<p align=\"center\"><b>Festival de minivoleibol<\/b><\/p>\n<\/td>\n<td valign=\"top\" width=\"189\">\n<p align=\"center\">Gerardo Melo Betancourt<\/p>\n<\/td>\n<td valign=\"top\" width=\"123\">Martes 13 de noviembre<\/td>\n<td valign=\"top\" width=\"123\">8:00 a.m. a 11:00 a.m.<\/p>\n<p>Instituci\u00f3n educativa<\/td>\n<\/tr>\n<tr>\n<td valign=\"top\" width=\"243\">\n<p align=\"center\"><b>Festival de baloncesto<\/b><\/p>\n<\/td>\n<td valign=\"top\" width=\"189\">Diana Marcela Zuluaga<\/td>\n<td valign=\"top\" width=\"123\">Mi\u00e9rcoles 28 de noviembre<\/td>\n<td valign=\"top\" width=\"123\">8:00 a.m. a 12:00 m.<\/p>\n<p>Coliseo Mayor<\/td>\n<\/tr>\n<tr>\n<td valign=\"top\" width=\"243\">\n<p align=\"center\"><b>Festival de futbol<\/b><\/p>\n<\/td>\n<td valign=\"top\" width=\"189\">\n<p align=\"center\">Ferry Germ\u00e1n Mar\u00edn<\/p>\n<\/td>\n<td valign=\"top\" width=\"123\">Mi\u00e9rcoles 14 de noviembre<\/td>\n<td valign=\"top\" width=\"123\">8:00 a.m. a 12:00 m.<\/td>\n<\/tr>\n<tr>\n<td valign=\"top\" width=\"243\">\n<p align=\"center\"><b>Festival de atletismo<\/b><\/p>\n<\/td>\n<td valign=\"top\" width=\"189\">\n<p align=\"center\">William Sep\u00falveda<\/p>\n<\/td>\n<td valign=\"top\" width=\"123\">Viernes 9 de noviembre<\/td>\n<td valign=\"top\" width=\"123\">10:00 a.m. a 12:00 m.<\/p>\n<p>Cancha Arrayanes<\/p>\n<p>Liceo Infantil Ilusiones<\/td>\n<\/tr>\n<\/tbody>\n<\/table>\n<p>&nbsp;<\/p>\n<p><b>\u00a0<\/b><\/p>\n<p><b>\u00a0<\/b><\/p>\n<p><b>\u00a0<\/b><\/p>\n<p><b>\u00a0<\/b><\/p>\n<p><b>\u00a0<\/b><\/p>\n<p><b>\u00a0<\/b><\/p>\n<p><b><br \/>\n<\/b><\/p>\n<p><b>\u00a0<\/b><\/p>\n<p><b>\u00a0<\/b><\/p>\n<p><b>\u00a0<\/b><\/p>\n<p><b>\u00a0<\/b><\/p>\n<p><b>\u00a0<\/b><\/p>\n<p><b>\u00a0<\/b><\/p>\n<p><b><br \/>\n<\/b><\/p>\n<p><b>\u00a0<\/b><\/p>\n<p><b>\u00a0<\/b><\/p>\n<p><b>\u00a0<\/b><\/p>\n<p><b>\u00a0<\/b><\/p>\n<p><b>\u00a0<\/b><\/p>\n<p><b>\u00a0<\/b><\/p>\n<p><b><br \/>\n<\/b><\/p>\n<p>&nbsp;<\/p>\n<p>&nbsp;<\/p>\n<p><b>Informes: <\/b>Licenciatura en Educaci\u00f3n B\u00e1sica con \u00e9nfasis en Educaci\u00f3n F\u00edsica, tel\u00e9fono 878 30 60, extensi\u00f3n 31 117.<br \/>\nPublicado el 7 de noviembre del 2012.<br \/>\n<b><br \/>\n<\/b><\/p>\n","protected":false},"excerpt":{"rendered":"<p>nov 8 al 29 \u00a0 Descripci\u00f3n: serie de actividades que fusionan los conocimientos te\u00f3ricos del licenciado en educaci\u00f3n f\u00edsica en formaci\u00f3n, con la aplicaci\u00f3n pr\u00e1ctica de los mismos en did\u00e1cticas especificas del programa. Para este segundo semestre se trabajar\u00e1 recreaci\u00f3n, gimnasia, baloncesto, voleibol, f\u00fatbol, actividades acu\u00e1ticas, actividades de resistencia, promoci\u00f3n de la salud a trav\u00e9s [&hellip;]<\/p>\n","protected":false},"author":2,"featured_media":0,"comment_status":"closed","ping_status":"closed","sticky":false,"template":"","format":"standard","meta":{"footnotes":""},"categories":[48,53],"tags":[],"class_list":["post-13993","post","type-post","status-publish","format-standard","hentry","category-actualidad","category-universidad-al-dia"],"yoast_head":"<!-- This site is optimized with the Yoast SEO plugin v27.5 - https:\/\/yoast.com\/product\/yoast-seo-wordpress\/ -->\n<title>Festivales de actividad f\u00edsica, ejercicio, deporte y salud .<\/title>\n<meta name=\"robots\" content=\"index, follow, max-snippet:-1, max-image-preview:large, max-video-preview:-1\" \/>\n<link rel=\"canonical\" href=\"https:\/\/www.ucaldas.edu.co\/portal\/festivales-de-actividad-fisica-ejercicio-deporte-y-salud-3\/\" \/>\n<script type=\"application\/ld+json\" class=\"yoast-schema-graph\">{\"@context\":\"https:\\\/\\\/schema.org\",\"@graph\":[{\"@type\":\"Article\",\"@id\":\"https:\\\/\\\/www.ucaldas.edu.co\\\/portal\\\/festivales-de-actividad-fisica-ejercicio-deporte-y-salud-3\\\/#article\",\"isPartOf\":{\"@id\":\"https:\\\/\\\/www.ucaldas.edu.co\\\/portal\\\/festivales-de-actividad-fisica-ejercicio-deporte-y-salud-3\\\/\"},\"author\":{\"name\":\"ofiprensa\",\"@id\":\"https:\\\/\\\/www.ucaldas.edu.co\\\/portal\\\/#\\\/schema\\\/person\\\/a1b482e23449158b4bc319926c074fdf\"},\"headline\":\"Festivales de actividad f\u00edsica, ejercicio, deporte y salud\",\"datePublished\":\"2012-11-07T14:31:49+00:00\",\"mainEntityOfPage\":{\"@id\":\"https:\\\/\\\/www.ucaldas.edu.co\\\/portal\\\/festivales-de-actividad-fisica-ejercicio-deporte-y-salud-3\\\/\"},\"wordCount\":375,\"publisher\":{\"@id\":\"https:\\\/\\\/www.ucaldas.edu.co\\\/portal\\\/#organization\"},\"image\":{\"@id\":\"https:\\\/\\\/www.ucaldas.edu.co\\\/portal\\\/festivales-de-actividad-fisica-ejercicio-deporte-y-salud-3\\\/#primaryimage\"},\"thumbnailUrl\":\"http:\\\/\\\/www.ucaldas.edu.co\\\/images\\\/tmp\\\/festivales_actividad_fisica.jpg\",\"articleSection\":[\"Actualidad\",\"Universidad al D\u00eda\"],\"inLanguage\":\"es\"},{\"@type\":\"WebPage\",\"@id\":\"https:\\\/\\\/www.ucaldas.edu.co\\\/portal\\\/festivales-de-actividad-fisica-ejercicio-deporte-y-salud-3\\\/\",\"url\":\"https:\\\/\\\/www.ucaldas.edu.co\\\/portal\\\/festivales-de-actividad-fisica-ejercicio-deporte-y-salud-3\\\/\",\"name\":\"Festivales de actividad f\u00edsica, ejercicio, deporte y salud .\",\"isPartOf\":{\"@id\":\"https:\\\/\\\/www.ucaldas.edu.co\\\/portal\\\/#website\"},\"primaryImageOfPage\":{\"@id\":\"https:\\\/\\\/www.ucaldas.edu.co\\\/portal\\\/festivales-de-actividad-fisica-ejercicio-deporte-y-salud-3\\\/#primaryimage\"},\"image\":{\"@id\":\"https:\\\/\\\/www.ucaldas.edu.co\\\/portal\\\/festivales-de-actividad-fisica-ejercicio-deporte-y-salud-3\\\/#primaryimage\"},\"thumbnailUrl\":\"http:\\\/\\\/www.ucaldas.edu.co\\\/images\\\/tmp\\\/festivales_actividad_fisica.jpg\",\"datePublished\":\"2012-11-07T14:31:49+00:00\",\"breadcrumb\":{\"@id\":\"https:\\\/\\\/www.ucaldas.edu.co\\\/portal\\\/festivales-de-actividad-fisica-ejercicio-deporte-y-salud-3\\\/#breadcrumb\"},\"inLanguage\":\"es\",\"potentialAction\":[{\"@type\":\"ReadAction\",\"target\":[\"https:\\\/\\\/www.ucaldas.edu.co\\\/portal\\\/festivales-de-actividad-fisica-ejercicio-deporte-y-salud-3\\\/\"]}]},{\"@type\":\"ImageObject\",\"inLanguage\":\"es\",\"@id\":\"https:\\\/\\\/www.ucaldas.edu.co\\\/portal\\\/festivales-de-actividad-fisica-ejercicio-deporte-y-salud-3\\\/#primaryimage\",\"url\":\"http:\\\/\\\/www.ucaldas.edu.co\\\/images\\\/tmp\\\/festivales_actividad_fisica.jpg\",\"contentUrl\":\"http:\\\/\\\/www.ucaldas.edu.co\\\/images\\\/tmp\\\/festivales_actividad_fisica.jpg\"},{\"@type\":\"BreadcrumbList\",\"@id\":\"https:\\\/\\\/www.ucaldas.edu.co\\\/portal\\\/festivales-de-actividad-fisica-ejercicio-deporte-y-salud-3\\\/#breadcrumb\",\"itemListElement\":[{\"@type\":\"ListItem\",\"position\":1,\"name\":\"Portada\",\"item\":\"https:\\\/\\\/www.ucaldas.edu.co\\\/portal\\\/\"},{\"@type\":\"ListItem\",\"position\":2,\"name\":\"Festivales de actividad f\u00edsica, ejercicio, deporte y salud\"}]},{\"@type\":\"WebSite\",\"@id\":\"https:\\\/\\\/www.ucaldas.edu.co\\\/portal\\\/#website\",\"url\":\"https:\\\/\\\/www.ucaldas.edu.co\\\/portal\\\/\",\"name\":\"Universidad de Caldas\",\"description\":\"\",\"publisher\":{\"@id\":\"https:\\\/\\\/www.ucaldas.edu.co\\\/portal\\\/#organization\"},\"alternateName\":\"U. de Caldas\",\"potentialAction\":[{\"@type\":\"SearchAction\",\"target\":{\"@type\":\"EntryPoint\",\"urlTemplate\":\"https:\\\/\\\/www.ucaldas.edu.co\\\/portal\\\/?s={search_term_string}\"},\"query-input\":{\"@type\":\"PropertyValueSpecification\",\"valueRequired\":true,\"valueName\":\"search_term_string\"}}],\"inLanguage\":\"es\"},{\"@type\":\"Organization\",\"@id\":\"https:\\\/\\\/www.ucaldas.edu.co\\\/portal\\\/#organization\",\"name\":\"Universidad de Caldas\",\"alternateName\":\"U. de Caldas\",\"url\":\"https:\\\/\\\/www.ucaldas.edu.co\\\/portal\\\/\",\"logo\":{\"@type\":\"ImageObject\",\"inLanguage\":\"es\",\"@id\":\"https:\\\/\\\/www.ucaldas.edu.co\\\/portal\\\/#\\\/schema\\\/logo\\\/image\\\/\",\"url\":\"https:\\\/\\\/www.ucaldas.edu.co\\\/portal\\\/wp-content\\\/uploads\\\/2023\\\/11\\\/Logo_horizontal_oscuroU-2023.png\",\"contentUrl\":\"https:\\\/\\\/www.ucaldas.edu.co\\\/portal\\\/wp-content\\\/uploads\\\/2023\\\/11\\\/Logo_horizontal_oscuroU-2023.png\",\"width\":263,\"height\":101,\"caption\":\"Universidad de Caldas\"},\"image\":{\"@id\":\"https:\\\/\\\/www.ucaldas.edu.co\\\/portal\\\/#\\\/schema\\\/logo\\\/image\\\/\"},\"sameAs\":[\"https:\\\/\\\/www.facebook.com\\\/udecaldas\",\"https:\\\/\\\/x.com\\\/udecaldas\",\"https:\\\/\\\/www.youtube.com\\\/universidadcaldas\",\"https:\\\/\\\/www.instagram.com\\\/udecaldas\\\/\"]},{\"@type\":\"Person\",\"@id\":\"https:\\\/\\\/www.ucaldas.edu.co\\\/portal\\\/#\\\/schema\\\/person\\\/a1b482e23449158b4bc319926c074fdf\",\"name\":\"ofiprensa\",\"image\":{\"@type\":\"ImageObject\",\"inLanguage\":\"es\",\"@id\":\"https:\\\/\\\/www.ucaldas.edu.co\\\/portal\\\/wp-content\\\/litespeed\\\/avatar\\\/09ea5085e600095a7a811142c6944527.jpg?ver=1777497608\",\"url\":\"https:\\\/\\\/www.ucaldas.edu.co\\\/portal\\\/wp-content\\\/litespeed\\\/avatar\\\/09ea5085e600095a7a811142c6944527.jpg?ver=1777497608\",\"contentUrl\":\"https:\\\/\\\/www.ucaldas.edu.co\\\/portal\\\/wp-content\\\/litespeed\\\/avatar\\\/09ea5085e600095a7a811142c6944527.jpg?ver=1777497608\",\"caption\":\"ofiprensa\"},\"url\":\"https:\\\/\\\/www.ucaldas.edu.co\\\/portal\\\/author\\\/ofiprensa\\\/\"}]}<\/script>\n<!-- \/ Yoast SEO plugin. -->","yoast_head_json":{"title":"Festivales de actividad f\u00edsica, ejercicio, deporte y salud .","robots":{"index":"index","follow":"follow","max-snippet":"max-snippet:-1","max-image-preview":"max-image-preview:large","max-video-preview":"max-video-preview:-1"},"canonical":"https:\/\/www.ucaldas.edu.co\/portal\/festivales-de-actividad-fisica-ejercicio-deporte-y-salud-3\/","schema":{"@context":"https:\/\/schema.org","@graph":[{"@type":"Article","@id":"https:\/\/www.ucaldas.edu.co\/portal\/festivales-de-actividad-fisica-ejercicio-deporte-y-salud-3\/#article","isPartOf":{"@id":"https:\/\/www.ucaldas.edu.co\/portal\/festivales-de-actividad-fisica-ejercicio-deporte-y-salud-3\/"},"author":{"name":"ofiprensa","@id":"https:\/\/www.ucaldas.edu.co\/portal\/#\/schema\/person\/a1b482e23449158b4bc319926c074fdf"},"headline":"Festivales de actividad f\u00edsica, ejercicio, deporte y salud","datePublished":"2012-11-07T14:31:49+00:00","mainEntityOfPage":{"@id":"https:\/\/www.ucaldas.edu.co\/portal\/festivales-de-actividad-fisica-ejercicio-deporte-y-salud-3\/"},"wordCount":375,"publisher":{"@id":"https:\/\/www.ucaldas.edu.co\/portal\/#organization"},"image":{"@id":"https:\/\/www.ucaldas.edu.co\/portal\/festivales-de-actividad-fisica-ejercicio-deporte-y-salud-3\/#primaryimage"},"thumbnailUrl":"http:\/\/www.ucaldas.edu.co\/images\/tmp\/festivales_actividad_fisica.jpg","articleSection":["Actualidad","Universidad al D\u00eda"],"inLanguage":"es"},{"@type":"WebPage","@id":"https:\/\/www.ucaldas.edu.co\/portal\/festivales-de-actividad-fisica-ejercicio-deporte-y-salud-3\/","url":"https:\/\/www.ucaldas.edu.co\/portal\/festivales-de-actividad-fisica-ejercicio-deporte-y-salud-3\/","name":"Festivales de actividad f\u00edsica, ejercicio, deporte y salud .","isPartOf":{"@id":"https:\/\/www.ucaldas.edu.co\/portal\/#website"},"primaryImageOfPage":{"@id":"https:\/\/www.ucaldas.edu.co\/portal\/festivales-de-actividad-fisica-ejercicio-deporte-y-salud-3\/#primaryimage"},"image":{"@id":"https:\/\/www.ucaldas.edu.co\/portal\/festivales-de-actividad-fisica-ejercicio-deporte-y-salud-3\/#primaryimage"},"thumbnailUrl":"http:\/\/www.ucaldas.edu.co\/images\/tmp\/festivales_actividad_fisica.jpg","datePublished":"2012-11-07T14:31:49+00:00","breadcrumb":{"@id":"https:\/\/www.ucaldas.edu.co\/portal\/festivales-de-actividad-fisica-ejercicio-deporte-y-salud-3\/#breadcrumb"},"inLanguage":"es","potentialAction":[{"@type":"ReadAction","target":["https:\/\/www.ucaldas.edu.co\/portal\/festivales-de-actividad-fisica-ejercicio-deporte-y-salud-3\/"]}]},{"@type":"ImageObject","inLanguage":"es","@id":"https:\/\/www.ucaldas.edu.co\/portal\/festivales-de-actividad-fisica-ejercicio-deporte-y-salud-3\/#primaryimage","url":"http:\/\/www.ucaldas.edu.co\/images\/tmp\/festivales_actividad_fisica.jpg","contentUrl":"http:\/\/www.ucaldas.edu.co\/images\/tmp\/festivales_actividad_fisica.jpg"},{"@type":"BreadcrumbList","@id":"https:\/\/www.ucaldas.edu.co\/portal\/festivales-de-actividad-fisica-ejercicio-deporte-y-salud-3\/#breadcrumb","itemListElement":[{"@type":"ListItem","position":1,"name":"Portada","item":"https:\/\/www.ucaldas.edu.co\/portal\/"},{"@type":"ListItem","position":2,"name":"Festivales de actividad f\u00edsica, ejercicio, deporte y salud"}]},{"@type":"WebSite","@id":"https:\/\/www.ucaldas.edu.co\/portal\/#website","url":"https:\/\/www.ucaldas.edu.co\/portal\/","name":"Universidad de Caldas","description":"","publisher":{"@id":"https:\/\/www.ucaldas.edu.co\/portal\/#organization"},"alternateName":"U. de Caldas","potentialAction":[{"@type":"SearchAction","target":{"@type":"EntryPoint","urlTemplate":"https:\/\/www.ucaldas.edu.co\/portal\/?s={search_term_string}"},"query-input":{"@type":"PropertyValueSpecification","valueRequired":true,"valueName":"search_term_string"}}],"inLanguage":"es"},{"@type":"Organization","@id":"https:\/\/www.ucaldas.edu.co\/portal\/#organization","name":"Universidad de Caldas","alternateName":"U. de Caldas","url":"https:\/\/www.ucaldas.edu.co\/portal\/","logo":{"@type":"ImageObject","inLanguage":"es","@id":"https:\/\/www.ucaldas.edu.co\/portal\/#\/schema\/logo\/image\/","url":"https:\/\/www.ucaldas.edu.co\/portal\/wp-content\/uploads\/2023\/11\/Logo_horizontal_oscuroU-2023.png","contentUrl":"https:\/\/www.ucaldas.edu.co\/portal\/wp-content\/uploads\/2023\/11\/Logo_horizontal_oscuroU-2023.png","width":263,"height":101,"caption":"Universidad de Caldas"},"image":{"@id":"https:\/\/www.ucaldas.edu.co\/portal\/#\/schema\/logo\/image\/"},"sameAs":["https:\/\/www.facebook.com\/udecaldas","https:\/\/x.com\/udecaldas","https:\/\/www.youtube.com\/universidadcaldas","https:\/\/www.instagram.com\/udecaldas\/"]},{"@type":"Person","@id":"https:\/\/www.ucaldas.edu.co\/portal\/#\/schema\/person\/a1b482e23449158b4bc319926c074fdf","name":"ofiprensa","image":{"@type":"ImageObject","inLanguage":"es","@id":"https:\/\/www.ucaldas.edu.co\/portal\/wp-content\/litespeed\/avatar\/09ea5085e600095a7a811142c6944527.jpg?ver=1777497608","url":"https:\/\/www.ucaldas.edu.co\/portal\/wp-content\/litespeed\/avatar\/09ea5085e600095a7a811142c6944527.jpg?ver=1777497608","contentUrl":"https:\/\/www.ucaldas.edu.co\/portal\/wp-content\/litespeed\/avatar\/09ea5085e600095a7a811142c6944527.jpg?ver=1777497608","caption":"ofiprensa"},"url":"https:\/\/www.ucaldas.edu.co\/portal\/author\/ofiprensa\/"}]}},"_links":{"self":[{"href":"https:\/\/www.ucaldas.edu.co\/portal\/wp-json\/wp\/v2\/posts\/13993","targetHints":{"allow":["GET"]}}],"collection":[{"href":"https:\/\/www.ucaldas.edu.co\/portal\/wp-json\/wp\/v2\/posts"}],"about":[{"href":"https:\/\/www.ucaldas.edu.co\/portal\/wp-json\/wp\/v2\/types\/post"}],"author":[{"embeddable":true,"href":"https:\/\/www.ucaldas.edu.co\/portal\/wp-json\/wp\/v2\/users\/2"}],"replies":[{"embeddable":true,"href":"https:\/\/www.ucaldas.edu.co\/portal\/wp-json\/wp\/v2\/comments?post=13993"}],"version-history":[{"count":0,"href":"https:\/\/www.ucaldas.edu.co\/portal\/wp-json\/wp\/v2\/posts\/13993\/revisions"}],"wp:attachment":[{"href":"https:\/\/www.ucaldas.edu.co\/portal\/wp-json\/wp\/v2\/media?parent=13993"}],"wp:term":[{"taxonomy":"category","embeddable":true,"href":"https:\/\/www.ucaldas.edu.co\/portal\/wp-json\/wp\/v2\/categories?post=13993"},{"taxonomy":"post_tag","embeddable":true,"href":"https:\/\/www.ucaldas.edu.co\/portal\/wp-json\/wp\/v2\/tags?post=13993"}],"curies":[{"name":"wp","href":"https:\/\/api.w.org\/{rel}","templated":true}]}}