{"id":13981,"date":"2012-11-06T09:27:18","date_gmt":"2012-11-06T14:27:18","guid":{"rendered":"https:\/\/www.ucaldas.edu.co\/portal\/?p=13981"},"modified":"2012-11-06T09:27:18","modified_gmt":"2012-11-06T14:27:18","slug":"u-de-caldas-ira-de-gira-por-quimbaya-calarca-y-montenegro-quindio","status":"publish","type":"post","link":"https:\/\/www.ucaldas.edu.co\/portal\/u-de-caldas-ira-de-gira-por-quimbaya-calarca-y-montenegro-quindio\/","title":{"rendered":"U. de Caldas ir\u00e1 de gira por Quimbaya,  Calarc\u00e1 y Montenegro (Quind\u00edo)"},"content":{"rendered":"<p>En feria de universidades, desde este mi\u00e9rcoles 7 y hasta el viernes 9 de noviembre<\/p>\n<hr \/>\n<p>&nbsp;<\/p>\n<p>&nbsp;<\/p>\n<p align=\"right\">06\/11\/2012<br \/>\nRedacci\u00f3n:\u00a0Ana Mar\u00eda Granada Vallejo<br \/>\nUnidad de Servicios y Mercadeo U. de Caldas<\/p>\n<p>&nbsp;<\/p>\n<table border=\"0\">\n<tbody>\n<tr>\n<td><img loading=\"lazy\" decoding=\"async\" style=\"border: 0px\" title=\"U. de Caldas ir\u00e1 de gira por Quimbaya,  Calarc\u00e1 y Montenegro (Quind\u00edo)\" alt=\"Ceres Magdalena Centro\" src=\"http:\/\/www.ucaldas.edu.co\/images\/tmp\/ceres_magdalena.jpg\" width=\"240\" height=\"160\" border=\"0\" \/><\/td>\n<td>La\u00a0<b>Universidad de Caldas realizar\u00e1<\/b>\u00a0una\u00a0<b>gira<\/b>\u00a0por\u00a0<b>Quimbaya, Calarc\u00e1 y Montenegro (Quind\u00edo<\/b>) con el fin de\u00a0<b>promocionar<\/b>\u00a0la\u00a0<b>oferta acad\u00e9mica<\/b>\u00a0de la\u00a0<b>Instituci\u00f3n<\/b>, en las jornadas de\u00a0<b>Feria de Universidades<\/b>\u00a0de Manizales.\u00a0<b>Comenzar\u00e1<\/b>\u00a0este\u00a0<b>mi\u00e9rcoles 7 de noviembre<\/b>\u00a0del 2012<b>, a las 7:00 a.m.<\/b>en la Instituci\u00f3n Educativa Policarpa Salavarrieta,\u00a0<b>en Quimbaya.<\/b><\/td>\n<\/tr>\n<\/tbody>\n<\/table>\n<p>&nbsp;<\/p>\n<p>&nbsp;<\/p>\n<p>La\u00a0<b>Feria de Universidades ha llegado este a\u00f1o a m\u00e1s<\/b>\u00a0de\u00a0<b>25 municipios en Caldas, Quind\u00edo, Risaralda y norte del Valle.<\/b><\/p>\n<p><b>\u00a0<\/b><\/p>\n<p>Durante las visitas a los municipios, la\u00a0<b>U. de Caldas<\/b>,\u00a0<b>a trav\u00e9s<\/b>\u00a0de la\u00a0<b>Unidad de Servicios Universitarios y Mercadeo, espera establecer contacto<\/b>\u00a0con\u00a0<b>cerca de mil j\u00f3venes de grado once<\/b>\u00a0de las instituciones educativas de la regi\u00f3n, a quienes\u00a0<b>entregar\u00e1 informaci\u00f3n clave para el ingreso a la educaci\u00f3n superior y la elecci\u00f3n acertada de programa profesional<\/b>.<\/p>\n<p>&nbsp;<\/p>\n<p>El jueves 8 de noviembre, en el segundo d\u00eda de Feria de Universidades, se convoca a las instituciones educativas de Calarc\u00e1, las cuales se congregar\u00e1n en el Instituto Tecnol\u00f3gico del municipio. La gira finalizar\u00e1 el d\u00eda viernes 9 de noviembre en la Instituci\u00f3n Educativa Montenegro de Montenegro.<\/p>\n<p>&nbsp;<\/p>\n<p><b>Informes:\u00a0<\/b>Unidad de Servicios Universitarios y Mercadeo, tel\u00e9fono 878 15 00, extensi\u00f3n 12 167.<\/p>\n<p>&nbsp;<\/p>\n<p>&nbsp;<\/p>\n<p>&nbsp;<\/p>\n<p align=\"center\"><b><span style=\"text-decoration: underline\">JORNADA REUNI\u00d3 ESTUDIANTES DE LOS CERES UBICADOS EN ESA REGI\u00d3N DEL PA\u00cdS<\/span><br \/>\nIntegraci\u00f3n en La Dorada reuni\u00f3 estudiantes<br \/>\nde Ceres del Magdalena Centro<\/b><\/p>\n<p align=\"right\">06\/11\/2012<br \/>\nRedacci\u00f3n: Mar\u00eda Fernanda Restrepo Torres<\/p>\n<p>El pasado 27 de octubre del 2012 se realiz\u00f3 en\u00a0<b>La Dorada (Caldas)<\/b>\u00a0la\u00a0<b>jornada anual<\/b>\u00a0de\u00a0<b>integraci\u00f3n<\/b>\u00a0entre\u00a0<b>miembros<\/b>\u00a0de los\u00a0<b>Centros Regionales<\/b>de\u00a0<b>Educaci\u00f3n Superior<\/b>\u00a0(Ceres) del\u00a0<b>Magdalena Centro<\/b>, ubicados en\u00a0<b>Puerto Salgar<\/b>,\u00a0<b>Norcasia<\/b>,\u00a0<b>Puerto Boyac\u00e1<\/b>\u00a0y<b>\u00a0La Dorada.<\/b><\/p>\n<p>Leonardo Arias Villamil,\u00a0<b>Coordinador del Ceres Magdalena Centro<\/b>, coment\u00f3 sobre la jornada: \u201cla integraci\u00f3n permiti\u00f3 que los estudiantes que vienen de otros municipios aprendan a trabajar en equipo. Igualmente se promocion\u00f3 la U. de Caldas y la gente pudo admirar las comparsas\u201d.<\/p>\n<p>En el\u00a0<b>evento<\/b>, que fue\u00a0<b>promovido<\/b>\u00a0por las\u00a0<b>Oficina<\/b>\u00a0de\u00a0<b>Bienestar Universitario,\u00a0<\/b>a trav\u00e9s del\u00a0<b>\u00c1rea de Extensi\u00f3n Cultural<\/b>\u00a0de la U. de Caldas,\u00a0<b>se reunieron alrededor de 250 personas<\/b>,\u00a0\u00a0entre\u00a0<b>estudiantes<\/b>\u00a0de\u00a0<b>diferentes cohortes<\/b>\u00a0de los\u00a0<b>Ceres<\/b>\u00a0y\u00a0<b>comunidad en general<\/b>.<\/p>\n<p><a href=\"http:\/\/www.facebook.com\/media\/set\/?set=a.431384420256762.103336.107054166023124&amp;type=1\" target=\"_blank\">Vea im\u00e1genes de la jornada de integraci\u00f3n del Ceres Magdalena Centro<\/a><\/p>\n<p><b>Informes:<\/b>\u00a0Oficina de Prensa y Comunicaci\u00f3n, tel\u00e9fono 878 15 00 extensi\u00f3n 12 167.<\/p>\n","protected":false},"excerpt":{"rendered":"<p>En feria de universidades, desde este mi\u00e9rcoles 7 y hasta el viernes 9 de noviembre &nbsp; &nbsp; 06\/11\/2012 Redacci\u00f3n:\u00a0Ana Mar\u00eda Granada Vallejo Unidad de Servicios y Mercadeo U. de Caldas &nbsp; La\u00a0Universidad de Caldas realizar\u00e1\u00a0una\u00a0gira\u00a0por\u00a0Quimbaya, Calarc\u00e1 y Montenegro (Quind\u00edo) con el fin de\u00a0promocionar\u00a0la\u00a0oferta acad\u00e9mica\u00a0de la\u00a0Instituci\u00f3n, en las jornadas de\u00a0Feria de Universidades\u00a0de Manizales.\u00a0Comenzar\u00e1\u00a0este\u00a0mi\u00e9rcoles 7 de noviembre\u00a0del [&hellip;]<\/p>\n","protected":false},"author":2,"featured_media":0,"comment_status":"closed","ping_status":"closed","sticky":false,"template":"","format":"standard","meta":{"footnotes":""},"categories":[48,53],"tags":[],"class_list":["post-13981","post","type-post","status-publish","format-standard","hentry","category-actualidad","category-universidad-al-dia"],"yoast_head":"<!-- This site is optimized with the Yoast SEO plugin v27.5 - https:\/\/yoast.com\/product\/yoast-seo-wordpress\/ -->\n<title>U. de Caldas ir\u00e1 de gira por Quimbaya, Calarc\u00e1 y Montenegro (Quind\u00edo) .<\/title>\n<meta name=\"robots\" content=\"index, follow, max-snippet:-1, max-image-preview:large, max-video-preview:-1\" \/>\n<link rel=\"canonical\" href=\"https:\/\/www.ucaldas.edu.co\/portal\/u-de-caldas-ira-de-gira-por-quimbaya-calarca-y-montenegro-quindio\/\" \/>\n<script type=\"application\/ld+json\" class=\"yoast-schema-graph\">{\"@context\":\"https:\\\/\\\/schema.org\",\"@graph\":[{\"@type\":\"Article\",\"@id\":\"https:\\\/\\\/www.ucaldas.edu.co\\\/portal\\\/u-de-caldas-ira-de-gira-por-quimbaya-calarca-y-montenegro-quindio\\\/#article\",\"isPartOf\":{\"@id\":\"https:\\\/\\\/www.ucaldas.edu.co\\\/portal\\\/u-de-caldas-ira-de-gira-por-quimbaya-calarca-y-montenegro-quindio\\\/\"},\"author\":{\"name\":\"ofiprensa\",\"@id\":\"https:\\\/\\\/www.ucaldas.edu.co\\\/portal\\\/#\\\/schema\\\/person\\\/a1b482e23449158b4bc319926c074fdf\"},\"headline\":\"U. de Caldas ir\u00e1 de gira por Quimbaya, Calarc\u00e1 y Montenegro (Quind\u00edo)\",\"datePublished\":\"2012-11-06T14:27:18+00:00\",\"mainEntityOfPage\":{\"@id\":\"https:\\\/\\\/www.ucaldas.edu.co\\\/portal\\\/u-de-caldas-ira-de-gira-por-quimbaya-calarca-y-montenegro-quindio\\\/\"},\"wordCount\":438,\"publisher\":{\"@id\":\"https:\\\/\\\/www.ucaldas.edu.co\\\/portal\\\/#organization\"},\"image\":{\"@id\":\"https:\\\/\\\/www.ucaldas.edu.co\\\/portal\\\/u-de-caldas-ira-de-gira-por-quimbaya-calarca-y-montenegro-quindio\\\/#primaryimage\"},\"thumbnailUrl\":\"http:\\\/\\\/www.ucaldas.edu.co\\\/images\\\/tmp\\\/ceres_magdalena.jpg\",\"articleSection\":[\"Actualidad\",\"Universidad al D\u00eda\"],\"inLanguage\":\"es\"},{\"@type\":\"WebPage\",\"@id\":\"https:\\\/\\\/www.ucaldas.edu.co\\\/portal\\\/u-de-caldas-ira-de-gira-por-quimbaya-calarca-y-montenegro-quindio\\\/\",\"url\":\"https:\\\/\\\/www.ucaldas.edu.co\\\/portal\\\/u-de-caldas-ira-de-gira-por-quimbaya-calarca-y-montenegro-quindio\\\/\",\"name\":\"U. de Caldas ir\u00e1 de gira por Quimbaya, Calarc\u00e1 y Montenegro (Quind\u00edo) .\",\"isPartOf\":{\"@id\":\"https:\\\/\\\/www.ucaldas.edu.co\\\/portal\\\/#website\"},\"primaryImageOfPage\":{\"@id\":\"https:\\\/\\\/www.ucaldas.edu.co\\\/portal\\\/u-de-caldas-ira-de-gira-por-quimbaya-calarca-y-montenegro-quindio\\\/#primaryimage\"},\"image\":{\"@id\":\"https:\\\/\\\/www.ucaldas.edu.co\\\/portal\\\/u-de-caldas-ira-de-gira-por-quimbaya-calarca-y-montenegro-quindio\\\/#primaryimage\"},\"thumbnailUrl\":\"http:\\\/\\\/www.ucaldas.edu.co\\\/images\\\/tmp\\\/ceres_magdalena.jpg\",\"datePublished\":\"2012-11-06T14:27:18+00:00\",\"breadcrumb\":{\"@id\":\"https:\\\/\\\/www.ucaldas.edu.co\\\/portal\\\/u-de-caldas-ira-de-gira-por-quimbaya-calarca-y-montenegro-quindio\\\/#breadcrumb\"},\"inLanguage\":\"es\",\"potentialAction\":[{\"@type\":\"ReadAction\",\"target\":[\"https:\\\/\\\/www.ucaldas.edu.co\\\/portal\\\/u-de-caldas-ira-de-gira-por-quimbaya-calarca-y-montenegro-quindio\\\/\"]}]},{\"@type\":\"ImageObject\",\"inLanguage\":\"es\",\"@id\":\"https:\\\/\\\/www.ucaldas.edu.co\\\/portal\\\/u-de-caldas-ira-de-gira-por-quimbaya-calarca-y-montenegro-quindio\\\/#primaryimage\",\"url\":\"http:\\\/\\\/www.ucaldas.edu.co\\\/images\\\/tmp\\\/ceres_magdalena.jpg\",\"contentUrl\":\"http:\\\/\\\/www.ucaldas.edu.co\\\/images\\\/tmp\\\/ceres_magdalena.jpg\"},{\"@type\":\"BreadcrumbList\",\"@id\":\"https:\\\/\\\/www.ucaldas.edu.co\\\/portal\\\/u-de-caldas-ira-de-gira-por-quimbaya-calarca-y-montenegro-quindio\\\/#breadcrumb\",\"itemListElement\":[{\"@type\":\"ListItem\",\"position\":1,\"name\":\"Portada\",\"item\":\"https:\\\/\\\/www.ucaldas.edu.co\\\/portal\\\/\"},{\"@type\":\"ListItem\",\"position\":2,\"name\":\"U. de Caldas ir\u00e1 de gira por Quimbaya, Calarc\u00e1 y Montenegro (Quind\u00edo)\"}]},{\"@type\":\"WebSite\",\"@id\":\"https:\\\/\\\/www.ucaldas.edu.co\\\/portal\\\/#website\",\"url\":\"https:\\\/\\\/www.ucaldas.edu.co\\\/portal\\\/\",\"name\":\"Universidad de Caldas\",\"description\":\"\",\"publisher\":{\"@id\":\"https:\\\/\\\/www.ucaldas.edu.co\\\/portal\\\/#organization\"},\"alternateName\":\"U. de Caldas\",\"potentialAction\":[{\"@type\":\"SearchAction\",\"target\":{\"@type\":\"EntryPoint\",\"urlTemplate\":\"https:\\\/\\\/www.ucaldas.edu.co\\\/portal\\\/?s={search_term_string}\"},\"query-input\":{\"@type\":\"PropertyValueSpecification\",\"valueRequired\":true,\"valueName\":\"search_term_string\"}}],\"inLanguage\":\"es\"},{\"@type\":\"Organization\",\"@id\":\"https:\\\/\\\/www.ucaldas.edu.co\\\/portal\\\/#organization\",\"name\":\"Universidad de Caldas\",\"alternateName\":\"U. de Caldas\",\"url\":\"https:\\\/\\\/www.ucaldas.edu.co\\\/portal\\\/\",\"logo\":{\"@type\":\"ImageObject\",\"inLanguage\":\"es\",\"@id\":\"https:\\\/\\\/www.ucaldas.edu.co\\\/portal\\\/#\\\/schema\\\/logo\\\/image\\\/\",\"url\":\"https:\\\/\\\/www.ucaldas.edu.co\\\/portal\\\/wp-content\\\/uploads\\\/2023\\\/11\\\/Logo_horizontal_oscuroU-2023.png\",\"contentUrl\":\"https:\\\/\\\/www.ucaldas.edu.co\\\/portal\\\/wp-content\\\/uploads\\\/2023\\\/11\\\/Logo_horizontal_oscuroU-2023.png\",\"width\":263,\"height\":101,\"caption\":\"Universidad de Caldas\"},\"image\":{\"@id\":\"https:\\\/\\\/www.ucaldas.edu.co\\\/portal\\\/#\\\/schema\\\/logo\\\/image\\\/\"},\"sameAs\":[\"https:\\\/\\\/www.facebook.com\\\/udecaldas\",\"https:\\\/\\\/x.com\\\/udecaldas\",\"https:\\\/\\\/www.youtube.com\\\/universidadcaldas\",\"https:\\\/\\\/www.instagram.com\\\/udecaldas\\\/\"]},{\"@type\":\"Person\",\"@id\":\"https:\\\/\\\/www.ucaldas.edu.co\\\/portal\\\/#\\\/schema\\\/person\\\/a1b482e23449158b4bc319926c074fdf\",\"name\":\"ofiprensa\",\"image\":{\"@type\":\"ImageObject\",\"inLanguage\":\"es\",\"@id\":\"https:\\\/\\\/www.ucaldas.edu.co\\\/portal\\\/wp-content\\\/litespeed\\\/avatar\\\/09ea5085e600095a7a811142c6944527.jpg?ver=1777497608\",\"url\":\"https:\\\/\\\/www.ucaldas.edu.co\\\/portal\\\/wp-content\\\/litespeed\\\/avatar\\\/09ea5085e600095a7a811142c6944527.jpg?ver=1777497608\",\"contentUrl\":\"https:\\\/\\\/www.ucaldas.edu.co\\\/portal\\\/wp-content\\\/litespeed\\\/avatar\\\/09ea5085e600095a7a811142c6944527.jpg?ver=1777497608\",\"caption\":\"ofiprensa\"},\"url\":\"https:\\\/\\\/www.ucaldas.edu.co\\\/portal\\\/author\\\/ofiprensa\\\/\"}]}<\/script>\n<!-- \/ Yoast SEO plugin. -->","yoast_head_json":{"title":"U. de Caldas ir\u00e1 de gira por Quimbaya, Calarc\u00e1 y Montenegro (Quind\u00edo) .","robots":{"index":"index","follow":"follow","max-snippet":"max-snippet:-1","max-image-preview":"max-image-preview:large","max-video-preview":"max-video-preview:-1"},"canonical":"https:\/\/www.ucaldas.edu.co\/portal\/u-de-caldas-ira-de-gira-por-quimbaya-calarca-y-montenegro-quindio\/","schema":{"@context":"https:\/\/schema.org","@graph":[{"@type":"Article","@id":"https:\/\/www.ucaldas.edu.co\/portal\/u-de-caldas-ira-de-gira-por-quimbaya-calarca-y-montenegro-quindio\/#article","isPartOf":{"@id":"https:\/\/www.ucaldas.edu.co\/portal\/u-de-caldas-ira-de-gira-por-quimbaya-calarca-y-montenegro-quindio\/"},"author":{"name":"ofiprensa","@id":"https:\/\/www.ucaldas.edu.co\/portal\/#\/schema\/person\/a1b482e23449158b4bc319926c074fdf"},"headline":"U. de Caldas ir\u00e1 de gira por Quimbaya, Calarc\u00e1 y Montenegro (Quind\u00edo)","datePublished":"2012-11-06T14:27:18+00:00","mainEntityOfPage":{"@id":"https:\/\/www.ucaldas.edu.co\/portal\/u-de-caldas-ira-de-gira-por-quimbaya-calarca-y-montenegro-quindio\/"},"wordCount":438,"publisher":{"@id":"https:\/\/www.ucaldas.edu.co\/portal\/#organization"},"image":{"@id":"https:\/\/www.ucaldas.edu.co\/portal\/u-de-caldas-ira-de-gira-por-quimbaya-calarca-y-montenegro-quindio\/#primaryimage"},"thumbnailUrl":"http:\/\/www.ucaldas.edu.co\/images\/tmp\/ceres_magdalena.jpg","articleSection":["Actualidad","Universidad al D\u00eda"],"inLanguage":"es"},{"@type":"WebPage","@id":"https:\/\/www.ucaldas.edu.co\/portal\/u-de-caldas-ira-de-gira-por-quimbaya-calarca-y-montenegro-quindio\/","url":"https:\/\/www.ucaldas.edu.co\/portal\/u-de-caldas-ira-de-gira-por-quimbaya-calarca-y-montenegro-quindio\/","name":"U. de Caldas ir\u00e1 de gira por Quimbaya, Calarc\u00e1 y Montenegro (Quind\u00edo) .","isPartOf":{"@id":"https:\/\/www.ucaldas.edu.co\/portal\/#website"},"primaryImageOfPage":{"@id":"https:\/\/www.ucaldas.edu.co\/portal\/u-de-caldas-ira-de-gira-por-quimbaya-calarca-y-montenegro-quindio\/#primaryimage"},"image":{"@id":"https:\/\/www.ucaldas.edu.co\/portal\/u-de-caldas-ira-de-gira-por-quimbaya-calarca-y-montenegro-quindio\/#primaryimage"},"thumbnailUrl":"http:\/\/www.ucaldas.edu.co\/images\/tmp\/ceres_magdalena.jpg","datePublished":"2012-11-06T14:27:18+00:00","breadcrumb":{"@id":"https:\/\/www.ucaldas.edu.co\/portal\/u-de-caldas-ira-de-gira-por-quimbaya-calarca-y-montenegro-quindio\/#breadcrumb"},"inLanguage":"es","potentialAction":[{"@type":"ReadAction","target":["https:\/\/www.ucaldas.edu.co\/portal\/u-de-caldas-ira-de-gira-por-quimbaya-calarca-y-montenegro-quindio\/"]}]},{"@type":"ImageObject","inLanguage":"es","@id":"https:\/\/www.ucaldas.edu.co\/portal\/u-de-caldas-ira-de-gira-por-quimbaya-calarca-y-montenegro-quindio\/#primaryimage","url":"http:\/\/www.ucaldas.edu.co\/images\/tmp\/ceres_magdalena.jpg","contentUrl":"http:\/\/www.ucaldas.edu.co\/images\/tmp\/ceres_magdalena.jpg"},{"@type":"BreadcrumbList","@id":"https:\/\/www.ucaldas.edu.co\/portal\/u-de-caldas-ira-de-gira-por-quimbaya-calarca-y-montenegro-quindio\/#breadcrumb","itemListElement":[{"@type":"ListItem","position":1,"name":"Portada","item":"https:\/\/www.ucaldas.edu.co\/portal\/"},{"@type":"ListItem","position":2,"name":"U. de Caldas ir\u00e1 de gira por Quimbaya, Calarc\u00e1 y Montenegro (Quind\u00edo)"}]},{"@type":"WebSite","@id":"https:\/\/www.ucaldas.edu.co\/portal\/#website","url":"https:\/\/www.ucaldas.edu.co\/portal\/","name":"Universidad de Caldas","description":"","publisher":{"@id":"https:\/\/www.ucaldas.edu.co\/portal\/#organization"},"alternateName":"U. de Caldas","potentialAction":[{"@type":"SearchAction","target":{"@type":"EntryPoint","urlTemplate":"https:\/\/www.ucaldas.edu.co\/portal\/?s={search_term_string}"},"query-input":{"@type":"PropertyValueSpecification","valueRequired":true,"valueName":"search_term_string"}}],"inLanguage":"es"},{"@type":"Organization","@id":"https:\/\/www.ucaldas.edu.co\/portal\/#organization","name":"Universidad de Caldas","alternateName":"U. de Caldas","url":"https:\/\/www.ucaldas.edu.co\/portal\/","logo":{"@type":"ImageObject","inLanguage":"es","@id":"https:\/\/www.ucaldas.edu.co\/portal\/#\/schema\/logo\/image\/","url":"https:\/\/www.ucaldas.edu.co\/portal\/wp-content\/uploads\/2023\/11\/Logo_horizontal_oscuroU-2023.png","contentUrl":"https:\/\/www.ucaldas.edu.co\/portal\/wp-content\/uploads\/2023\/11\/Logo_horizontal_oscuroU-2023.png","width":263,"height":101,"caption":"Universidad de Caldas"},"image":{"@id":"https:\/\/www.ucaldas.edu.co\/portal\/#\/schema\/logo\/image\/"},"sameAs":["https:\/\/www.facebook.com\/udecaldas","https:\/\/x.com\/udecaldas","https:\/\/www.youtube.com\/universidadcaldas","https:\/\/www.instagram.com\/udecaldas\/"]},{"@type":"Person","@id":"https:\/\/www.ucaldas.edu.co\/portal\/#\/schema\/person\/a1b482e23449158b4bc319926c074fdf","name":"ofiprensa","image":{"@type":"ImageObject","inLanguage":"es","@id":"https:\/\/www.ucaldas.edu.co\/portal\/wp-content\/litespeed\/avatar\/09ea5085e600095a7a811142c6944527.jpg?ver=1777497608","url":"https:\/\/www.ucaldas.edu.co\/portal\/wp-content\/litespeed\/avatar\/09ea5085e600095a7a811142c6944527.jpg?ver=1777497608","contentUrl":"https:\/\/www.ucaldas.edu.co\/portal\/wp-content\/litespeed\/avatar\/09ea5085e600095a7a811142c6944527.jpg?ver=1777497608","caption":"ofiprensa"},"url":"https:\/\/www.ucaldas.edu.co\/portal\/author\/ofiprensa\/"}]}},"_links":{"self":[{"href":"https:\/\/www.ucaldas.edu.co\/portal\/wp-json\/wp\/v2\/posts\/13981","targetHints":{"allow":["GET"]}}],"collection":[{"href":"https:\/\/www.ucaldas.edu.co\/portal\/wp-json\/wp\/v2\/posts"}],"about":[{"href":"https:\/\/www.ucaldas.edu.co\/portal\/wp-json\/wp\/v2\/types\/post"}],"author":[{"embeddable":true,"href":"https:\/\/www.ucaldas.edu.co\/portal\/wp-json\/wp\/v2\/users\/2"}],"replies":[{"embeddable":true,"href":"https:\/\/www.ucaldas.edu.co\/portal\/wp-json\/wp\/v2\/comments?post=13981"}],"version-history":[{"count":0,"href":"https:\/\/www.ucaldas.edu.co\/portal\/wp-json\/wp\/v2\/posts\/13981\/revisions"}],"wp:attachment":[{"href":"https:\/\/www.ucaldas.edu.co\/portal\/wp-json\/wp\/v2\/media?parent=13981"}],"wp:term":[{"taxonomy":"category","embeddable":true,"href":"https:\/\/www.ucaldas.edu.co\/portal\/wp-json\/wp\/v2\/categories?post=13981"},{"taxonomy":"post_tag","embeddable":true,"href":"https:\/\/www.ucaldas.edu.co\/portal\/wp-json\/wp\/v2\/tags?post=13981"}],"curies":[{"name":"wp","href":"https:\/\/api.w.org\/{rel}","templated":true}]}}