{"id":13979,"date":"2012-11-06T09:26:40","date_gmt":"2012-11-06T14:26:40","guid":{"rendered":"https:\/\/www.ucaldas.edu.co\/portal\/?p=13979"},"modified":"2012-11-06T09:26:40","modified_gmt":"2012-11-06T14:26:40","slug":"dejese-atrapar-por-la-musica-clasica-y-flamenca-en-concierto-de-orquesta-sinfonica-de-caldas","status":"publish","type":"post","link":"https:\/\/www.ucaldas.edu.co\/portal\/dejese-atrapar-por-la-musica-clasica-y-flamenca-en-concierto-de-orquesta-sinfonica-de-caldas\/","title":{"rendered":"D\u00e9jese atrapar por la m\u00fasica cl\u00e1sica y flamenca, en concierto de Orquesta Sinf\u00f3nica de Caldas"},"content":{"rendered":"<p>Con dos artistas espa\u00f1oles, este jueves 8 de nviembre de 2012<\/p>\n<hr \/>\n<p>&nbsp;<\/p>\n<p align=\"center\">\n<p align=\"right\">06\/11\/2012<br \/>\nRedacci\u00f3n: Margarita Laverde Galvis<\/p>\n<p><b>\u00a0<\/b><\/p>\n<table border=\"0\">\n<tbody>\n<tr>\n<td>\n<h4><\/h4>\n<h4><img loading=\"lazy\" decoding=\"async\" style=\"border: 0px\" title=\"D\u00e9jese atrapar por la m\u00fasica cl\u00e1sica y flamenca, en concierto de Orquesta Sinf\u00f3nica de Caldas\" alt=\"Orquesta Sinfonica de Caldas\" src=\"http:\/\/www.ucaldas.edu.co\/images\/tmp\/prensa_concierto.jpg\" width=\"240\" height=\"160\" border=\"0\" \/><\/h4>\n<h4>Foto: Guillermo Sarmiento\/Prensa U. de Caldas<\/h4>\n<\/td>\n<td><b><i>El Amor Brujo<\/i><\/b><i>\u00a0<\/i><b>se presentar\u00e1<\/b>\u00a0en el\u00a0<b>V Concierto Formal<\/b>\u00a0de la\u00a0<b>Orquesta Sinf\u00f3nica de Caldas\u00a0<\/b>(OSC), este\u00a0<b>jueves 8<\/b>\u00a0de\u00a0<b>noviembre<\/b>\u00a0del 2012. Por eso, este martes 6 de noviembre los\u00a0<b>medios de comunicaci\u00f3n<\/b>\u00a0<b>de la ciudad se reunieron<\/b>\u00a0con los\u00a0<b>artistas<\/b>\u00a0de la\u00a0<b>OSC<\/b>, para\u00a0<b>extender la invitaci\u00f3n al concierto<\/b>, que hace parte de la temporada\u00a0<b><i>Pa\u00edses, M\u00fasicos y M\u00fasica<\/i>\u00a02012<\/b>.<\/td>\n<\/tr>\n<\/tbody>\n<\/table>\n<p>El Concierto Formal ser\u00e1 este\u00a0<b>jueves 8 de noviembre<\/b>\u00a0del 2012, a las\u00a0<b>7:00 p.m.<\/b>\u00a0en Centro Cultural y de Convenciones\u00a0<b>Teatro Los Fundadores<\/b>. Contar\u00e1 con interpretaciones de la\u00a0<b>cantaora espa\u00f1ola Antonia Contreras<\/b>\u00a0y del\u00a0<b>guitarrista flamenco Chaparro de M\u00e1laga<\/b>.<br \/>\n<a href=\"http:\/\/www.ivoox.com\/gorka-sierra-director-honorifico-orquesta-sinfonica-audios-mp3_rf_1552607_1.html\" target=\"_blank\">Gorka Sierra,\u00a0<b>Director Honor\u00edfico de la Orquesta Sinf\u00f3nica de Caldas (descargue aqu\u00ed el audio)<\/b><\/a><b>,\u00a0<\/b>expres\u00f3:<b>\u00a0\u201c<\/b>podr\u00e1n escuchar la versi\u00f3n de una obra de Manuel de Falla, de 1915, obra cumbre de la historia de la m\u00fasica. Est\u00e1 pensada para conjugar una cantaora de flamenco, que no tiene nada que ver con la m\u00fasica cl\u00e1sica. El autor consigui\u00f3 pasar las notas del canto flamenco a una partitura cl\u00e1sica\u201d.<\/p>\n<p>&nbsp;<\/p>\n<p><b>Los invitados<\/b><br \/>\n<a href=\"http:\/\/www.ivoox.com\/antonia-contreras-cantautora-espanola-invitada-a-v-concierto-audios-mp3_rf_1552602_1.html\" target=\"_blank\">Antonia Contreras,\u00a0<b>cantautora espa\u00f1ola invitada a\u00a0<\/b><b>V Concierto Formal<\/b>\u00a0\u00a0<b>de la OSC\u00a0<\/b><b>(descargue aqu\u00ed el audio)<\/b><\/a><b><br \/>\n<\/b>Esta es mi primera vez en Manizales, pero no en Colombia. La invitaci\u00f3n para el concierto se dio por mediaci\u00f3n del maestro Sierra, con quien ya hab\u00eda trabajado hace alg\u00fan tiempo y \u00e9l confi\u00f3 a primera vista en m\u00ed, cosa que le agradezco porque he tenido la posibilidad de trabajar en varios pa\u00edses.<\/p>\n<p><b>\u00a0<\/b><\/p>\n<p><a href=\"http:\/\/www.ivoox.com\/chaparro-malaga-guitarrista-espanol-invitado-a-v-audios-mp3_rf_1552603_1.html\" target=\"_blank\">Chaparro de M\u00e1laga,\u00a0<b>guitarrista espa\u00f1ol invitado a\u00a0<\/b><b>V Concierto Formal<\/b>\u00a0\u00a0<b>de la de la OSC<\/b><b>\u00a0(descargue aqu\u00ed el audio)<\/b><\/a><b><br \/>\n<\/b>Este jueves har\u00e9 una pieza de concierto cl\u00e1sico flamenco, que la verdad ser\u00e1 una sorpresa, porque creo que nunca se ha hecho aqu\u00ed. Voy a tener el gusto y el placer de hacerlo para esta bendita ciudad. Expresar\u00e9 todos los sentimientos de mi tierra, porque es un toque que se interpreta en mi pa\u00eds.<\/p>\n<p>&nbsp;<\/p>\n<p>Por otra parte,\u00a0<a href=\"http:\/\/www.ivoox.com\/lina-maria-trujillo-galvez-directora-comercial-operativa-audios-mp3_rf_1552625_1.html\" target=\"_blank\">Lina Mar\u00eda Trujillo G\u00e1lvez,\u00a0<b>Directora Comercial y Operativa de la\u00a0<\/b><b>de la OSC\u00a0(descargue aqu\u00ed el audio)<\/b><\/a><b>,\u00a0<\/b>inform\u00f3: \u201ccomenzamos la temporada de conciertos formales en agosto de este a\u00f1o y ha sido un balance muy positivo, porque hemos tenido un nivel art\u00edstico muy\u00a0bueno. Este quinto concierto es muy especial, no s\u00f3lo por la obra, sino porque lo dirigir\u00e1 nuevamente el maestro Sierra, en compa\u00f1\u00eda de grandes artistas\u201d.<\/p>\n<p>&nbsp;<\/p>\n<p>Este\u00a0<b>concierto se realizar\u00e1 gracias al apoyo<\/b>\u00a0de la\u00a0<b>Embajada de Espa\u00f1a en Colombia<\/b>,\u00a0<b>Alcald\u00eda de Manizales, Universidad de Caldas y Batuta Caldas<\/b>. La\u00a0<b>boleter\u00eda<\/b>\u00a0<b>se puede conseguir en Batuta<\/b>\u00a0y en la\u00a0<b>taquilla del Teatro Los Fundadores<\/b>. La inversi\u00f3n es la siguiente:<\/p>\n<p>&nbsp;<\/p>\n<p><b>Luneta estudiantes:\u00a0<\/b>$8 mil.<br \/>\n<b>Luneta general:\u00a0<\/b>$20 mil.<br \/>\n<b>Platea:\u00a0<\/b>$35 mil.<br \/>\n<b>Palco:\u00a0<\/b>$60 mil.<\/p>\n<p>&nbsp;<\/p>\n<p><b>Concierto<\/b>\u00a0<b><i>De fusi\u00f3n<\/i><\/b><br \/>\n<b>Paralelo al concierto<\/b>, ma\u00f1ana\u00a0<b>mi\u00e9rcoles 7<\/b>\u00a0de\u00a0<b>noviembre<\/b>\u00a0del 2012\u00a0<b>a las 7:00 p.m.<\/b>\u00a0en el\u00a0<b>Auditorio<\/b>\u00a0del\u00a0<b>Hotel Termales El Oto\u00f1o<\/b>\u00a0se llevar\u00e1 a cabo el\u00a0<b>encuentro denominado\u00a0<i>De fusi\u00f3n<\/i><\/b><i>,\u00a0<\/i>donde\u00a0<b>participar\u00e1n<\/b>\u00a0los\u00a0<b>espa\u00f1oles invitados<\/b>\u00a0al\u00a0<b>quito concierto de la OSC<\/b>, con la\u00a0<b>agrupaci\u00f3n<i>Ensamble Cruzao<\/i><\/b><i>,\u00a0<\/i><b>ganadora<\/b>\u00a0del\u00a0<b>Gran Premio Mono N\u00fa\u00f1ez<\/b>\u00a0en la\u00a0<b>categor\u00eda Instrumental<\/b>, en el 2012. La\u00a0<b>entrada es libre<\/b>.<\/p>\n<p>&nbsp;<\/p>\n<p><a href=\"http:\/\/www.facebook.com\/media\/set\/?set=a.431265603601977.103308.107054166023124&amp;type=3\" target=\"_blank\">Conozca im\u00e1genes de la rueda de prensa del V Concierto Formal de la Temporada de Conciertos de la Orquesta Sinf\u00f3nica de Caldas<\/a><br \/>\n<b>Informes:<\/b>\u00a0Oficina de Prensa, tel\u00e9fono 878 15 00, extensi\u00f3n 12 167.<\/p>\n","protected":false},"excerpt":{"rendered":"<p>Con dos artistas espa\u00f1oles, este jueves 8 de nviembre de 2012 &nbsp; 06\/11\/2012 Redacci\u00f3n: Margarita Laverde Galvis \u00a0 Foto: Guillermo Sarmiento\/Prensa U. de Caldas El Amor Brujo\u00a0se presentar\u00e1\u00a0en el\u00a0V Concierto Formal\u00a0de la\u00a0Orquesta Sinf\u00f3nica de Caldas\u00a0(OSC), este\u00a0jueves 8\u00a0de\u00a0noviembre\u00a0del 2012. Por eso, este martes 6 de noviembre los\u00a0medios de comunicaci\u00f3n\u00a0de la ciudad se reunieron\u00a0con los\u00a0artistas\u00a0de la\u00a0OSC, para\u00a0extender [&hellip;]<\/p>\n","protected":false},"author":2,"featured_media":0,"comment_status":"closed","ping_status":"closed","sticky":false,"template":"","format":"standard","meta":{"footnotes":""},"categories":[48,53],"tags":[],"class_list":["post-13979","post","type-post","status-publish","format-standard","hentry","category-actualidad","category-universidad-al-dia"],"yoast_head":"<!-- This site is optimized with the Yoast SEO plugin v27.5 - https:\/\/yoast.com\/product\/yoast-seo-wordpress\/ -->\n<title>D\u00e9jese atrapar por la m\u00fasica cl\u00e1sica y flamenca, en concierto de Orquesta Sinf\u00f3nica de Caldas .<\/title>\n<meta name=\"robots\" content=\"index, follow, max-snippet:-1, max-image-preview:large, max-video-preview:-1\" \/>\n<link rel=\"canonical\" href=\"https:\/\/www.ucaldas.edu.co\/portal\/dejese-atrapar-por-la-musica-clasica-y-flamenca-en-concierto-de-orquesta-sinfonica-de-caldas\/\" \/>\n<script type=\"application\/ld+json\" class=\"yoast-schema-graph\">{\"@context\":\"https:\\\/\\\/schema.org\",\"@graph\":[{\"@type\":\"Article\",\"@id\":\"https:\\\/\\\/www.ucaldas.edu.co\\\/portal\\\/dejese-atrapar-por-la-musica-clasica-y-flamenca-en-concierto-de-orquesta-sinfonica-de-caldas\\\/#article\",\"isPartOf\":{\"@id\":\"https:\\\/\\\/www.ucaldas.edu.co\\\/portal\\\/dejese-atrapar-por-la-musica-clasica-y-flamenca-en-concierto-de-orquesta-sinfonica-de-caldas\\\/\"},\"author\":{\"name\":\"ofiprensa\",\"@id\":\"https:\\\/\\\/www.ucaldas.edu.co\\\/portal\\\/#\\\/schema\\\/person\\\/a1b482e23449158b4bc319926c074fdf\"},\"headline\":\"D\u00e9jese atrapar por la m\u00fasica cl\u00e1sica y flamenca, en concierto de Orquesta Sinf\u00f3nica de Caldas\",\"datePublished\":\"2012-11-06T14:26:40+00:00\",\"mainEntityOfPage\":{\"@id\":\"https:\\\/\\\/www.ucaldas.edu.co\\\/portal\\\/dejese-atrapar-por-la-musica-clasica-y-flamenca-en-concierto-de-orquesta-sinfonica-de-caldas\\\/\"},\"wordCount\":620,\"publisher\":{\"@id\":\"https:\\\/\\\/www.ucaldas.edu.co\\\/portal\\\/#organization\"},\"image\":{\"@id\":\"https:\\\/\\\/www.ucaldas.edu.co\\\/portal\\\/dejese-atrapar-por-la-musica-clasica-y-flamenca-en-concierto-de-orquesta-sinfonica-de-caldas\\\/#primaryimage\"},\"thumbnailUrl\":\"http:\\\/\\\/www.ucaldas.edu.co\\\/images\\\/tmp\\\/prensa_concierto.jpg\",\"articleSection\":[\"Actualidad\",\"Universidad al D\u00eda\"],\"inLanguage\":\"es\"},{\"@type\":\"WebPage\",\"@id\":\"https:\\\/\\\/www.ucaldas.edu.co\\\/portal\\\/dejese-atrapar-por-la-musica-clasica-y-flamenca-en-concierto-de-orquesta-sinfonica-de-caldas\\\/\",\"url\":\"https:\\\/\\\/www.ucaldas.edu.co\\\/portal\\\/dejese-atrapar-por-la-musica-clasica-y-flamenca-en-concierto-de-orquesta-sinfonica-de-caldas\\\/\",\"name\":\"D\u00e9jese atrapar por la m\u00fasica cl\u00e1sica y flamenca, en concierto de Orquesta Sinf\u00f3nica de Caldas .\",\"isPartOf\":{\"@id\":\"https:\\\/\\\/www.ucaldas.edu.co\\\/portal\\\/#website\"},\"primaryImageOfPage\":{\"@id\":\"https:\\\/\\\/www.ucaldas.edu.co\\\/portal\\\/dejese-atrapar-por-la-musica-clasica-y-flamenca-en-concierto-de-orquesta-sinfonica-de-caldas\\\/#primaryimage\"},\"image\":{\"@id\":\"https:\\\/\\\/www.ucaldas.edu.co\\\/portal\\\/dejese-atrapar-por-la-musica-clasica-y-flamenca-en-concierto-de-orquesta-sinfonica-de-caldas\\\/#primaryimage\"},\"thumbnailUrl\":\"http:\\\/\\\/www.ucaldas.edu.co\\\/images\\\/tmp\\\/prensa_concierto.jpg\",\"datePublished\":\"2012-11-06T14:26:40+00:00\",\"breadcrumb\":{\"@id\":\"https:\\\/\\\/www.ucaldas.edu.co\\\/portal\\\/dejese-atrapar-por-la-musica-clasica-y-flamenca-en-concierto-de-orquesta-sinfonica-de-caldas\\\/#breadcrumb\"},\"inLanguage\":\"es\",\"potentialAction\":[{\"@type\":\"ReadAction\",\"target\":[\"https:\\\/\\\/www.ucaldas.edu.co\\\/portal\\\/dejese-atrapar-por-la-musica-clasica-y-flamenca-en-concierto-de-orquesta-sinfonica-de-caldas\\\/\"]}]},{\"@type\":\"ImageObject\",\"inLanguage\":\"es\",\"@id\":\"https:\\\/\\\/www.ucaldas.edu.co\\\/portal\\\/dejese-atrapar-por-la-musica-clasica-y-flamenca-en-concierto-de-orquesta-sinfonica-de-caldas\\\/#primaryimage\",\"url\":\"http:\\\/\\\/www.ucaldas.edu.co\\\/images\\\/tmp\\\/prensa_concierto.jpg\",\"contentUrl\":\"http:\\\/\\\/www.ucaldas.edu.co\\\/images\\\/tmp\\\/prensa_concierto.jpg\"},{\"@type\":\"BreadcrumbList\",\"@id\":\"https:\\\/\\\/www.ucaldas.edu.co\\\/portal\\\/dejese-atrapar-por-la-musica-clasica-y-flamenca-en-concierto-de-orquesta-sinfonica-de-caldas\\\/#breadcrumb\",\"itemListElement\":[{\"@type\":\"ListItem\",\"position\":1,\"name\":\"Portada\",\"item\":\"https:\\\/\\\/www.ucaldas.edu.co\\\/portal\\\/\"},{\"@type\":\"ListItem\",\"position\":2,\"name\":\"D\u00e9jese atrapar por la m\u00fasica cl\u00e1sica y flamenca, en concierto de Orquesta Sinf\u00f3nica de Caldas\"}]},{\"@type\":\"WebSite\",\"@id\":\"https:\\\/\\\/www.ucaldas.edu.co\\\/portal\\\/#website\",\"url\":\"https:\\\/\\\/www.ucaldas.edu.co\\\/portal\\\/\",\"name\":\"Universidad de Caldas\",\"description\":\"\",\"publisher\":{\"@id\":\"https:\\\/\\\/www.ucaldas.edu.co\\\/portal\\\/#organization\"},\"alternateName\":\"U. de Caldas\",\"potentialAction\":[{\"@type\":\"SearchAction\",\"target\":{\"@type\":\"EntryPoint\",\"urlTemplate\":\"https:\\\/\\\/www.ucaldas.edu.co\\\/portal\\\/?s={search_term_string}\"},\"query-input\":{\"@type\":\"PropertyValueSpecification\",\"valueRequired\":true,\"valueName\":\"search_term_string\"}}],\"inLanguage\":\"es\"},{\"@type\":\"Organization\",\"@id\":\"https:\\\/\\\/www.ucaldas.edu.co\\\/portal\\\/#organization\",\"name\":\"Universidad de Caldas\",\"alternateName\":\"U. de Caldas\",\"url\":\"https:\\\/\\\/www.ucaldas.edu.co\\\/portal\\\/\",\"logo\":{\"@type\":\"ImageObject\",\"inLanguage\":\"es\",\"@id\":\"https:\\\/\\\/www.ucaldas.edu.co\\\/portal\\\/#\\\/schema\\\/logo\\\/image\\\/\",\"url\":\"https:\\\/\\\/www.ucaldas.edu.co\\\/portal\\\/wp-content\\\/uploads\\\/2023\\\/11\\\/Logo_horizontal_oscuroU-2023.png\",\"contentUrl\":\"https:\\\/\\\/www.ucaldas.edu.co\\\/portal\\\/wp-content\\\/uploads\\\/2023\\\/11\\\/Logo_horizontal_oscuroU-2023.png\",\"width\":263,\"height\":101,\"caption\":\"Universidad de Caldas\"},\"image\":{\"@id\":\"https:\\\/\\\/www.ucaldas.edu.co\\\/portal\\\/#\\\/schema\\\/logo\\\/image\\\/\"},\"sameAs\":[\"https:\\\/\\\/www.facebook.com\\\/udecaldas\",\"https:\\\/\\\/x.com\\\/udecaldas\",\"https:\\\/\\\/www.youtube.com\\\/universidadcaldas\",\"https:\\\/\\\/www.instagram.com\\\/udecaldas\\\/\"]},{\"@type\":\"Person\",\"@id\":\"https:\\\/\\\/www.ucaldas.edu.co\\\/portal\\\/#\\\/schema\\\/person\\\/a1b482e23449158b4bc319926c074fdf\",\"name\":\"ofiprensa\",\"image\":{\"@type\":\"ImageObject\",\"inLanguage\":\"es\",\"@id\":\"https:\\\/\\\/www.ucaldas.edu.co\\\/portal\\\/wp-content\\\/litespeed\\\/avatar\\\/09ea5085e600095a7a811142c6944527.jpg?ver=1777497608\",\"url\":\"https:\\\/\\\/www.ucaldas.edu.co\\\/portal\\\/wp-content\\\/litespeed\\\/avatar\\\/09ea5085e600095a7a811142c6944527.jpg?ver=1777497608\",\"contentUrl\":\"https:\\\/\\\/www.ucaldas.edu.co\\\/portal\\\/wp-content\\\/litespeed\\\/avatar\\\/09ea5085e600095a7a811142c6944527.jpg?ver=1777497608\",\"caption\":\"ofiprensa\"},\"url\":\"https:\\\/\\\/www.ucaldas.edu.co\\\/portal\\\/author\\\/ofiprensa\\\/\"}]}<\/script>\n<!-- \/ Yoast SEO plugin. -->","yoast_head_json":{"title":"D\u00e9jese atrapar por la m\u00fasica cl\u00e1sica y flamenca, en concierto de Orquesta Sinf\u00f3nica de Caldas .","robots":{"index":"index","follow":"follow","max-snippet":"max-snippet:-1","max-image-preview":"max-image-preview:large","max-video-preview":"max-video-preview:-1"},"canonical":"https:\/\/www.ucaldas.edu.co\/portal\/dejese-atrapar-por-la-musica-clasica-y-flamenca-en-concierto-de-orquesta-sinfonica-de-caldas\/","schema":{"@context":"https:\/\/schema.org","@graph":[{"@type":"Article","@id":"https:\/\/www.ucaldas.edu.co\/portal\/dejese-atrapar-por-la-musica-clasica-y-flamenca-en-concierto-de-orquesta-sinfonica-de-caldas\/#article","isPartOf":{"@id":"https:\/\/www.ucaldas.edu.co\/portal\/dejese-atrapar-por-la-musica-clasica-y-flamenca-en-concierto-de-orquesta-sinfonica-de-caldas\/"},"author":{"name":"ofiprensa","@id":"https:\/\/www.ucaldas.edu.co\/portal\/#\/schema\/person\/a1b482e23449158b4bc319926c074fdf"},"headline":"D\u00e9jese atrapar por la m\u00fasica cl\u00e1sica y flamenca, en concierto de Orquesta Sinf\u00f3nica de Caldas","datePublished":"2012-11-06T14:26:40+00:00","mainEntityOfPage":{"@id":"https:\/\/www.ucaldas.edu.co\/portal\/dejese-atrapar-por-la-musica-clasica-y-flamenca-en-concierto-de-orquesta-sinfonica-de-caldas\/"},"wordCount":620,"publisher":{"@id":"https:\/\/www.ucaldas.edu.co\/portal\/#organization"},"image":{"@id":"https:\/\/www.ucaldas.edu.co\/portal\/dejese-atrapar-por-la-musica-clasica-y-flamenca-en-concierto-de-orquesta-sinfonica-de-caldas\/#primaryimage"},"thumbnailUrl":"http:\/\/www.ucaldas.edu.co\/images\/tmp\/prensa_concierto.jpg","articleSection":["Actualidad","Universidad al D\u00eda"],"inLanguage":"es"},{"@type":"WebPage","@id":"https:\/\/www.ucaldas.edu.co\/portal\/dejese-atrapar-por-la-musica-clasica-y-flamenca-en-concierto-de-orquesta-sinfonica-de-caldas\/","url":"https:\/\/www.ucaldas.edu.co\/portal\/dejese-atrapar-por-la-musica-clasica-y-flamenca-en-concierto-de-orquesta-sinfonica-de-caldas\/","name":"D\u00e9jese atrapar por la m\u00fasica cl\u00e1sica y flamenca, en concierto de Orquesta Sinf\u00f3nica de Caldas .","isPartOf":{"@id":"https:\/\/www.ucaldas.edu.co\/portal\/#website"},"primaryImageOfPage":{"@id":"https:\/\/www.ucaldas.edu.co\/portal\/dejese-atrapar-por-la-musica-clasica-y-flamenca-en-concierto-de-orquesta-sinfonica-de-caldas\/#primaryimage"},"image":{"@id":"https:\/\/www.ucaldas.edu.co\/portal\/dejese-atrapar-por-la-musica-clasica-y-flamenca-en-concierto-de-orquesta-sinfonica-de-caldas\/#primaryimage"},"thumbnailUrl":"http:\/\/www.ucaldas.edu.co\/images\/tmp\/prensa_concierto.jpg","datePublished":"2012-11-06T14:26:40+00:00","breadcrumb":{"@id":"https:\/\/www.ucaldas.edu.co\/portal\/dejese-atrapar-por-la-musica-clasica-y-flamenca-en-concierto-de-orquesta-sinfonica-de-caldas\/#breadcrumb"},"inLanguage":"es","potentialAction":[{"@type":"ReadAction","target":["https:\/\/www.ucaldas.edu.co\/portal\/dejese-atrapar-por-la-musica-clasica-y-flamenca-en-concierto-de-orquesta-sinfonica-de-caldas\/"]}]},{"@type":"ImageObject","inLanguage":"es","@id":"https:\/\/www.ucaldas.edu.co\/portal\/dejese-atrapar-por-la-musica-clasica-y-flamenca-en-concierto-de-orquesta-sinfonica-de-caldas\/#primaryimage","url":"http:\/\/www.ucaldas.edu.co\/images\/tmp\/prensa_concierto.jpg","contentUrl":"http:\/\/www.ucaldas.edu.co\/images\/tmp\/prensa_concierto.jpg"},{"@type":"BreadcrumbList","@id":"https:\/\/www.ucaldas.edu.co\/portal\/dejese-atrapar-por-la-musica-clasica-y-flamenca-en-concierto-de-orquesta-sinfonica-de-caldas\/#breadcrumb","itemListElement":[{"@type":"ListItem","position":1,"name":"Portada","item":"https:\/\/www.ucaldas.edu.co\/portal\/"},{"@type":"ListItem","position":2,"name":"D\u00e9jese atrapar por la m\u00fasica cl\u00e1sica y flamenca, en concierto de Orquesta Sinf\u00f3nica de Caldas"}]},{"@type":"WebSite","@id":"https:\/\/www.ucaldas.edu.co\/portal\/#website","url":"https:\/\/www.ucaldas.edu.co\/portal\/","name":"Universidad de Caldas","description":"","publisher":{"@id":"https:\/\/www.ucaldas.edu.co\/portal\/#organization"},"alternateName":"U. de Caldas","potentialAction":[{"@type":"SearchAction","target":{"@type":"EntryPoint","urlTemplate":"https:\/\/www.ucaldas.edu.co\/portal\/?s={search_term_string}"},"query-input":{"@type":"PropertyValueSpecification","valueRequired":true,"valueName":"search_term_string"}}],"inLanguage":"es"},{"@type":"Organization","@id":"https:\/\/www.ucaldas.edu.co\/portal\/#organization","name":"Universidad de Caldas","alternateName":"U. de Caldas","url":"https:\/\/www.ucaldas.edu.co\/portal\/","logo":{"@type":"ImageObject","inLanguage":"es","@id":"https:\/\/www.ucaldas.edu.co\/portal\/#\/schema\/logo\/image\/","url":"https:\/\/www.ucaldas.edu.co\/portal\/wp-content\/uploads\/2023\/11\/Logo_horizontal_oscuroU-2023.png","contentUrl":"https:\/\/www.ucaldas.edu.co\/portal\/wp-content\/uploads\/2023\/11\/Logo_horizontal_oscuroU-2023.png","width":263,"height":101,"caption":"Universidad de Caldas"},"image":{"@id":"https:\/\/www.ucaldas.edu.co\/portal\/#\/schema\/logo\/image\/"},"sameAs":["https:\/\/www.facebook.com\/udecaldas","https:\/\/x.com\/udecaldas","https:\/\/www.youtube.com\/universidadcaldas","https:\/\/www.instagram.com\/udecaldas\/"]},{"@type":"Person","@id":"https:\/\/www.ucaldas.edu.co\/portal\/#\/schema\/person\/a1b482e23449158b4bc319926c074fdf","name":"ofiprensa","image":{"@type":"ImageObject","inLanguage":"es","@id":"https:\/\/www.ucaldas.edu.co\/portal\/wp-content\/litespeed\/avatar\/09ea5085e600095a7a811142c6944527.jpg?ver=1777497608","url":"https:\/\/www.ucaldas.edu.co\/portal\/wp-content\/litespeed\/avatar\/09ea5085e600095a7a811142c6944527.jpg?ver=1777497608","contentUrl":"https:\/\/www.ucaldas.edu.co\/portal\/wp-content\/litespeed\/avatar\/09ea5085e600095a7a811142c6944527.jpg?ver=1777497608","caption":"ofiprensa"},"url":"https:\/\/www.ucaldas.edu.co\/portal\/author\/ofiprensa\/"}]}},"_links":{"self":[{"href":"https:\/\/www.ucaldas.edu.co\/portal\/wp-json\/wp\/v2\/posts\/13979","targetHints":{"allow":["GET"]}}],"collection":[{"href":"https:\/\/www.ucaldas.edu.co\/portal\/wp-json\/wp\/v2\/posts"}],"about":[{"href":"https:\/\/www.ucaldas.edu.co\/portal\/wp-json\/wp\/v2\/types\/post"}],"author":[{"embeddable":true,"href":"https:\/\/www.ucaldas.edu.co\/portal\/wp-json\/wp\/v2\/users\/2"}],"replies":[{"embeddable":true,"href":"https:\/\/www.ucaldas.edu.co\/portal\/wp-json\/wp\/v2\/comments?post=13979"}],"version-history":[{"count":0,"href":"https:\/\/www.ucaldas.edu.co\/portal\/wp-json\/wp\/v2\/posts\/13979\/revisions"}],"wp:attachment":[{"href":"https:\/\/www.ucaldas.edu.co\/portal\/wp-json\/wp\/v2\/media?parent=13979"}],"wp:term":[{"taxonomy":"category","embeddable":true,"href":"https:\/\/www.ucaldas.edu.co\/portal\/wp-json\/wp\/v2\/categories?post=13979"},{"taxonomy":"post_tag","embeddable":true,"href":"https:\/\/www.ucaldas.edu.co\/portal\/wp-json\/wp\/v2\/tags?post=13979"}],"curies":[{"name":"wp","href":"https:\/\/api.w.org\/{rel}","templated":true}]}}