{"id":13977,"date":"2012-11-06T09:25:59","date_gmt":"2012-11-06T14:25:59","guid":{"rendered":"https:\/\/www.ucaldas.edu.co\/portal\/?p=13977"},"modified":"2012-11-06T09:25:59","modified_gmt":"2012-11-06T14:25:59","slug":"egresada-u-de-caldas-recibio-maxima-calificacion-en-su-tesis-doctoral","status":"publish","type":"post","link":"https:\/\/www.ucaldas.edu.co\/portal\/egresada-u-de-caldas-recibio-maxima-calificacion-en-su-tesis-doctoral\/","title":{"rendered":"Egresada U. de Caldas recibi\u00f3 m\u00e1xima calificaci\u00f3n en su tesis doctoral"},"content":{"rendered":"<p>Se trata del trabajo de Liliana Robledo, que recibi\u00f3 calificaci\u00f3n <i>Cum Laude<\/i><\/p>\n<hr \/>\n<p>&nbsp;<\/p>\n<p align=\"right\">06\/11\/2012<br \/>\nRedacci\u00f3n: Mar\u00eda Fernanda Restrepo Torres<\/p>\n<table border=\"0\">\n<tbody>\n<tr>\n<td><img loading=\"lazy\" decoding=\"async\" style=\"border: 0px\" title=\"Egresada U. de Caldas recibi\u00f3 m\u00e1xima calificaci\u00f3n en su tesis doctoral\" alt=\"Cum Laude\" src=\"http:\/\/www.ucaldas.edu.co\/images\/tmp\/calificacion_cumlaude.jpg\" width=\"240\" height=\"160\" border=\"0\" \/><\/td>\n<td><b>Liliana Robledo Palacio<\/b>,\u00a0<b>egresada<\/b>\u00a0de la\u00a0<b>Licenciatura<\/b>\u00a0en<b>\u00a0Biolog\u00eda y Qu\u00edmica<\/b>\u00a0de la\u00a0<b>Universidad de Caldas<\/b>\u00a0y\u00a0<b>Mag\u00edster<\/b>\u00a0en\u00a0<b>Educaci\u00f3n\u00a0<\/b>del\u00a0<b>Centro Internacional\u00a0<\/b>de\u00a0<b>Educaci\u00f3n y Desarrollo Humano\u00a0<\/b>(Cinde),\u00a0<b>recibi\u00f3<\/b>\u00a0la\u00a0<b>calificaci\u00f3n<\/b>\u00a0<b><i>Cum Laude<\/i><\/b><i>\u00a0<\/i>en su\u00a0<b>tesis doctoral<\/b>\u00a0<i>La\u00a0<b>educaci\u00f3n formal colombiana analizada desde los valores de una \u00c9tica C\u00edvica.<\/b><\/i><\/td>\n<\/tr>\n<\/tbody>\n<\/table>\n<p><i><\/i><\/p>\n<p>La sustentaci\u00f3n se dio el jueves 27 de septiembre de 2012, en la\u00a0<b>Universidad de Valencia (Espa\u00f1a)<\/b>\u00a0y la calificaci\u00f3n que otorgaron los jueces a dicho trabajo es la\u00a0<b>m\u00e1xima distinci\u00f3n que puede recibir una tesis doctoral.<\/b><\/p>\n<p>\u201cEl problema de la educaci\u00f3n es moral y mi tesis es una respuesta a esta problem\u00e1tica. Para la U. de Caldas, la relevancia de esta tesis consiste en entender la importancia de ser una instituci\u00f3n que aporta profesionales en educaci\u00f3n\u201d, coment\u00f3 la tesista.<\/p>\n<p>La idea fundamental del trabajo doctoral de Robledo Palacio es \u201cun cambio de paradigma del sistema educativo colombiano que permita hacer real una educaci\u00f3n para la autonom\u00eda, que entregue al medio social ciudadanos con conciencia cr\u00edtica y proactiva\u201d.<\/p>\n<p><b>Informes:<\/b>\u00a0Oficina de Prensa y Comunicaci\u00f3n, tel\u00e9fono 878 15 00 extensi\u00f3n 12 167.<\/p>\n","protected":false},"excerpt":{"rendered":"<p>Se trata del trabajo de Liliana Robledo, que recibi\u00f3 calificaci\u00f3n Cum Laude &nbsp; 06\/11\/2012 Redacci\u00f3n: Mar\u00eda Fernanda Restrepo Torres Liliana Robledo Palacio,\u00a0egresada\u00a0de la\u00a0Licenciatura\u00a0en\u00a0Biolog\u00eda y Qu\u00edmica\u00a0de la\u00a0Universidad de Caldas\u00a0y\u00a0Mag\u00edster\u00a0en\u00a0Educaci\u00f3n\u00a0del\u00a0Centro Internacional\u00a0de\u00a0Educaci\u00f3n y Desarrollo Humano\u00a0(Cinde),\u00a0recibi\u00f3\u00a0la\u00a0calificaci\u00f3n\u00a0Cum Laude\u00a0en su\u00a0tesis doctoral\u00a0La\u00a0educaci\u00f3n formal colombiana analizada desde los valores de una \u00c9tica C\u00edvica. La sustentaci\u00f3n se dio el jueves 27 de septiembre de [&hellip;]<\/p>\n","protected":false},"author":2,"featured_media":0,"comment_status":"closed","ping_status":"closed","sticky":false,"template":"","format":"standard","meta":{"footnotes":""},"categories":[48,53],"tags":[],"class_list":["post-13977","post","type-post","status-publish","format-standard","hentry","category-actualidad","category-universidad-al-dia"],"yoast_head":"<!-- This site is optimized with the Yoast SEO plugin v27.5 - https:\/\/yoast.com\/product\/yoast-seo-wordpress\/ -->\n<title>Egresada U. de Caldas recibi\u00f3 m\u00e1xima calificaci\u00f3n en su tesis doctoral .<\/title>\n<meta name=\"robots\" content=\"index, follow, max-snippet:-1, max-image-preview:large, max-video-preview:-1\" \/>\n<link rel=\"canonical\" href=\"https:\/\/www.ucaldas.edu.co\/portal\/egresada-u-de-caldas-recibio-maxima-calificacion-en-su-tesis-doctoral\/\" \/>\n<script type=\"application\/ld+json\" class=\"yoast-schema-graph\">{\"@context\":\"https:\\\/\\\/schema.org\",\"@graph\":[{\"@type\":\"Article\",\"@id\":\"https:\\\/\\\/www.ucaldas.edu.co\\\/portal\\\/egresada-u-de-caldas-recibio-maxima-calificacion-en-su-tesis-doctoral\\\/#article\",\"isPartOf\":{\"@id\":\"https:\\\/\\\/www.ucaldas.edu.co\\\/portal\\\/egresada-u-de-caldas-recibio-maxima-calificacion-en-su-tesis-doctoral\\\/\"},\"author\":{\"name\":\"ofiprensa\",\"@id\":\"https:\\\/\\\/www.ucaldas.edu.co\\\/portal\\\/#\\\/schema\\\/person\\\/a1b482e23449158b4bc319926c074fdf\"},\"headline\":\"Egresada U. de Caldas recibi\u00f3 m\u00e1xima calificaci\u00f3n en su tesis doctoral\",\"datePublished\":\"2012-11-06T14:25:59+00:00\",\"mainEntityOfPage\":{\"@id\":\"https:\\\/\\\/www.ucaldas.edu.co\\\/portal\\\/egresada-u-de-caldas-recibio-maxima-calificacion-en-su-tesis-doctoral\\\/\"},\"wordCount\":231,\"publisher\":{\"@id\":\"https:\\\/\\\/www.ucaldas.edu.co\\\/portal\\\/#organization\"},\"image\":{\"@id\":\"https:\\\/\\\/www.ucaldas.edu.co\\\/portal\\\/egresada-u-de-caldas-recibio-maxima-calificacion-en-su-tesis-doctoral\\\/#primaryimage\"},\"thumbnailUrl\":\"http:\\\/\\\/www.ucaldas.edu.co\\\/images\\\/tmp\\\/calificacion_cumlaude.jpg\",\"articleSection\":[\"Actualidad\",\"Universidad al D\u00eda\"],\"inLanguage\":\"es\"},{\"@type\":\"WebPage\",\"@id\":\"https:\\\/\\\/www.ucaldas.edu.co\\\/portal\\\/egresada-u-de-caldas-recibio-maxima-calificacion-en-su-tesis-doctoral\\\/\",\"url\":\"https:\\\/\\\/www.ucaldas.edu.co\\\/portal\\\/egresada-u-de-caldas-recibio-maxima-calificacion-en-su-tesis-doctoral\\\/\",\"name\":\"Egresada U. de Caldas recibi\u00f3 m\u00e1xima calificaci\u00f3n en su tesis doctoral .\",\"isPartOf\":{\"@id\":\"https:\\\/\\\/www.ucaldas.edu.co\\\/portal\\\/#website\"},\"primaryImageOfPage\":{\"@id\":\"https:\\\/\\\/www.ucaldas.edu.co\\\/portal\\\/egresada-u-de-caldas-recibio-maxima-calificacion-en-su-tesis-doctoral\\\/#primaryimage\"},\"image\":{\"@id\":\"https:\\\/\\\/www.ucaldas.edu.co\\\/portal\\\/egresada-u-de-caldas-recibio-maxima-calificacion-en-su-tesis-doctoral\\\/#primaryimage\"},\"thumbnailUrl\":\"http:\\\/\\\/www.ucaldas.edu.co\\\/images\\\/tmp\\\/calificacion_cumlaude.jpg\",\"datePublished\":\"2012-11-06T14:25:59+00:00\",\"breadcrumb\":{\"@id\":\"https:\\\/\\\/www.ucaldas.edu.co\\\/portal\\\/egresada-u-de-caldas-recibio-maxima-calificacion-en-su-tesis-doctoral\\\/#breadcrumb\"},\"inLanguage\":\"es\",\"potentialAction\":[{\"@type\":\"ReadAction\",\"target\":[\"https:\\\/\\\/www.ucaldas.edu.co\\\/portal\\\/egresada-u-de-caldas-recibio-maxima-calificacion-en-su-tesis-doctoral\\\/\"]}]},{\"@type\":\"ImageObject\",\"inLanguage\":\"es\",\"@id\":\"https:\\\/\\\/www.ucaldas.edu.co\\\/portal\\\/egresada-u-de-caldas-recibio-maxima-calificacion-en-su-tesis-doctoral\\\/#primaryimage\",\"url\":\"http:\\\/\\\/www.ucaldas.edu.co\\\/images\\\/tmp\\\/calificacion_cumlaude.jpg\",\"contentUrl\":\"http:\\\/\\\/www.ucaldas.edu.co\\\/images\\\/tmp\\\/calificacion_cumlaude.jpg\"},{\"@type\":\"BreadcrumbList\",\"@id\":\"https:\\\/\\\/www.ucaldas.edu.co\\\/portal\\\/egresada-u-de-caldas-recibio-maxima-calificacion-en-su-tesis-doctoral\\\/#breadcrumb\",\"itemListElement\":[{\"@type\":\"ListItem\",\"position\":1,\"name\":\"Portada\",\"item\":\"https:\\\/\\\/www.ucaldas.edu.co\\\/portal\\\/\"},{\"@type\":\"ListItem\",\"position\":2,\"name\":\"Egresada U. de Caldas recibi\u00f3 m\u00e1xima calificaci\u00f3n en su tesis doctoral\"}]},{\"@type\":\"WebSite\",\"@id\":\"https:\\\/\\\/www.ucaldas.edu.co\\\/portal\\\/#website\",\"url\":\"https:\\\/\\\/www.ucaldas.edu.co\\\/portal\\\/\",\"name\":\"Universidad de Caldas\",\"description\":\"\",\"publisher\":{\"@id\":\"https:\\\/\\\/www.ucaldas.edu.co\\\/portal\\\/#organization\"},\"alternateName\":\"U. de Caldas\",\"potentialAction\":[{\"@type\":\"SearchAction\",\"target\":{\"@type\":\"EntryPoint\",\"urlTemplate\":\"https:\\\/\\\/www.ucaldas.edu.co\\\/portal\\\/?s={search_term_string}\"},\"query-input\":{\"@type\":\"PropertyValueSpecification\",\"valueRequired\":true,\"valueName\":\"search_term_string\"}}],\"inLanguage\":\"es\"},{\"@type\":\"Organization\",\"@id\":\"https:\\\/\\\/www.ucaldas.edu.co\\\/portal\\\/#organization\",\"name\":\"Universidad de Caldas\",\"alternateName\":\"U. de Caldas\",\"url\":\"https:\\\/\\\/www.ucaldas.edu.co\\\/portal\\\/\",\"logo\":{\"@type\":\"ImageObject\",\"inLanguage\":\"es\",\"@id\":\"https:\\\/\\\/www.ucaldas.edu.co\\\/portal\\\/#\\\/schema\\\/logo\\\/image\\\/\",\"url\":\"https:\\\/\\\/www.ucaldas.edu.co\\\/portal\\\/wp-content\\\/uploads\\\/2023\\\/11\\\/Logo_horizontal_oscuroU-2023.png\",\"contentUrl\":\"https:\\\/\\\/www.ucaldas.edu.co\\\/portal\\\/wp-content\\\/uploads\\\/2023\\\/11\\\/Logo_horizontal_oscuroU-2023.png\",\"width\":263,\"height\":101,\"caption\":\"Universidad de Caldas\"},\"image\":{\"@id\":\"https:\\\/\\\/www.ucaldas.edu.co\\\/portal\\\/#\\\/schema\\\/logo\\\/image\\\/\"},\"sameAs\":[\"https:\\\/\\\/www.facebook.com\\\/udecaldas\",\"https:\\\/\\\/x.com\\\/udecaldas\",\"https:\\\/\\\/www.youtube.com\\\/universidadcaldas\",\"https:\\\/\\\/www.instagram.com\\\/udecaldas\\\/\"]},{\"@type\":\"Person\",\"@id\":\"https:\\\/\\\/www.ucaldas.edu.co\\\/portal\\\/#\\\/schema\\\/person\\\/a1b482e23449158b4bc319926c074fdf\",\"name\":\"ofiprensa\",\"image\":{\"@type\":\"ImageObject\",\"inLanguage\":\"es\",\"@id\":\"https:\\\/\\\/www.ucaldas.edu.co\\\/portal\\\/wp-content\\\/litespeed\\\/avatar\\\/09ea5085e600095a7a811142c6944527.jpg?ver=1777497608\",\"url\":\"https:\\\/\\\/www.ucaldas.edu.co\\\/portal\\\/wp-content\\\/litespeed\\\/avatar\\\/09ea5085e600095a7a811142c6944527.jpg?ver=1777497608\",\"contentUrl\":\"https:\\\/\\\/www.ucaldas.edu.co\\\/portal\\\/wp-content\\\/litespeed\\\/avatar\\\/09ea5085e600095a7a811142c6944527.jpg?ver=1777497608\",\"caption\":\"ofiprensa\"},\"url\":\"https:\\\/\\\/www.ucaldas.edu.co\\\/portal\\\/author\\\/ofiprensa\\\/\"}]}<\/script>\n<!-- \/ Yoast SEO plugin. -->","yoast_head_json":{"title":"Egresada U. de Caldas recibi\u00f3 m\u00e1xima calificaci\u00f3n en su tesis doctoral .","robots":{"index":"index","follow":"follow","max-snippet":"max-snippet:-1","max-image-preview":"max-image-preview:large","max-video-preview":"max-video-preview:-1"},"canonical":"https:\/\/www.ucaldas.edu.co\/portal\/egresada-u-de-caldas-recibio-maxima-calificacion-en-su-tesis-doctoral\/","schema":{"@context":"https:\/\/schema.org","@graph":[{"@type":"Article","@id":"https:\/\/www.ucaldas.edu.co\/portal\/egresada-u-de-caldas-recibio-maxima-calificacion-en-su-tesis-doctoral\/#article","isPartOf":{"@id":"https:\/\/www.ucaldas.edu.co\/portal\/egresada-u-de-caldas-recibio-maxima-calificacion-en-su-tesis-doctoral\/"},"author":{"name":"ofiprensa","@id":"https:\/\/www.ucaldas.edu.co\/portal\/#\/schema\/person\/a1b482e23449158b4bc319926c074fdf"},"headline":"Egresada U. de Caldas recibi\u00f3 m\u00e1xima calificaci\u00f3n en su tesis doctoral","datePublished":"2012-11-06T14:25:59+00:00","mainEntityOfPage":{"@id":"https:\/\/www.ucaldas.edu.co\/portal\/egresada-u-de-caldas-recibio-maxima-calificacion-en-su-tesis-doctoral\/"},"wordCount":231,"publisher":{"@id":"https:\/\/www.ucaldas.edu.co\/portal\/#organization"},"image":{"@id":"https:\/\/www.ucaldas.edu.co\/portal\/egresada-u-de-caldas-recibio-maxima-calificacion-en-su-tesis-doctoral\/#primaryimage"},"thumbnailUrl":"http:\/\/www.ucaldas.edu.co\/images\/tmp\/calificacion_cumlaude.jpg","articleSection":["Actualidad","Universidad al D\u00eda"],"inLanguage":"es"},{"@type":"WebPage","@id":"https:\/\/www.ucaldas.edu.co\/portal\/egresada-u-de-caldas-recibio-maxima-calificacion-en-su-tesis-doctoral\/","url":"https:\/\/www.ucaldas.edu.co\/portal\/egresada-u-de-caldas-recibio-maxima-calificacion-en-su-tesis-doctoral\/","name":"Egresada U. de Caldas recibi\u00f3 m\u00e1xima calificaci\u00f3n en su tesis doctoral .","isPartOf":{"@id":"https:\/\/www.ucaldas.edu.co\/portal\/#website"},"primaryImageOfPage":{"@id":"https:\/\/www.ucaldas.edu.co\/portal\/egresada-u-de-caldas-recibio-maxima-calificacion-en-su-tesis-doctoral\/#primaryimage"},"image":{"@id":"https:\/\/www.ucaldas.edu.co\/portal\/egresada-u-de-caldas-recibio-maxima-calificacion-en-su-tesis-doctoral\/#primaryimage"},"thumbnailUrl":"http:\/\/www.ucaldas.edu.co\/images\/tmp\/calificacion_cumlaude.jpg","datePublished":"2012-11-06T14:25:59+00:00","breadcrumb":{"@id":"https:\/\/www.ucaldas.edu.co\/portal\/egresada-u-de-caldas-recibio-maxima-calificacion-en-su-tesis-doctoral\/#breadcrumb"},"inLanguage":"es","potentialAction":[{"@type":"ReadAction","target":["https:\/\/www.ucaldas.edu.co\/portal\/egresada-u-de-caldas-recibio-maxima-calificacion-en-su-tesis-doctoral\/"]}]},{"@type":"ImageObject","inLanguage":"es","@id":"https:\/\/www.ucaldas.edu.co\/portal\/egresada-u-de-caldas-recibio-maxima-calificacion-en-su-tesis-doctoral\/#primaryimage","url":"http:\/\/www.ucaldas.edu.co\/images\/tmp\/calificacion_cumlaude.jpg","contentUrl":"http:\/\/www.ucaldas.edu.co\/images\/tmp\/calificacion_cumlaude.jpg"},{"@type":"BreadcrumbList","@id":"https:\/\/www.ucaldas.edu.co\/portal\/egresada-u-de-caldas-recibio-maxima-calificacion-en-su-tesis-doctoral\/#breadcrumb","itemListElement":[{"@type":"ListItem","position":1,"name":"Portada","item":"https:\/\/www.ucaldas.edu.co\/portal\/"},{"@type":"ListItem","position":2,"name":"Egresada U. de Caldas recibi\u00f3 m\u00e1xima calificaci\u00f3n en su tesis doctoral"}]},{"@type":"WebSite","@id":"https:\/\/www.ucaldas.edu.co\/portal\/#website","url":"https:\/\/www.ucaldas.edu.co\/portal\/","name":"Universidad de Caldas","description":"","publisher":{"@id":"https:\/\/www.ucaldas.edu.co\/portal\/#organization"},"alternateName":"U. de Caldas","potentialAction":[{"@type":"SearchAction","target":{"@type":"EntryPoint","urlTemplate":"https:\/\/www.ucaldas.edu.co\/portal\/?s={search_term_string}"},"query-input":{"@type":"PropertyValueSpecification","valueRequired":true,"valueName":"search_term_string"}}],"inLanguage":"es"},{"@type":"Organization","@id":"https:\/\/www.ucaldas.edu.co\/portal\/#organization","name":"Universidad de Caldas","alternateName":"U. de Caldas","url":"https:\/\/www.ucaldas.edu.co\/portal\/","logo":{"@type":"ImageObject","inLanguage":"es","@id":"https:\/\/www.ucaldas.edu.co\/portal\/#\/schema\/logo\/image\/","url":"https:\/\/www.ucaldas.edu.co\/portal\/wp-content\/uploads\/2023\/11\/Logo_horizontal_oscuroU-2023.png","contentUrl":"https:\/\/www.ucaldas.edu.co\/portal\/wp-content\/uploads\/2023\/11\/Logo_horizontal_oscuroU-2023.png","width":263,"height":101,"caption":"Universidad de Caldas"},"image":{"@id":"https:\/\/www.ucaldas.edu.co\/portal\/#\/schema\/logo\/image\/"},"sameAs":["https:\/\/www.facebook.com\/udecaldas","https:\/\/x.com\/udecaldas","https:\/\/www.youtube.com\/universidadcaldas","https:\/\/www.instagram.com\/udecaldas\/"]},{"@type":"Person","@id":"https:\/\/www.ucaldas.edu.co\/portal\/#\/schema\/person\/a1b482e23449158b4bc319926c074fdf","name":"ofiprensa","image":{"@type":"ImageObject","inLanguage":"es","@id":"https:\/\/www.ucaldas.edu.co\/portal\/wp-content\/litespeed\/avatar\/09ea5085e600095a7a811142c6944527.jpg?ver=1777497608","url":"https:\/\/www.ucaldas.edu.co\/portal\/wp-content\/litespeed\/avatar\/09ea5085e600095a7a811142c6944527.jpg?ver=1777497608","contentUrl":"https:\/\/www.ucaldas.edu.co\/portal\/wp-content\/litespeed\/avatar\/09ea5085e600095a7a811142c6944527.jpg?ver=1777497608","caption":"ofiprensa"},"url":"https:\/\/www.ucaldas.edu.co\/portal\/author\/ofiprensa\/"}]}},"_links":{"self":[{"href":"https:\/\/www.ucaldas.edu.co\/portal\/wp-json\/wp\/v2\/posts\/13977","targetHints":{"allow":["GET"]}}],"collection":[{"href":"https:\/\/www.ucaldas.edu.co\/portal\/wp-json\/wp\/v2\/posts"}],"about":[{"href":"https:\/\/www.ucaldas.edu.co\/portal\/wp-json\/wp\/v2\/types\/post"}],"author":[{"embeddable":true,"href":"https:\/\/www.ucaldas.edu.co\/portal\/wp-json\/wp\/v2\/users\/2"}],"replies":[{"embeddable":true,"href":"https:\/\/www.ucaldas.edu.co\/portal\/wp-json\/wp\/v2\/comments?post=13977"}],"version-history":[{"count":0,"href":"https:\/\/www.ucaldas.edu.co\/portal\/wp-json\/wp\/v2\/posts\/13977\/revisions"}],"wp:attachment":[{"href":"https:\/\/www.ucaldas.edu.co\/portal\/wp-json\/wp\/v2\/media?parent=13977"}],"wp:term":[{"taxonomy":"category","embeddable":true,"href":"https:\/\/www.ucaldas.edu.co\/portal\/wp-json\/wp\/v2\/categories?post=13977"},{"taxonomy":"post_tag","embeddable":true,"href":"https:\/\/www.ucaldas.edu.co\/portal\/wp-json\/wp\/v2\/tags?post=13977"}],"curies":[{"name":"wp","href":"https:\/\/api.w.org\/{rel}","templated":true}]}}