{"id":13971,"date":"2012-11-06T09:23:35","date_gmt":"2012-11-06T14:23:35","guid":{"rendered":"https:\/\/www.ucaldas.edu.co\/portal\/?p=13971"},"modified":"2012-11-06T09:23:35","modified_gmt":"2012-11-06T14:23:35","slug":"u-de-caldas-recibira-visita-complementaria-de-pares-academicos-para-reacreditacion","status":"publish","type":"post","link":"https:\/\/www.ucaldas.edu.co\/portal\/u-de-caldas-recibira-visita-complementaria-de-pares-academicos-para-reacreditacion\/","title":{"rendered":"U. de Caldas recibir\u00e1 visita complementaria de pares acad\u00e9micos, para reacreditaci\u00f3n"},"content":{"rendered":"<p align=\"center\">Entre el 8 y el 10 de noviembre del 2012<\/p>\n<hr \/>\n<p align=\"center\">\n<p align=\"center\"><b>BOLET\u00cdN REACREDITACI\u00d3N 08<\/b><\/p>\n<p>&nbsp;<\/p>\n<p align=\"center\">\n<p align=\"center\"><span style=\"text-decoration: underline\"><br \/>\n<\/span><\/p>\n<p align=\"right\">3\/11\/2012<br \/>\nRedacci\u00f3n: Carlos Eduardo Garc\u00eda Cort\u00e9s<br \/>\nJefe de Prensa U. de Caldas<\/p>\n<p>&nbsp;<\/p>\n<table border=\"0\">\n<tbody>\n<tr>\n<td>\u00a0<img loading=\"lazy\" decoding=\"async\" style=\"border: 0px\" title=\"Acreditaci\u00f3n\" alt=\"Acreditaci\u00f3n\" src=\"http:\/\/www.ucaldas.edu.co\/images\/tmp\/acreditacion_ucaldas_2012.jpg\" width=\"240\" height=\"150\" border=\"0\" \/><\/td>\n<td>En coordinaci\u00f3n con el <b>Consejo Nacional de Acreditaci\u00f3n<\/b> (CNA) y sus <b>pares acad\u00e9micos designados<\/b>, la <b>Universidad de Caldas<\/b> acaba de definir los detalles finales de una <b>visita<\/b> que se realizar\u00e1 a la Instituci\u00f3n, con el objetivo de <b>complementar el proceso reacreditaci\u00f3n<\/b> de alta calidad.<\/td>\n<\/tr>\n<\/tbody>\n<\/table>\n<p>&nbsp;<\/p>\n<p>&nbsp;<\/p>\n<p>Esta visita complementaria la anunci\u00f3 recientemente el CNA y <b>se enfocar\u00e1 en verificar el impacto de la universidad en la regi\u00f3n<\/b>. Se llevar\u00e1 a cabo los d\u00edas <b>8, 9 y 10 de noviembre<\/b> del 2012.<\/p>\n<p>&nbsp;<\/p>\n<p>Para tal fin, <b>el CNA design\u00f3 un equipo de pares acad\u00e9micos<\/b>, quienes <b>estar\u00e1n<\/b> la mitad de los tres d\u00edas en las <b>instalaciones de la Universidad de Caldas en Manizales<\/b> e igual tiempo en el <b>Centro Regional de Educaci\u00f3n Superior (Ceres) de La Dorada<\/b>, seg\u00fan la <a href=\"http:\/\/desarrollo.ucaldas.edu.co\/archivo\/images\/tmp\/AgendaParesAcademicosReacreditacionUCaldasNov2012.pdf\" target=\"_blank\">agenda definida (v\u00e9ala aqu\u00ed)<\/a>.<\/p>\n<p>&nbsp;<\/p>\n<p>Para esta visita, el Rector de la Universidad de Caldas, Ricardo G\u00f3mez Giraldo, reiter\u00f3 su compromiso, el de la comunidad universitaria, del equipo directivo y del Comit\u00e9 de Autoevaluaci\u00f3n y Aseguramiento de la Calidad Institucional, en <b>encaminar sus mejores esfuerzos para lograr la reacreditaci\u00f3n<\/b> de la U. de Caldas.<\/p>\n<p>&nbsp;<\/p>\n<p><b>Contexto<\/b><\/p>\n<p>La anterior <a href=\"http:\/\/desarrollo.ucaldas.edu.co\/archivo\/index.php?option=com_content&amp;view=article&amp;catid=419%3Auniversidad-al-dia&amp;id=6963%3Aculmino-en-u-de-caldas-visita-de-pares-academicos&amp;Itemid=1039\" target=\"_blank\">visita de pares acad\u00e9micos para verificar las condiciones para la renovaci\u00f3n de la acreditaci\u00f3n de alta calidad de la Universidad de Caldas, culmin\u00f3 el 28 de marzo del 2012 (ver la nota aqu\u00ed).<\/a><\/p>\n<p>&nbsp;<\/p>\n<table border=\"0\">\n<tbody>\n<tr>\n<td><b>&#8211; Bolet\u00edn Reacreditaci\u00f3n 06-2012: \u00a0<\/b><\/td>\n<td><a href=\"http:\/\/desarrollo.ucaldas.edu.co\/archivo\/index.php?option=com_content&amp;view=article&amp;id=6946:en-u-de-caldas-se-cumple-segundo-dia-de-visita-de-pares-academicos&amp;catid=419:universidad-al-dia&amp;Itemid=1039\">En U. de Caldas se cumple segundo d\u00eda de visita de pares acad\u00e9micos <\/a><\/p>\n<p>&nbsp;<\/td>\n<\/tr>\n<tr>\n<td><b>&#8211; Bolet\u00edn Reacreditaci\u00f3n 05-2012: \u00a0\u00a0\u00a0 <\/b><\/td>\n<td><a href=\"http:\/\/desarrollo.ucaldas.edu.co\/archivo\/index.php?option=com_content&amp;view=article&amp;id=6935:pares-academicos-comenzaron-visita-en-u-de-caldas-para-su-reacreditacion&amp;catid=419:universidad-al-dia&amp;Itemid=1039\">Pares acad\u00e9micos comenzaron visita en U. de Caldas, para su reacreditaci\u00f3n<\/a><\/p>\n<p>&nbsp;<\/td>\n<\/tr>\n<tr>\n<td><b>&#8211; Bolet\u00edn Reacreditaci\u00f3n 04-2012: \u00a0\u00a0 <\/b><\/td>\n<td><a href=\"http:\/\/desarrollo.ucaldas.edu.co\/archivo\/index.php?option=com_content&amp;view=article&amp;id=6909:u-de-caldas-avanza-en-autocontrol&amp;catid=419:universidad-al-dia&amp;Itemid=1039\">U. de Caldas avanza en autocontrol\u00a0 <\/a><\/p>\n<p>&nbsp;<\/td>\n<\/tr>\n<tr>\n<td><b>&#8211; Bolet\u00edn Reacreditaci\u00f3n 03-2012: \u00a0 \u00a0 \u00a0 \u00a0 \u00a0 \u00a0 \u00a0<\/b><\/td>\n<td><a href=\"http:\/\/desarrollo.ucaldas.edu.co\/archivo\/index.php?option=com_content&amp;view=article&amp;id=6868:-pares-academicos-se-reuniran-con-estudiantes-profesores-y-egresados-de-u-de-caldas&amp;catid=419:universidad-al-dia&amp;Itemid=1039\">Pares acad\u00e9micos se reunir\u00e1n con estudiantes, profesores y egresados de U. de Caldas<\/a><\/p>\n<p><a href=\"http:\/\/desarrollo.ucaldas.edu.co\/archivo\/index.php?option=com_content&amp;view=article&amp;id=6868:-pares-academicos-se-reuniran-con-estudiantes-profesores-y-egresados-de-u-de-caldas&amp;catid=419:universidad-al-dia&amp;Itemid=1039\">\u00a0 <\/a><\/td>\n<\/tr>\n<tr>\n<td><b>&#8211; Bolet\u00edn Reacreditaci\u00f3n 02-2012:<\/b><\/td>\n<td><a href=\"http:\/\/desarrollo.ucaldas.edu.co\/archivo\/index.php?option=com_content&amp;view=article&amp;id=6840:u-de-caldas-avanza-en-investigacion-uno-de-los-factores-clave-para-lograr-la-reacreditacion&amp;catid=419:universidad-al-dia&amp;Itemid=1039\">U. de Caldas avanza en investigaci\u00f3n, uno de los factores clave para lograr la reacreditaci\u00f3n<\/a><\/p>\n<p><a href=\"http:\/\/desarrollo.ucaldas.edu.co\/archivo\/index.php?option=com_content&amp;view=article&amp;id=6840:u-de-caldas-avanza-en-investigacion-uno-de-los-factores-clave-para-lograr-la-reacreditacion&amp;catid=419:universidad-al-dia&amp;Itemid=1039\">\u00a0 <\/a><\/td>\n<\/tr>\n<tr>\n<td><b>&#8211; Bolet\u00edn Reacreditaci\u00f3n 01-2012:<\/b><\/td>\n<td><b>\u00a0<\/b><a href=\"http:\/\/desarrollo.ucaldas.edu.co\/archivo\/index.php?option=com_content&amp;view=article&amp;id=6806:pares-academicos-visitaran-u-de-caldas-este-26-de-marzo&amp;catid=419:universidad-al-dia&amp;Itemid=1039\">Pares acad\u00e9micos visitar\u00e1n U. de Caldas, este 26 de marzo<\/a><\/p>\n<p>&nbsp;<\/td>\n<\/tr>\n<\/tbody>\n<\/table>\n<p><b>Informes: <\/b>\u00a0Oficina de Evaluaci\u00f3n y Calidad Acad\u00e9mica, tel\u00e9fono 8781500, extensi\u00f3n 11 198.<\/p>\n","protected":false},"excerpt":{"rendered":"<p>Entre el 8 y el 10 de noviembre del 2012 BOLET\u00cdN REACREDITACI\u00d3N 08 &nbsp; 3\/11\/2012 Redacci\u00f3n: Carlos Eduardo Garc\u00eda Cort\u00e9s Jefe de Prensa U. de Caldas &nbsp; \u00a0 En coordinaci\u00f3n con el Consejo Nacional de Acreditaci\u00f3n (CNA) y sus pares acad\u00e9micos designados, la Universidad de Caldas acaba de definir los detalles finales de una visita [&hellip;]<\/p>\n","protected":false},"author":2,"featured_media":0,"comment_status":"closed","ping_status":"closed","sticky":false,"template":"","format":"standard","meta":{"footnotes":""},"categories":[48,53],"tags":[],"class_list":["post-13971","post","type-post","status-publish","format-standard","hentry","category-actualidad","category-universidad-al-dia"],"yoast_head":"<!-- This site is optimized with the Yoast SEO plugin v27.5 - https:\/\/yoast.com\/product\/yoast-seo-wordpress\/ -->\n<title>U. de Caldas recibir\u00e1 visita complementaria de pares acad\u00e9micos, para reacreditaci\u00f3n .<\/title>\n<meta name=\"robots\" content=\"index, follow, max-snippet:-1, max-image-preview:large, max-video-preview:-1\" \/>\n<link rel=\"canonical\" href=\"https:\/\/www.ucaldas.edu.co\/portal\/u-de-caldas-recibira-visita-complementaria-de-pares-academicos-para-reacreditacion\/\" \/>\n<script type=\"application\/ld+json\" class=\"yoast-schema-graph\">{\"@context\":\"https:\\\/\\\/schema.org\",\"@graph\":[{\"@type\":\"Article\",\"@id\":\"https:\\\/\\\/www.ucaldas.edu.co\\\/portal\\\/u-de-caldas-recibira-visita-complementaria-de-pares-academicos-para-reacreditacion\\\/#article\",\"isPartOf\":{\"@id\":\"https:\\\/\\\/www.ucaldas.edu.co\\\/portal\\\/u-de-caldas-recibira-visita-complementaria-de-pares-academicos-para-reacreditacion\\\/\"},\"author\":{\"name\":\"ofiprensa\",\"@id\":\"https:\\\/\\\/www.ucaldas.edu.co\\\/portal\\\/#\\\/schema\\\/person\\\/a1b482e23449158b4bc319926c074fdf\"},\"headline\":\"U. de Caldas recibir\u00e1 visita complementaria de pares acad\u00e9micos, para reacreditaci\u00f3n\",\"datePublished\":\"2012-11-06T14:23:35+00:00\",\"mainEntityOfPage\":{\"@id\":\"https:\\\/\\\/www.ucaldas.edu.co\\\/portal\\\/u-de-caldas-recibira-visita-complementaria-de-pares-academicos-para-reacreditacion\\\/\"},\"wordCount\":402,\"publisher\":{\"@id\":\"https:\\\/\\\/www.ucaldas.edu.co\\\/portal\\\/#organization\"},\"image\":{\"@id\":\"https:\\\/\\\/www.ucaldas.edu.co\\\/portal\\\/u-de-caldas-recibira-visita-complementaria-de-pares-academicos-para-reacreditacion\\\/#primaryimage\"},\"thumbnailUrl\":\"http:\\\/\\\/www.ucaldas.edu.co\\\/images\\\/tmp\\\/acreditacion_ucaldas_2012.jpg\",\"articleSection\":[\"Actualidad\",\"Universidad al D\u00eda\"],\"inLanguage\":\"es\"},{\"@type\":\"WebPage\",\"@id\":\"https:\\\/\\\/www.ucaldas.edu.co\\\/portal\\\/u-de-caldas-recibira-visita-complementaria-de-pares-academicos-para-reacreditacion\\\/\",\"url\":\"https:\\\/\\\/www.ucaldas.edu.co\\\/portal\\\/u-de-caldas-recibira-visita-complementaria-de-pares-academicos-para-reacreditacion\\\/\",\"name\":\"U. de Caldas recibir\u00e1 visita complementaria de pares acad\u00e9micos, para reacreditaci\u00f3n .\",\"isPartOf\":{\"@id\":\"https:\\\/\\\/www.ucaldas.edu.co\\\/portal\\\/#website\"},\"primaryImageOfPage\":{\"@id\":\"https:\\\/\\\/www.ucaldas.edu.co\\\/portal\\\/u-de-caldas-recibira-visita-complementaria-de-pares-academicos-para-reacreditacion\\\/#primaryimage\"},\"image\":{\"@id\":\"https:\\\/\\\/www.ucaldas.edu.co\\\/portal\\\/u-de-caldas-recibira-visita-complementaria-de-pares-academicos-para-reacreditacion\\\/#primaryimage\"},\"thumbnailUrl\":\"http:\\\/\\\/www.ucaldas.edu.co\\\/images\\\/tmp\\\/acreditacion_ucaldas_2012.jpg\",\"datePublished\":\"2012-11-06T14:23:35+00:00\",\"breadcrumb\":{\"@id\":\"https:\\\/\\\/www.ucaldas.edu.co\\\/portal\\\/u-de-caldas-recibira-visita-complementaria-de-pares-academicos-para-reacreditacion\\\/#breadcrumb\"},\"inLanguage\":\"es\",\"potentialAction\":[{\"@type\":\"ReadAction\",\"target\":[\"https:\\\/\\\/www.ucaldas.edu.co\\\/portal\\\/u-de-caldas-recibira-visita-complementaria-de-pares-academicos-para-reacreditacion\\\/\"]}]},{\"@type\":\"ImageObject\",\"inLanguage\":\"es\",\"@id\":\"https:\\\/\\\/www.ucaldas.edu.co\\\/portal\\\/u-de-caldas-recibira-visita-complementaria-de-pares-academicos-para-reacreditacion\\\/#primaryimage\",\"url\":\"http:\\\/\\\/www.ucaldas.edu.co\\\/images\\\/tmp\\\/acreditacion_ucaldas_2012.jpg\",\"contentUrl\":\"http:\\\/\\\/www.ucaldas.edu.co\\\/images\\\/tmp\\\/acreditacion_ucaldas_2012.jpg\"},{\"@type\":\"BreadcrumbList\",\"@id\":\"https:\\\/\\\/www.ucaldas.edu.co\\\/portal\\\/u-de-caldas-recibira-visita-complementaria-de-pares-academicos-para-reacreditacion\\\/#breadcrumb\",\"itemListElement\":[{\"@type\":\"ListItem\",\"position\":1,\"name\":\"Portada\",\"item\":\"https:\\\/\\\/www.ucaldas.edu.co\\\/portal\\\/\"},{\"@type\":\"ListItem\",\"position\":2,\"name\":\"U. de Caldas recibir\u00e1 visita complementaria de pares acad\u00e9micos, para reacreditaci\u00f3n\"}]},{\"@type\":\"WebSite\",\"@id\":\"https:\\\/\\\/www.ucaldas.edu.co\\\/portal\\\/#website\",\"url\":\"https:\\\/\\\/www.ucaldas.edu.co\\\/portal\\\/\",\"name\":\"Universidad de Caldas\",\"description\":\"\",\"publisher\":{\"@id\":\"https:\\\/\\\/www.ucaldas.edu.co\\\/portal\\\/#organization\"},\"alternateName\":\"U. de Caldas\",\"potentialAction\":[{\"@type\":\"SearchAction\",\"target\":{\"@type\":\"EntryPoint\",\"urlTemplate\":\"https:\\\/\\\/www.ucaldas.edu.co\\\/portal\\\/?s={search_term_string}\"},\"query-input\":{\"@type\":\"PropertyValueSpecification\",\"valueRequired\":true,\"valueName\":\"search_term_string\"}}],\"inLanguage\":\"es\"},{\"@type\":\"Organization\",\"@id\":\"https:\\\/\\\/www.ucaldas.edu.co\\\/portal\\\/#organization\",\"name\":\"Universidad de Caldas\",\"alternateName\":\"U. de Caldas\",\"url\":\"https:\\\/\\\/www.ucaldas.edu.co\\\/portal\\\/\",\"logo\":{\"@type\":\"ImageObject\",\"inLanguage\":\"es\",\"@id\":\"https:\\\/\\\/www.ucaldas.edu.co\\\/portal\\\/#\\\/schema\\\/logo\\\/image\\\/\",\"url\":\"https:\\\/\\\/www.ucaldas.edu.co\\\/portal\\\/wp-content\\\/uploads\\\/2023\\\/11\\\/Logo_horizontal_oscuroU-2023.png\",\"contentUrl\":\"https:\\\/\\\/www.ucaldas.edu.co\\\/portal\\\/wp-content\\\/uploads\\\/2023\\\/11\\\/Logo_horizontal_oscuroU-2023.png\",\"width\":263,\"height\":101,\"caption\":\"Universidad de Caldas\"},\"image\":{\"@id\":\"https:\\\/\\\/www.ucaldas.edu.co\\\/portal\\\/#\\\/schema\\\/logo\\\/image\\\/\"},\"sameAs\":[\"https:\\\/\\\/www.facebook.com\\\/udecaldas\",\"https:\\\/\\\/x.com\\\/udecaldas\",\"https:\\\/\\\/www.youtube.com\\\/universidadcaldas\",\"https:\\\/\\\/www.instagram.com\\\/udecaldas\\\/\"]},{\"@type\":\"Person\",\"@id\":\"https:\\\/\\\/www.ucaldas.edu.co\\\/portal\\\/#\\\/schema\\\/person\\\/a1b482e23449158b4bc319926c074fdf\",\"name\":\"ofiprensa\",\"image\":{\"@type\":\"ImageObject\",\"inLanguage\":\"es\",\"@id\":\"https:\\\/\\\/www.ucaldas.edu.co\\\/portal\\\/wp-content\\\/litespeed\\\/avatar\\\/09ea5085e600095a7a811142c6944527.jpg?ver=1777497608\",\"url\":\"https:\\\/\\\/www.ucaldas.edu.co\\\/portal\\\/wp-content\\\/litespeed\\\/avatar\\\/09ea5085e600095a7a811142c6944527.jpg?ver=1777497608\",\"contentUrl\":\"https:\\\/\\\/www.ucaldas.edu.co\\\/portal\\\/wp-content\\\/litespeed\\\/avatar\\\/09ea5085e600095a7a811142c6944527.jpg?ver=1777497608\",\"caption\":\"ofiprensa\"},\"url\":\"https:\\\/\\\/www.ucaldas.edu.co\\\/portal\\\/author\\\/ofiprensa\\\/\"}]}<\/script>\n<!-- \/ Yoast SEO plugin. -->","yoast_head_json":{"title":"U. de Caldas recibir\u00e1 visita complementaria de pares acad\u00e9micos, para reacreditaci\u00f3n .","robots":{"index":"index","follow":"follow","max-snippet":"max-snippet:-1","max-image-preview":"max-image-preview:large","max-video-preview":"max-video-preview:-1"},"canonical":"https:\/\/www.ucaldas.edu.co\/portal\/u-de-caldas-recibira-visita-complementaria-de-pares-academicos-para-reacreditacion\/","schema":{"@context":"https:\/\/schema.org","@graph":[{"@type":"Article","@id":"https:\/\/www.ucaldas.edu.co\/portal\/u-de-caldas-recibira-visita-complementaria-de-pares-academicos-para-reacreditacion\/#article","isPartOf":{"@id":"https:\/\/www.ucaldas.edu.co\/portal\/u-de-caldas-recibira-visita-complementaria-de-pares-academicos-para-reacreditacion\/"},"author":{"name":"ofiprensa","@id":"https:\/\/www.ucaldas.edu.co\/portal\/#\/schema\/person\/a1b482e23449158b4bc319926c074fdf"},"headline":"U. de Caldas recibir\u00e1 visita complementaria de pares acad\u00e9micos, para reacreditaci\u00f3n","datePublished":"2012-11-06T14:23:35+00:00","mainEntityOfPage":{"@id":"https:\/\/www.ucaldas.edu.co\/portal\/u-de-caldas-recibira-visita-complementaria-de-pares-academicos-para-reacreditacion\/"},"wordCount":402,"publisher":{"@id":"https:\/\/www.ucaldas.edu.co\/portal\/#organization"},"image":{"@id":"https:\/\/www.ucaldas.edu.co\/portal\/u-de-caldas-recibira-visita-complementaria-de-pares-academicos-para-reacreditacion\/#primaryimage"},"thumbnailUrl":"http:\/\/www.ucaldas.edu.co\/images\/tmp\/acreditacion_ucaldas_2012.jpg","articleSection":["Actualidad","Universidad al D\u00eda"],"inLanguage":"es"},{"@type":"WebPage","@id":"https:\/\/www.ucaldas.edu.co\/portal\/u-de-caldas-recibira-visita-complementaria-de-pares-academicos-para-reacreditacion\/","url":"https:\/\/www.ucaldas.edu.co\/portal\/u-de-caldas-recibira-visita-complementaria-de-pares-academicos-para-reacreditacion\/","name":"U. de Caldas recibir\u00e1 visita complementaria de pares acad\u00e9micos, para reacreditaci\u00f3n .","isPartOf":{"@id":"https:\/\/www.ucaldas.edu.co\/portal\/#website"},"primaryImageOfPage":{"@id":"https:\/\/www.ucaldas.edu.co\/portal\/u-de-caldas-recibira-visita-complementaria-de-pares-academicos-para-reacreditacion\/#primaryimage"},"image":{"@id":"https:\/\/www.ucaldas.edu.co\/portal\/u-de-caldas-recibira-visita-complementaria-de-pares-academicos-para-reacreditacion\/#primaryimage"},"thumbnailUrl":"http:\/\/www.ucaldas.edu.co\/images\/tmp\/acreditacion_ucaldas_2012.jpg","datePublished":"2012-11-06T14:23:35+00:00","breadcrumb":{"@id":"https:\/\/www.ucaldas.edu.co\/portal\/u-de-caldas-recibira-visita-complementaria-de-pares-academicos-para-reacreditacion\/#breadcrumb"},"inLanguage":"es","potentialAction":[{"@type":"ReadAction","target":["https:\/\/www.ucaldas.edu.co\/portal\/u-de-caldas-recibira-visita-complementaria-de-pares-academicos-para-reacreditacion\/"]}]},{"@type":"ImageObject","inLanguage":"es","@id":"https:\/\/www.ucaldas.edu.co\/portal\/u-de-caldas-recibira-visita-complementaria-de-pares-academicos-para-reacreditacion\/#primaryimage","url":"http:\/\/www.ucaldas.edu.co\/images\/tmp\/acreditacion_ucaldas_2012.jpg","contentUrl":"http:\/\/www.ucaldas.edu.co\/images\/tmp\/acreditacion_ucaldas_2012.jpg"},{"@type":"BreadcrumbList","@id":"https:\/\/www.ucaldas.edu.co\/portal\/u-de-caldas-recibira-visita-complementaria-de-pares-academicos-para-reacreditacion\/#breadcrumb","itemListElement":[{"@type":"ListItem","position":1,"name":"Portada","item":"https:\/\/www.ucaldas.edu.co\/portal\/"},{"@type":"ListItem","position":2,"name":"U. de Caldas recibir\u00e1 visita complementaria de pares acad\u00e9micos, para reacreditaci\u00f3n"}]},{"@type":"WebSite","@id":"https:\/\/www.ucaldas.edu.co\/portal\/#website","url":"https:\/\/www.ucaldas.edu.co\/portal\/","name":"Universidad de Caldas","description":"","publisher":{"@id":"https:\/\/www.ucaldas.edu.co\/portal\/#organization"},"alternateName":"U. de Caldas","potentialAction":[{"@type":"SearchAction","target":{"@type":"EntryPoint","urlTemplate":"https:\/\/www.ucaldas.edu.co\/portal\/?s={search_term_string}"},"query-input":{"@type":"PropertyValueSpecification","valueRequired":true,"valueName":"search_term_string"}}],"inLanguage":"es"},{"@type":"Organization","@id":"https:\/\/www.ucaldas.edu.co\/portal\/#organization","name":"Universidad de Caldas","alternateName":"U. de Caldas","url":"https:\/\/www.ucaldas.edu.co\/portal\/","logo":{"@type":"ImageObject","inLanguage":"es","@id":"https:\/\/www.ucaldas.edu.co\/portal\/#\/schema\/logo\/image\/","url":"https:\/\/www.ucaldas.edu.co\/portal\/wp-content\/uploads\/2023\/11\/Logo_horizontal_oscuroU-2023.png","contentUrl":"https:\/\/www.ucaldas.edu.co\/portal\/wp-content\/uploads\/2023\/11\/Logo_horizontal_oscuroU-2023.png","width":263,"height":101,"caption":"Universidad de Caldas"},"image":{"@id":"https:\/\/www.ucaldas.edu.co\/portal\/#\/schema\/logo\/image\/"},"sameAs":["https:\/\/www.facebook.com\/udecaldas","https:\/\/x.com\/udecaldas","https:\/\/www.youtube.com\/universidadcaldas","https:\/\/www.instagram.com\/udecaldas\/"]},{"@type":"Person","@id":"https:\/\/www.ucaldas.edu.co\/portal\/#\/schema\/person\/a1b482e23449158b4bc319926c074fdf","name":"ofiprensa","image":{"@type":"ImageObject","inLanguage":"es","@id":"https:\/\/www.ucaldas.edu.co\/portal\/wp-content\/litespeed\/avatar\/09ea5085e600095a7a811142c6944527.jpg?ver=1777497608","url":"https:\/\/www.ucaldas.edu.co\/portal\/wp-content\/litespeed\/avatar\/09ea5085e600095a7a811142c6944527.jpg?ver=1777497608","contentUrl":"https:\/\/www.ucaldas.edu.co\/portal\/wp-content\/litespeed\/avatar\/09ea5085e600095a7a811142c6944527.jpg?ver=1777497608","caption":"ofiprensa"},"url":"https:\/\/www.ucaldas.edu.co\/portal\/author\/ofiprensa\/"}]}},"_links":{"self":[{"href":"https:\/\/www.ucaldas.edu.co\/portal\/wp-json\/wp\/v2\/posts\/13971","targetHints":{"allow":["GET"]}}],"collection":[{"href":"https:\/\/www.ucaldas.edu.co\/portal\/wp-json\/wp\/v2\/posts"}],"about":[{"href":"https:\/\/www.ucaldas.edu.co\/portal\/wp-json\/wp\/v2\/types\/post"}],"author":[{"embeddable":true,"href":"https:\/\/www.ucaldas.edu.co\/portal\/wp-json\/wp\/v2\/users\/2"}],"replies":[{"embeddable":true,"href":"https:\/\/www.ucaldas.edu.co\/portal\/wp-json\/wp\/v2\/comments?post=13971"}],"version-history":[{"count":0,"href":"https:\/\/www.ucaldas.edu.co\/portal\/wp-json\/wp\/v2\/posts\/13971\/revisions"}],"wp:attachment":[{"href":"https:\/\/www.ucaldas.edu.co\/portal\/wp-json\/wp\/v2\/media?parent=13971"}],"wp:term":[{"taxonomy":"category","embeddable":true,"href":"https:\/\/www.ucaldas.edu.co\/portal\/wp-json\/wp\/v2\/categories?post=13971"},{"taxonomy":"post_tag","embeddable":true,"href":"https:\/\/www.ucaldas.edu.co\/portal\/wp-json\/wp\/v2\/tags?post=13971"}],"curies":[{"name":"wp","href":"https:\/\/api.w.org\/{rel}","templated":true}]}}