{"id":13965,"date":"2012-11-02T09:21:24","date_gmt":"2012-11-02T14:21:24","guid":{"rendered":"https:\/\/www.ucaldas.edu.co\/portal\/?p=13965"},"modified":"2012-11-02T09:21:24","modified_gmt":"2012-11-02T14:21:24","slug":"derecho-a-morir-dignamente-tema-en-35-anos-de-liga-contra-el-cancer-seccional-caldas","status":"publish","type":"post","link":"https:\/\/www.ucaldas.edu.co\/portal\/derecho-a-morir-dignamente-tema-en-35-anos-de-liga-contra-el-cancer-seccional-caldas\/","title":{"rendered":"Derecho a morir dignamente, tema en 35 a\u00f1os de Liga Contra el C\u00e1ncer Seccional Caldas"},"content":{"rendered":"<p>Presidente nacional de fundaci\u00f3n sobre el tema, en U. de Caldas<\/p>\n<hr \/>\n<p>&nbsp;<\/p>\n<p>&nbsp;<\/p>\n<p align=\"right\">02\/11\/2012<br \/>\nRedacci\u00f3n: Margarita Laverde Galvis<\/p>\n<p>&nbsp;<\/p>\n<table border=\"0\">\n<tbody>\n<tr>\n<td>&nbsp;<\/p>\n<p><img loading=\"lazy\" decoding=\"async\" style=\"border: 0px\" title=\"Derecho a morir dignamente, tema en 35 a\u00f1os de Liga Contra el C\u00e1ncer Seccional Caldas\" alt=\"Morir dignamente\" src=\"http:\/\/www.ucaldas.edu.co\/images\/tmp\/morir_dignamente.jpg\" width=\"240\" height=\"160\" border=\"0\" \/><\/p>\n<h4>Foto: Guillermo Sarmiento\/Prensa U. de Caldas<\/h4>\n<\/td>\n<td><b>Con un encuentro acad\u00e9mico<\/b>\u00a0sobre los\u00a0<b>t\u00e9rminos<\/b>\u00a0y la\u00a0<b>necesidad<\/b>\u00a0de\u00a0<b>decidir<\/b>\u00a0sobre una\u00a0<b>muerte digna<\/b>,\u00a0<b>en contraste<\/b>\u00a0con una\u00a0<b>vida digna<\/b>,\u00a0<b>se realiz\u00f3\u00a0<\/b>este\u00a0<b>viernes 2<\/b>\u00a0de\u00a0<b>noviembre<\/b>\u00a0de 2012 los\u00a0<b>35 a\u00f1os<\/b>\u00a0de la\u00a0<b>Liga Contra el C\u00e1ncer Seccional Caldas<\/b>.<\/td>\n<\/tr>\n<\/tbody>\n<\/table>\n<p>&nbsp;<\/p>\n<p>&nbsp;<\/p>\n<p>En el\u00a0<b>Campus Versalles<\/b>\u00a0de la\u00a0<b>Universidad de Caldas<\/b>\u00a0<b>se celebr\u00f3 el evento<\/b>, que\u00a0<b>cont\u00f3<\/b>\u00a0con la\u00a0<b>participaci\u00f3n<\/b>\u00a0de Juan Mendoza Vega, profesor titular de la Universidad Colegio Mayor Nuestra Se\u00f1ora del Rosario y\u00a0<b>Presidente Nacional de la Fundaci\u00f3n Proderecho a morir dignamente<\/b>.<\/p>\n<p>&nbsp;<\/p>\n<p><b>Muerte digna<br \/>\n<\/b>El invitado explic\u00f3: \u201cel derecho a morir dignamente debe incluir el derecho a elegir el momento y la manera de morir, para quien quiera tomar esa opci\u00f3n. Ese derecho a elegir, digo yo, incluye la opci\u00f3n de pedir al m\u00e9dico nuestra muerte, para acabar con sufrimientos intolerables e intratables\u201d.<\/p>\n<p>&nbsp;<\/p>\n<p>\u201cEse es un derecho, f\u00edjese que no digo una obligaci\u00f3n o deber, digo un derecho, algo que el ser humano debe escoger. El derecho incluye el rechazo de tratamiento y la llamada limitaci\u00f3n de esfuerzos terap\u00e9uticos\u201d, agreg\u00f3 el Presidente Nacional de la Fundaci\u00f3n Proderecho a morir dignamente.<\/p>\n<p>&nbsp;<\/p>\n<p>Jorge Raad Aljure,\u00a0<b>Miembro del Consejo Superior de la U. de Caldas\u00a0<\/b>y\u00a0<b>Presidente de la Liga Contra el C\u00e1ncer Seccional Caldas,\u00a0<\/b>inform\u00f3 que el invitado es una de las personas que m\u00e1s conoce del tema en Colombia y que en el Congreso de la Rep\u00fablica se estudia una ley sobre la eutanasia.<\/p>\n<p>&nbsp;<\/p>\n<p>El\u00a0<b>profesor jubilado<\/b>\u00a0de la\u00a0<b>Facultad de Ciencias para la Salud<\/b>\u00a0y\u00a0<b>exrector<\/b>\u00a0<b>de la Instituci\u00f3n<\/b>\u00a0habl\u00f3 sobre los 35 a\u00f1os de la Liga: \u201ctenemos un importante balance social, gracias a una serie de actividades que hemos realizado en todo este tiempo, donde promovemos el diagn\u00f3stico precoz del c\u00e1ncer, buscando que el paciente tenga una mejor calidad de vida\u201d.<\/p>\n<p>&nbsp;<\/p>\n<p><a href=\"http:\/\/www.facebook.com\/media\/set\/?set=a.429704437091427.102882.107054166023124&amp;type=3\" target=\"_blank\">Conozca im\u00e1genes de la conferencia sobre el derecho a morir dignamente<\/a><\/p>\n<p>&nbsp;<\/p>\n<p><b>Informes:\u00a0<\/b>Oficina de Prensa, tel\u00e9fono 878 15 00, extensi\u00f3n 12 167.<\/p>\n","protected":false},"excerpt":{"rendered":"<p>Presidente nacional de fundaci\u00f3n sobre el tema, en U. de Caldas &nbsp; &nbsp; 02\/11\/2012 Redacci\u00f3n: Margarita Laverde Galvis &nbsp; &nbsp; Foto: Guillermo Sarmiento\/Prensa U. de Caldas Con un encuentro acad\u00e9mico\u00a0sobre los\u00a0t\u00e9rminos\u00a0y la\u00a0necesidad\u00a0de\u00a0decidir\u00a0sobre una\u00a0muerte digna,\u00a0en contraste\u00a0con una\u00a0vida digna,\u00a0se realiz\u00f3\u00a0este\u00a0viernes 2\u00a0de\u00a0noviembre\u00a0de 2012 los\u00a035 a\u00f1os\u00a0de la\u00a0Liga Contra el C\u00e1ncer Seccional Caldas. &nbsp; &nbsp; En el\u00a0Campus Versalles\u00a0de la\u00a0Universidad de [&hellip;]<\/p>\n","protected":false},"author":2,"featured_media":0,"comment_status":"closed","ping_status":"closed","sticky":false,"template":"","format":"standard","meta":{"footnotes":""},"categories":[48,53],"tags":[],"class_list":["post-13965","post","type-post","status-publish","format-standard","hentry","category-actualidad","category-universidad-al-dia"],"yoast_head":"<!-- This site is optimized with the Yoast SEO plugin v27.5 - https:\/\/yoast.com\/product\/yoast-seo-wordpress\/ -->\n<title>Derecho a morir dignamente, tema en 35 a\u00f1os de Liga Contra el C\u00e1ncer Seccional Caldas .<\/title>\n<meta name=\"robots\" content=\"index, follow, max-snippet:-1, max-image-preview:large, max-video-preview:-1\" \/>\n<link rel=\"canonical\" href=\"https:\/\/www.ucaldas.edu.co\/portal\/derecho-a-morir-dignamente-tema-en-35-anos-de-liga-contra-el-cancer-seccional-caldas\/\" \/>\n<script type=\"application\/ld+json\" class=\"yoast-schema-graph\">{\"@context\":\"https:\\\/\\\/schema.org\",\"@graph\":[{\"@type\":\"Article\",\"@id\":\"https:\\\/\\\/www.ucaldas.edu.co\\\/portal\\\/derecho-a-morir-dignamente-tema-en-35-anos-de-liga-contra-el-cancer-seccional-caldas\\\/#article\",\"isPartOf\":{\"@id\":\"https:\\\/\\\/www.ucaldas.edu.co\\\/portal\\\/derecho-a-morir-dignamente-tema-en-35-anos-de-liga-contra-el-cancer-seccional-caldas\\\/\"},\"author\":{\"name\":\"ofiprensa\",\"@id\":\"https:\\\/\\\/www.ucaldas.edu.co\\\/portal\\\/#\\\/schema\\\/person\\\/a1b482e23449158b4bc319926c074fdf\"},\"headline\":\"Derecho a morir dignamente, tema en 35 a\u00f1os de Liga Contra el C\u00e1ncer Seccional Caldas\",\"datePublished\":\"2012-11-02T14:21:24+00:00\",\"mainEntityOfPage\":{\"@id\":\"https:\\\/\\\/www.ucaldas.edu.co\\\/portal\\\/derecho-a-morir-dignamente-tema-en-35-anos-de-liga-contra-el-cancer-seccional-caldas\\\/\"},\"wordCount\":385,\"publisher\":{\"@id\":\"https:\\\/\\\/www.ucaldas.edu.co\\\/portal\\\/#organization\"},\"image\":{\"@id\":\"https:\\\/\\\/www.ucaldas.edu.co\\\/portal\\\/derecho-a-morir-dignamente-tema-en-35-anos-de-liga-contra-el-cancer-seccional-caldas\\\/#primaryimage\"},\"thumbnailUrl\":\"http:\\\/\\\/www.ucaldas.edu.co\\\/images\\\/tmp\\\/morir_dignamente.jpg\",\"articleSection\":[\"Actualidad\",\"Universidad al D\u00eda\"],\"inLanguage\":\"es\"},{\"@type\":\"WebPage\",\"@id\":\"https:\\\/\\\/www.ucaldas.edu.co\\\/portal\\\/derecho-a-morir-dignamente-tema-en-35-anos-de-liga-contra-el-cancer-seccional-caldas\\\/\",\"url\":\"https:\\\/\\\/www.ucaldas.edu.co\\\/portal\\\/derecho-a-morir-dignamente-tema-en-35-anos-de-liga-contra-el-cancer-seccional-caldas\\\/\",\"name\":\"Derecho a morir dignamente, tema en 35 a\u00f1os de Liga Contra el C\u00e1ncer Seccional Caldas .\",\"isPartOf\":{\"@id\":\"https:\\\/\\\/www.ucaldas.edu.co\\\/portal\\\/#website\"},\"primaryImageOfPage\":{\"@id\":\"https:\\\/\\\/www.ucaldas.edu.co\\\/portal\\\/derecho-a-morir-dignamente-tema-en-35-anos-de-liga-contra-el-cancer-seccional-caldas\\\/#primaryimage\"},\"image\":{\"@id\":\"https:\\\/\\\/www.ucaldas.edu.co\\\/portal\\\/derecho-a-morir-dignamente-tema-en-35-anos-de-liga-contra-el-cancer-seccional-caldas\\\/#primaryimage\"},\"thumbnailUrl\":\"http:\\\/\\\/www.ucaldas.edu.co\\\/images\\\/tmp\\\/morir_dignamente.jpg\",\"datePublished\":\"2012-11-02T14:21:24+00:00\",\"breadcrumb\":{\"@id\":\"https:\\\/\\\/www.ucaldas.edu.co\\\/portal\\\/derecho-a-morir-dignamente-tema-en-35-anos-de-liga-contra-el-cancer-seccional-caldas\\\/#breadcrumb\"},\"inLanguage\":\"es\",\"potentialAction\":[{\"@type\":\"ReadAction\",\"target\":[\"https:\\\/\\\/www.ucaldas.edu.co\\\/portal\\\/derecho-a-morir-dignamente-tema-en-35-anos-de-liga-contra-el-cancer-seccional-caldas\\\/\"]}]},{\"@type\":\"ImageObject\",\"inLanguage\":\"es\",\"@id\":\"https:\\\/\\\/www.ucaldas.edu.co\\\/portal\\\/derecho-a-morir-dignamente-tema-en-35-anos-de-liga-contra-el-cancer-seccional-caldas\\\/#primaryimage\",\"url\":\"http:\\\/\\\/www.ucaldas.edu.co\\\/images\\\/tmp\\\/morir_dignamente.jpg\",\"contentUrl\":\"http:\\\/\\\/www.ucaldas.edu.co\\\/images\\\/tmp\\\/morir_dignamente.jpg\"},{\"@type\":\"BreadcrumbList\",\"@id\":\"https:\\\/\\\/www.ucaldas.edu.co\\\/portal\\\/derecho-a-morir-dignamente-tema-en-35-anos-de-liga-contra-el-cancer-seccional-caldas\\\/#breadcrumb\",\"itemListElement\":[{\"@type\":\"ListItem\",\"position\":1,\"name\":\"Portada\",\"item\":\"https:\\\/\\\/www.ucaldas.edu.co\\\/portal\\\/\"},{\"@type\":\"ListItem\",\"position\":2,\"name\":\"Derecho a morir dignamente, tema en 35 a\u00f1os de Liga Contra el C\u00e1ncer Seccional Caldas\"}]},{\"@type\":\"WebSite\",\"@id\":\"https:\\\/\\\/www.ucaldas.edu.co\\\/portal\\\/#website\",\"url\":\"https:\\\/\\\/www.ucaldas.edu.co\\\/portal\\\/\",\"name\":\"Universidad de Caldas\",\"description\":\"\",\"publisher\":{\"@id\":\"https:\\\/\\\/www.ucaldas.edu.co\\\/portal\\\/#organization\"},\"alternateName\":\"U. de Caldas\",\"potentialAction\":[{\"@type\":\"SearchAction\",\"target\":{\"@type\":\"EntryPoint\",\"urlTemplate\":\"https:\\\/\\\/www.ucaldas.edu.co\\\/portal\\\/?s={search_term_string}\"},\"query-input\":{\"@type\":\"PropertyValueSpecification\",\"valueRequired\":true,\"valueName\":\"search_term_string\"}}],\"inLanguage\":\"es\"},{\"@type\":\"Organization\",\"@id\":\"https:\\\/\\\/www.ucaldas.edu.co\\\/portal\\\/#organization\",\"name\":\"Universidad de Caldas\",\"alternateName\":\"U. de Caldas\",\"url\":\"https:\\\/\\\/www.ucaldas.edu.co\\\/portal\\\/\",\"logo\":{\"@type\":\"ImageObject\",\"inLanguage\":\"es\",\"@id\":\"https:\\\/\\\/www.ucaldas.edu.co\\\/portal\\\/#\\\/schema\\\/logo\\\/image\\\/\",\"url\":\"https:\\\/\\\/www.ucaldas.edu.co\\\/portal\\\/wp-content\\\/uploads\\\/2023\\\/11\\\/Logo_horizontal_oscuroU-2023.png\",\"contentUrl\":\"https:\\\/\\\/www.ucaldas.edu.co\\\/portal\\\/wp-content\\\/uploads\\\/2023\\\/11\\\/Logo_horizontal_oscuroU-2023.png\",\"width\":263,\"height\":101,\"caption\":\"Universidad de Caldas\"},\"image\":{\"@id\":\"https:\\\/\\\/www.ucaldas.edu.co\\\/portal\\\/#\\\/schema\\\/logo\\\/image\\\/\"},\"sameAs\":[\"https:\\\/\\\/www.facebook.com\\\/udecaldas\",\"https:\\\/\\\/x.com\\\/udecaldas\",\"https:\\\/\\\/www.youtube.com\\\/universidadcaldas\",\"https:\\\/\\\/www.instagram.com\\\/udecaldas\\\/\"]},{\"@type\":\"Person\",\"@id\":\"https:\\\/\\\/www.ucaldas.edu.co\\\/portal\\\/#\\\/schema\\\/person\\\/a1b482e23449158b4bc319926c074fdf\",\"name\":\"ofiprensa\",\"image\":{\"@type\":\"ImageObject\",\"inLanguage\":\"es\",\"@id\":\"https:\\\/\\\/www.ucaldas.edu.co\\\/portal\\\/wp-content\\\/litespeed\\\/avatar\\\/09ea5085e600095a7a811142c6944527.jpg?ver=1777497608\",\"url\":\"https:\\\/\\\/www.ucaldas.edu.co\\\/portal\\\/wp-content\\\/litespeed\\\/avatar\\\/09ea5085e600095a7a811142c6944527.jpg?ver=1777497608\",\"contentUrl\":\"https:\\\/\\\/www.ucaldas.edu.co\\\/portal\\\/wp-content\\\/litespeed\\\/avatar\\\/09ea5085e600095a7a811142c6944527.jpg?ver=1777497608\",\"caption\":\"ofiprensa\"},\"url\":\"https:\\\/\\\/www.ucaldas.edu.co\\\/portal\\\/author\\\/ofiprensa\\\/\"}]}<\/script>\n<!-- \/ Yoast SEO plugin. -->","yoast_head_json":{"title":"Derecho a morir dignamente, tema en 35 a\u00f1os de Liga Contra el C\u00e1ncer Seccional Caldas .","robots":{"index":"index","follow":"follow","max-snippet":"max-snippet:-1","max-image-preview":"max-image-preview:large","max-video-preview":"max-video-preview:-1"},"canonical":"https:\/\/www.ucaldas.edu.co\/portal\/derecho-a-morir-dignamente-tema-en-35-anos-de-liga-contra-el-cancer-seccional-caldas\/","schema":{"@context":"https:\/\/schema.org","@graph":[{"@type":"Article","@id":"https:\/\/www.ucaldas.edu.co\/portal\/derecho-a-morir-dignamente-tema-en-35-anos-de-liga-contra-el-cancer-seccional-caldas\/#article","isPartOf":{"@id":"https:\/\/www.ucaldas.edu.co\/portal\/derecho-a-morir-dignamente-tema-en-35-anos-de-liga-contra-el-cancer-seccional-caldas\/"},"author":{"name":"ofiprensa","@id":"https:\/\/www.ucaldas.edu.co\/portal\/#\/schema\/person\/a1b482e23449158b4bc319926c074fdf"},"headline":"Derecho a morir dignamente, tema en 35 a\u00f1os de Liga Contra el C\u00e1ncer Seccional Caldas","datePublished":"2012-11-02T14:21:24+00:00","mainEntityOfPage":{"@id":"https:\/\/www.ucaldas.edu.co\/portal\/derecho-a-morir-dignamente-tema-en-35-anos-de-liga-contra-el-cancer-seccional-caldas\/"},"wordCount":385,"publisher":{"@id":"https:\/\/www.ucaldas.edu.co\/portal\/#organization"},"image":{"@id":"https:\/\/www.ucaldas.edu.co\/portal\/derecho-a-morir-dignamente-tema-en-35-anos-de-liga-contra-el-cancer-seccional-caldas\/#primaryimage"},"thumbnailUrl":"http:\/\/www.ucaldas.edu.co\/images\/tmp\/morir_dignamente.jpg","articleSection":["Actualidad","Universidad al D\u00eda"],"inLanguage":"es"},{"@type":"WebPage","@id":"https:\/\/www.ucaldas.edu.co\/portal\/derecho-a-morir-dignamente-tema-en-35-anos-de-liga-contra-el-cancer-seccional-caldas\/","url":"https:\/\/www.ucaldas.edu.co\/portal\/derecho-a-morir-dignamente-tema-en-35-anos-de-liga-contra-el-cancer-seccional-caldas\/","name":"Derecho a morir dignamente, tema en 35 a\u00f1os de Liga Contra el C\u00e1ncer Seccional Caldas .","isPartOf":{"@id":"https:\/\/www.ucaldas.edu.co\/portal\/#website"},"primaryImageOfPage":{"@id":"https:\/\/www.ucaldas.edu.co\/portal\/derecho-a-morir-dignamente-tema-en-35-anos-de-liga-contra-el-cancer-seccional-caldas\/#primaryimage"},"image":{"@id":"https:\/\/www.ucaldas.edu.co\/portal\/derecho-a-morir-dignamente-tema-en-35-anos-de-liga-contra-el-cancer-seccional-caldas\/#primaryimage"},"thumbnailUrl":"http:\/\/www.ucaldas.edu.co\/images\/tmp\/morir_dignamente.jpg","datePublished":"2012-11-02T14:21:24+00:00","breadcrumb":{"@id":"https:\/\/www.ucaldas.edu.co\/portal\/derecho-a-morir-dignamente-tema-en-35-anos-de-liga-contra-el-cancer-seccional-caldas\/#breadcrumb"},"inLanguage":"es","potentialAction":[{"@type":"ReadAction","target":["https:\/\/www.ucaldas.edu.co\/portal\/derecho-a-morir-dignamente-tema-en-35-anos-de-liga-contra-el-cancer-seccional-caldas\/"]}]},{"@type":"ImageObject","inLanguage":"es","@id":"https:\/\/www.ucaldas.edu.co\/portal\/derecho-a-morir-dignamente-tema-en-35-anos-de-liga-contra-el-cancer-seccional-caldas\/#primaryimage","url":"http:\/\/www.ucaldas.edu.co\/images\/tmp\/morir_dignamente.jpg","contentUrl":"http:\/\/www.ucaldas.edu.co\/images\/tmp\/morir_dignamente.jpg"},{"@type":"BreadcrumbList","@id":"https:\/\/www.ucaldas.edu.co\/portal\/derecho-a-morir-dignamente-tema-en-35-anos-de-liga-contra-el-cancer-seccional-caldas\/#breadcrumb","itemListElement":[{"@type":"ListItem","position":1,"name":"Portada","item":"https:\/\/www.ucaldas.edu.co\/portal\/"},{"@type":"ListItem","position":2,"name":"Derecho a morir dignamente, tema en 35 a\u00f1os de Liga Contra el C\u00e1ncer Seccional Caldas"}]},{"@type":"WebSite","@id":"https:\/\/www.ucaldas.edu.co\/portal\/#website","url":"https:\/\/www.ucaldas.edu.co\/portal\/","name":"Universidad de Caldas","description":"","publisher":{"@id":"https:\/\/www.ucaldas.edu.co\/portal\/#organization"},"alternateName":"U. de Caldas","potentialAction":[{"@type":"SearchAction","target":{"@type":"EntryPoint","urlTemplate":"https:\/\/www.ucaldas.edu.co\/portal\/?s={search_term_string}"},"query-input":{"@type":"PropertyValueSpecification","valueRequired":true,"valueName":"search_term_string"}}],"inLanguage":"es"},{"@type":"Organization","@id":"https:\/\/www.ucaldas.edu.co\/portal\/#organization","name":"Universidad de Caldas","alternateName":"U. de Caldas","url":"https:\/\/www.ucaldas.edu.co\/portal\/","logo":{"@type":"ImageObject","inLanguage":"es","@id":"https:\/\/www.ucaldas.edu.co\/portal\/#\/schema\/logo\/image\/","url":"https:\/\/www.ucaldas.edu.co\/portal\/wp-content\/uploads\/2023\/11\/Logo_horizontal_oscuroU-2023.png","contentUrl":"https:\/\/www.ucaldas.edu.co\/portal\/wp-content\/uploads\/2023\/11\/Logo_horizontal_oscuroU-2023.png","width":263,"height":101,"caption":"Universidad de Caldas"},"image":{"@id":"https:\/\/www.ucaldas.edu.co\/portal\/#\/schema\/logo\/image\/"},"sameAs":["https:\/\/www.facebook.com\/udecaldas","https:\/\/x.com\/udecaldas","https:\/\/www.youtube.com\/universidadcaldas","https:\/\/www.instagram.com\/udecaldas\/"]},{"@type":"Person","@id":"https:\/\/www.ucaldas.edu.co\/portal\/#\/schema\/person\/a1b482e23449158b4bc319926c074fdf","name":"ofiprensa","image":{"@type":"ImageObject","inLanguage":"es","@id":"https:\/\/www.ucaldas.edu.co\/portal\/wp-content\/litespeed\/avatar\/09ea5085e600095a7a811142c6944527.jpg?ver=1777497608","url":"https:\/\/www.ucaldas.edu.co\/portal\/wp-content\/litespeed\/avatar\/09ea5085e600095a7a811142c6944527.jpg?ver=1777497608","contentUrl":"https:\/\/www.ucaldas.edu.co\/portal\/wp-content\/litespeed\/avatar\/09ea5085e600095a7a811142c6944527.jpg?ver=1777497608","caption":"ofiprensa"},"url":"https:\/\/www.ucaldas.edu.co\/portal\/author\/ofiprensa\/"}]}},"_links":{"self":[{"href":"https:\/\/www.ucaldas.edu.co\/portal\/wp-json\/wp\/v2\/posts\/13965","targetHints":{"allow":["GET"]}}],"collection":[{"href":"https:\/\/www.ucaldas.edu.co\/portal\/wp-json\/wp\/v2\/posts"}],"about":[{"href":"https:\/\/www.ucaldas.edu.co\/portal\/wp-json\/wp\/v2\/types\/post"}],"author":[{"embeddable":true,"href":"https:\/\/www.ucaldas.edu.co\/portal\/wp-json\/wp\/v2\/users\/2"}],"replies":[{"embeddable":true,"href":"https:\/\/www.ucaldas.edu.co\/portal\/wp-json\/wp\/v2\/comments?post=13965"}],"version-history":[{"count":0,"href":"https:\/\/www.ucaldas.edu.co\/portal\/wp-json\/wp\/v2\/posts\/13965\/revisions"}],"wp:attachment":[{"href":"https:\/\/www.ucaldas.edu.co\/portal\/wp-json\/wp\/v2\/media?parent=13965"}],"wp:term":[{"taxonomy":"category","embeddable":true,"href":"https:\/\/www.ucaldas.edu.co\/portal\/wp-json\/wp\/v2\/categories?post=13965"},{"taxonomy":"post_tag","embeddable":true,"href":"https:\/\/www.ucaldas.edu.co\/portal\/wp-json\/wp\/v2\/tags?post=13965"}],"curies":[{"name":"wp","href":"https:\/\/api.w.org\/{rel}","templated":true}]}}