{"id":13963,"date":"2012-11-02T09:20:42","date_gmt":"2012-11-02T14:20:42","guid":{"rendered":"https:\/\/www.ucaldas.edu.co\/portal\/?p=13963"},"modified":"2012-11-02T09:20:42","modified_gmt":"2012-11-02T14:20:42","slug":"en-u-de-caldas-se-presentaron-nuevas-tendencias-en-produccion-de-vacunas","status":"publish","type":"post","link":"https:\/\/www.ucaldas.edu.co\/portal\/en-u-de-caldas-se-presentaron-nuevas-tendencias-en-produccion-de-vacunas\/","title":{"rendered":"En U. de Caldas se presentaron nuevas tendencias en producci\u00f3n de vacunas"},"content":{"rendered":"<p>Durante conferencia organizada por Doctorado en Ciencias Agrarias<\/p>\n<hr \/>\n<p>&nbsp;<\/p>\n<p align=\"right\">02\/11\/2012<br \/>\nRedacci\u00f3n: Mar\u00eda Fernanda Restrepo Torres<\/p>\n<table border=\"0\">\n<tbody>\n<tr>\n<td>\u00a0<img loading=\"lazy\" decoding=\"async\" style=\"border: 0px\" title=\"En U. de Caldas se presentaron nuevas tendencias en producci\u00f3n de vacunas\" alt=\"Vacunas- Carval\" src=\"http:\/\/www.ucaldas.edu.co\/images\/tmp\/conferencia_vacunas.jpg\" width=\"240\" height=\"160\" border=\"0\" \/><\/p>\n<h4>Foto: Guillermo Sarmiento\/Prensa U. de Caldas<\/h4>\n<\/td>\n<td>El viernes\u00a0<b>2 de noviembre<\/b>\u00a0de <b>2012\u00a0<\/b>se llev\u00f3 a cabo la\u00a0<b>conferencia\u00a0<i>Enfoques y tendencias<\/i><\/b><i>\u00a0en la\u00a0<b>producci\u00f3n de vacunas<\/b>\u00a0de\u00a0<b>nueva generaci\u00f3n<\/b>,<\/i><b>organizada\u00a0<\/b>por el\u00a0<b>Doctorado en Ciencias Agrarias<\/b>\u00a0de la\u00a0<b>Universidad de Caldas<\/b>.<\/td>\n<\/tr>\n<\/tbody>\n<\/table>\n<p>&nbsp;<\/p>\n<p><b>\u00d3scar J. Robin M<\/b>,\u00a0<b>M\u00e9dico Veterinario<\/b>\u00a0y\u00a0<b>Vicepresidente Cient\u00edfico<\/b>\u00a0de\u00a0<b>Carval<\/b>, fue el\u00a0<b>conferencista invitado<\/b>\u00a0y acerca de su ponencia explic\u00f3 que \u201cel enfoque es la evoluci\u00f3n de las vacunas, c\u00f3mo estas han avanzado hacia tecnolog\u00edas de \u00faltima generaci\u00f3n con DNA recombinante, vacunas citoquinas (a\u00fan en investigaci\u00f3n), entre otras\u201d.<\/p>\n<p>De acuerdo con el conferencista, entre las utilidades de estas vacunas est\u00e1 la ausencia de reacciones, la no neutralizaci\u00f3n por anticuerpo materno, no presencia de virus completos en el campo para evitar las recombinaciones y la protecci\u00f3n, que sigue siendo muy favorable.<\/p>\n<p><a href=\"https:\/\/www.facebook.com\/media\/set\/?set=a.429702187091652.102880.107054166023124&amp;type=3\" target=\"_blank\">Observe im\u00e1genes de la conferencia<b>\u00a0<\/b>Enfoques en la producci\u00f3n de vacunas de nueva generaci\u00f3n<\/a><\/p>\n<p><b>Informes:<\/b>\u00a0Doctorado en Ciencias Agrarias, tel\u00e9fono\u00a0\u00a0878 15 00, extensi\u00f3n\u00a0\u00a015 661.<\/p>\n","protected":false},"excerpt":{"rendered":"<p>Durante conferencia organizada por Doctorado en Ciencias Agrarias &nbsp; 02\/11\/2012 Redacci\u00f3n: Mar\u00eda Fernanda Restrepo Torres \u00a0 Foto: Guillermo Sarmiento\/Prensa U. de Caldas El viernes\u00a02 de noviembre\u00a0de 2012\u00a0se llev\u00f3 a cabo la\u00a0conferencia\u00a0Enfoques y tendencias\u00a0en la\u00a0producci\u00f3n de vacunas\u00a0de\u00a0nueva generaci\u00f3n,organizada\u00a0por el\u00a0Doctorado en Ciencias Agrarias\u00a0de la\u00a0Universidad de Caldas. &nbsp; \u00d3scar J. Robin M,\u00a0M\u00e9dico Veterinario\u00a0y\u00a0Vicepresidente Cient\u00edfico\u00a0de\u00a0Carval, fue el\u00a0conferencista invitado\u00a0y acerca [&hellip;]<\/p>\n","protected":false},"author":2,"featured_media":0,"comment_status":"closed","ping_status":"closed","sticky":false,"template":"","format":"standard","meta":{"footnotes":""},"categories":[48,53],"tags":[],"class_list":["post-13963","post","type-post","status-publish","format-standard","hentry","category-actualidad","category-universidad-al-dia"],"yoast_head":"<!-- This site is optimized with the Yoast SEO plugin v27.5 - https:\/\/yoast.com\/product\/yoast-seo-wordpress\/ -->\n<title>En U. de Caldas se presentaron nuevas tendencias en producci\u00f3n de vacunas .<\/title>\n<meta name=\"robots\" content=\"index, follow, max-snippet:-1, max-image-preview:large, max-video-preview:-1\" \/>\n<link rel=\"canonical\" href=\"https:\/\/www.ucaldas.edu.co\/portal\/en-u-de-caldas-se-presentaron-nuevas-tendencias-en-produccion-de-vacunas\/\" \/>\n<script type=\"application\/ld+json\" class=\"yoast-schema-graph\">{\"@context\":\"https:\\\/\\\/schema.org\",\"@graph\":[{\"@type\":\"Article\",\"@id\":\"https:\\\/\\\/www.ucaldas.edu.co\\\/portal\\\/en-u-de-caldas-se-presentaron-nuevas-tendencias-en-produccion-de-vacunas\\\/#article\",\"isPartOf\":{\"@id\":\"https:\\\/\\\/www.ucaldas.edu.co\\\/portal\\\/en-u-de-caldas-se-presentaron-nuevas-tendencias-en-produccion-de-vacunas\\\/\"},\"author\":{\"name\":\"ofiprensa\",\"@id\":\"https:\\\/\\\/www.ucaldas.edu.co\\\/portal\\\/#\\\/schema\\\/person\\\/a1b482e23449158b4bc319926c074fdf\"},\"headline\":\"En U. de Caldas se presentaron nuevas tendencias en producci\u00f3n de vacunas\",\"datePublished\":\"2012-11-02T14:20:42+00:00\",\"mainEntityOfPage\":{\"@id\":\"https:\\\/\\\/www.ucaldas.edu.co\\\/portal\\\/en-u-de-caldas-se-presentaron-nuevas-tendencias-en-produccion-de-vacunas\\\/\"},\"wordCount\":200,\"publisher\":{\"@id\":\"https:\\\/\\\/www.ucaldas.edu.co\\\/portal\\\/#organization\"},\"image\":{\"@id\":\"https:\\\/\\\/www.ucaldas.edu.co\\\/portal\\\/en-u-de-caldas-se-presentaron-nuevas-tendencias-en-produccion-de-vacunas\\\/#primaryimage\"},\"thumbnailUrl\":\"http:\\\/\\\/www.ucaldas.edu.co\\\/images\\\/tmp\\\/conferencia_vacunas.jpg\",\"articleSection\":[\"Actualidad\",\"Universidad al D\u00eda\"],\"inLanguage\":\"es\"},{\"@type\":\"WebPage\",\"@id\":\"https:\\\/\\\/www.ucaldas.edu.co\\\/portal\\\/en-u-de-caldas-se-presentaron-nuevas-tendencias-en-produccion-de-vacunas\\\/\",\"url\":\"https:\\\/\\\/www.ucaldas.edu.co\\\/portal\\\/en-u-de-caldas-se-presentaron-nuevas-tendencias-en-produccion-de-vacunas\\\/\",\"name\":\"En U. de Caldas se presentaron nuevas tendencias en producci\u00f3n de vacunas .\",\"isPartOf\":{\"@id\":\"https:\\\/\\\/www.ucaldas.edu.co\\\/portal\\\/#website\"},\"primaryImageOfPage\":{\"@id\":\"https:\\\/\\\/www.ucaldas.edu.co\\\/portal\\\/en-u-de-caldas-se-presentaron-nuevas-tendencias-en-produccion-de-vacunas\\\/#primaryimage\"},\"image\":{\"@id\":\"https:\\\/\\\/www.ucaldas.edu.co\\\/portal\\\/en-u-de-caldas-se-presentaron-nuevas-tendencias-en-produccion-de-vacunas\\\/#primaryimage\"},\"thumbnailUrl\":\"http:\\\/\\\/www.ucaldas.edu.co\\\/images\\\/tmp\\\/conferencia_vacunas.jpg\",\"datePublished\":\"2012-11-02T14:20:42+00:00\",\"breadcrumb\":{\"@id\":\"https:\\\/\\\/www.ucaldas.edu.co\\\/portal\\\/en-u-de-caldas-se-presentaron-nuevas-tendencias-en-produccion-de-vacunas\\\/#breadcrumb\"},\"inLanguage\":\"es\",\"potentialAction\":[{\"@type\":\"ReadAction\",\"target\":[\"https:\\\/\\\/www.ucaldas.edu.co\\\/portal\\\/en-u-de-caldas-se-presentaron-nuevas-tendencias-en-produccion-de-vacunas\\\/\"]}]},{\"@type\":\"ImageObject\",\"inLanguage\":\"es\",\"@id\":\"https:\\\/\\\/www.ucaldas.edu.co\\\/portal\\\/en-u-de-caldas-se-presentaron-nuevas-tendencias-en-produccion-de-vacunas\\\/#primaryimage\",\"url\":\"http:\\\/\\\/www.ucaldas.edu.co\\\/images\\\/tmp\\\/conferencia_vacunas.jpg\",\"contentUrl\":\"http:\\\/\\\/www.ucaldas.edu.co\\\/images\\\/tmp\\\/conferencia_vacunas.jpg\"},{\"@type\":\"BreadcrumbList\",\"@id\":\"https:\\\/\\\/www.ucaldas.edu.co\\\/portal\\\/en-u-de-caldas-se-presentaron-nuevas-tendencias-en-produccion-de-vacunas\\\/#breadcrumb\",\"itemListElement\":[{\"@type\":\"ListItem\",\"position\":1,\"name\":\"Portada\",\"item\":\"https:\\\/\\\/www.ucaldas.edu.co\\\/portal\\\/\"},{\"@type\":\"ListItem\",\"position\":2,\"name\":\"En U. de Caldas se presentaron nuevas tendencias en producci\u00f3n de vacunas\"}]},{\"@type\":\"WebSite\",\"@id\":\"https:\\\/\\\/www.ucaldas.edu.co\\\/portal\\\/#website\",\"url\":\"https:\\\/\\\/www.ucaldas.edu.co\\\/portal\\\/\",\"name\":\"Universidad de Caldas\",\"description\":\"\",\"publisher\":{\"@id\":\"https:\\\/\\\/www.ucaldas.edu.co\\\/portal\\\/#organization\"},\"alternateName\":\"U. de Caldas\",\"potentialAction\":[{\"@type\":\"SearchAction\",\"target\":{\"@type\":\"EntryPoint\",\"urlTemplate\":\"https:\\\/\\\/www.ucaldas.edu.co\\\/portal\\\/?s={search_term_string}\"},\"query-input\":{\"@type\":\"PropertyValueSpecification\",\"valueRequired\":true,\"valueName\":\"search_term_string\"}}],\"inLanguage\":\"es\"},{\"@type\":\"Organization\",\"@id\":\"https:\\\/\\\/www.ucaldas.edu.co\\\/portal\\\/#organization\",\"name\":\"Universidad de Caldas\",\"alternateName\":\"U. de Caldas\",\"url\":\"https:\\\/\\\/www.ucaldas.edu.co\\\/portal\\\/\",\"logo\":{\"@type\":\"ImageObject\",\"inLanguage\":\"es\",\"@id\":\"https:\\\/\\\/www.ucaldas.edu.co\\\/portal\\\/#\\\/schema\\\/logo\\\/image\\\/\",\"url\":\"https:\\\/\\\/www.ucaldas.edu.co\\\/portal\\\/wp-content\\\/uploads\\\/2023\\\/11\\\/Logo_horizontal_oscuroU-2023.png\",\"contentUrl\":\"https:\\\/\\\/www.ucaldas.edu.co\\\/portal\\\/wp-content\\\/uploads\\\/2023\\\/11\\\/Logo_horizontal_oscuroU-2023.png\",\"width\":263,\"height\":101,\"caption\":\"Universidad de Caldas\"},\"image\":{\"@id\":\"https:\\\/\\\/www.ucaldas.edu.co\\\/portal\\\/#\\\/schema\\\/logo\\\/image\\\/\"},\"sameAs\":[\"https:\\\/\\\/www.facebook.com\\\/udecaldas\",\"https:\\\/\\\/x.com\\\/udecaldas\",\"https:\\\/\\\/www.youtube.com\\\/universidadcaldas\",\"https:\\\/\\\/www.instagram.com\\\/udecaldas\\\/\"]},{\"@type\":\"Person\",\"@id\":\"https:\\\/\\\/www.ucaldas.edu.co\\\/portal\\\/#\\\/schema\\\/person\\\/a1b482e23449158b4bc319926c074fdf\",\"name\":\"ofiprensa\",\"image\":{\"@type\":\"ImageObject\",\"inLanguage\":\"es\",\"@id\":\"https:\\\/\\\/www.ucaldas.edu.co\\\/portal\\\/wp-content\\\/litespeed\\\/avatar\\\/09ea5085e600095a7a811142c6944527.jpg?ver=1777497608\",\"url\":\"https:\\\/\\\/www.ucaldas.edu.co\\\/portal\\\/wp-content\\\/litespeed\\\/avatar\\\/09ea5085e600095a7a811142c6944527.jpg?ver=1777497608\",\"contentUrl\":\"https:\\\/\\\/www.ucaldas.edu.co\\\/portal\\\/wp-content\\\/litespeed\\\/avatar\\\/09ea5085e600095a7a811142c6944527.jpg?ver=1777497608\",\"caption\":\"ofiprensa\"},\"url\":\"https:\\\/\\\/www.ucaldas.edu.co\\\/portal\\\/author\\\/ofiprensa\\\/\"}]}<\/script>\n<!-- \/ Yoast SEO plugin. -->","yoast_head_json":{"title":"En U. de Caldas se presentaron nuevas tendencias en producci\u00f3n de vacunas .","robots":{"index":"index","follow":"follow","max-snippet":"max-snippet:-1","max-image-preview":"max-image-preview:large","max-video-preview":"max-video-preview:-1"},"canonical":"https:\/\/www.ucaldas.edu.co\/portal\/en-u-de-caldas-se-presentaron-nuevas-tendencias-en-produccion-de-vacunas\/","schema":{"@context":"https:\/\/schema.org","@graph":[{"@type":"Article","@id":"https:\/\/www.ucaldas.edu.co\/portal\/en-u-de-caldas-se-presentaron-nuevas-tendencias-en-produccion-de-vacunas\/#article","isPartOf":{"@id":"https:\/\/www.ucaldas.edu.co\/portal\/en-u-de-caldas-se-presentaron-nuevas-tendencias-en-produccion-de-vacunas\/"},"author":{"name":"ofiprensa","@id":"https:\/\/www.ucaldas.edu.co\/portal\/#\/schema\/person\/a1b482e23449158b4bc319926c074fdf"},"headline":"En U. de Caldas se presentaron nuevas tendencias en producci\u00f3n de vacunas","datePublished":"2012-11-02T14:20:42+00:00","mainEntityOfPage":{"@id":"https:\/\/www.ucaldas.edu.co\/portal\/en-u-de-caldas-se-presentaron-nuevas-tendencias-en-produccion-de-vacunas\/"},"wordCount":200,"publisher":{"@id":"https:\/\/www.ucaldas.edu.co\/portal\/#organization"},"image":{"@id":"https:\/\/www.ucaldas.edu.co\/portal\/en-u-de-caldas-se-presentaron-nuevas-tendencias-en-produccion-de-vacunas\/#primaryimage"},"thumbnailUrl":"http:\/\/www.ucaldas.edu.co\/images\/tmp\/conferencia_vacunas.jpg","articleSection":["Actualidad","Universidad al D\u00eda"],"inLanguage":"es"},{"@type":"WebPage","@id":"https:\/\/www.ucaldas.edu.co\/portal\/en-u-de-caldas-se-presentaron-nuevas-tendencias-en-produccion-de-vacunas\/","url":"https:\/\/www.ucaldas.edu.co\/portal\/en-u-de-caldas-se-presentaron-nuevas-tendencias-en-produccion-de-vacunas\/","name":"En U. de Caldas se presentaron nuevas tendencias en producci\u00f3n de vacunas .","isPartOf":{"@id":"https:\/\/www.ucaldas.edu.co\/portal\/#website"},"primaryImageOfPage":{"@id":"https:\/\/www.ucaldas.edu.co\/portal\/en-u-de-caldas-se-presentaron-nuevas-tendencias-en-produccion-de-vacunas\/#primaryimage"},"image":{"@id":"https:\/\/www.ucaldas.edu.co\/portal\/en-u-de-caldas-se-presentaron-nuevas-tendencias-en-produccion-de-vacunas\/#primaryimage"},"thumbnailUrl":"http:\/\/www.ucaldas.edu.co\/images\/tmp\/conferencia_vacunas.jpg","datePublished":"2012-11-02T14:20:42+00:00","breadcrumb":{"@id":"https:\/\/www.ucaldas.edu.co\/portal\/en-u-de-caldas-se-presentaron-nuevas-tendencias-en-produccion-de-vacunas\/#breadcrumb"},"inLanguage":"es","potentialAction":[{"@type":"ReadAction","target":["https:\/\/www.ucaldas.edu.co\/portal\/en-u-de-caldas-se-presentaron-nuevas-tendencias-en-produccion-de-vacunas\/"]}]},{"@type":"ImageObject","inLanguage":"es","@id":"https:\/\/www.ucaldas.edu.co\/portal\/en-u-de-caldas-se-presentaron-nuevas-tendencias-en-produccion-de-vacunas\/#primaryimage","url":"http:\/\/www.ucaldas.edu.co\/images\/tmp\/conferencia_vacunas.jpg","contentUrl":"http:\/\/www.ucaldas.edu.co\/images\/tmp\/conferencia_vacunas.jpg"},{"@type":"BreadcrumbList","@id":"https:\/\/www.ucaldas.edu.co\/portal\/en-u-de-caldas-se-presentaron-nuevas-tendencias-en-produccion-de-vacunas\/#breadcrumb","itemListElement":[{"@type":"ListItem","position":1,"name":"Portada","item":"https:\/\/www.ucaldas.edu.co\/portal\/"},{"@type":"ListItem","position":2,"name":"En U. de Caldas se presentaron nuevas tendencias en producci\u00f3n de vacunas"}]},{"@type":"WebSite","@id":"https:\/\/www.ucaldas.edu.co\/portal\/#website","url":"https:\/\/www.ucaldas.edu.co\/portal\/","name":"Universidad de Caldas","description":"","publisher":{"@id":"https:\/\/www.ucaldas.edu.co\/portal\/#organization"},"alternateName":"U. de Caldas","potentialAction":[{"@type":"SearchAction","target":{"@type":"EntryPoint","urlTemplate":"https:\/\/www.ucaldas.edu.co\/portal\/?s={search_term_string}"},"query-input":{"@type":"PropertyValueSpecification","valueRequired":true,"valueName":"search_term_string"}}],"inLanguage":"es"},{"@type":"Organization","@id":"https:\/\/www.ucaldas.edu.co\/portal\/#organization","name":"Universidad de Caldas","alternateName":"U. de Caldas","url":"https:\/\/www.ucaldas.edu.co\/portal\/","logo":{"@type":"ImageObject","inLanguage":"es","@id":"https:\/\/www.ucaldas.edu.co\/portal\/#\/schema\/logo\/image\/","url":"https:\/\/www.ucaldas.edu.co\/portal\/wp-content\/uploads\/2023\/11\/Logo_horizontal_oscuroU-2023.png","contentUrl":"https:\/\/www.ucaldas.edu.co\/portal\/wp-content\/uploads\/2023\/11\/Logo_horizontal_oscuroU-2023.png","width":263,"height":101,"caption":"Universidad de Caldas"},"image":{"@id":"https:\/\/www.ucaldas.edu.co\/portal\/#\/schema\/logo\/image\/"},"sameAs":["https:\/\/www.facebook.com\/udecaldas","https:\/\/x.com\/udecaldas","https:\/\/www.youtube.com\/universidadcaldas","https:\/\/www.instagram.com\/udecaldas\/"]},{"@type":"Person","@id":"https:\/\/www.ucaldas.edu.co\/portal\/#\/schema\/person\/a1b482e23449158b4bc319926c074fdf","name":"ofiprensa","image":{"@type":"ImageObject","inLanguage":"es","@id":"https:\/\/www.ucaldas.edu.co\/portal\/wp-content\/litespeed\/avatar\/09ea5085e600095a7a811142c6944527.jpg?ver=1777497608","url":"https:\/\/www.ucaldas.edu.co\/portal\/wp-content\/litespeed\/avatar\/09ea5085e600095a7a811142c6944527.jpg?ver=1777497608","contentUrl":"https:\/\/www.ucaldas.edu.co\/portal\/wp-content\/litespeed\/avatar\/09ea5085e600095a7a811142c6944527.jpg?ver=1777497608","caption":"ofiprensa"},"url":"https:\/\/www.ucaldas.edu.co\/portal\/author\/ofiprensa\/"}]}},"_links":{"self":[{"href":"https:\/\/www.ucaldas.edu.co\/portal\/wp-json\/wp\/v2\/posts\/13963","targetHints":{"allow":["GET"]}}],"collection":[{"href":"https:\/\/www.ucaldas.edu.co\/portal\/wp-json\/wp\/v2\/posts"}],"about":[{"href":"https:\/\/www.ucaldas.edu.co\/portal\/wp-json\/wp\/v2\/types\/post"}],"author":[{"embeddable":true,"href":"https:\/\/www.ucaldas.edu.co\/portal\/wp-json\/wp\/v2\/users\/2"}],"replies":[{"embeddable":true,"href":"https:\/\/www.ucaldas.edu.co\/portal\/wp-json\/wp\/v2\/comments?post=13963"}],"version-history":[{"count":0,"href":"https:\/\/www.ucaldas.edu.co\/portal\/wp-json\/wp\/v2\/posts\/13963\/revisions"}],"wp:attachment":[{"href":"https:\/\/www.ucaldas.edu.co\/portal\/wp-json\/wp\/v2\/media?parent=13963"}],"wp:term":[{"taxonomy":"category","embeddable":true,"href":"https:\/\/www.ucaldas.edu.co\/portal\/wp-json\/wp\/v2\/categories?post=13963"},{"taxonomy":"post_tag","embeddable":true,"href":"https:\/\/www.ucaldas.edu.co\/portal\/wp-json\/wp\/v2\/tags?post=13963"}],"curies":[{"name":"wp","href":"https:\/\/api.w.org\/{rel}","templated":true}]}}