{"id":13961,"date":"2012-11-02T09:19:55","date_gmt":"2012-11-02T14:19:55","guid":{"rendered":"https:\/\/www.ucaldas.edu.co\/portal\/?p=13961"},"modified":"2012-11-02T09:19:55","modified_gmt":"2012-11-02T14:19:55","slug":"estudiantes-tambien-protagonizaron-11-dia-de-la-quimica-en-u-de-caldas","status":"publish","type":"post","link":"https:\/\/www.ucaldas.edu.co\/portal\/estudiantes-tambien-protagonizaron-11-dia-de-la-quimica-en-u-de-caldas\/","title":{"rendered":"Estudiantes tambi\u00e9n protagonizaron  11\u00b0 D\u00eda de la Qu\u00edmica en U. de Caldas"},"content":{"rendered":"<p>Fueron dos dias de programaci\u00f3n acad\u00e9mica, did\u00e1ctica y social<\/p>\n<hr \/>\n<p>&nbsp;<\/p>\n<p align=\"right\">02\/11\/2012<br \/>\nRedacci\u00f3n: Mar\u00eda Fernanda Restrepo Torres<\/p>\n<p align=\"right\">\n<table border=\"0\">\n<tbody>\n<tr>\n<td>&nbsp;<\/p>\n<p><img loading=\"lazy\" decoding=\"async\" style=\"border: 0px\" title=\"Estudiantes tambi\u00e9n protagonizaron  11\u00b0 D\u00eda de la Qu\u00edmica en U. de Caldas\" alt=\"quimica al paso\" src=\"http:\/\/www.ucaldas.edu.co\/images\/tmp\/quimica_al_paso.jpg\" width=\"240\" height=\"160\" border=\"0\" \/><\/p>\n<h4>Foto: Guillermo Sarmiento\/Prensa U. de Caldas.<\/h4>\n<\/td>\n<td>La\u00a0<b>segunda jornada<\/b>\u00a0del\u00a0<b>11\u00b0 D\u00eda de la Qu\u00edmica<\/b>, que se\u00a0<b>celebr\u00f3\u00a0<\/b>en la\u00a0<b>Universidad de Caldas\u00a0<\/b>los d\u00edas\u00a0<b>1 y 2 de noviembre\u00a0<\/b>de 2012, tuvo una<b>programaci\u00f3n participativa<\/b>\u00a0en la cual se\u00a0<b>involucr\u00f3\u00a0<\/b>la\u00a0<b>comunidad universitaria<\/b>\u00a0con\u00a0<b>actividades relacionadas<\/b>\u00a0con esta\u00a0<b>disciplina.<\/b><\/td>\n<\/tr>\n<\/tbody>\n<\/table>\n<p>&nbsp;<\/p>\n<p><b><i>Qu\u00edmica al paso<\/i><\/b><b>, o<i>limpiadas\u00a0<\/i><\/b><i>de\u00a0<b>conocimiento en qu\u00edmica\u00a0<\/b><\/i>y un<b>\u00a0circuito de observaci\u00f3n<\/b>,<i>\u00a0<\/i>fueron las\u00a0<b>din\u00e1micas propuestas<\/b>\u00a0en el segundo d\u00eda del evento. La programaci\u00f3n permiti\u00f3 que los estudiantes de la\u00a0<b>Licenciatura en Biolog\u00eda y Qu\u00edmica<\/b>\u00a0de la U. de Caldas compartieran sus conocimientos con otros miembros de la Instituci\u00f3n.<\/p>\n<p>Con diferentes stands en donde los estudiantes expusieron experimentos, se desarroll\u00f3\u00a0<i>Qu\u00edmica al paso<\/i>. All\u00ed se dio a conocer c\u00f3mo elaborar champ\u00fa y gel, c\u00f3mo preparar detergentes, utilidad de los derivados del alveolo de la naranja, entre otros.<\/p>\n<p><b>Diana Lorena Casta\u00f1o Cardona y Natalia Murcia Santaf\u00e9, octavo semestre:\u00a0<\/b>\u201cmostramos como elaborar un detergente para pisos y ropa, compuesto de formol, sulfato de amonio, hidr\u00f3xido de sodio, hipoclorito de sodio y urea. Se necesita un Ph-\u00edmetro, ya que el Ph del producto debe estar entre 6 y 8. Si no est\u00e1 en este rango, el detergente puede da\u00f1ar las prendas\u201d.<\/p>\n<p><b>Paula Alejandra Trujillo Am\u00e9zquita, octavo Semestre:<\/b>\u00a0\u201cquiero ense\u00f1ar el proceso qu\u00edmico del champ\u00fa y gel para el cabello con elementos naturales. Es un champ\u00fa de s\u00e1bila, utilizando un gelificante, que es un pol\u00edmero que viene de la celulosa, la cual se extrae de las plantas.\u00a0Se a\u00f1ade agua y jugo de lim\u00f3n, y aunque no se agrega la sustancia qu\u00edmica que produce espuma de jab\u00f3n, el champ\u00fa sin este componente limpia igual\u201d.<\/p>\n<p><b>Luisa Fernanda Ocampo S\u00e1nchez y Oscar Berm\u00fadez, octavo semestre:\u00a0<\/b>\u201cdel alveolo de la naranja extraemos Pectina, un carbohidrato polisac\u00e1rido que da textura de gel a la mermelada y tambi\u00e9n se emplea en dulces, jalea, bocadillo. En medicina se usa como absorbente digestivo y colabora en el metabolismo de las personas que sufren de colesterol o hipoglicemia, pues retrasa la absorci\u00f3n de az\u00facares\u201d.<\/p>\n<p>Simult\u00e1neamente se realizaron las\u00a0<i>Olimpiadas de la qu\u00edmica<\/i>, en donde los estudiantes compitieron entre ellos, empleando sus conocimientos en la materia. Los ganadores del concurso obtuvieron entradas gratis para la fiesta de cierre del evento.<\/p>\n<p><a href=\"https:\/\/www.facebook.com\/media\/set\/?set=a.429367010458503.102787.107054166023124&amp;type=3\" target=\"_blank\">Vea im\u00e1genes del 11\u00b0 D\u00eda de la Qu\u00edmica<\/a><\/p>\n<p><b>Informes:<\/b>\u00a0Departamento de Qu\u00edmica, tel\u00e9fono 878 15 42.<\/p>\n","protected":false},"excerpt":{"rendered":"<p>Fueron dos dias de programaci\u00f3n acad\u00e9mica, did\u00e1ctica y social &nbsp; 02\/11\/2012 Redacci\u00f3n: Mar\u00eda Fernanda Restrepo Torres &nbsp; Foto: Guillermo Sarmiento\/Prensa U. de Caldas. La\u00a0segunda jornada\u00a0del\u00a011\u00b0 D\u00eda de la Qu\u00edmica, que se\u00a0celebr\u00f3\u00a0en la\u00a0Universidad de Caldas\u00a0los d\u00edas\u00a01 y 2 de noviembre\u00a0de 2012, tuvo unaprogramaci\u00f3n participativa\u00a0en la cual se\u00a0involucr\u00f3\u00a0la\u00a0comunidad universitaria\u00a0con\u00a0actividades relacionadas\u00a0con esta\u00a0disciplina. &nbsp; Qu\u00edmica al paso, olimpiadas\u00a0de\u00a0conocimiento en [&hellip;]<\/p>\n","protected":false},"author":2,"featured_media":0,"comment_status":"closed","ping_status":"closed","sticky":false,"template":"","format":"standard","meta":{"footnotes":""},"categories":[48,53],"tags":[],"class_list":["post-13961","post","type-post","status-publish","format-standard","hentry","category-actualidad","category-universidad-al-dia"],"yoast_head":"<!-- This site is optimized with the Yoast SEO plugin v27.5 - https:\/\/yoast.com\/product\/yoast-seo-wordpress\/ -->\n<title>Estudiantes tambi\u00e9n protagonizaron 11\u00b0 D\u00eda de la Qu\u00edmica en U. de Caldas .<\/title>\n<meta name=\"robots\" content=\"index, follow, max-snippet:-1, max-image-preview:large, max-video-preview:-1\" \/>\n<link rel=\"canonical\" href=\"https:\/\/www.ucaldas.edu.co\/portal\/estudiantes-tambien-protagonizaron-11-dia-de-la-quimica-en-u-de-caldas\/\" \/>\n<script type=\"application\/ld+json\" class=\"yoast-schema-graph\">{\"@context\":\"https:\\\/\\\/schema.org\",\"@graph\":[{\"@type\":\"Article\",\"@id\":\"https:\\\/\\\/www.ucaldas.edu.co\\\/portal\\\/estudiantes-tambien-protagonizaron-11-dia-de-la-quimica-en-u-de-caldas\\\/#article\",\"isPartOf\":{\"@id\":\"https:\\\/\\\/www.ucaldas.edu.co\\\/portal\\\/estudiantes-tambien-protagonizaron-11-dia-de-la-quimica-en-u-de-caldas\\\/\"},\"author\":{\"name\":\"ofiprensa\",\"@id\":\"https:\\\/\\\/www.ucaldas.edu.co\\\/portal\\\/#\\\/schema\\\/person\\\/a1b482e23449158b4bc319926c074fdf\"},\"headline\":\"Estudiantes tambi\u00e9n protagonizaron 11\u00b0 D\u00eda de la Qu\u00edmica en U. de Caldas\",\"datePublished\":\"2012-11-02T14:19:55+00:00\",\"mainEntityOfPage\":{\"@id\":\"https:\\\/\\\/www.ucaldas.edu.co\\\/portal\\\/estudiantes-tambien-protagonizaron-11-dia-de-la-quimica-en-u-de-caldas\\\/\"},\"wordCount\":452,\"publisher\":{\"@id\":\"https:\\\/\\\/www.ucaldas.edu.co\\\/portal\\\/#organization\"},\"image\":{\"@id\":\"https:\\\/\\\/www.ucaldas.edu.co\\\/portal\\\/estudiantes-tambien-protagonizaron-11-dia-de-la-quimica-en-u-de-caldas\\\/#primaryimage\"},\"thumbnailUrl\":\"http:\\\/\\\/www.ucaldas.edu.co\\\/images\\\/tmp\\\/quimica_al_paso.jpg\",\"articleSection\":[\"Actualidad\",\"Universidad al D\u00eda\"],\"inLanguage\":\"es\"},{\"@type\":\"WebPage\",\"@id\":\"https:\\\/\\\/www.ucaldas.edu.co\\\/portal\\\/estudiantes-tambien-protagonizaron-11-dia-de-la-quimica-en-u-de-caldas\\\/\",\"url\":\"https:\\\/\\\/www.ucaldas.edu.co\\\/portal\\\/estudiantes-tambien-protagonizaron-11-dia-de-la-quimica-en-u-de-caldas\\\/\",\"name\":\"Estudiantes tambi\u00e9n protagonizaron 11\u00b0 D\u00eda de la Qu\u00edmica en U. de Caldas .\",\"isPartOf\":{\"@id\":\"https:\\\/\\\/www.ucaldas.edu.co\\\/portal\\\/#website\"},\"primaryImageOfPage\":{\"@id\":\"https:\\\/\\\/www.ucaldas.edu.co\\\/portal\\\/estudiantes-tambien-protagonizaron-11-dia-de-la-quimica-en-u-de-caldas\\\/#primaryimage\"},\"image\":{\"@id\":\"https:\\\/\\\/www.ucaldas.edu.co\\\/portal\\\/estudiantes-tambien-protagonizaron-11-dia-de-la-quimica-en-u-de-caldas\\\/#primaryimage\"},\"thumbnailUrl\":\"http:\\\/\\\/www.ucaldas.edu.co\\\/images\\\/tmp\\\/quimica_al_paso.jpg\",\"datePublished\":\"2012-11-02T14:19:55+00:00\",\"breadcrumb\":{\"@id\":\"https:\\\/\\\/www.ucaldas.edu.co\\\/portal\\\/estudiantes-tambien-protagonizaron-11-dia-de-la-quimica-en-u-de-caldas\\\/#breadcrumb\"},\"inLanguage\":\"es\",\"potentialAction\":[{\"@type\":\"ReadAction\",\"target\":[\"https:\\\/\\\/www.ucaldas.edu.co\\\/portal\\\/estudiantes-tambien-protagonizaron-11-dia-de-la-quimica-en-u-de-caldas\\\/\"]}]},{\"@type\":\"ImageObject\",\"inLanguage\":\"es\",\"@id\":\"https:\\\/\\\/www.ucaldas.edu.co\\\/portal\\\/estudiantes-tambien-protagonizaron-11-dia-de-la-quimica-en-u-de-caldas\\\/#primaryimage\",\"url\":\"http:\\\/\\\/www.ucaldas.edu.co\\\/images\\\/tmp\\\/quimica_al_paso.jpg\",\"contentUrl\":\"http:\\\/\\\/www.ucaldas.edu.co\\\/images\\\/tmp\\\/quimica_al_paso.jpg\"},{\"@type\":\"BreadcrumbList\",\"@id\":\"https:\\\/\\\/www.ucaldas.edu.co\\\/portal\\\/estudiantes-tambien-protagonizaron-11-dia-de-la-quimica-en-u-de-caldas\\\/#breadcrumb\",\"itemListElement\":[{\"@type\":\"ListItem\",\"position\":1,\"name\":\"Portada\",\"item\":\"https:\\\/\\\/www.ucaldas.edu.co\\\/portal\\\/\"},{\"@type\":\"ListItem\",\"position\":2,\"name\":\"Estudiantes tambi\u00e9n protagonizaron 11\u00b0 D\u00eda de la Qu\u00edmica en U. de Caldas\"}]},{\"@type\":\"WebSite\",\"@id\":\"https:\\\/\\\/www.ucaldas.edu.co\\\/portal\\\/#website\",\"url\":\"https:\\\/\\\/www.ucaldas.edu.co\\\/portal\\\/\",\"name\":\"Universidad de Caldas\",\"description\":\"\",\"publisher\":{\"@id\":\"https:\\\/\\\/www.ucaldas.edu.co\\\/portal\\\/#organization\"},\"alternateName\":\"U. de Caldas\",\"potentialAction\":[{\"@type\":\"SearchAction\",\"target\":{\"@type\":\"EntryPoint\",\"urlTemplate\":\"https:\\\/\\\/www.ucaldas.edu.co\\\/portal\\\/?s={search_term_string}\"},\"query-input\":{\"@type\":\"PropertyValueSpecification\",\"valueRequired\":true,\"valueName\":\"search_term_string\"}}],\"inLanguage\":\"es\"},{\"@type\":\"Organization\",\"@id\":\"https:\\\/\\\/www.ucaldas.edu.co\\\/portal\\\/#organization\",\"name\":\"Universidad de Caldas\",\"alternateName\":\"U. de Caldas\",\"url\":\"https:\\\/\\\/www.ucaldas.edu.co\\\/portal\\\/\",\"logo\":{\"@type\":\"ImageObject\",\"inLanguage\":\"es\",\"@id\":\"https:\\\/\\\/www.ucaldas.edu.co\\\/portal\\\/#\\\/schema\\\/logo\\\/image\\\/\",\"url\":\"https:\\\/\\\/www.ucaldas.edu.co\\\/portal\\\/wp-content\\\/uploads\\\/2023\\\/11\\\/Logo_horizontal_oscuroU-2023.png\",\"contentUrl\":\"https:\\\/\\\/www.ucaldas.edu.co\\\/portal\\\/wp-content\\\/uploads\\\/2023\\\/11\\\/Logo_horizontal_oscuroU-2023.png\",\"width\":263,\"height\":101,\"caption\":\"Universidad de Caldas\"},\"image\":{\"@id\":\"https:\\\/\\\/www.ucaldas.edu.co\\\/portal\\\/#\\\/schema\\\/logo\\\/image\\\/\"},\"sameAs\":[\"https:\\\/\\\/www.facebook.com\\\/udecaldas\",\"https:\\\/\\\/x.com\\\/udecaldas\",\"https:\\\/\\\/www.youtube.com\\\/universidadcaldas\",\"https:\\\/\\\/www.instagram.com\\\/udecaldas\\\/\"]},{\"@type\":\"Person\",\"@id\":\"https:\\\/\\\/www.ucaldas.edu.co\\\/portal\\\/#\\\/schema\\\/person\\\/a1b482e23449158b4bc319926c074fdf\",\"name\":\"ofiprensa\",\"image\":{\"@type\":\"ImageObject\",\"inLanguage\":\"es\",\"@id\":\"https:\\\/\\\/www.ucaldas.edu.co\\\/portal\\\/wp-content\\\/litespeed\\\/avatar\\\/09ea5085e600095a7a811142c6944527.jpg?ver=1777497608\",\"url\":\"https:\\\/\\\/www.ucaldas.edu.co\\\/portal\\\/wp-content\\\/litespeed\\\/avatar\\\/09ea5085e600095a7a811142c6944527.jpg?ver=1777497608\",\"contentUrl\":\"https:\\\/\\\/www.ucaldas.edu.co\\\/portal\\\/wp-content\\\/litespeed\\\/avatar\\\/09ea5085e600095a7a811142c6944527.jpg?ver=1777497608\",\"caption\":\"ofiprensa\"},\"url\":\"https:\\\/\\\/www.ucaldas.edu.co\\\/portal\\\/author\\\/ofiprensa\\\/\"}]}<\/script>\n<!-- \/ Yoast SEO plugin. -->","yoast_head_json":{"title":"Estudiantes tambi\u00e9n protagonizaron 11\u00b0 D\u00eda de la Qu\u00edmica en U. de Caldas .","robots":{"index":"index","follow":"follow","max-snippet":"max-snippet:-1","max-image-preview":"max-image-preview:large","max-video-preview":"max-video-preview:-1"},"canonical":"https:\/\/www.ucaldas.edu.co\/portal\/estudiantes-tambien-protagonizaron-11-dia-de-la-quimica-en-u-de-caldas\/","schema":{"@context":"https:\/\/schema.org","@graph":[{"@type":"Article","@id":"https:\/\/www.ucaldas.edu.co\/portal\/estudiantes-tambien-protagonizaron-11-dia-de-la-quimica-en-u-de-caldas\/#article","isPartOf":{"@id":"https:\/\/www.ucaldas.edu.co\/portal\/estudiantes-tambien-protagonizaron-11-dia-de-la-quimica-en-u-de-caldas\/"},"author":{"name":"ofiprensa","@id":"https:\/\/www.ucaldas.edu.co\/portal\/#\/schema\/person\/a1b482e23449158b4bc319926c074fdf"},"headline":"Estudiantes tambi\u00e9n protagonizaron 11\u00b0 D\u00eda de la Qu\u00edmica en U. de Caldas","datePublished":"2012-11-02T14:19:55+00:00","mainEntityOfPage":{"@id":"https:\/\/www.ucaldas.edu.co\/portal\/estudiantes-tambien-protagonizaron-11-dia-de-la-quimica-en-u-de-caldas\/"},"wordCount":452,"publisher":{"@id":"https:\/\/www.ucaldas.edu.co\/portal\/#organization"},"image":{"@id":"https:\/\/www.ucaldas.edu.co\/portal\/estudiantes-tambien-protagonizaron-11-dia-de-la-quimica-en-u-de-caldas\/#primaryimage"},"thumbnailUrl":"http:\/\/www.ucaldas.edu.co\/images\/tmp\/quimica_al_paso.jpg","articleSection":["Actualidad","Universidad al D\u00eda"],"inLanguage":"es"},{"@type":"WebPage","@id":"https:\/\/www.ucaldas.edu.co\/portal\/estudiantes-tambien-protagonizaron-11-dia-de-la-quimica-en-u-de-caldas\/","url":"https:\/\/www.ucaldas.edu.co\/portal\/estudiantes-tambien-protagonizaron-11-dia-de-la-quimica-en-u-de-caldas\/","name":"Estudiantes tambi\u00e9n protagonizaron 11\u00b0 D\u00eda de la Qu\u00edmica en U. de Caldas .","isPartOf":{"@id":"https:\/\/www.ucaldas.edu.co\/portal\/#website"},"primaryImageOfPage":{"@id":"https:\/\/www.ucaldas.edu.co\/portal\/estudiantes-tambien-protagonizaron-11-dia-de-la-quimica-en-u-de-caldas\/#primaryimage"},"image":{"@id":"https:\/\/www.ucaldas.edu.co\/portal\/estudiantes-tambien-protagonizaron-11-dia-de-la-quimica-en-u-de-caldas\/#primaryimage"},"thumbnailUrl":"http:\/\/www.ucaldas.edu.co\/images\/tmp\/quimica_al_paso.jpg","datePublished":"2012-11-02T14:19:55+00:00","breadcrumb":{"@id":"https:\/\/www.ucaldas.edu.co\/portal\/estudiantes-tambien-protagonizaron-11-dia-de-la-quimica-en-u-de-caldas\/#breadcrumb"},"inLanguage":"es","potentialAction":[{"@type":"ReadAction","target":["https:\/\/www.ucaldas.edu.co\/portal\/estudiantes-tambien-protagonizaron-11-dia-de-la-quimica-en-u-de-caldas\/"]}]},{"@type":"ImageObject","inLanguage":"es","@id":"https:\/\/www.ucaldas.edu.co\/portal\/estudiantes-tambien-protagonizaron-11-dia-de-la-quimica-en-u-de-caldas\/#primaryimage","url":"http:\/\/www.ucaldas.edu.co\/images\/tmp\/quimica_al_paso.jpg","contentUrl":"http:\/\/www.ucaldas.edu.co\/images\/tmp\/quimica_al_paso.jpg"},{"@type":"BreadcrumbList","@id":"https:\/\/www.ucaldas.edu.co\/portal\/estudiantes-tambien-protagonizaron-11-dia-de-la-quimica-en-u-de-caldas\/#breadcrumb","itemListElement":[{"@type":"ListItem","position":1,"name":"Portada","item":"https:\/\/www.ucaldas.edu.co\/portal\/"},{"@type":"ListItem","position":2,"name":"Estudiantes tambi\u00e9n protagonizaron 11\u00b0 D\u00eda de la Qu\u00edmica en U. de Caldas"}]},{"@type":"WebSite","@id":"https:\/\/www.ucaldas.edu.co\/portal\/#website","url":"https:\/\/www.ucaldas.edu.co\/portal\/","name":"Universidad de Caldas","description":"","publisher":{"@id":"https:\/\/www.ucaldas.edu.co\/portal\/#organization"},"alternateName":"U. de Caldas","potentialAction":[{"@type":"SearchAction","target":{"@type":"EntryPoint","urlTemplate":"https:\/\/www.ucaldas.edu.co\/portal\/?s={search_term_string}"},"query-input":{"@type":"PropertyValueSpecification","valueRequired":true,"valueName":"search_term_string"}}],"inLanguage":"es"},{"@type":"Organization","@id":"https:\/\/www.ucaldas.edu.co\/portal\/#organization","name":"Universidad de Caldas","alternateName":"U. de Caldas","url":"https:\/\/www.ucaldas.edu.co\/portal\/","logo":{"@type":"ImageObject","inLanguage":"es","@id":"https:\/\/www.ucaldas.edu.co\/portal\/#\/schema\/logo\/image\/","url":"https:\/\/www.ucaldas.edu.co\/portal\/wp-content\/uploads\/2023\/11\/Logo_horizontal_oscuroU-2023.png","contentUrl":"https:\/\/www.ucaldas.edu.co\/portal\/wp-content\/uploads\/2023\/11\/Logo_horizontal_oscuroU-2023.png","width":263,"height":101,"caption":"Universidad de Caldas"},"image":{"@id":"https:\/\/www.ucaldas.edu.co\/portal\/#\/schema\/logo\/image\/"},"sameAs":["https:\/\/www.facebook.com\/udecaldas","https:\/\/x.com\/udecaldas","https:\/\/www.youtube.com\/universidadcaldas","https:\/\/www.instagram.com\/udecaldas\/"]},{"@type":"Person","@id":"https:\/\/www.ucaldas.edu.co\/portal\/#\/schema\/person\/a1b482e23449158b4bc319926c074fdf","name":"ofiprensa","image":{"@type":"ImageObject","inLanguage":"es","@id":"https:\/\/www.ucaldas.edu.co\/portal\/wp-content\/litespeed\/avatar\/09ea5085e600095a7a811142c6944527.jpg?ver=1777497608","url":"https:\/\/www.ucaldas.edu.co\/portal\/wp-content\/litespeed\/avatar\/09ea5085e600095a7a811142c6944527.jpg?ver=1777497608","contentUrl":"https:\/\/www.ucaldas.edu.co\/portal\/wp-content\/litespeed\/avatar\/09ea5085e600095a7a811142c6944527.jpg?ver=1777497608","caption":"ofiprensa"},"url":"https:\/\/www.ucaldas.edu.co\/portal\/author\/ofiprensa\/"}]}},"_links":{"self":[{"href":"https:\/\/www.ucaldas.edu.co\/portal\/wp-json\/wp\/v2\/posts\/13961","targetHints":{"allow":["GET"]}}],"collection":[{"href":"https:\/\/www.ucaldas.edu.co\/portal\/wp-json\/wp\/v2\/posts"}],"about":[{"href":"https:\/\/www.ucaldas.edu.co\/portal\/wp-json\/wp\/v2\/types\/post"}],"author":[{"embeddable":true,"href":"https:\/\/www.ucaldas.edu.co\/portal\/wp-json\/wp\/v2\/users\/2"}],"replies":[{"embeddable":true,"href":"https:\/\/www.ucaldas.edu.co\/portal\/wp-json\/wp\/v2\/comments?post=13961"}],"version-history":[{"count":0,"href":"https:\/\/www.ucaldas.edu.co\/portal\/wp-json\/wp\/v2\/posts\/13961\/revisions"}],"wp:attachment":[{"href":"https:\/\/www.ucaldas.edu.co\/portal\/wp-json\/wp\/v2\/media?parent=13961"}],"wp:term":[{"taxonomy":"category","embeddable":true,"href":"https:\/\/www.ucaldas.edu.co\/portal\/wp-json\/wp\/v2\/categories?post=13961"},{"taxonomy":"post_tag","embeddable":true,"href":"https:\/\/www.ucaldas.edu.co\/portal\/wp-json\/wp\/v2\/tags?post=13961"}],"curies":[{"name":"wp","href":"https:\/\/api.w.org\/{rel}","templated":true}]}}