{"id":13661,"date":"2012-07-31T17:45:14","date_gmt":"2012-07-31T22:45:14","guid":{"rendered":"https:\/\/www.ucaldas.edu.co\/portal\/?p=13661"},"modified":"2012-07-31T17:45:14","modified_gmt":"2012-07-31T22:45:14","slug":"si-la-gente-no-conoce-no-puede-amar-entender-ni-defender-lo-que-tiene-fabio-rincon-cardona","status":"publish","type":"post","link":"https:\/\/www.ucaldas.edu.co\/portal\/si-la-gente-no-conoce-no-puede-amar-entender-ni-defender-lo-que-tiene-fabio-rincon-cardona\/","title":{"rendered":"\u201cSi la gente no conoce, no puede amar, entender, ni defender lo que tiene\u201d: Fabio Rinc\u00f3n Cardona"},"content":{"rendered":"<p align=\"center\">Director de C\u00e1tedra Unesco invita a taller internacional sobre Paisaje Cultural Cafetero<\/p>\n<p align=\"center\">\n<p align=\"right\">\n<p align=\"right\">31\/07\/2012<\/p>\n<hr \/>\n<p align=\"right\">Redacci\u00f3n: Margarita Mar\u00eda Laverde Galvis<\/p>\n<p><b>\u00a0<\/b><\/p>\n<table border=\"0\">\n<tbody>\n<tr>\n<td>&nbsp;<\/p>\n<p><img loading=\"lazy\" decoding=\"async\" style=\"border: 0px\" title=\"PCC\" alt=\"PCC\" src=\"http:\/\/www.ucaldas.edu.co\/images\/tmp\/taller_internacional_paisaje_cultural_cafetero_2012.jpg\" width=\"240\" height=\"150\" border=\"0\" \/><\/p>\n<h4>Foto: Guillermo Sarmiento Estrada\/ Prensa U. de Caldas.<\/h4>\n<\/td>\n<td><b>Hasta<\/b><b> el Centro Nacional de Investigaciones de Caf\u00e9 (<\/b><b>Cenicaf\u00e9<\/b><b>) y <\/b><b>Buencaf\u00e9 Liofilizado de Colombia<\/b><b>, en <\/b><b>Chinchin\u00e1 (Caldas),<\/b><b> <\/b><b>llegaron<\/b><b> este <\/b><b>martes 31<\/b><b> de <\/b><b>julio<\/b><b> del 2012 <\/b><b>60 participantes<\/b><b> del <\/b><b>Taller Internacional Estudios del Paisaje<i>, <\/i><\/b><b>que<\/b><b> comenz\u00f3 <\/b><b>el<\/b><b> 30 <\/b><b>de <\/b><b>julio, <\/b><b>en la capital de departamento caldense. Los <\/b><b>participantes<\/b><b> <\/b><b>conocieron<\/b><b> sobre la <\/b><b>producci\u00f3n e investigaci\u00f3n<\/b><b> de la regi\u00f3n.<\/b><\/td>\n<\/tr>\n<\/tbody>\n<\/table>\n<p>&nbsp;<\/p>\n<p><b>Fabio Rinc\u00f3n Cardona<\/b><b>, Director de la C\u00e1tedra Unesco y Coordinador del Observatorio para la Sostenibilidad del Patrimonio en Paisajes, <\/b><b>inform\u00f3: \u201cse conoce por Paisaje Cultural Cafetero (PCC) la mezcla de dos elementos fundamentales: lo cultural y lo natural en un entorno espec\u00edfico. Esa uni\u00f3n ha producido una forma de ser y de vida, arquitectura, m\u00fasica: lo que llamamos cultura cafetera\u201d<\/b><\/p>\n<p><b>\u201cEste taller busca saber qu\u00e9 es el paisaje, su institucionalidad, arquitectura y turismo\u201d, manifest\u00f3 Rinc\u00f3n Cardona, quien explic\u00f3 que el evento estudia la investigaci\u00f3n sobre el caf\u00e9, flora y fauna que acompa\u00f1a la producci\u00f3n de la regi\u00f3n.<\/b><\/p>\n<p><b>U. de Caldas, en visi\u00f3n regional del paisaje<br \/>\n<\/b><b>Felipe Cesar Londo\u00f1o L\u00f3pez,<\/b><b> Director del Doctorado en Dise\u00f1o y Creaci\u00f3n de la U. de Caldas, <\/b><b>expres\u00f3: \u201cdesde la Instituci\u00f3n tenemos grandes contribuciones, desde el Doctorado y una l\u00ednea de investigaci\u00f3n que estamos desarrollando en torno a la sostenibilidad, adem\u00e1s del arte en la sociedad y el medio ambiente\u201d.<\/b><\/p>\n<p><b>Por otra parte, Adriana G\u00f3mez \u00c1lzate,<\/b><b> Directora de la Maestr\u00eda en Dise\u00f1o y Creaci\u00f3n Interactiva de la U. de Caldas, <\/b><b>dijo: \u201cen esta primera jornada estamos tratando el tema de la institucionalidad cafetera, por lo que nos interesa conocer las instituciones, de qu\u00e9 manera se integran y c\u00f3mo funcionan, tanto en lo social, econ\u00f3mico y medio ambiental, con el tema del paisaje\u201d.<\/b><\/p>\n<p><b>\u201cTodos los estudios sobre paisaje involucran estos temas que tienen que ver con la producci\u00f3n, eje central desde este encuentro. Es muy importante trabajar en conjunto desde la visi\u00f3n regional\u201d, agreg\u00f3 G\u00f3mez \u00c1lzate.<\/b><\/p>\n<p><b>Combinaci\u00f3n del paisaje<br \/>\n<\/b><b>Una de las m\u00e1s satisfechas con el recorrido fue <\/b><b>Mar\u00eda del Mar Loren M\u00e9ndez, profesora titular del Departamento de Historia y Teor\u00edas de la Universidad de Sevilla (Espa\u00f1a), <\/b><b>quien coment\u00f3: \u201cno es mi primera vez en Colombia, pero esta jornada me ha impresionado porque los paisajes europeos son mucho m\u00e1s peque\u00f1os y limitados. Esta infinitud y grandeza que transmite el paisaje est\u00e1 muy presente\u201d.<\/b><\/p>\n<p><b>\u201cEsta visita nos ha servido para ver c\u00f3mo se combina esa naturaleza tan potente, con su biodiversidad, el sistema artesanal de recolecci\u00f3n del caf\u00e9, con un fondo de un gran avance tecnol\u00f3gico, al igual que la investigaci\u00f3n. Detr\u00e1s de un paisaje exuberante y su gente existe la tecnolog\u00eda, estudio e investigaci\u00f3n\u201d, agreg\u00f3 la <\/b><b>investigadora de la Red de Arquitectura Vern\u00e1cula Iberoamericana (Avi).<\/b><\/p>\n<p><b><a href=\"http:\/\/www.facebook.com\/media\/set\/?set=a.393967557331782.90905.107054166023124&amp;type=3\" target=\"_blank\">Conozca im\u00e1genes del Taller internacional sobre estudios del paisaje<\/a><\/b><\/p>\n<p><b><a href=\"http:\/\/desarrollo.ucaldas.edu.co\/archivo\/images\/tmp\/programaciontallerinternacionalpcc.png\" target=\"_blank\">Conozca aqu\u00ed la programaci\u00f3n del evento<\/a><br \/>\n<\/b><b><br \/>\n<\/b><b>Informes: <\/b><b>Oficina de Prensa U. de Caldas, tel\u00e9fono 878 15 00, extensi\u00f3n 12 167.<br \/>\n<\/b><\/p>\n","protected":false},"excerpt":{"rendered":"<p>Director de C\u00e1tedra Unesco invita a taller internacional sobre Paisaje Cultural Cafetero 31\/07\/2012 Redacci\u00f3n: Margarita Mar\u00eda Laverde Galvis \u00a0 &nbsp; Foto: Guillermo Sarmiento Estrada\/ Prensa U. de Caldas. Hasta el Centro Nacional de Investigaciones de Caf\u00e9 (Cenicaf\u00e9) y Buencaf\u00e9 Liofilizado de Colombia, en Chinchin\u00e1 (Caldas), llegaron este martes 31 de julio del 2012 60 participantes [&hellip;]<\/p>\n","protected":false},"author":2,"featured_media":0,"comment_status":"closed","ping_status":"closed","sticky":false,"template":"","format":"standard","meta":{"footnotes":""},"categories":[48,53],"tags":[],"class_list":["post-13661","post","type-post","status-publish","format-standard","hentry","category-actualidad","category-universidad-al-dia"],"yoast_head":"<!-- This site is optimized with the Yoast SEO plugin v27.5 - https:\/\/yoast.com\/product\/yoast-seo-wordpress\/ -->\n<title>\u201cSi la gente no conoce, no puede amar, entender, ni defender lo que tiene\u201d: Fabio Rinc\u00f3n Cardona .<\/title>\n<meta name=\"robots\" content=\"index, follow, max-snippet:-1, max-image-preview:large, max-video-preview:-1\" \/>\n<link rel=\"canonical\" href=\"https:\/\/www.ucaldas.edu.co\/portal\/si-la-gente-no-conoce-no-puede-amar-entender-ni-defender-lo-que-tiene-fabio-rincon-cardona\/\" \/>\n<script type=\"application\/ld+json\" class=\"yoast-schema-graph\">{\"@context\":\"https:\\\/\\\/schema.org\",\"@graph\":[{\"@type\":\"Article\",\"@id\":\"https:\\\/\\\/www.ucaldas.edu.co\\\/portal\\\/si-la-gente-no-conoce-no-puede-amar-entender-ni-defender-lo-que-tiene-fabio-rincon-cardona\\\/#article\",\"isPartOf\":{\"@id\":\"https:\\\/\\\/www.ucaldas.edu.co\\\/portal\\\/si-la-gente-no-conoce-no-puede-amar-entender-ni-defender-lo-que-tiene-fabio-rincon-cardona\\\/\"},\"author\":{\"name\":\"ofiprensa\",\"@id\":\"https:\\\/\\\/www.ucaldas.edu.co\\\/portal\\\/#\\\/schema\\\/person\\\/a1b482e23449158b4bc319926c074fdf\"},\"headline\":\"\u201cSi la gente no conoce, no puede amar, entender, ni defender lo que tiene\u201d: Fabio Rinc\u00f3n Cardona\",\"datePublished\":\"2012-07-31T22:45:14+00:00\",\"mainEntityOfPage\":{\"@id\":\"https:\\\/\\\/www.ucaldas.edu.co\\\/portal\\\/si-la-gente-no-conoce-no-puede-amar-entender-ni-defender-lo-que-tiene-fabio-rincon-cardona\\\/\"},\"wordCount\":553,\"publisher\":{\"@id\":\"https:\\\/\\\/www.ucaldas.edu.co\\\/portal\\\/#organization\"},\"image\":{\"@id\":\"https:\\\/\\\/www.ucaldas.edu.co\\\/portal\\\/si-la-gente-no-conoce-no-puede-amar-entender-ni-defender-lo-que-tiene-fabio-rincon-cardona\\\/#primaryimage\"},\"thumbnailUrl\":\"http:\\\/\\\/www.ucaldas.edu.co\\\/images\\\/tmp\\\/taller_internacional_paisaje_cultural_cafetero_2012.jpg\",\"articleSection\":[\"Actualidad\",\"Universidad al D\u00eda\"],\"inLanguage\":\"es\"},{\"@type\":\"WebPage\",\"@id\":\"https:\\\/\\\/www.ucaldas.edu.co\\\/portal\\\/si-la-gente-no-conoce-no-puede-amar-entender-ni-defender-lo-que-tiene-fabio-rincon-cardona\\\/\",\"url\":\"https:\\\/\\\/www.ucaldas.edu.co\\\/portal\\\/si-la-gente-no-conoce-no-puede-amar-entender-ni-defender-lo-que-tiene-fabio-rincon-cardona\\\/\",\"name\":\"\u201cSi la gente no conoce, no puede amar, entender, ni defender lo que tiene\u201d: Fabio Rinc\u00f3n Cardona .\",\"isPartOf\":{\"@id\":\"https:\\\/\\\/www.ucaldas.edu.co\\\/portal\\\/#website\"},\"primaryImageOfPage\":{\"@id\":\"https:\\\/\\\/www.ucaldas.edu.co\\\/portal\\\/si-la-gente-no-conoce-no-puede-amar-entender-ni-defender-lo-que-tiene-fabio-rincon-cardona\\\/#primaryimage\"},\"image\":{\"@id\":\"https:\\\/\\\/www.ucaldas.edu.co\\\/portal\\\/si-la-gente-no-conoce-no-puede-amar-entender-ni-defender-lo-que-tiene-fabio-rincon-cardona\\\/#primaryimage\"},\"thumbnailUrl\":\"http:\\\/\\\/www.ucaldas.edu.co\\\/images\\\/tmp\\\/taller_internacional_paisaje_cultural_cafetero_2012.jpg\",\"datePublished\":\"2012-07-31T22:45:14+00:00\",\"breadcrumb\":{\"@id\":\"https:\\\/\\\/www.ucaldas.edu.co\\\/portal\\\/si-la-gente-no-conoce-no-puede-amar-entender-ni-defender-lo-que-tiene-fabio-rincon-cardona\\\/#breadcrumb\"},\"inLanguage\":\"es\",\"potentialAction\":[{\"@type\":\"ReadAction\",\"target\":[\"https:\\\/\\\/www.ucaldas.edu.co\\\/portal\\\/si-la-gente-no-conoce-no-puede-amar-entender-ni-defender-lo-que-tiene-fabio-rincon-cardona\\\/\"]}]},{\"@type\":\"ImageObject\",\"inLanguage\":\"es\",\"@id\":\"https:\\\/\\\/www.ucaldas.edu.co\\\/portal\\\/si-la-gente-no-conoce-no-puede-amar-entender-ni-defender-lo-que-tiene-fabio-rincon-cardona\\\/#primaryimage\",\"url\":\"http:\\\/\\\/www.ucaldas.edu.co\\\/images\\\/tmp\\\/taller_internacional_paisaje_cultural_cafetero_2012.jpg\",\"contentUrl\":\"http:\\\/\\\/www.ucaldas.edu.co\\\/images\\\/tmp\\\/taller_internacional_paisaje_cultural_cafetero_2012.jpg\"},{\"@type\":\"BreadcrumbList\",\"@id\":\"https:\\\/\\\/www.ucaldas.edu.co\\\/portal\\\/si-la-gente-no-conoce-no-puede-amar-entender-ni-defender-lo-que-tiene-fabio-rincon-cardona\\\/#breadcrumb\",\"itemListElement\":[{\"@type\":\"ListItem\",\"position\":1,\"name\":\"Portada\",\"item\":\"https:\\\/\\\/www.ucaldas.edu.co\\\/portal\\\/\"},{\"@type\":\"ListItem\",\"position\":2,\"name\":\"\u201cSi la gente no conoce, no puede amar, entender, ni defender lo que tiene\u201d: Fabio Rinc\u00f3n Cardona\"}]},{\"@type\":\"WebSite\",\"@id\":\"https:\\\/\\\/www.ucaldas.edu.co\\\/portal\\\/#website\",\"url\":\"https:\\\/\\\/www.ucaldas.edu.co\\\/portal\\\/\",\"name\":\"Universidad de Caldas\",\"description\":\"\",\"publisher\":{\"@id\":\"https:\\\/\\\/www.ucaldas.edu.co\\\/portal\\\/#organization\"},\"alternateName\":\"U. de Caldas\",\"potentialAction\":[{\"@type\":\"SearchAction\",\"target\":{\"@type\":\"EntryPoint\",\"urlTemplate\":\"https:\\\/\\\/www.ucaldas.edu.co\\\/portal\\\/?s={search_term_string}\"},\"query-input\":{\"@type\":\"PropertyValueSpecification\",\"valueRequired\":true,\"valueName\":\"search_term_string\"}}],\"inLanguage\":\"es\"},{\"@type\":\"Organization\",\"@id\":\"https:\\\/\\\/www.ucaldas.edu.co\\\/portal\\\/#organization\",\"name\":\"Universidad de Caldas\",\"alternateName\":\"U. de Caldas\",\"url\":\"https:\\\/\\\/www.ucaldas.edu.co\\\/portal\\\/\",\"logo\":{\"@type\":\"ImageObject\",\"inLanguage\":\"es\",\"@id\":\"https:\\\/\\\/www.ucaldas.edu.co\\\/portal\\\/#\\\/schema\\\/logo\\\/image\\\/\",\"url\":\"https:\\\/\\\/www.ucaldas.edu.co\\\/portal\\\/wp-content\\\/uploads\\\/2023\\\/11\\\/Logo_horizontal_oscuroU-2023.png\",\"contentUrl\":\"https:\\\/\\\/www.ucaldas.edu.co\\\/portal\\\/wp-content\\\/uploads\\\/2023\\\/11\\\/Logo_horizontal_oscuroU-2023.png\",\"width\":263,\"height\":101,\"caption\":\"Universidad de Caldas\"},\"image\":{\"@id\":\"https:\\\/\\\/www.ucaldas.edu.co\\\/portal\\\/#\\\/schema\\\/logo\\\/image\\\/\"},\"sameAs\":[\"https:\\\/\\\/www.facebook.com\\\/udecaldas\",\"https:\\\/\\\/x.com\\\/udecaldas\",\"https:\\\/\\\/www.youtube.com\\\/universidadcaldas\",\"https:\\\/\\\/www.instagram.com\\\/udecaldas\\\/\"]},{\"@type\":\"Person\",\"@id\":\"https:\\\/\\\/www.ucaldas.edu.co\\\/portal\\\/#\\\/schema\\\/person\\\/a1b482e23449158b4bc319926c074fdf\",\"name\":\"ofiprensa\",\"image\":{\"@type\":\"ImageObject\",\"inLanguage\":\"es\",\"@id\":\"https:\\\/\\\/www.ucaldas.edu.co\\\/portal\\\/wp-content\\\/litespeed\\\/avatar\\\/09ea5085e600095a7a811142c6944527.jpg?ver=1777497608\",\"url\":\"https:\\\/\\\/www.ucaldas.edu.co\\\/portal\\\/wp-content\\\/litespeed\\\/avatar\\\/09ea5085e600095a7a811142c6944527.jpg?ver=1777497608\",\"contentUrl\":\"https:\\\/\\\/www.ucaldas.edu.co\\\/portal\\\/wp-content\\\/litespeed\\\/avatar\\\/09ea5085e600095a7a811142c6944527.jpg?ver=1777497608\",\"caption\":\"ofiprensa\"},\"url\":\"https:\\\/\\\/www.ucaldas.edu.co\\\/portal\\\/author\\\/ofiprensa\\\/\"}]}<\/script>\n<!-- \/ Yoast SEO plugin. -->","yoast_head_json":{"title":"\u201cSi la gente no conoce, no puede amar, entender, ni defender lo que tiene\u201d: Fabio Rinc\u00f3n Cardona .","robots":{"index":"index","follow":"follow","max-snippet":"max-snippet:-1","max-image-preview":"max-image-preview:large","max-video-preview":"max-video-preview:-1"},"canonical":"https:\/\/www.ucaldas.edu.co\/portal\/si-la-gente-no-conoce-no-puede-amar-entender-ni-defender-lo-que-tiene-fabio-rincon-cardona\/","schema":{"@context":"https:\/\/schema.org","@graph":[{"@type":"Article","@id":"https:\/\/www.ucaldas.edu.co\/portal\/si-la-gente-no-conoce-no-puede-amar-entender-ni-defender-lo-que-tiene-fabio-rincon-cardona\/#article","isPartOf":{"@id":"https:\/\/www.ucaldas.edu.co\/portal\/si-la-gente-no-conoce-no-puede-amar-entender-ni-defender-lo-que-tiene-fabio-rincon-cardona\/"},"author":{"name":"ofiprensa","@id":"https:\/\/www.ucaldas.edu.co\/portal\/#\/schema\/person\/a1b482e23449158b4bc319926c074fdf"},"headline":"\u201cSi la gente no conoce, no puede amar, entender, ni defender lo que tiene\u201d: Fabio Rinc\u00f3n Cardona","datePublished":"2012-07-31T22:45:14+00:00","mainEntityOfPage":{"@id":"https:\/\/www.ucaldas.edu.co\/portal\/si-la-gente-no-conoce-no-puede-amar-entender-ni-defender-lo-que-tiene-fabio-rincon-cardona\/"},"wordCount":553,"publisher":{"@id":"https:\/\/www.ucaldas.edu.co\/portal\/#organization"},"image":{"@id":"https:\/\/www.ucaldas.edu.co\/portal\/si-la-gente-no-conoce-no-puede-amar-entender-ni-defender-lo-que-tiene-fabio-rincon-cardona\/#primaryimage"},"thumbnailUrl":"http:\/\/www.ucaldas.edu.co\/images\/tmp\/taller_internacional_paisaje_cultural_cafetero_2012.jpg","articleSection":["Actualidad","Universidad al D\u00eda"],"inLanguage":"es"},{"@type":"WebPage","@id":"https:\/\/www.ucaldas.edu.co\/portal\/si-la-gente-no-conoce-no-puede-amar-entender-ni-defender-lo-que-tiene-fabio-rincon-cardona\/","url":"https:\/\/www.ucaldas.edu.co\/portal\/si-la-gente-no-conoce-no-puede-amar-entender-ni-defender-lo-que-tiene-fabio-rincon-cardona\/","name":"\u201cSi la gente no conoce, no puede amar, entender, ni defender lo que tiene\u201d: Fabio Rinc\u00f3n Cardona .","isPartOf":{"@id":"https:\/\/www.ucaldas.edu.co\/portal\/#website"},"primaryImageOfPage":{"@id":"https:\/\/www.ucaldas.edu.co\/portal\/si-la-gente-no-conoce-no-puede-amar-entender-ni-defender-lo-que-tiene-fabio-rincon-cardona\/#primaryimage"},"image":{"@id":"https:\/\/www.ucaldas.edu.co\/portal\/si-la-gente-no-conoce-no-puede-amar-entender-ni-defender-lo-que-tiene-fabio-rincon-cardona\/#primaryimage"},"thumbnailUrl":"http:\/\/www.ucaldas.edu.co\/images\/tmp\/taller_internacional_paisaje_cultural_cafetero_2012.jpg","datePublished":"2012-07-31T22:45:14+00:00","breadcrumb":{"@id":"https:\/\/www.ucaldas.edu.co\/portal\/si-la-gente-no-conoce-no-puede-amar-entender-ni-defender-lo-que-tiene-fabio-rincon-cardona\/#breadcrumb"},"inLanguage":"es","potentialAction":[{"@type":"ReadAction","target":["https:\/\/www.ucaldas.edu.co\/portal\/si-la-gente-no-conoce-no-puede-amar-entender-ni-defender-lo-que-tiene-fabio-rincon-cardona\/"]}]},{"@type":"ImageObject","inLanguage":"es","@id":"https:\/\/www.ucaldas.edu.co\/portal\/si-la-gente-no-conoce-no-puede-amar-entender-ni-defender-lo-que-tiene-fabio-rincon-cardona\/#primaryimage","url":"http:\/\/www.ucaldas.edu.co\/images\/tmp\/taller_internacional_paisaje_cultural_cafetero_2012.jpg","contentUrl":"http:\/\/www.ucaldas.edu.co\/images\/tmp\/taller_internacional_paisaje_cultural_cafetero_2012.jpg"},{"@type":"BreadcrumbList","@id":"https:\/\/www.ucaldas.edu.co\/portal\/si-la-gente-no-conoce-no-puede-amar-entender-ni-defender-lo-que-tiene-fabio-rincon-cardona\/#breadcrumb","itemListElement":[{"@type":"ListItem","position":1,"name":"Portada","item":"https:\/\/www.ucaldas.edu.co\/portal\/"},{"@type":"ListItem","position":2,"name":"\u201cSi la gente no conoce, no puede amar, entender, ni defender lo que tiene\u201d: Fabio Rinc\u00f3n Cardona"}]},{"@type":"WebSite","@id":"https:\/\/www.ucaldas.edu.co\/portal\/#website","url":"https:\/\/www.ucaldas.edu.co\/portal\/","name":"Universidad de Caldas","description":"","publisher":{"@id":"https:\/\/www.ucaldas.edu.co\/portal\/#organization"},"alternateName":"U. de Caldas","potentialAction":[{"@type":"SearchAction","target":{"@type":"EntryPoint","urlTemplate":"https:\/\/www.ucaldas.edu.co\/portal\/?s={search_term_string}"},"query-input":{"@type":"PropertyValueSpecification","valueRequired":true,"valueName":"search_term_string"}}],"inLanguage":"es"},{"@type":"Organization","@id":"https:\/\/www.ucaldas.edu.co\/portal\/#organization","name":"Universidad de Caldas","alternateName":"U. de Caldas","url":"https:\/\/www.ucaldas.edu.co\/portal\/","logo":{"@type":"ImageObject","inLanguage":"es","@id":"https:\/\/www.ucaldas.edu.co\/portal\/#\/schema\/logo\/image\/","url":"https:\/\/www.ucaldas.edu.co\/portal\/wp-content\/uploads\/2023\/11\/Logo_horizontal_oscuroU-2023.png","contentUrl":"https:\/\/www.ucaldas.edu.co\/portal\/wp-content\/uploads\/2023\/11\/Logo_horizontal_oscuroU-2023.png","width":263,"height":101,"caption":"Universidad de Caldas"},"image":{"@id":"https:\/\/www.ucaldas.edu.co\/portal\/#\/schema\/logo\/image\/"},"sameAs":["https:\/\/www.facebook.com\/udecaldas","https:\/\/x.com\/udecaldas","https:\/\/www.youtube.com\/universidadcaldas","https:\/\/www.instagram.com\/udecaldas\/"]},{"@type":"Person","@id":"https:\/\/www.ucaldas.edu.co\/portal\/#\/schema\/person\/a1b482e23449158b4bc319926c074fdf","name":"ofiprensa","image":{"@type":"ImageObject","inLanguage":"es","@id":"https:\/\/www.ucaldas.edu.co\/portal\/wp-content\/litespeed\/avatar\/09ea5085e600095a7a811142c6944527.jpg?ver=1777497608","url":"https:\/\/www.ucaldas.edu.co\/portal\/wp-content\/litespeed\/avatar\/09ea5085e600095a7a811142c6944527.jpg?ver=1777497608","contentUrl":"https:\/\/www.ucaldas.edu.co\/portal\/wp-content\/litespeed\/avatar\/09ea5085e600095a7a811142c6944527.jpg?ver=1777497608","caption":"ofiprensa"},"url":"https:\/\/www.ucaldas.edu.co\/portal\/author\/ofiprensa\/"}]}},"_links":{"self":[{"href":"https:\/\/www.ucaldas.edu.co\/portal\/wp-json\/wp\/v2\/posts\/13661","targetHints":{"allow":["GET"]}}],"collection":[{"href":"https:\/\/www.ucaldas.edu.co\/portal\/wp-json\/wp\/v2\/posts"}],"about":[{"href":"https:\/\/www.ucaldas.edu.co\/portal\/wp-json\/wp\/v2\/types\/post"}],"author":[{"embeddable":true,"href":"https:\/\/www.ucaldas.edu.co\/portal\/wp-json\/wp\/v2\/users\/2"}],"replies":[{"embeddable":true,"href":"https:\/\/www.ucaldas.edu.co\/portal\/wp-json\/wp\/v2\/comments?post=13661"}],"version-history":[{"count":0,"href":"https:\/\/www.ucaldas.edu.co\/portal\/wp-json\/wp\/v2\/posts\/13661\/revisions"}],"wp:attachment":[{"href":"https:\/\/www.ucaldas.edu.co\/portal\/wp-json\/wp\/v2\/media?parent=13661"}],"wp:term":[{"taxonomy":"category","embeddable":true,"href":"https:\/\/www.ucaldas.edu.co\/portal\/wp-json\/wp\/v2\/categories?post=13661"},{"taxonomy":"post_tag","embeddable":true,"href":"https:\/\/www.ucaldas.edu.co\/portal\/wp-json\/wp\/v2\/tags?post=13661"}],"curies":[{"name":"wp","href":"https:\/\/api.w.org\/{rel}","templated":true}]}}