{"id":13653,"date":"2012-07-31T17:42:16","date_gmt":"2012-07-31T22:42:16","guid":{"rendered":"https:\/\/www.ucaldas.edu.co\/portal\/?p=13653"},"modified":"2012-07-31T17:42:16","modified_gmt":"2012-07-31T22:42:16","slug":"capacitacion-bases-de-datos-elsevier","status":"publish","type":"post","link":"https:\/\/www.ucaldas.edu.co\/portal\/capacitacion-bases-de-datos-elsevier\/","title":{"rendered":"Capacitaci\u00f3n bases de datos Elsevier"},"content":{"rendered":"<p><strong><span style=\"font-family: 'Calibri','sans-serif'\">ago 10<\/span><\/strong><\/p>\n<hr id=\"system-readmore\" \/>\n<table border=\"0\">\n<tbody>\n<tr>\n<td><img decoding=\"async\" style=\"border: 0px\" title=\"base de datos\" alt=\"base de datos\" src=\"http:\/\/elsevier.trasciendemexico.com\/trasciende\/elsevier\/diplomas\/img\/elsevier.jpg\" border=\"0\" \/><\/td>\n<td>\n<table border=\"0\">\n<tbody>\n<tr>\n<td><\/td>\n<td><\/td>\n<\/tr>\n<\/tbody>\n<\/table>\n<p><strong><span style=\"font-family: 'Calibri','sans-serif'\">Descripci\u00f3n:<\/span><\/strong><strong><span style=\"font-family: 'Calibri','sans-serif';font-weight: normal\"> el Centro de Bibliotecas de la Universidad de Caldas invita a la capacitaci\u00f3n de las bases de datos Reaxys y Embase, de Elsevier. <\/span><\/strong><\/td>\n<\/tr>\n<\/tbody>\n<\/table>\n<p><strong><span style=\"font-family: 'Calibri','sans-serif';font-weight: normal\"><br \/>\n<\/span><\/strong><strong><span style=\"font-family: 'Calibri','sans-serif'\">Programaci\u00f3n:<br \/>\nReaxys:<\/span><\/strong><strong><span style=\"font-family: 'Calibri','sans-serif';font-weight: normal\"> es una base de datos relacionada a la qu\u00edmica y especialmente a los programas de Biolog\u00eda, Biolog\u00eda y Qu\u00edmica, Ingenier\u00eda de Alimentos y semilleros de investigaci\u00f3n en \u00e1reas de qu\u00edmica y alimentos.<br \/>\n<\/span><\/strong><strong><span style=\"font-family: 'Calibri','sans-serif'\">Lugar:<\/span><\/strong><strong><span style=\"font-family: 'Calibri','sans-serif';font-weight: normal\"> Sala Humberto Gamboa Gamboa, Campus Central U. de Caldas.<br \/>\n<\/span><\/strong><strong><span style=\"font-family: 'Calibri','sans-serif'\">Horario:<\/span><\/strong><strong><span style=\"font-family: 'Calibri','sans-serif';font-weight: normal\"> este viernes 10 de agosto del 2012, de 3:30 p.m. a 5:30 p.m.<br \/>\n<\/span><\/strong><strong><span style=\"font-family: 'Calibri','sans-serif'\">Expositor:<\/span><\/strong><strong><span style=\"font-family: 'Calibri','sans-serif';font-weight: normal\"> H\u00e9ctor Torres, de la Facultad de Qu\u00edmica de la Universidad Nacional Aut\u00f3noma de M\u00e9xico (UNAM).<br \/>\n<\/span><\/strong><strong><span style=\"font-family: 'Calibri','sans-serif'\">Inscripciones: <\/span><\/strong><strong><span style=\"font-family: 'Calibri','sans-serif';font-weight: normal\">en <a href=\"https:\/\/www.surveymonkey.com\/s\/RC85JYF\" target=\"_blank\"><span>https:\/\/www.surveymonkey.com\/s\/RC85JYF<\/span><\/a><br \/>\n<\/span><\/strong><strong><span style=\"font-family: 'Calibri','sans-serif'\">Embase:<\/span><\/strong><strong><span style=\"font-family: 'Calibri','sans-serif';font-weight: normal\"> su contenido est\u00e1 relacionado a las \u00e1reas de la salud y especialmente a los programas de Medicina, Enfermer\u00eda, Psicolog\u00eda, Terapia F\u00edsica, Veterinaria y Psiquiatr\u00eda.<br \/>\n<\/span><\/strong><strong><span style=\"font-family: 'Calibri','sans-serif'\">Lugar:<\/span><\/strong><strong><span style=\"font-family: 'Calibri','sans-serif';font-weight: normal\"> Auditorio Danilo Cruz V\u00e9lez, Campus Central U. de Caldas.<br \/>\n<\/span><\/strong><strong><span style=\"font-family: 'Calibri','sans-serif'\">Horario<\/span><\/strong><strong><span style=\"font-family: 'Calibri','sans-serif';font-weight: normal\">: este viernes 10 de agosto del 2012, de 3:30 p.m. a 5:30 p.m.<br \/>\n<\/span><\/strong><strong><span style=\"font-family: 'Calibri','sans-serif'\">Expositor:<\/span><\/strong><strong><span style=\"font-family: 'Calibri','sans-serif';font-weight: normal\"> Mario Alfredo Rodr\u00edguez, de la Facultad de Medicina de la Universidad Nacional Aut\u00f3noma de M\u00e9xico (UNAM).<br \/>\n<\/span><\/strong><strong><span style=\"font-family: 'Calibri','sans-serif'\">Inscripciones: <\/span><\/strong><strong><span style=\"font-family: 'Calibri','sans-serif';font-weight: normal\">en <a href=\"https:\/\/www.surveymonkey.com\/s\/RJKKJS3\" target=\"_blank\"><span>https:\/\/www.surveymonkey.com\/s\/RJKKJS3<\/span><\/a><br \/>\n<\/span><\/strong><strong><span style=\"font-family: 'Calibri','sans-serif'\">Informe<\/span><\/strong><strong><span style=\"font-family: 'Calibri','sans-serif';font-weight: normal\">s: Centro de Bibliotecas, tel\u00e9fono 878 15 00, extensi\u00f3n 11 114.<br \/>\n<\/span><\/strong><\/p>\n","protected":false},"excerpt":{"rendered":"<p>ago 10 Descripci\u00f3n: el Centro de Bibliotecas de la Universidad de Caldas invita a la capacitaci\u00f3n de las bases de datos Reaxys y Embase, de Elsevier. Programaci\u00f3n: Reaxys: es una base de datos relacionada a la qu\u00edmica y especialmente a los programas de Biolog\u00eda, Biolog\u00eda y Qu\u00edmica, Ingenier\u00eda de Alimentos y semilleros de investigaci\u00f3n en [&hellip;]<\/p>\n","protected":false},"author":2,"featured_media":0,"comment_status":"closed","ping_status":"closed","sticky":false,"template":"","format":"standard","meta":{"footnotes":""},"categories":[48,53],"tags":[],"class_list":["post-13653","post","type-post","status-publish","format-standard","hentry","category-actualidad","category-universidad-al-dia"],"yoast_head":"<!-- This site is optimized with the Yoast SEO plugin v27.5 - https:\/\/yoast.com\/product\/yoast-seo-wordpress\/ -->\n<title>Capacitaci\u00f3n bases de datos Elsevier .<\/title>\n<meta name=\"robots\" content=\"index, follow, max-snippet:-1, max-image-preview:large, max-video-preview:-1\" \/>\n<link rel=\"canonical\" href=\"https:\/\/www.ucaldas.edu.co\/portal\/capacitacion-bases-de-datos-elsevier\/\" \/>\n<script type=\"application\/ld+json\" class=\"yoast-schema-graph\">{\"@context\":\"https:\\\/\\\/schema.org\",\"@graph\":[{\"@type\":\"Article\",\"@id\":\"https:\\\/\\\/www.ucaldas.edu.co\\\/portal\\\/capacitacion-bases-de-datos-elsevier\\\/#article\",\"isPartOf\":{\"@id\":\"https:\\\/\\\/www.ucaldas.edu.co\\\/portal\\\/capacitacion-bases-de-datos-elsevier\\\/\"},\"author\":{\"name\":\"ofiprensa\",\"@id\":\"https:\\\/\\\/www.ucaldas.edu.co\\\/portal\\\/#\\\/schema\\\/person\\\/a1b482e23449158b4bc319926c074fdf\"},\"headline\":\"Capacitaci\u00f3n bases de datos Elsevier\",\"datePublished\":\"2012-07-31T22:42:16+00:00\",\"mainEntityOfPage\":{\"@id\":\"https:\\\/\\\/www.ucaldas.edu.co\\\/portal\\\/capacitacion-bases-de-datos-elsevier\\\/\"},\"wordCount\":215,\"publisher\":{\"@id\":\"https:\\\/\\\/www.ucaldas.edu.co\\\/portal\\\/#organization\"},\"image\":{\"@id\":\"https:\\\/\\\/www.ucaldas.edu.co\\\/portal\\\/capacitacion-bases-de-datos-elsevier\\\/#primaryimage\"},\"thumbnailUrl\":\"http:\\\/\\\/elsevier.trasciendemexico.com\\\/trasciende\\\/elsevier\\\/diplomas\\\/img\\\/elsevier.jpg\",\"articleSection\":[\"Actualidad\",\"Universidad al D\u00eda\"],\"inLanguage\":\"es\"},{\"@type\":\"WebPage\",\"@id\":\"https:\\\/\\\/www.ucaldas.edu.co\\\/portal\\\/capacitacion-bases-de-datos-elsevier\\\/\",\"url\":\"https:\\\/\\\/www.ucaldas.edu.co\\\/portal\\\/capacitacion-bases-de-datos-elsevier\\\/\",\"name\":\"Capacitaci\u00f3n bases de datos Elsevier .\",\"isPartOf\":{\"@id\":\"https:\\\/\\\/www.ucaldas.edu.co\\\/portal\\\/#website\"},\"primaryImageOfPage\":{\"@id\":\"https:\\\/\\\/www.ucaldas.edu.co\\\/portal\\\/capacitacion-bases-de-datos-elsevier\\\/#primaryimage\"},\"image\":{\"@id\":\"https:\\\/\\\/www.ucaldas.edu.co\\\/portal\\\/capacitacion-bases-de-datos-elsevier\\\/#primaryimage\"},\"thumbnailUrl\":\"http:\\\/\\\/elsevier.trasciendemexico.com\\\/trasciende\\\/elsevier\\\/diplomas\\\/img\\\/elsevier.jpg\",\"datePublished\":\"2012-07-31T22:42:16+00:00\",\"breadcrumb\":{\"@id\":\"https:\\\/\\\/www.ucaldas.edu.co\\\/portal\\\/capacitacion-bases-de-datos-elsevier\\\/#breadcrumb\"},\"inLanguage\":\"es\",\"potentialAction\":[{\"@type\":\"ReadAction\",\"target\":[\"https:\\\/\\\/www.ucaldas.edu.co\\\/portal\\\/capacitacion-bases-de-datos-elsevier\\\/\"]}]},{\"@type\":\"ImageObject\",\"inLanguage\":\"es\",\"@id\":\"https:\\\/\\\/www.ucaldas.edu.co\\\/portal\\\/capacitacion-bases-de-datos-elsevier\\\/#primaryimage\",\"url\":\"http:\\\/\\\/elsevier.trasciendemexico.com\\\/trasciende\\\/elsevier\\\/diplomas\\\/img\\\/elsevier.jpg\",\"contentUrl\":\"http:\\\/\\\/elsevier.trasciendemexico.com\\\/trasciende\\\/elsevier\\\/diplomas\\\/img\\\/elsevier.jpg\"},{\"@type\":\"BreadcrumbList\",\"@id\":\"https:\\\/\\\/www.ucaldas.edu.co\\\/portal\\\/capacitacion-bases-de-datos-elsevier\\\/#breadcrumb\",\"itemListElement\":[{\"@type\":\"ListItem\",\"position\":1,\"name\":\"Portada\",\"item\":\"https:\\\/\\\/www.ucaldas.edu.co\\\/portal\\\/\"},{\"@type\":\"ListItem\",\"position\":2,\"name\":\"Capacitaci\u00f3n bases de datos Elsevier\"}]},{\"@type\":\"WebSite\",\"@id\":\"https:\\\/\\\/www.ucaldas.edu.co\\\/portal\\\/#website\",\"url\":\"https:\\\/\\\/www.ucaldas.edu.co\\\/portal\\\/\",\"name\":\"Universidad de Caldas\",\"description\":\"\",\"publisher\":{\"@id\":\"https:\\\/\\\/www.ucaldas.edu.co\\\/portal\\\/#organization\"},\"alternateName\":\"U. de Caldas\",\"potentialAction\":[{\"@type\":\"SearchAction\",\"target\":{\"@type\":\"EntryPoint\",\"urlTemplate\":\"https:\\\/\\\/www.ucaldas.edu.co\\\/portal\\\/?s={search_term_string}\"},\"query-input\":{\"@type\":\"PropertyValueSpecification\",\"valueRequired\":true,\"valueName\":\"search_term_string\"}}],\"inLanguage\":\"es\"},{\"@type\":\"Organization\",\"@id\":\"https:\\\/\\\/www.ucaldas.edu.co\\\/portal\\\/#organization\",\"name\":\"Universidad de Caldas\",\"alternateName\":\"U. de Caldas\",\"url\":\"https:\\\/\\\/www.ucaldas.edu.co\\\/portal\\\/\",\"logo\":{\"@type\":\"ImageObject\",\"inLanguage\":\"es\",\"@id\":\"https:\\\/\\\/www.ucaldas.edu.co\\\/portal\\\/#\\\/schema\\\/logo\\\/image\\\/\",\"url\":\"https:\\\/\\\/www.ucaldas.edu.co\\\/portal\\\/wp-content\\\/uploads\\\/2023\\\/11\\\/Logo_horizontal_oscuroU-2023.png\",\"contentUrl\":\"https:\\\/\\\/www.ucaldas.edu.co\\\/portal\\\/wp-content\\\/uploads\\\/2023\\\/11\\\/Logo_horizontal_oscuroU-2023.png\",\"width\":263,\"height\":101,\"caption\":\"Universidad de Caldas\"},\"image\":{\"@id\":\"https:\\\/\\\/www.ucaldas.edu.co\\\/portal\\\/#\\\/schema\\\/logo\\\/image\\\/\"},\"sameAs\":[\"https:\\\/\\\/www.facebook.com\\\/udecaldas\",\"https:\\\/\\\/x.com\\\/udecaldas\",\"https:\\\/\\\/www.youtube.com\\\/universidadcaldas\",\"https:\\\/\\\/www.instagram.com\\\/udecaldas\\\/\"]},{\"@type\":\"Person\",\"@id\":\"https:\\\/\\\/www.ucaldas.edu.co\\\/portal\\\/#\\\/schema\\\/person\\\/a1b482e23449158b4bc319926c074fdf\",\"name\":\"ofiprensa\",\"image\":{\"@type\":\"ImageObject\",\"inLanguage\":\"es\",\"@id\":\"https:\\\/\\\/www.ucaldas.edu.co\\\/portal\\\/wp-content\\\/litespeed\\\/avatar\\\/09ea5085e600095a7a811142c6944527.jpg?ver=1777497608\",\"url\":\"https:\\\/\\\/www.ucaldas.edu.co\\\/portal\\\/wp-content\\\/litespeed\\\/avatar\\\/09ea5085e600095a7a811142c6944527.jpg?ver=1777497608\",\"contentUrl\":\"https:\\\/\\\/www.ucaldas.edu.co\\\/portal\\\/wp-content\\\/litespeed\\\/avatar\\\/09ea5085e600095a7a811142c6944527.jpg?ver=1777497608\",\"caption\":\"ofiprensa\"},\"url\":\"https:\\\/\\\/www.ucaldas.edu.co\\\/portal\\\/author\\\/ofiprensa\\\/\"}]}<\/script>\n<!-- \/ Yoast SEO plugin. -->","yoast_head_json":{"title":"Capacitaci\u00f3n bases de datos Elsevier .","robots":{"index":"index","follow":"follow","max-snippet":"max-snippet:-1","max-image-preview":"max-image-preview:large","max-video-preview":"max-video-preview:-1"},"canonical":"https:\/\/www.ucaldas.edu.co\/portal\/capacitacion-bases-de-datos-elsevier\/","schema":{"@context":"https:\/\/schema.org","@graph":[{"@type":"Article","@id":"https:\/\/www.ucaldas.edu.co\/portal\/capacitacion-bases-de-datos-elsevier\/#article","isPartOf":{"@id":"https:\/\/www.ucaldas.edu.co\/portal\/capacitacion-bases-de-datos-elsevier\/"},"author":{"name":"ofiprensa","@id":"https:\/\/www.ucaldas.edu.co\/portal\/#\/schema\/person\/a1b482e23449158b4bc319926c074fdf"},"headline":"Capacitaci\u00f3n bases de datos Elsevier","datePublished":"2012-07-31T22:42:16+00:00","mainEntityOfPage":{"@id":"https:\/\/www.ucaldas.edu.co\/portal\/capacitacion-bases-de-datos-elsevier\/"},"wordCount":215,"publisher":{"@id":"https:\/\/www.ucaldas.edu.co\/portal\/#organization"},"image":{"@id":"https:\/\/www.ucaldas.edu.co\/portal\/capacitacion-bases-de-datos-elsevier\/#primaryimage"},"thumbnailUrl":"http:\/\/elsevier.trasciendemexico.com\/trasciende\/elsevier\/diplomas\/img\/elsevier.jpg","articleSection":["Actualidad","Universidad al D\u00eda"],"inLanguage":"es"},{"@type":"WebPage","@id":"https:\/\/www.ucaldas.edu.co\/portal\/capacitacion-bases-de-datos-elsevier\/","url":"https:\/\/www.ucaldas.edu.co\/portal\/capacitacion-bases-de-datos-elsevier\/","name":"Capacitaci\u00f3n bases de datos Elsevier .","isPartOf":{"@id":"https:\/\/www.ucaldas.edu.co\/portal\/#website"},"primaryImageOfPage":{"@id":"https:\/\/www.ucaldas.edu.co\/portal\/capacitacion-bases-de-datos-elsevier\/#primaryimage"},"image":{"@id":"https:\/\/www.ucaldas.edu.co\/portal\/capacitacion-bases-de-datos-elsevier\/#primaryimage"},"thumbnailUrl":"http:\/\/elsevier.trasciendemexico.com\/trasciende\/elsevier\/diplomas\/img\/elsevier.jpg","datePublished":"2012-07-31T22:42:16+00:00","breadcrumb":{"@id":"https:\/\/www.ucaldas.edu.co\/portal\/capacitacion-bases-de-datos-elsevier\/#breadcrumb"},"inLanguage":"es","potentialAction":[{"@type":"ReadAction","target":["https:\/\/www.ucaldas.edu.co\/portal\/capacitacion-bases-de-datos-elsevier\/"]}]},{"@type":"ImageObject","inLanguage":"es","@id":"https:\/\/www.ucaldas.edu.co\/portal\/capacitacion-bases-de-datos-elsevier\/#primaryimage","url":"http:\/\/elsevier.trasciendemexico.com\/trasciende\/elsevier\/diplomas\/img\/elsevier.jpg","contentUrl":"http:\/\/elsevier.trasciendemexico.com\/trasciende\/elsevier\/diplomas\/img\/elsevier.jpg"},{"@type":"BreadcrumbList","@id":"https:\/\/www.ucaldas.edu.co\/portal\/capacitacion-bases-de-datos-elsevier\/#breadcrumb","itemListElement":[{"@type":"ListItem","position":1,"name":"Portada","item":"https:\/\/www.ucaldas.edu.co\/portal\/"},{"@type":"ListItem","position":2,"name":"Capacitaci\u00f3n bases de datos Elsevier"}]},{"@type":"WebSite","@id":"https:\/\/www.ucaldas.edu.co\/portal\/#website","url":"https:\/\/www.ucaldas.edu.co\/portal\/","name":"Universidad de Caldas","description":"","publisher":{"@id":"https:\/\/www.ucaldas.edu.co\/portal\/#organization"},"alternateName":"U. de Caldas","potentialAction":[{"@type":"SearchAction","target":{"@type":"EntryPoint","urlTemplate":"https:\/\/www.ucaldas.edu.co\/portal\/?s={search_term_string}"},"query-input":{"@type":"PropertyValueSpecification","valueRequired":true,"valueName":"search_term_string"}}],"inLanguage":"es"},{"@type":"Organization","@id":"https:\/\/www.ucaldas.edu.co\/portal\/#organization","name":"Universidad de Caldas","alternateName":"U. de Caldas","url":"https:\/\/www.ucaldas.edu.co\/portal\/","logo":{"@type":"ImageObject","inLanguage":"es","@id":"https:\/\/www.ucaldas.edu.co\/portal\/#\/schema\/logo\/image\/","url":"https:\/\/www.ucaldas.edu.co\/portal\/wp-content\/uploads\/2023\/11\/Logo_horizontal_oscuroU-2023.png","contentUrl":"https:\/\/www.ucaldas.edu.co\/portal\/wp-content\/uploads\/2023\/11\/Logo_horizontal_oscuroU-2023.png","width":263,"height":101,"caption":"Universidad de Caldas"},"image":{"@id":"https:\/\/www.ucaldas.edu.co\/portal\/#\/schema\/logo\/image\/"},"sameAs":["https:\/\/www.facebook.com\/udecaldas","https:\/\/x.com\/udecaldas","https:\/\/www.youtube.com\/universidadcaldas","https:\/\/www.instagram.com\/udecaldas\/"]},{"@type":"Person","@id":"https:\/\/www.ucaldas.edu.co\/portal\/#\/schema\/person\/a1b482e23449158b4bc319926c074fdf","name":"ofiprensa","image":{"@type":"ImageObject","inLanguage":"es","@id":"https:\/\/www.ucaldas.edu.co\/portal\/wp-content\/litespeed\/avatar\/09ea5085e600095a7a811142c6944527.jpg?ver=1777497608","url":"https:\/\/www.ucaldas.edu.co\/portal\/wp-content\/litespeed\/avatar\/09ea5085e600095a7a811142c6944527.jpg?ver=1777497608","contentUrl":"https:\/\/www.ucaldas.edu.co\/portal\/wp-content\/litespeed\/avatar\/09ea5085e600095a7a811142c6944527.jpg?ver=1777497608","caption":"ofiprensa"},"url":"https:\/\/www.ucaldas.edu.co\/portal\/author\/ofiprensa\/"}]}},"_links":{"self":[{"href":"https:\/\/www.ucaldas.edu.co\/portal\/wp-json\/wp\/v2\/posts\/13653","targetHints":{"allow":["GET"]}}],"collection":[{"href":"https:\/\/www.ucaldas.edu.co\/portal\/wp-json\/wp\/v2\/posts"}],"about":[{"href":"https:\/\/www.ucaldas.edu.co\/portal\/wp-json\/wp\/v2\/types\/post"}],"author":[{"embeddable":true,"href":"https:\/\/www.ucaldas.edu.co\/portal\/wp-json\/wp\/v2\/users\/2"}],"replies":[{"embeddable":true,"href":"https:\/\/www.ucaldas.edu.co\/portal\/wp-json\/wp\/v2\/comments?post=13653"}],"version-history":[{"count":0,"href":"https:\/\/www.ucaldas.edu.co\/portal\/wp-json\/wp\/v2\/posts\/13653\/revisions"}],"wp:attachment":[{"href":"https:\/\/www.ucaldas.edu.co\/portal\/wp-json\/wp\/v2\/media?parent=13653"}],"wp:term":[{"taxonomy":"category","embeddable":true,"href":"https:\/\/www.ucaldas.edu.co\/portal\/wp-json\/wp\/v2\/categories?post=13653"},{"taxonomy":"post_tag","embeddable":true,"href":"https:\/\/www.ucaldas.edu.co\/portal\/wp-json\/wp\/v2\/tags?post=13653"}],"curies":[{"name":"wp","href":"https:\/\/api.w.org\/{rel}","templated":true}]}}