{"id":13649,"date":"2012-07-30T17:40:47","date_gmt":"2012-07-30T22:40:47","guid":{"rendered":"https:\/\/www.ucaldas.edu.co\/portal\/?p=13649"},"modified":"2012-07-30T17:40:47","modified_gmt":"2012-07-30T22:40:47","slug":"en-manizales-comenzo-analisis-de-paisajes-productivos","status":"publish","type":"post","link":"https:\/\/www.ucaldas.edu.co\/portal\/en-manizales-comenzo-analisis-de-paisajes-productivos\/","title":{"rendered":"En Manizales comenz\u00f3 an\u00e1lisis de paisajes productivos"},"content":{"rendered":"<div align=\"center\">En taller itinerante en Caldas, Armenia y Quind\u00edo<\/div>\n<p align=\"center\"><b>\u00a0<\/b><\/p>\n<p align=\"right\">\n<p align=\"right\">30\/07\/2012<\/p>\n<hr \/>\n<p align=\"right\">Redacci\u00f3n: Margarita Mar\u00eda Laverde Galvis<\/p>\n<p><b>\u00a0<\/b><\/p>\n<table border=\"0\">\n<tbody>\n<tr>\n<td>&nbsp;<\/p>\n<p><img loading=\"lazy\" decoding=\"async\" style=\"border: 0px\" title=\"PCC\" alt=\"PCC\" src=\"http:\/\/www.ucaldas.edu.co\/images\/tmp\/taller_internacional_paisaje_academia_2012.jpg\" width=\"240\" height=\"150\" border=\"0\" \/><\/p>\n<h4>Foto: Guillermo Sarmiento Estrada\/ Prensa U. de Caldas.<\/h4>\n<\/td>\n<td><b>En la <\/b><b>conmemoraci\u00f3n<\/b><b> del <\/b><b>primer a\u00f1o<\/b><b> de la <\/b><b>inscripci\u00f3n<\/b><b> del <\/b><b>Paisaje Cultural Cafetero<\/b><b> (PCC) en la <\/b><b>Lista<\/b><b> de <\/b><b>Patrimonio Mundial<\/b><b> de la Organizaci\u00f3n de las Naciones Unidas para la Educaci\u00f3n, la Ciencia y la Tecnolog\u00eda (<\/b><b>Unesco<\/b><b>), <\/b><b>en Manizales (Caldas) comenz\u00f3 <\/b><b>el <\/b><b>Taller Internacional Estudios del Paisaje<\/b><b>. <\/b><b>Paisajes Culturales Productivos<i>, <\/i><\/b><b>este <\/b><b>lunes 30 <\/b><b>de <\/b><b>julio <\/b><b>del 2012.<\/b><\/td>\n<\/tr>\n<\/tbody>\n<\/table>\n<p>&nbsp;<\/p>\n<p><b>Este primer taller <\/b><b>re\u00fane<\/b><b> a <\/b><b>todas<\/b><b> las <\/b><b>universidades<\/b><b> <\/b><b>que hacen parte<\/b><b> del <\/b><b>Observatorio para la Sostenibilidad del Patrimonio en Paisajes<\/b><b>. El encuentro <\/b><b>tambi\u00e9n se desarrollar\u00e1<\/b><b> en el <\/b><b>40 aniversario<\/b><b> de la <\/b><b>Convenci\u00f3n<\/b><b> sobre la <\/b><b>Protecci\u00f3n del Patrimonio Mundial, Cultural y Natural<\/b><b>.<\/b><\/p>\n<p><b>\u201cEs un evento acad\u00e9mico que pretende reflexionar sobre los paisajes productivos, donde se analizar\u00e1n temas sobre la institucionalidad del patrimonio y del Paisaje Cultural Cafetero (PCC), arquitectura tradicional del bahareque, adem\u00e1s de la sostenibilidad del turismo\u201d, coment\u00f3 Adriana G\u00f3mez \u00c1lzate, <\/b><b>Directora de la Maestr\u00eda en Dise\u00f1o y Creaci\u00f3n Interactiva de la U. de Caldas.<\/b><\/p>\n<p><b>\u201cLas universidades que han liderado este proceso podr\u00e1n continuar la consolidaci\u00f3n de este proyecto, una responsabilidad fundamental\u201d, agreg\u00f3 la <\/b><b>docente del Departamento de Dise\u00f1o Visual de la Instituci\u00f3n.<\/b><\/p>\n<p><b>Potencialidades del paisaje<\/b><b><br \/>\nJuan Francisco Ojeda Rivera,<\/b><b> catedr\u00e1tico de geograf\u00eda de la Universidad Pablo de Olavide, de Sevilla (Espa\u00f1a), <\/b><b>expres\u00f3: \u201ca\u00fan no es el momento de hablar de potencialidades econ\u00f3micas. Creo que el primer potencial es hacer gozar a los propios constructores del paisaje, es decir, poderse sentir satisfechos con el trabajo que han realizado\u201d.<\/b><\/p>\n<p><b>\u201cEsto conducir\u00e1 a una valoraci\u00f3n, como valor y no como precio, de su paisaje. Luego, habr\u00eda que hablar de posibilidades de introducci\u00f3n en los mercados del turismo\u201d, agreg\u00f3 el invitado.<\/b><\/p>\n<p><b>Sobre este encuentro acad\u00e9mico, Ojeda Rivera dijo: \u201cprimero debemos llegar a este tipo de reflexiones: establecer un gozo profundo sobre el paisaje. Veo que van por un buen camino, pues este es un ejercicio riguroso y serio, en el que est\u00e1 la universidad como entidad libre, independiente y trasformadora de la realidad\u201d.<\/b><\/p>\n<p><b>U. de Caldas presenta otra mirada del paisaje<br \/>\n<\/b><b>Olga Luc\u00eda Hurtado G\u00f3mez, <\/b><b>candidata a<\/b><b> <\/b><b>mag\u00edster en Dise\u00f1o y Creaci\u00f3n Interactiva de la U. de Caldas<\/b><b>, <\/b><b>present\u00f3<\/b><b> su <\/b><b>trabajo de grado<\/b><b> sobre el <\/b><b>paisaje visto<\/b><b> <\/b><b>desde una mirada cr\u00edtica<\/b><b>: la <\/b><b>contaminaci\u00f3n<\/b><b> en la <\/b><b>Quebrada Manizales<\/b><b>.<\/b><\/p>\n<p><b>\u201cVeo este tema desde un dise\u00f1o que hace el hombre en el paisaje, es decir, desde la huella que deja. Esta es una declaratoria no por ser un paisaje espectacular, sino que hay que mirarlo, acogerlo, rescatarlo y hacer todos los esfuerzos para conservarlo\u201d, agreg\u00f3\u00a0 la artista e ingeniera qu\u00edmica.<\/b><\/p>\n<p><b>Por otra parte, Ayda Nidia Ocampo Serna, tambi\u00e9n <\/b><b>candidata a<\/b><b> <\/b><b>mag\u00edster en Dise\u00f1o y Creaci\u00f3n Interactiva de la Instituci\u00f3n, disert\u00f3<\/b><b> sobre su <\/b><b>tesis de grado<\/b><b> relacionada con el <\/b><b>Centro Galer\u00edas Plaza de Mercado de Manizales<\/b><b>, para aprender a valorar e identificar lo que se puede alcanzar a obtener del valor patrimonial que tiene el lugar. <\/b><\/p>\n<p><b>\u201cEl ser humano hace parte del todo el paisaje cultural y es en lo social y productivo que se relaciona. Esta es la problem\u00e1tica que se alcanza a apreciar en el Centro, dentro de lo cultural y lo econ\u00f3mico. Este es un primer acercamiento a reconocer los valores patrimoniales que tenemos en la ciudad\u201d, agreg\u00f3 la docente del Departamento de Dise\u00f1o Visual de la Instituci\u00f3n.<\/b><\/p>\n<p><b><a href=\"http:\/\/www.facebook.com\/media\/set\/?set=a.393967557331782.90905.107054166023124&amp;type=3\" target=\"_blank\">Conozca im\u00e1genes del Taller internacional sobre estudios del paisaje<\/a><\/b><\/p>\n<p><b><a href=\"http:\/\/desarrollo.ucaldas.edu.co\/archivo\/images\/tmp\/programaciontallerinternacionalpcc.png\" target=\"_blank\">Conozca aqu\u00ed la programaci\u00f3n del evento<\/a><br \/>\n<\/b><b><br \/>\n<\/b><b>Informes: <\/b><b>Oficina de Prensa U. de Caldas, tel\u00e9fono 878 15 00, extensi\u00f3n 12 167.<br \/>\n<\/b><\/p>\n","protected":false},"excerpt":{"rendered":"<p>En taller itinerante en Caldas, Armenia y Quind\u00edo \u00a0 30\/07\/2012 Redacci\u00f3n: Margarita Mar\u00eda Laverde Galvis \u00a0 &nbsp; Foto: Guillermo Sarmiento Estrada\/ Prensa U. de Caldas. En la conmemoraci\u00f3n del primer a\u00f1o de la inscripci\u00f3n del Paisaje Cultural Cafetero (PCC) en la Lista de Patrimonio Mundial de la Organizaci\u00f3n de las Naciones Unidas para la Educaci\u00f3n, [&hellip;]<\/p>\n","protected":false},"author":2,"featured_media":0,"comment_status":"closed","ping_status":"closed","sticky":false,"template":"","format":"standard","meta":{"footnotes":""},"categories":[48,53],"tags":[],"class_list":["post-13649","post","type-post","status-publish","format-standard","hentry","category-actualidad","category-universidad-al-dia"],"yoast_head":"<!-- This site is optimized with the Yoast SEO plugin v27.5 - https:\/\/yoast.com\/product\/yoast-seo-wordpress\/ -->\n<title>En Manizales comenz\u00f3 an\u00e1lisis de paisajes productivos .<\/title>\n<meta name=\"robots\" content=\"index, follow, max-snippet:-1, max-image-preview:large, max-video-preview:-1\" \/>\n<link rel=\"canonical\" href=\"https:\/\/www.ucaldas.edu.co\/portal\/en-manizales-comenzo-analisis-de-paisajes-productivos\/\" \/>\n<script type=\"application\/ld+json\" class=\"yoast-schema-graph\">{\"@context\":\"https:\\\/\\\/schema.org\",\"@graph\":[{\"@type\":\"Article\",\"@id\":\"https:\\\/\\\/www.ucaldas.edu.co\\\/portal\\\/en-manizales-comenzo-analisis-de-paisajes-productivos\\\/#article\",\"isPartOf\":{\"@id\":\"https:\\\/\\\/www.ucaldas.edu.co\\\/portal\\\/en-manizales-comenzo-analisis-de-paisajes-productivos\\\/\"},\"author\":{\"name\":\"ofiprensa\",\"@id\":\"https:\\\/\\\/www.ucaldas.edu.co\\\/portal\\\/#\\\/schema\\\/person\\\/a1b482e23449158b4bc319926c074fdf\"},\"headline\":\"En Manizales comenz\u00f3 an\u00e1lisis de paisajes productivos\",\"datePublished\":\"2012-07-30T22:40:47+00:00\",\"mainEntityOfPage\":{\"@id\":\"https:\\\/\\\/www.ucaldas.edu.co\\\/portal\\\/en-manizales-comenzo-analisis-de-paisajes-productivos\\\/\"},\"wordCount\":638,\"publisher\":{\"@id\":\"https:\\\/\\\/www.ucaldas.edu.co\\\/portal\\\/#organization\"},\"image\":{\"@id\":\"https:\\\/\\\/www.ucaldas.edu.co\\\/portal\\\/en-manizales-comenzo-analisis-de-paisajes-productivos\\\/#primaryimage\"},\"thumbnailUrl\":\"http:\\\/\\\/www.ucaldas.edu.co\\\/images\\\/tmp\\\/taller_internacional_paisaje_academia_2012.jpg\",\"articleSection\":[\"Actualidad\",\"Universidad al D\u00eda\"],\"inLanguage\":\"es\"},{\"@type\":\"WebPage\",\"@id\":\"https:\\\/\\\/www.ucaldas.edu.co\\\/portal\\\/en-manizales-comenzo-analisis-de-paisajes-productivos\\\/\",\"url\":\"https:\\\/\\\/www.ucaldas.edu.co\\\/portal\\\/en-manizales-comenzo-analisis-de-paisajes-productivos\\\/\",\"name\":\"En Manizales comenz\u00f3 an\u00e1lisis de paisajes productivos .\",\"isPartOf\":{\"@id\":\"https:\\\/\\\/www.ucaldas.edu.co\\\/portal\\\/#website\"},\"primaryImageOfPage\":{\"@id\":\"https:\\\/\\\/www.ucaldas.edu.co\\\/portal\\\/en-manizales-comenzo-analisis-de-paisajes-productivos\\\/#primaryimage\"},\"image\":{\"@id\":\"https:\\\/\\\/www.ucaldas.edu.co\\\/portal\\\/en-manizales-comenzo-analisis-de-paisajes-productivos\\\/#primaryimage\"},\"thumbnailUrl\":\"http:\\\/\\\/www.ucaldas.edu.co\\\/images\\\/tmp\\\/taller_internacional_paisaje_academia_2012.jpg\",\"datePublished\":\"2012-07-30T22:40:47+00:00\",\"breadcrumb\":{\"@id\":\"https:\\\/\\\/www.ucaldas.edu.co\\\/portal\\\/en-manizales-comenzo-analisis-de-paisajes-productivos\\\/#breadcrumb\"},\"inLanguage\":\"es\",\"potentialAction\":[{\"@type\":\"ReadAction\",\"target\":[\"https:\\\/\\\/www.ucaldas.edu.co\\\/portal\\\/en-manizales-comenzo-analisis-de-paisajes-productivos\\\/\"]}]},{\"@type\":\"ImageObject\",\"inLanguage\":\"es\",\"@id\":\"https:\\\/\\\/www.ucaldas.edu.co\\\/portal\\\/en-manizales-comenzo-analisis-de-paisajes-productivos\\\/#primaryimage\",\"url\":\"http:\\\/\\\/www.ucaldas.edu.co\\\/images\\\/tmp\\\/taller_internacional_paisaje_academia_2012.jpg\",\"contentUrl\":\"http:\\\/\\\/www.ucaldas.edu.co\\\/images\\\/tmp\\\/taller_internacional_paisaje_academia_2012.jpg\"},{\"@type\":\"BreadcrumbList\",\"@id\":\"https:\\\/\\\/www.ucaldas.edu.co\\\/portal\\\/en-manizales-comenzo-analisis-de-paisajes-productivos\\\/#breadcrumb\",\"itemListElement\":[{\"@type\":\"ListItem\",\"position\":1,\"name\":\"Portada\",\"item\":\"https:\\\/\\\/www.ucaldas.edu.co\\\/portal\\\/\"},{\"@type\":\"ListItem\",\"position\":2,\"name\":\"En Manizales comenz\u00f3 an\u00e1lisis de paisajes productivos\"}]},{\"@type\":\"WebSite\",\"@id\":\"https:\\\/\\\/www.ucaldas.edu.co\\\/portal\\\/#website\",\"url\":\"https:\\\/\\\/www.ucaldas.edu.co\\\/portal\\\/\",\"name\":\"Universidad de Caldas\",\"description\":\"\",\"publisher\":{\"@id\":\"https:\\\/\\\/www.ucaldas.edu.co\\\/portal\\\/#organization\"},\"alternateName\":\"U. de Caldas\",\"potentialAction\":[{\"@type\":\"SearchAction\",\"target\":{\"@type\":\"EntryPoint\",\"urlTemplate\":\"https:\\\/\\\/www.ucaldas.edu.co\\\/portal\\\/?s={search_term_string}\"},\"query-input\":{\"@type\":\"PropertyValueSpecification\",\"valueRequired\":true,\"valueName\":\"search_term_string\"}}],\"inLanguage\":\"es\"},{\"@type\":\"Organization\",\"@id\":\"https:\\\/\\\/www.ucaldas.edu.co\\\/portal\\\/#organization\",\"name\":\"Universidad de Caldas\",\"alternateName\":\"U. de Caldas\",\"url\":\"https:\\\/\\\/www.ucaldas.edu.co\\\/portal\\\/\",\"logo\":{\"@type\":\"ImageObject\",\"inLanguage\":\"es\",\"@id\":\"https:\\\/\\\/www.ucaldas.edu.co\\\/portal\\\/#\\\/schema\\\/logo\\\/image\\\/\",\"url\":\"https:\\\/\\\/www.ucaldas.edu.co\\\/portal\\\/wp-content\\\/uploads\\\/2023\\\/11\\\/Logo_horizontal_oscuroU-2023.png\",\"contentUrl\":\"https:\\\/\\\/www.ucaldas.edu.co\\\/portal\\\/wp-content\\\/uploads\\\/2023\\\/11\\\/Logo_horizontal_oscuroU-2023.png\",\"width\":263,\"height\":101,\"caption\":\"Universidad de Caldas\"},\"image\":{\"@id\":\"https:\\\/\\\/www.ucaldas.edu.co\\\/portal\\\/#\\\/schema\\\/logo\\\/image\\\/\"},\"sameAs\":[\"https:\\\/\\\/www.facebook.com\\\/udecaldas\",\"https:\\\/\\\/x.com\\\/udecaldas\",\"https:\\\/\\\/www.youtube.com\\\/universidadcaldas\",\"https:\\\/\\\/www.instagram.com\\\/udecaldas\\\/\"]},{\"@type\":\"Person\",\"@id\":\"https:\\\/\\\/www.ucaldas.edu.co\\\/portal\\\/#\\\/schema\\\/person\\\/a1b482e23449158b4bc319926c074fdf\",\"name\":\"ofiprensa\",\"image\":{\"@type\":\"ImageObject\",\"inLanguage\":\"es\",\"@id\":\"https:\\\/\\\/www.ucaldas.edu.co\\\/portal\\\/wp-content\\\/litespeed\\\/avatar\\\/09ea5085e600095a7a811142c6944527.jpg?ver=1777497608\",\"url\":\"https:\\\/\\\/www.ucaldas.edu.co\\\/portal\\\/wp-content\\\/litespeed\\\/avatar\\\/09ea5085e600095a7a811142c6944527.jpg?ver=1777497608\",\"contentUrl\":\"https:\\\/\\\/www.ucaldas.edu.co\\\/portal\\\/wp-content\\\/litespeed\\\/avatar\\\/09ea5085e600095a7a811142c6944527.jpg?ver=1777497608\",\"caption\":\"ofiprensa\"},\"url\":\"https:\\\/\\\/www.ucaldas.edu.co\\\/portal\\\/author\\\/ofiprensa\\\/\"}]}<\/script>\n<!-- \/ Yoast SEO plugin. -->","yoast_head_json":{"title":"En Manizales comenz\u00f3 an\u00e1lisis de paisajes productivos .","robots":{"index":"index","follow":"follow","max-snippet":"max-snippet:-1","max-image-preview":"max-image-preview:large","max-video-preview":"max-video-preview:-1"},"canonical":"https:\/\/www.ucaldas.edu.co\/portal\/en-manizales-comenzo-analisis-de-paisajes-productivos\/","schema":{"@context":"https:\/\/schema.org","@graph":[{"@type":"Article","@id":"https:\/\/www.ucaldas.edu.co\/portal\/en-manizales-comenzo-analisis-de-paisajes-productivos\/#article","isPartOf":{"@id":"https:\/\/www.ucaldas.edu.co\/portal\/en-manizales-comenzo-analisis-de-paisajes-productivos\/"},"author":{"name":"ofiprensa","@id":"https:\/\/www.ucaldas.edu.co\/portal\/#\/schema\/person\/a1b482e23449158b4bc319926c074fdf"},"headline":"En Manizales comenz\u00f3 an\u00e1lisis de paisajes productivos","datePublished":"2012-07-30T22:40:47+00:00","mainEntityOfPage":{"@id":"https:\/\/www.ucaldas.edu.co\/portal\/en-manizales-comenzo-analisis-de-paisajes-productivos\/"},"wordCount":638,"publisher":{"@id":"https:\/\/www.ucaldas.edu.co\/portal\/#organization"},"image":{"@id":"https:\/\/www.ucaldas.edu.co\/portal\/en-manizales-comenzo-analisis-de-paisajes-productivos\/#primaryimage"},"thumbnailUrl":"http:\/\/www.ucaldas.edu.co\/images\/tmp\/taller_internacional_paisaje_academia_2012.jpg","articleSection":["Actualidad","Universidad al D\u00eda"],"inLanguage":"es"},{"@type":"WebPage","@id":"https:\/\/www.ucaldas.edu.co\/portal\/en-manizales-comenzo-analisis-de-paisajes-productivos\/","url":"https:\/\/www.ucaldas.edu.co\/portal\/en-manizales-comenzo-analisis-de-paisajes-productivos\/","name":"En Manizales comenz\u00f3 an\u00e1lisis de paisajes productivos .","isPartOf":{"@id":"https:\/\/www.ucaldas.edu.co\/portal\/#website"},"primaryImageOfPage":{"@id":"https:\/\/www.ucaldas.edu.co\/portal\/en-manizales-comenzo-analisis-de-paisajes-productivos\/#primaryimage"},"image":{"@id":"https:\/\/www.ucaldas.edu.co\/portal\/en-manizales-comenzo-analisis-de-paisajes-productivos\/#primaryimage"},"thumbnailUrl":"http:\/\/www.ucaldas.edu.co\/images\/tmp\/taller_internacional_paisaje_academia_2012.jpg","datePublished":"2012-07-30T22:40:47+00:00","breadcrumb":{"@id":"https:\/\/www.ucaldas.edu.co\/portal\/en-manizales-comenzo-analisis-de-paisajes-productivos\/#breadcrumb"},"inLanguage":"es","potentialAction":[{"@type":"ReadAction","target":["https:\/\/www.ucaldas.edu.co\/portal\/en-manizales-comenzo-analisis-de-paisajes-productivos\/"]}]},{"@type":"ImageObject","inLanguage":"es","@id":"https:\/\/www.ucaldas.edu.co\/portal\/en-manizales-comenzo-analisis-de-paisajes-productivos\/#primaryimage","url":"http:\/\/www.ucaldas.edu.co\/images\/tmp\/taller_internacional_paisaje_academia_2012.jpg","contentUrl":"http:\/\/www.ucaldas.edu.co\/images\/tmp\/taller_internacional_paisaje_academia_2012.jpg"},{"@type":"BreadcrumbList","@id":"https:\/\/www.ucaldas.edu.co\/portal\/en-manizales-comenzo-analisis-de-paisajes-productivos\/#breadcrumb","itemListElement":[{"@type":"ListItem","position":1,"name":"Portada","item":"https:\/\/www.ucaldas.edu.co\/portal\/"},{"@type":"ListItem","position":2,"name":"En Manizales comenz\u00f3 an\u00e1lisis de paisajes productivos"}]},{"@type":"WebSite","@id":"https:\/\/www.ucaldas.edu.co\/portal\/#website","url":"https:\/\/www.ucaldas.edu.co\/portal\/","name":"Universidad de Caldas","description":"","publisher":{"@id":"https:\/\/www.ucaldas.edu.co\/portal\/#organization"},"alternateName":"U. de Caldas","potentialAction":[{"@type":"SearchAction","target":{"@type":"EntryPoint","urlTemplate":"https:\/\/www.ucaldas.edu.co\/portal\/?s={search_term_string}"},"query-input":{"@type":"PropertyValueSpecification","valueRequired":true,"valueName":"search_term_string"}}],"inLanguage":"es"},{"@type":"Organization","@id":"https:\/\/www.ucaldas.edu.co\/portal\/#organization","name":"Universidad de Caldas","alternateName":"U. de Caldas","url":"https:\/\/www.ucaldas.edu.co\/portal\/","logo":{"@type":"ImageObject","inLanguage":"es","@id":"https:\/\/www.ucaldas.edu.co\/portal\/#\/schema\/logo\/image\/","url":"https:\/\/www.ucaldas.edu.co\/portal\/wp-content\/uploads\/2023\/11\/Logo_horizontal_oscuroU-2023.png","contentUrl":"https:\/\/www.ucaldas.edu.co\/portal\/wp-content\/uploads\/2023\/11\/Logo_horizontal_oscuroU-2023.png","width":263,"height":101,"caption":"Universidad de Caldas"},"image":{"@id":"https:\/\/www.ucaldas.edu.co\/portal\/#\/schema\/logo\/image\/"},"sameAs":["https:\/\/www.facebook.com\/udecaldas","https:\/\/x.com\/udecaldas","https:\/\/www.youtube.com\/universidadcaldas","https:\/\/www.instagram.com\/udecaldas\/"]},{"@type":"Person","@id":"https:\/\/www.ucaldas.edu.co\/portal\/#\/schema\/person\/a1b482e23449158b4bc319926c074fdf","name":"ofiprensa","image":{"@type":"ImageObject","inLanguage":"es","@id":"https:\/\/www.ucaldas.edu.co\/portal\/wp-content\/litespeed\/avatar\/09ea5085e600095a7a811142c6944527.jpg?ver=1777497608","url":"https:\/\/www.ucaldas.edu.co\/portal\/wp-content\/litespeed\/avatar\/09ea5085e600095a7a811142c6944527.jpg?ver=1777497608","contentUrl":"https:\/\/www.ucaldas.edu.co\/portal\/wp-content\/litespeed\/avatar\/09ea5085e600095a7a811142c6944527.jpg?ver=1777497608","caption":"ofiprensa"},"url":"https:\/\/www.ucaldas.edu.co\/portal\/author\/ofiprensa\/"}]}},"_links":{"self":[{"href":"https:\/\/www.ucaldas.edu.co\/portal\/wp-json\/wp\/v2\/posts\/13649","targetHints":{"allow":["GET"]}}],"collection":[{"href":"https:\/\/www.ucaldas.edu.co\/portal\/wp-json\/wp\/v2\/posts"}],"about":[{"href":"https:\/\/www.ucaldas.edu.co\/portal\/wp-json\/wp\/v2\/types\/post"}],"author":[{"embeddable":true,"href":"https:\/\/www.ucaldas.edu.co\/portal\/wp-json\/wp\/v2\/users\/2"}],"replies":[{"embeddable":true,"href":"https:\/\/www.ucaldas.edu.co\/portal\/wp-json\/wp\/v2\/comments?post=13649"}],"version-history":[{"count":0,"href":"https:\/\/www.ucaldas.edu.co\/portal\/wp-json\/wp\/v2\/posts\/13649\/revisions"}],"wp:attachment":[{"href":"https:\/\/www.ucaldas.edu.co\/portal\/wp-json\/wp\/v2\/media?parent=13649"}],"wp:term":[{"taxonomy":"category","embeddable":true,"href":"https:\/\/www.ucaldas.edu.co\/portal\/wp-json\/wp\/v2\/categories?post=13649"},{"taxonomy":"post_tag","embeddable":true,"href":"https:\/\/www.ucaldas.edu.co\/portal\/wp-json\/wp\/v2\/tags?post=13649"}],"curies":[{"name":"wp","href":"https:\/\/api.w.org\/{rel}","templated":true}]}}