{"id":13647,"date":"2012-07-30T17:40:01","date_gmt":"2012-07-30T22:40:01","guid":{"rendered":"https:\/\/www.ucaldas.edu.co\/portal\/?p=13647"},"modified":"2012-07-30T17:40:01","modified_gmt":"2012-07-30T22:40:01","slug":"es-una-decision-de-un-gran-impacto-economico-para-la-u-de-caldas-ricardo-gomez-giraldo","status":"publish","type":"post","link":"https:\/\/www.ucaldas.edu.co\/portal\/es-una-decision-de-un-gran-impacto-economico-para-la-u-de-caldas-ricardo-gomez-giraldo\/","title":{"rendered":"\u201cEs una decisi\u00f3n de un gran impacto econ\u00f3mico para la U. de Caldas\u201d: Ricardo G\u00f3mez Giraldo"},"content":{"rendered":"<p align=\"center\">Rector de Instituci\u00f3n se refiri\u00f3 a disminuci\u00f3n de Estampilla Pro Universitaria<\/p>\n<p align=\"right\">\n<p align=\"right\">30\/07\/2012<\/p>\n<hr \/>\n<p align=\"right\">Redacci\u00f3n: Margarita Mar\u00eda Laverde Galvis<\/p>\n<p>&nbsp;<\/p>\n<table border=\"0\">\n<tbody>\n<tr>\n<td>&nbsp;<\/p>\n<p><img loading=\"lazy\" decoding=\"async\" style=\"border: 0px\" title=\"Estampilla Pro Universitaria\" alt=\"Estampilla Pro Universitaria\" src=\"http:\/\/www.ucaldas.edu.co\/images\/tmp\/rector_ucaldas_proyecto_estampilla_universitaria_2012.jpg\" width=\"240\" height=\"150\" border=\"0\" \/><\/p>\n<h4>Foto: Guillermo Sarmiento Estrada\/ Prensa U. de Caldas.<\/h4>\n<\/td>\n<td>La <b>Asamblea de Caldas aprob\u00f3 <\/b>un<b> <\/b>proyecto de <b>ordenanza que disminuir\u00e1 al 1% la Estampilla Pro Universitaria<\/b><b>, que beneficia<\/b> a la <b>Universidad de Caldas<\/b> y la <b>Universidad Nacional Sede Manizales<\/b>.<\/td>\n<\/tr>\n<\/tbody>\n<\/table>\n<p>&nbsp;<br \/>\nSobre el tema, el <b><a href=\"http:\/\/www.ivoox.com\/rector-universidad-caldas-ricardo-gomez-audios-mp3_rf_1358836_1.html\" target=\"_blank\">Rector de la U. de Caldas, Ricardo G\u00f3mez Giraldo (descargue aqu\u00ed el audio)<\/a><\/b>, expres\u00f3: \u201ces una decisi\u00f3n sorpresiva, porque en el presupuesto de este 2012 est\u00e1 ejecutar los recursos que estaban planeados de la estampilla y a futuro, porque en el marco fiscal de la universidad est\u00e1n estos recursos, que esper\u00e1bamos que iban a bajar al 1,5% pero no al 1%\u201d.<\/p>\n<p>&nbsp;<\/p>\n<p>\u201cNos dieron cuatro veces menos de lo que hoy se est\u00e1 aprobando con esta reforma. A nosotros nos subieron la estampilla de 1,5% a 2 para comprar el Hospital Infantil. Las cuentas no dieron, as\u00ed que ahora nos rebajan el 0,5% que nos hab\u00edan subido, nos rebajan otro 0,5% a 1% y cogen la plata de la U. Nacional, lo que da 2 puntos completos. A nosotros nos hab\u00edan dado medio\u201d, agreg\u00f3 G\u00f3mez Giraldo.<\/p>\n<p><a href=\"http:\/\/www.facebook.com\/media\/set\/?set=a.394060403989164.90929.107054166023124&amp;type=1\" target=\"_blank\">Conozca im\u00e1genes de Estampilla Pro Universitaria se debati\u00f3 en Asamblea de Caldas<\/a><\/p>\n<p>&nbsp;<\/p>\n<p><b>Informes: <\/b>Oficina de Prensa U. de Caldas, tel\u00e9fono 878 15 00, extensi\u00f3n 12 167.<\/p>\n","protected":false},"excerpt":{"rendered":"<p>Rector de Instituci\u00f3n se refiri\u00f3 a disminuci\u00f3n de Estampilla Pro Universitaria 30\/07\/2012 Redacci\u00f3n: Margarita Mar\u00eda Laverde Galvis &nbsp; &nbsp; Foto: Guillermo Sarmiento Estrada\/ Prensa U. de Caldas. La Asamblea de Caldas aprob\u00f3 un proyecto de ordenanza que disminuir\u00e1 al 1% la Estampilla Pro Universitaria, que beneficia a la Universidad de Caldas y la Universidad Nacional [&hellip;]<\/p>\n","protected":false},"author":2,"featured_media":0,"comment_status":"closed","ping_status":"closed","sticky":false,"template":"","format":"standard","meta":{"footnotes":""},"categories":[53,48],"tags":[],"class_list":["post-13647","post","type-post","status-publish","format-standard","hentry","category-universidad-al-dia","category-actualidad"],"yoast_head":"<!-- This site is optimized with the Yoast SEO plugin v27.5 - https:\/\/yoast.com\/product\/yoast-seo-wordpress\/ -->\n<title>\u201cEs una decisi\u00f3n de un gran impacto econ\u00f3mico para la U. de Caldas\u201d: Ricardo G\u00f3mez Giraldo .<\/title>\n<meta name=\"robots\" content=\"index, follow, max-snippet:-1, max-image-preview:large, max-video-preview:-1\" \/>\n<link rel=\"canonical\" href=\"https:\/\/www.ucaldas.edu.co\/portal\/es-una-decision-de-un-gran-impacto-economico-para-la-u-de-caldas-ricardo-gomez-giraldo\/\" \/>\n<script type=\"application\/ld+json\" class=\"yoast-schema-graph\">{\"@context\":\"https:\\\/\\\/schema.org\",\"@graph\":[{\"@type\":\"Article\",\"@id\":\"https:\\\/\\\/www.ucaldas.edu.co\\\/portal\\\/es-una-decision-de-un-gran-impacto-economico-para-la-u-de-caldas-ricardo-gomez-giraldo\\\/#article\",\"isPartOf\":{\"@id\":\"https:\\\/\\\/www.ucaldas.edu.co\\\/portal\\\/es-una-decision-de-un-gran-impacto-economico-para-la-u-de-caldas-ricardo-gomez-giraldo\\\/\"},\"author\":{\"name\":\"ofiprensa\",\"@id\":\"https:\\\/\\\/www.ucaldas.edu.co\\\/portal\\\/#\\\/schema\\\/person\\\/a1b482e23449158b4bc319926c074fdf\"},\"headline\":\"\u201cEs una decisi\u00f3n de un gran impacto econ\u00f3mico para la U. de Caldas\u201d: Ricardo G\u00f3mez Giraldo\",\"datePublished\":\"2012-07-30T22:40:01+00:00\",\"mainEntityOfPage\":{\"@id\":\"https:\\\/\\\/www.ucaldas.edu.co\\\/portal\\\/es-una-decision-de-un-gran-impacto-economico-para-la-u-de-caldas-ricardo-gomez-giraldo\\\/\"},\"wordCount\":242,\"publisher\":{\"@id\":\"https:\\\/\\\/www.ucaldas.edu.co\\\/portal\\\/#organization\"},\"image\":{\"@id\":\"https:\\\/\\\/www.ucaldas.edu.co\\\/portal\\\/es-una-decision-de-un-gran-impacto-economico-para-la-u-de-caldas-ricardo-gomez-giraldo\\\/#primaryimage\"},\"thumbnailUrl\":\"http:\\\/\\\/www.ucaldas.edu.co\\\/images\\\/tmp\\\/rector_ucaldas_proyecto_estampilla_universitaria_2012.jpg\",\"articleSection\":[\"Universidad al D\u00eda\",\"Actualidad\"],\"inLanguage\":\"es\"},{\"@type\":\"WebPage\",\"@id\":\"https:\\\/\\\/www.ucaldas.edu.co\\\/portal\\\/es-una-decision-de-un-gran-impacto-economico-para-la-u-de-caldas-ricardo-gomez-giraldo\\\/\",\"url\":\"https:\\\/\\\/www.ucaldas.edu.co\\\/portal\\\/es-una-decision-de-un-gran-impacto-economico-para-la-u-de-caldas-ricardo-gomez-giraldo\\\/\",\"name\":\"\u201cEs una decisi\u00f3n de un gran impacto econ\u00f3mico para la U. de Caldas\u201d: Ricardo G\u00f3mez Giraldo .\",\"isPartOf\":{\"@id\":\"https:\\\/\\\/www.ucaldas.edu.co\\\/portal\\\/#website\"},\"primaryImageOfPage\":{\"@id\":\"https:\\\/\\\/www.ucaldas.edu.co\\\/portal\\\/es-una-decision-de-un-gran-impacto-economico-para-la-u-de-caldas-ricardo-gomez-giraldo\\\/#primaryimage\"},\"image\":{\"@id\":\"https:\\\/\\\/www.ucaldas.edu.co\\\/portal\\\/es-una-decision-de-un-gran-impacto-economico-para-la-u-de-caldas-ricardo-gomez-giraldo\\\/#primaryimage\"},\"thumbnailUrl\":\"http:\\\/\\\/www.ucaldas.edu.co\\\/images\\\/tmp\\\/rector_ucaldas_proyecto_estampilla_universitaria_2012.jpg\",\"datePublished\":\"2012-07-30T22:40:01+00:00\",\"breadcrumb\":{\"@id\":\"https:\\\/\\\/www.ucaldas.edu.co\\\/portal\\\/es-una-decision-de-un-gran-impacto-economico-para-la-u-de-caldas-ricardo-gomez-giraldo\\\/#breadcrumb\"},\"inLanguage\":\"es\",\"potentialAction\":[{\"@type\":\"ReadAction\",\"target\":[\"https:\\\/\\\/www.ucaldas.edu.co\\\/portal\\\/es-una-decision-de-un-gran-impacto-economico-para-la-u-de-caldas-ricardo-gomez-giraldo\\\/\"]}]},{\"@type\":\"ImageObject\",\"inLanguage\":\"es\",\"@id\":\"https:\\\/\\\/www.ucaldas.edu.co\\\/portal\\\/es-una-decision-de-un-gran-impacto-economico-para-la-u-de-caldas-ricardo-gomez-giraldo\\\/#primaryimage\",\"url\":\"http:\\\/\\\/www.ucaldas.edu.co\\\/images\\\/tmp\\\/rector_ucaldas_proyecto_estampilla_universitaria_2012.jpg\",\"contentUrl\":\"http:\\\/\\\/www.ucaldas.edu.co\\\/images\\\/tmp\\\/rector_ucaldas_proyecto_estampilla_universitaria_2012.jpg\"},{\"@type\":\"BreadcrumbList\",\"@id\":\"https:\\\/\\\/www.ucaldas.edu.co\\\/portal\\\/es-una-decision-de-un-gran-impacto-economico-para-la-u-de-caldas-ricardo-gomez-giraldo\\\/#breadcrumb\",\"itemListElement\":[{\"@type\":\"ListItem\",\"position\":1,\"name\":\"Portada\",\"item\":\"https:\\\/\\\/www.ucaldas.edu.co\\\/portal\\\/\"},{\"@type\":\"ListItem\",\"position\":2,\"name\":\"\u201cEs una decisi\u00f3n de un gran impacto econ\u00f3mico para la U. de Caldas\u201d: Ricardo G\u00f3mez Giraldo\"}]},{\"@type\":\"WebSite\",\"@id\":\"https:\\\/\\\/www.ucaldas.edu.co\\\/portal\\\/#website\",\"url\":\"https:\\\/\\\/www.ucaldas.edu.co\\\/portal\\\/\",\"name\":\"Universidad de Caldas\",\"description\":\"\",\"publisher\":{\"@id\":\"https:\\\/\\\/www.ucaldas.edu.co\\\/portal\\\/#organization\"},\"alternateName\":\"U. de Caldas\",\"potentialAction\":[{\"@type\":\"SearchAction\",\"target\":{\"@type\":\"EntryPoint\",\"urlTemplate\":\"https:\\\/\\\/www.ucaldas.edu.co\\\/portal\\\/?s={search_term_string}\"},\"query-input\":{\"@type\":\"PropertyValueSpecification\",\"valueRequired\":true,\"valueName\":\"search_term_string\"}}],\"inLanguage\":\"es\"},{\"@type\":\"Organization\",\"@id\":\"https:\\\/\\\/www.ucaldas.edu.co\\\/portal\\\/#organization\",\"name\":\"Universidad de Caldas\",\"alternateName\":\"U. de Caldas\",\"url\":\"https:\\\/\\\/www.ucaldas.edu.co\\\/portal\\\/\",\"logo\":{\"@type\":\"ImageObject\",\"inLanguage\":\"es\",\"@id\":\"https:\\\/\\\/www.ucaldas.edu.co\\\/portal\\\/#\\\/schema\\\/logo\\\/image\\\/\",\"url\":\"https:\\\/\\\/www.ucaldas.edu.co\\\/portal\\\/wp-content\\\/uploads\\\/2023\\\/11\\\/Logo_horizontal_oscuroU-2023.png\",\"contentUrl\":\"https:\\\/\\\/www.ucaldas.edu.co\\\/portal\\\/wp-content\\\/uploads\\\/2023\\\/11\\\/Logo_horizontal_oscuroU-2023.png\",\"width\":263,\"height\":101,\"caption\":\"Universidad de Caldas\"},\"image\":{\"@id\":\"https:\\\/\\\/www.ucaldas.edu.co\\\/portal\\\/#\\\/schema\\\/logo\\\/image\\\/\"},\"sameAs\":[\"https:\\\/\\\/www.facebook.com\\\/udecaldas\",\"https:\\\/\\\/x.com\\\/udecaldas\",\"https:\\\/\\\/www.youtube.com\\\/universidadcaldas\",\"https:\\\/\\\/www.instagram.com\\\/udecaldas\\\/\"]},{\"@type\":\"Person\",\"@id\":\"https:\\\/\\\/www.ucaldas.edu.co\\\/portal\\\/#\\\/schema\\\/person\\\/a1b482e23449158b4bc319926c074fdf\",\"name\":\"ofiprensa\",\"image\":{\"@type\":\"ImageObject\",\"inLanguage\":\"es\",\"@id\":\"https:\\\/\\\/www.ucaldas.edu.co\\\/portal\\\/wp-content\\\/litespeed\\\/avatar\\\/09ea5085e600095a7a811142c6944527.jpg?ver=1777497608\",\"url\":\"https:\\\/\\\/www.ucaldas.edu.co\\\/portal\\\/wp-content\\\/litespeed\\\/avatar\\\/09ea5085e600095a7a811142c6944527.jpg?ver=1777497608\",\"contentUrl\":\"https:\\\/\\\/www.ucaldas.edu.co\\\/portal\\\/wp-content\\\/litespeed\\\/avatar\\\/09ea5085e600095a7a811142c6944527.jpg?ver=1777497608\",\"caption\":\"ofiprensa\"},\"url\":\"https:\\\/\\\/www.ucaldas.edu.co\\\/portal\\\/author\\\/ofiprensa\\\/\"}]}<\/script>\n<!-- \/ Yoast SEO plugin. -->","yoast_head_json":{"title":"\u201cEs una decisi\u00f3n de un gran impacto econ\u00f3mico para la U. de Caldas\u201d: Ricardo G\u00f3mez Giraldo .","robots":{"index":"index","follow":"follow","max-snippet":"max-snippet:-1","max-image-preview":"max-image-preview:large","max-video-preview":"max-video-preview:-1"},"canonical":"https:\/\/www.ucaldas.edu.co\/portal\/es-una-decision-de-un-gran-impacto-economico-para-la-u-de-caldas-ricardo-gomez-giraldo\/","schema":{"@context":"https:\/\/schema.org","@graph":[{"@type":"Article","@id":"https:\/\/www.ucaldas.edu.co\/portal\/es-una-decision-de-un-gran-impacto-economico-para-la-u-de-caldas-ricardo-gomez-giraldo\/#article","isPartOf":{"@id":"https:\/\/www.ucaldas.edu.co\/portal\/es-una-decision-de-un-gran-impacto-economico-para-la-u-de-caldas-ricardo-gomez-giraldo\/"},"author":{"name":"ofiprensa","@id":"https:\/\/www.ucaldas.edu.co\/portal\/#\/schema\/person\/a1b482e23449158b4bc319926c074fdf"},"headline":"\u201cEs una decisi\u00f3n de un gran impacto econ\u00f3mico para la U. de Caldas\u201d: Ricardo G\u00f3mez Giraldo","datePublished":"2012-07-30T22:40:01+00:00","mainEntityOfPage":{"@id":"https:\/\/www.ucaldas.edu.co\/portal\/es-una-decision-de-un-gran-impacto-economico-para-la-u-de-caldas-ricardo-gomez-giraldo\/"},"wordCount":242,"publisher":{"@id":"https:\/\/www.ucaldas.edu.co\/portal\/#organization"},"image":{"@id":"https:\/\/www.ucaldas.edu.co\/portal\/es-una-decision-de-un-gran-impacto-economico-para-la-u-de-caldas-ricardo-gomez-giraldo\/#primaryimage"},"thumbnailUrl":"http:\/\/www.ucaldas.edu.co\/images\/tmp\/rector_ucaldas_proyecto_estampilla_universitaria_2012.jpg","articleSection":["Universidad al D\u00eda","Actualidad"],"inLanguage":"es"},{"@type":"WebPage","@id":"https:\/\/www.ucaldas.edu.co\/portal\/es-una-decision-de-un-gran-impacto-economico-para-la-u-de-caldas-ricardo-gomez-giraldo\/","url":"https:\/\/www.ucaldas.edu.co\/portal\/es-una-decision-de-un-gran-impacto-economico-para-la-u-de-caldas-ricardo-gomez-giraldo\/","name":"\u201cEs una decisi\u00f3n de un gran impacto econ\u00f3mico para la U. de Caldas\u201d: Ricardo G\u00f3mez Giraldo .","isPartOf":{"@id":"https:\/\/www.ucaldas.edu.co\/portal\/#website"},"primaryImageOfPage":{"@id":"https:\/\/www.ucaldas.edu.co\/portal\/es-una-decision-de-un-gran-impacto-economico-para-la-u-de-caldas-ricardo-gomez-giraldo\/#primaryimage"},"image":{"@id":"https:\/\/www.ucaldas.edu.co\/portal\/es-una-decision-de-un-gran-impacto-economico-para-la-u-de-caldas-ricardo-gomez-giraldo\/#primaryimage"},"thumbnailUrl":"http:\/\/www.ucaldas.edu.co\/images\/tmp\/rector_ucaldas_proyecto_estampilla_universitaria_2012.jpg","datePublished":"2012-07-30T22:40:01+00:00","breadcrumb":{"@id":"https:\/\/www.ucaldas.edu.co\/portal\/es-una-decision-de-un-gran-impacto-economico-para-la-u-de-caldas-ricardo-gomez-giraldo\/#breadcrumb"},"inLanguage":"es","potentialAction":[{"@type":"ReadAction","target":["https:\/\/www.ucaldas.edu.co\/portal\/es-una-decision-de-un-gran-impacto-economico-para-la-u-de-caldas-ricardo-gomez-giraldo\/"]}]},{"@type":"ImageObject","inLanguage":"es","@id":"https:\/\/www.ucaldas.edu.co\/portal\/es-una-decision-de-un-gran-impacto-economico-para-la-u-de-caldas-ricardo-gomez-giraldo\/#primaryimage","url":"http:\/\/www.ucaldas.edu.co\/images\/tmp\/rector_ucaldas_proyecto_estampilla_universitaria_2012.jpg","contentUrl":"http:\/\/www.ucaldas.edu.co\/images\/tmp\/rector_ucaldas_proyecto_estampilla_universitaria_2012.jpg"},{"@type":"BreadcrumbList","@id":"https:\/\/www.ucaldas.edu.co\/portal\/es-una-decision-de-un-gran-impacto-economico-para-la-u-de-caldas-ricardo-gomez-giraldo\/#breadcrumb","itemListElement":[{"@type":"ListItem","position":1,"name":"Portada","item":"https:\/\/www.ucaldas.edu.co\/portal\/"},{"@type":"ListItem","position":2,"name":"\u201cEs una decisi\u00f3n de un gran impacto econ\u00f3mico para la U. de Caldas\u201d: Ricardo G\u00f3mez Giraldo"}]},{"@type":"WebSite","@id":"https:\/\/www.ucaldas.edu.co\/portal\/#website","url":"https:\/\/www.ucaldas.edu.co\/portal\/","name":"Universidad de Caldas","description":"","publisher":{"@id":"https:\/\/www.ucaldas.edu.co\/portal\/#organization"},"alternateName":"U. de Caldas","potentialAction":[{"@type":"SearchAction","target":{"@type":"EntryPoint","urlTemplate":"https:\/\/www.ucaldas.edu.co\/portal\/?s={search_term_string}"},"query-input":{"@type":"PropertyValueSpecification","valueRequired":true,"valueName":"search_term_string"}}],"inLanguage":"es"},{"@type":"Organization","@id":"https:\/\/www.ucaldas.edu.co\/portal\/#organization","name":"Universidad de Caldas","alternateName":"U. de Caldas","url":"https:\/\/www.ucaldas.edu.co\/portal\/","logo":{"@type":"ImageObject","inLanguage":"es","@id":"https:\/\/www.ucaldas.edu.co\/portal\/#\/schema\/logo\/image\/","url":"https:\/\/www.ucaldas.edu.co\/portal\/wp-content\/uploads\/2023\/11\/Logo_horizontal_oscuroU-2023.png","contentUrl":"https:\/\/www.ucaldas.edu.co\/portal\/wp-content\/uploads\/2023\/11\/Logo_horizontal_oscuroU-2023.png","width":263,"height":101,"caption":"Universidad de Caldas"},"image":{"@id":"https:\/\/www.ucaldas.edu.co\/portal\/#\/schema\/logo\/image\/"},"sameAs":["https:\/\/www.facebook.com\/udecaldas","https:\/\/x.com\/udecaldas","https:\/\/www.youtube.com\/universidadcaldas","https:\/\/www.instagram.com\/udecaldas\/"]},{"@type":"Person","@id":"https:\/\/www.ucaldas.edu.co\/portal\/#\/schema\/person\/a1b482e23449158b4bc319926c074fdf","name":"ofiprensa","image":{"@type":"ImageObject","inLanguage":"es","@id":"https:\/\/www.ucaldas.edu.co\/portal\/wp-content\/litespeed\/avatar\/09ea5085e600095a7a811142c6944527.jpg?ver=1777497608","url":"https:\/\/www.ucaldas.edu.co\/portal\/wp-content\/litespeed\/avatar\/09ea5085e600095a7a811142c6944527.jpg?ver=1777497608","contentUrl":"https:\/\/www.ucaldas.edu.co\/portal\/wp-content\/litespeed\/avatar\/09ea5085e600095a7a811142c6944527.jpg?ver=1777497608","caption":"ofiprensa"},"url":"https:\/\/www.ucaldas.edu.co\/portal\/author\/ofiprensa\/"}]}},"_links":{"self":[{"href":"https:\/\/www.ucaldas.edu.co\/portal\/wp-json\/wp\/v2\/posts\/13647","targetHints":{"allow":["GET"]}}],"collection":[{"href":"https:\/\/www.ucaldas.edu.co\/portal\/wp-json\/wp\/v2\/posts"}],"about":[{"href":"https:\/\/www.ucaldas.edu.co\/portal\/wp-json\/wp\/v2\/types\/post"}],"author":[{"embeddable":true,"href":"https:\/\/www.ucaldas.edu.co\/portal\/wp-json\/wp\/v2\/users\/2"}],"replies":[{"embeddable":true,"href":"https:\/\/www.ucaldas.edu.co\/portal\/wp-json\/wp\/v2\/comments?post=13647"}],"version-history":[{"count":0,"href":"https:\/\/www.ucaldas.edu.co\/portal\/wp-json\/wp\/v2\/posts\/13647\/revisions"}],"wp:attachment":[{"href":"https:\/\/www.ucaldas.edu.co\/portal\/wp-json\/wp\/v2\/media?parent=13647"}],"wp:term":[{"taxonomy":"category","embeddable":true,"href":"https:\/\/www.ucaldas.edu.co\/portal\/wp-json\/wp\/v2\/categories?post=13647"},{"taxonomy":"post_tag","embeddable":true,"href":"https:\/\/www.ucaldas.edu.co\/portal\/wp-json\/wp\/v2\/tags?post=13647"}],"curies":[{"name":"wp","href":"https:\/\/api.w.org\/{rel}","templated":true}]}}