{"id":13643,"date":"2012-07-30T17:38:35","date_gmt":"2012-07-30T22:38:35","guid":{"rendered":"https:\/\/www.ucaldas.edu.co\/portal\/?p=13643"},"modified":"2012-07-30T17:38:35","modified_gmt":"2012-07-30T22:38:35","slug":"universidad-publica-de-calidad-sufre-con-rebaja-a-estampilla-pro-universitaria-rector-u-de-caldas","status":"publish","type":"post","link":"https:\/\/www.ucaldas.edu.co\/portal\/universidad-publica-de-calidad-sufre-con-rebaja-a-estampilla-pro-universitaria-rector-u-de-caldas\/","title":{"rendered":"Universidad p\u00fablica de calidad sufre con rebaja a Estampilla Pro Universitaria: Rector U. de Caldas"},"content":{"rendered":"<p>&nbsp;<\/p>\n<p>Asamblea de Caldas aprob\u00f3 disminuirla en un 50%<\/p>\n<p>&nbsp;<\/p>\n<p align=\"right\">29\/07\/2012<\/p>\n<hr \/>\n<p align=\"left\">\u00a0Redacci\u00f3n: Carlos Eduardo Garc\u00eda Cort\u00e9s<\/p>\n<p align=\"left\">Jefe de Prensa de la Universidad de Caldas<\/p>\n<p>&nbsp;<\/p>\n<p>Unos <b>$1 mil 500 millones anuales dejar\u00eda de recibir<\/b> cada a\u00f1o <b>la Universidad de Caldas<\/b>, debido a la <b>disminuci\u00f3n de la Estampilla Pro Universitaria<\/b>, aprobada el pasado s\u00e1bado 28 de julio del 2012, por la <b>Asamblea de Caldas<\/b>.<\/p>\n<p>&nbsp;<\/p>\n<p>Esta contribuci\u00f3n <b>bajar\u00eda en un 50%<\/b> al <b>pasar del 2% al 1%<\/b>. La Universidad Nacional Sede Manizales tambi\u00e9n se ver\u00eda afectada por la disminuci\u00f3n, medida que busca apalancar la compra del Hospital Infantil de Manizales.<\/p>\n<p>&nbsp;<\/p>\n<p>Ante se\u00f1alamientos dados en la asamblea, respecto a que la U. de Caldas no tuvo voluntad de hacer algo por el Hospital Infantil de Manizales con el 0,5% que se aument\u00f3 la estampilla el a\u00f1o pasado, el rector Ricardo G\u00f3mez Giraldo se\u00f1al\u00f3 que tan cierto es que no alcanzaba el dinero, que esta vez tuvieron que duplicarlo y disminuir un 1% de la estampilla, a costa de los recursos para la universidad.<\/p>\n<p>&nbsp;<\/p>\n<p>A continuaci\u00f3n, trascribimos la <a href=\"http:\/\/www.ivoox.com\/universidad-publica-calidad-sufre-rebaja-a_md_1357291_1.mp3\" target=\"_blank\">reacci\u00f3n del Rector de la Universidad de Caldas, Ricardo G\u00f3mez Giraldo, ante la disminuci\u00f3n de la estampilla Pro Universitaria (<b>descargue aqu\u00ed el audio<\/b>)<\/a><\/p>\n<p>&nbsp;<\/p>\n<p><b>\u201c<\/b>Precisamente este proyecto que acaban de aprobar los diputados demuestra que lo que nos hab\u00edan dado no es suficiente, porque a nosotros nos subieron medio punto y no era suficiente para comprar el hospital. Ahora nos rebajan un punto entero, para ellos comprar el hospital. Entonces demuestra que lo que hab\u00edan dado no era suficiente. Es clar\u00edsimo.<\/p>\n<p>&nbsp;<\/p>\n<p>A nosotros nos subieron de 1,5% a 2%, para comprar el hospital. Ese medio punto que sube no alcanza. Entonces ahora nos va a rebajar de 2% -no a 1,5%, sino a 1%-, para comprar el hospital, lo cual demuestra -insisto- que la plata que a nosotros nos hab\u00edan dado no alcanzaba y esta, pues esperamos que alcance por la salud de Caldas, por los ni\u00f1os.<\/p>\n<p>&nbsp;<\/p>\n<p>Esperamos que se concrete esa compra que quiere hacer la Gobernaci\u00f3n a la Cruz Roja. Lamentamos que no hubi\u00e9ramos podido estar ah\u00ed en esa sociedad, pero volvemos a insistir: la universidad p\u00fablica de calidad es la que sufre con esta norma.<\/p>\n<p>&nbsp;<\/p>\n<p><b>Relaci\u00f3n entre la actual decisi\u00f3n y el aumento aprobado el a\u00f1o pasado<\/b><\/p>\n<p>Es la misma idea pero con distinta plata. A nosotros nos daban medio punto m\u00e1s y no alcanz\u00f3. Si nos hubieran dado el punto m\u00e1s que acaban de aprobar por la Gobernaci\u00f3n, ah\u00ed s\u00ed alcanzaba. Entonces ahora ellos lo van a comprar, porque sacrifican plata para la universidad. Son $1 mil 500 millones al a\u00f1o cada universidad y con eso compran el Hospital Infantil.<\/p>\n<p>&nbsp;<\/p>\n<p><b>Posibilidad de entrar a sociedad con el Hospital Infantil<\/b><\/p>\n<p>Ojal\u00e1 sea as\u00ed. Ojal\u00e1 podamos lograr el acuerdo, porque de todas maneras a las universidades nos est\u00e1n cobrando. Antes no nos cobraban. Ahora, tanto el SES Hospital de Caldas, como el Santa Sof\u00eda, nos cobran, y el Hospital Infantil ya nos cobra, por estar haciendo pr\u00e1cticas universitarias e investigaci\u00f3n.<\/p>\n<p>&nbsp;<\/p>\n<p><b>Incumplimiento de un acuerdo previo<\/b><\/p>\n<p>Claro, hay un acuerdo. Realmente hay una cantidad de adjetivos y de ep\u00edtetos -que no me voy a referir a ellos-, pero desafortunadamente hubo una mesa donde estuvieron las m\u00e1ximas autoridades y aqu\u00ed se est\u00e1 desconociendo.<\/p>\n<p>&nbsp;<\/p>\n<p>No hubo nada firmado, pero era palabra.<\/p>\n<p>&nbsp;<\/p>\n<p><b>Af\u00e1n en el debate y su aprobaci\u00f3n<\/b><\/p>\n<p>Claro. Fue un acuerdo que presentaron un jueves por la noche y el s\u00e1bado se aprueba. Hay un af\u00e1n<b>\u201d<\/b>.<\/p>\n<p><b>\u00a0<\/b><\/p>\n<p><b>Recuerde<\/b><\/p>\n<p><b>&#8211;<\/b><b> <a href=\"http:\/\/desarrollo.ucaldas.edu.co\/archivo\/index.php?option=com_content&amp;view=article&amp;catid=419%3Auniversidad-al-dia&amp;id=7226%3Arector-de-u-de-caldas-presento-estudio-de-factibilidad-de-un-hospital-universitario&amp;Itemid=1039\" target=\"_blank\">Un estudio de factibilidad de un hospital universitario, contratado por la Universidad de Caldas, demostr\u00f3 que el aumento del 0,5% en la Estampilla Pro Universitaria no era suficiente para la compra del Hospital Infantil de Manizales (lea aqu\u00ed la nota).<\/a><\/b><\/p>\n<p><b>\u00a0<\/b><\/p>\n<p><b><a href=\"http:\/\/desarrollo.ucaldas.edu.co\/archivo\/index.php?option=com_content&amp;view=article&amp;id=7524:rector-u-de-caldas-se-opone-a-disminucion-de-estampilla-pro-universitaria&amp;catid=419:universidad-al-dia&amp;Itemid=1039\" target=\"_blank\">&#8211; El Rector de la Universidad de Caldas advirti\u00f3 -el pasado viernes 27 de julio- de las graves consecuencias para las finanzas de la Instituci\u00f3n, si se aprobaba la rebaja de 1% en la Estampilla Pro Universitaria, en vez del 0,5% pactado (lea aqu\u00ed la nota)<\/a>.<\/b><\/p>\n<p><b><br \/>\n<\/b><b>Informes: <\/b><b>Oficina de Prensa U. de Caldas, tel\u00e9fono 878 15 00, extensi\u00f3n 12 167.<\/b><\/p>\n","protected":false},"excerpt":{"rendered":"<p>&nbsp; Asamblea de Caldas aprob\u00f3 disminuirla en un 50% &nbsp; 29\/07\/2012 \u00a0Redacci\u00f3n: Carlos Eduardo Garc\u00eda Cort\u00e9s Jefe de Prensa de la Universidad de Caldas &nbsp; Unos $1 mil 500 millones anuales dejar\u00eda de recibir cada a\u00f1o la Universidad de Caldas, debido a la disminuci\u00f3n de la Estampilla Pro Universitaria, aprobada el pasado s\u00e1bado 28 de [&hellip;]<\/p>\n","protected":false},"author":2,"featured_media":0,"comment_status":"closed","ping_status":"closed","sticky":false,"template":"","format":"standard","meta":{"footnotes":""},"categories":[48,53],"tags":[],"class_list":["post-13643","post","type-post","status-publish","format-standard","hentry","category-actualidad","category-universidad-al-dia"],"yoast_head":"<!-- This site is optimized with the Yoast SEO plugin v27.5 - https:\/\/yoast.com\/product\/yoast-seo-wordpress\/ -->\n<title>Universidad p\u00fablica de calidad sufre con rebaja a Estampilla Pro Universitaria: Rector U. de Caldas .<\/title>\n<meta name=\"robots\" content=\"index, follow, max-snippet:-1, max-image-preview:large, max-video-preview:-1\" \/>\n<link rel=\"canonical\" href=\"https:\/\/www.ucaldas.edu.co\/portal\/universidad-publica-de-calidad-sufre-con-rebaja-a-estampilla-pro-universitaria-rector-u-de-caldas\/\" \/>\n<script type=\"application\/ld+json\" class=\"yoast-schema-graph\">{\"@context\":\"https:\\\/\\\/schema.org\",\"@graph\":[{\"@type\":\"Article\",\"@id\":\"https:\\\/\\\/www.ucaldas.edu.co\\\/portal\\\/universidad-publica-de-calidad-sufre-con-rebaja-a-estampilla-pro-universitaria-rector-u-de-caldas\\\/#article\",\"isPartOf\":{\"@id\":\"https:\\\/\\\/www.ucaldas.edu.co\\\/portal\\\/universidad-publica-de-calidad-sufre-con-rebaja-a-estampilla-pro-universitaria-rector-u-de-caldas\\\/\"},\"author\":{\"name\":\"ofiprensa\",\"@id\":\"https:\\\/\\\/www.ucaldas.edu.co\\\/portal\\\/#\\\/schema\\\/person\\\/a1b482e23449158b4bc319926c074fdf\"},\"headline\":\"Universidad p\u00fablica de calidad sufre con rebaja a Estampilla Pro Universitaria: Rector U. de Caldas\",\"datePublished\":\"2012-07-30T22:38:35+00:00\",\"mainEntityOfPage\":{\"@id\":\"https:\\\/\\\/www.ucaldas.edu.co\\\/portal\\\/universidad-publica-de-calidad-sufre-con-rebaja-a-estampilla-pro-universitaria-rector-u-de-caldas\\\/\"},\"wordCount\":720,\"publisher\":{\"@id\":\"https:\\\/\\\/www.ucaldas.edu.co\\\/portal\\\/#organization\"},\"articleSection\":[\"Actualidad\",\"Universidad al D\u00eda\"],\"inLanguage\":\"es\"},{\"@type\":\"WebPage\",\"@id\":\"https:\\\/\\\/www.ucaldas.edu.co\\\/portal\\\/universidad-publica-de-calidad-sufre-con-rebaja-a-estampilla-pro-universitaria-rector-u-de-caldas\\\/\",\"url\":\"https:\\\/\\\/www.ucaldas.edu.co\\\/portal\\\/universidad-publica-de-calidad-sufre-con-rebaja-a-estampilla-pro-universitaria-rector-u-de-caldas\\\/\",\"name\":\"Universidad p\u00fablica de calidad sufre con rebaja a Estampilla Pro Universitaria: Rector U. de Caldas .\",\"isPartOf\":{\"@id\":\"https:\\\/\\\/www.ucaldas.edu.co\\\/portal\\\/#website\"},\"datePublished\":\"2012-07-30T22:38:35+00:00\",\"breadcrumb\":{\"@id\":\"https:\\\/\\\/www.ucaldas.edu.co\\\/portal\\\/universidad-publica-de-calidad-sufre-con-rebaja-a-estampilla-pro-universitaria-rector-u-de-caldas\\\/#breadcrumb\"},\"inLanguage\":\"es\",\"potentialAction\":[{\"@type\":\"ReadAction\",\"target\":[\"https:\\\/\\\/www.ucaldas.edu.co\\\/portal\\\/universidad-publica-de-calidad-sufre-con-rebaja-a-estampilla-pro-universitaria-rector-u-de-caldas\\\/\"]}]},{\"@type\":\"BreadcrumbList\",\"@id\":\"https:\\\/\\\/www.ucaldas.edu.co\\\/portal\\\/universidad-publica-de-calidad-sufre-con-rebaja-a-estampilla-pro-universitaria-rector-u-de-caldas\\\/#breadcrumb\",\"itemListElement\":[{\"@type\":\"ListItem\",\"position\":1,\"name\":\"Portada\",\"item\":\"https:\\\/\\\/www.ucaldas.edu.co\\\/portal\\\/\"},{\"@type\":\"ListItem\",\"position\":2,\"name\":\"Universidad p\u00fablica de calidad sufre con rebaja a Estampilla Pro Universitaria: Rector U. de Caldas\"}]},{\"@type\":\"WebSite\",\"@id\":\"https:\\\/\\\/www.ucaldas.edu.co\\\/portal\\\/#website\",\"url\":\"https:\\\/\\\/www.ucaldas.edu.co\\\/portal\\\/\",\"name\":\"Universidad de Caldas\",\"description\":\"\",\"publisher\":{\"@id\":\"https:\\\/\\\/www.ucaldas.edu.co\\\/portal\\\/#organization\"},\"alternateName\":\"U. de Caldas\",\"potentialAction\":[{\"@type\":\"SearchAction\",\"target\":{\"@type\":\"EntryPoint\",\"urlTemplate\":\"https:\\\/\\\/www.ucaldas.edu.co\\\/portal\\\/?s={search_term_string}\"},\"query-input\":{\"@type\":\"PropertyValueSpecification\",\"valueRequired\":true,\"valueName\":\"search_term_string\"}}],\"inLanguage\":\"es\"},{\"@type\":\"Organization\",\"@id\":\"https:\\\/\\\/www.ucaldas.edu.co\\\/portal\\\/#organization\",\"name\":\"Universidad de Caldas\",\"alternateName\":\"U. de Caldas\",\"url\":\"https:\\\/\\\/www.ucaldas.edu.co\\\/portal\\\/\",\"logo\":{\"@type\":\"ImageObject\",\"inLanguage\":\"es\",\"@id\":\"https:\\\/\\\/www.ucaldas.edu.co\\\/portal\\\/#\\\/schema\\\/logo\\\/image\\\/\",\"url\":\"https:\\\/\\\/www.ucaldas.edu.co\\\/portal\\\/wp-content\\\/uploads\\\/2023\\\/11\\\/Logo_horizontal_oscuroU-2023.png\",\"contentUrl\":\"https:\\\/\\\/www.ucaldas.edu.co\\\/portal\\\/wp-content\\\/uploads\\\/2023\\\/11\\\/Logo_horizontal_oscuroU-2023.png\",\"width\":263,\"height\":101,\"caption\":\"Universidad de Caldas\"},\"image\":{\"@id\":\"https:\\\/\\\/www.ucaldas.edu.co\\\/portal\\\/#\\\/schema\\\/logo\\\/image\\\/\"},\"sameAs\":[\"https:\\\/\\\/www.facebook.com\\\/udecaldas\",\"https:\\\/\\\/x.com\\\/udecaldas\",\"https:\\\/\\\/www.youtube.com\\\/universidadcaldas\",\"https:\\\/\\\/www.instagram.com\\\/udecaldas\\\/\"]},{\"@type\":\"Person\",\"@id\":\"https:\\\/\\\/www.ucaldas.edu.co\\\/portal\\\/#\\\/schema\\\/person\\\/a1b482e23449158b4bc319926c074fdf\",\"name\":\"ofiprensa\",\"image\":{\"@type\":\"ImageObject\",\"inLanguage\":\"es\",\"@id\":\"https:\\\/\\\/www.ucaldas.edu.co\\\/portal\\\/wp-content\\\/litespeed\\\/avatar\\\/09ea5085e600095a7a811142c6944527.jpg?ver=1777497608\",\"url\":\"https:\\\/\\\/www.ucaldas.edu.co\\\/portal\\\/wp-content\\\/litespeed\\\/avatar\\\/09ea5085e600095a7a811142c6944527.jpg?ver=1777497608\",\"contentUrl\":\"https:\\\/\\\/www.ucaldas.edu.co\\\/portal\\\/wp-content\\\/litespeed\\\/avatar\\\/09ea5085e600095a7a811142c6944527.jpg?ver=1777497608\",\"caption\":\"ofiprensa\"},\"url\":\"https:\\\/\\\/www.ucaldas.edu.co\\\/portal\\\/author\\\/ofiprensa\\\/\"}]}<\/script>\n<!-- \/ Yoast SEO plugin. -->","yoast_head_json":{"title":"Universidad p\u00fablica de calidad sufre con rebaja a Estampilla Pro Universitaria: Rector U. de Caldas .","robots":{"index":"index","follow":"follow","max-snippet":"max-snippet:-1","max-image-preview":"max-image-preview:large","max-video-preview":"max-video-preview:-1"},"canonical":"https:\/\/www.ucaldas.edu.co\/portal\/universidad-publica-de-calidad-sufre-con-rebaja-a-estampilla-pro-universitaria-rector-u-de-caldas\/","schema":{"@context":"https:\/\/schema.org","@graph":[{"@type":"Article","@id":"https:\/\/www.ucaldas.edu.co\/portal\/universidad-publica-de-calidad-sufre-con-rebaja-a-estampilla-pro-universitaria-rector-u-de-caldas\/#article","isPartOf":{"@id":"https:\/\/www.ucaldas.edu.co\/portal\/universidad-publica-de-calidad-sufre-con-rebaja-a-estampilla-pro-universitaria-rector-u-de-caldas\/"},"author":{"name":"ofiprensa","@id":"https:\/\/www.ucaldas.edu.co\/portal\/#\/schema\/person\/a1b482e23449158b4bc319926c074fdf"},"headline":"Universidad p\u00fablica de calidad sufre con rebaja a Estampilla Pro Universitaria: Rector U. de Caldas","datePublished":"2012-07-30T22:38:35+00:00","mainEntityOfPage":{"@id":"https:\/\/www.ucaldas.edu.co\/portal\/universidad-publica-de-calidad-sufre-con-rebaja-a-estampilla-pro-universitaria-rector-u-de-caldas\/"},"wordCount":720,"publisher":{"@id":"https:\/\/www.ucaldas.edu.co\/portal\/#organization"},"articleSection":["Actualidad","Universidad al D\u00eda"],"inLanguage":"es"},{"@type":"WebPage","@id":"https:\/\/www.ucaldas.edu.co\/portal\/universidad-publica-de-calidad-sufre-con-rebaja-a-estampilla-pro-universitaria-rector-u-de-caldas\/","url":"https:\/\/www.ucaldas.edu.co\/portal\/universidad-publica-de-calidad-sufre-con-rebaja-a-estampilla-pro-universitaria-rector-u-de-caldas\/","name":"Universidad p\u00fablica de calidad sufre con rebaja a Estampilla Pro Universitaria: Rector U. de Caldas .","isPartOf":{"@id":"https:\/\/www.ucaldas.edu.co\/portal\/#website"},"datePublished":"2012-07-30T22:38:35+00:00","breadcrumb":{"@id":"https:\/\/www.ucaldas.edu.co\/portal\/universidad-publica-de-calidad-sufre-con-rebaja-a-estampilla-pro-universitaria-rector-u-de-caldas\/#breadcrumb"},"inLanguage":"es","potentialAction":[{"@type":"ReadAction","target":["https:\/\/www.ucaldas.edu.co\/portal\/universidad-publica-de-calidad-sufre-con-rebaja-a-estampilla-pro-universitaria-rector-u-de-caldas\/"]}]},{"@type":"BreadcrumbList","@id":"https:\/\/www.ucaldas.edu.co\/portal\/universidad-publica-de-calidad-sufre-con-rebaja-a-estampilla-pro-universitaria-rector-u-de-caldas\/#breadcrumb","itemListElement":[{"@type":"ListItem","position":1,"name":"Portada","item":"https:\/\/www.ucaldas.edu.co\/portal\/"},{"@type":"ListItem","position":2,"name":"Universidad p\u00fablica de calidad sufre con rebaja a Estampilla Pro Universitaria: Rector U. de Caldas"}]},{"@type":"WebSite","@id":"https:\/\/www.ucaldas.edu.co\/portal\/#website","url":"https:\/\/www.ucaldas.edu.co\/portal\/","name":"Universidad de Caldas","description":"","publisher":{"@id":"https:\/\/www.ucaldas.edu.co\/portal\/#organization"},"alternateName":"U. de Caldas","potentialAction":[{"@type":"SearchAction","target":{"@type":"EntryPoint","urlTemplate":"https:\/\/www.ucaldas.edu.co\/portal\/?s={search_term_string}"},"query-input":{"@type":"PropertyValueSpecification","valueRequired":true,"valueName":"search_term_string"}}],"inLanguage":"es"},{"@type":"Organization","@id":"https:\/\/www.ucaldas.edu.co\/portal\/#organization","name":"Universidad de Caldas","alternateName":"U. de Caldas","url":"https:\/\/www.ucaldas.edu.co\/portal\/","logo":{"@type":"ImageObject","inLanguage":"es","@id":"https:\/\/www.ucaldas.edu.co\/portal\/#\/schema\/logo\/image\/","url":"https:\/\/www.ucaldas.edu.co\/portal\/wp-content\/uploads\/2023\/11\/Logo_horizontal_oscuroU-2023.png","contentUrl":"https:\/\/www.ucaldas.edu.co\/portal\/wp-content\/uploads\/2023\/11\/Logo_horizontal_oscuroU-2023.png","width":263,"height":101,"caption":"Universidad de Caldas"},"image":{"@id":"https:\/\/www.ucaldas.edu.co\/portal\/#\/schema\/logo\/image\/"},"sameAs":["https:\/\/www.facebook.com\/udecaldas","https:\/\/x.com\/udecaldas","https:\/\/www.youtube.com\/universidadcaldas","https:\/\/www.instagram.com\/udecaldas\/"]},{"@type":"Person","@id":"https:\/\/www.ucaldas.edu.co\/portal\/#\/schema\/person\/a1b482e23449158b4bc319926c074fdf","name":"ofiprensa","image":{"@type":"ImageObject","inLanguage":"es","@id":"https:\/\/www.ucaldas.edu.co\/portal\/wp-content\/litespeed\/avatar\/09ea5085e600095a7a811142c6944527.jpg?ver=1777497608","url":"https:\/\/www.ucaldas.edu.co\/portal\/wp-content\/litespeed\/avatar\/09ea5085e600095a7a811142c6944527.jpg?ver=1777497608","contentUrl":"https:\/\/www.ucaldas.edu.co\/portal\/wp-content\/litespeed\/avatar\/09ea5085e600095a7a811142c6944527.jpg?ver=1777497608","caption":"ofiprensa"},"url":"https:\/\/www.ucaldas.edu.co\/portal\/author\/ofiprensa\/"}]}},"_links":{"self":[{"href":"https:\/\/www.ucaldas.edu.co\/portal\/wp-json\/wp\/v2\/posts\/13643","targetHints":{"allow":["GET"]}}],"collection":[{"href":"https:\/\/www.ucaldas.edu.co\/portal\/wp-json\/wp\/v2\/posts"}],"about":[{"href":"https:\/\/www.ucaldas.edu.co\/portal\/wp-json\/wp\/v2\/types\/post"}],"author":[{"embeddable":true,"href":"https:\/\/www.ucaldas.edu.co\/portal\/wp-json\/wp\/v2\/users\/2"}],"replies":[{"embeddable":true,"href":"https:\/\/www.ucaldas.edu.co\/portal\/wp-json\/wp\/v2\/comments?post=13643"}],"version-history":[{"count":0,"href":"https:\/\/www.ucaldas.edu.co\/portal\/wp-json\/wp\/v2\/posts\/13643\/revisions"}],"wp:attachment":[{"href":"https:\/\/www.ucaldas.edu.co\/portal\/wp-json\/wp\/v2\/media?parent=13643"}],"wp:term":[{"taxonomy":"category","embeddable":true,"href":"https:\/\/www.ucaldas.edu.co\/portal\/wp-json\/wp\/v2\/categories?post=13643"},{"taxonomy":"post_tag","embeddable":true,"href":"https:\/\/www.ucaldas.edu.co\/portal\/wp-json\/wp\/v2\/tags?post=13643"}],"curies":[{"name":"wp","href":"https:\/\/api.w.org\/{rel}","templated":true}]}}