{"id":13637,"date":"2012-07-27T17:36:10","date_gmt":"2012-07-27T22:36:10","guid":{"rendered":"https:\/\/www.ucaldas.edu.co\/portal\/?p=13637"},"modified":"2012-07-27T17:36:10","modified_gmt":"2012-07-27T22:36:10","slug":"estudiantes-de-medicina-u-de-caldas-recibieron-insignias-en-comienzo-de-ejercicio-profesional","status":"publish","type":"post","link":"https:\/\/www.ucaldas.edu.co\/portal\/estudiantes-de-medicina-u-de-caldas-recibieron-insignias-en-comienzo-de-ejercicio-profesional\/","title":{"rendered":"Estudiantes de Medicina U. de Caldas recibieron insignias, en comienzo de ejercicio profesional"},"content":{"rendered":"<p align=\"center\">De \u00faltimo a\u00f1o de este programa de la Instituci\u00f3n<\/p>\n<hr \/>\n<p align=\"center\"><b>\u00a0<\/b><\/p>\n<p align=\"right\">\n<p align=\"right\">27\/07\/2012<br \/>\nRedacci\u00f3n: Margarita Mar\u00eda Laverde Galvis<\/p>\n<p>&nbsp;<\/p>\n<table border=\"0\">\n<tbody>\n<tr>\n<td>&nbsp;<\/p>\n<p><img loading=\"lazy\" decoding=\"async\" style=\"border: 0px\" title=\"Insignias Medicina\" alt=\"Insignias Medicina\" src=\"http:\/\/www.ucaldas.edu.co\/images\/tmp\/insignias_medicina_2012.jpg\" width=\"240\" height=\"150\" border=\"0\" \/><\/p>\n<h4>Foto: Guillermo Sarmiento Estrada\/ Prensa U. de Caldas.<\/h4>\n<\/td>\n<td><b>Unos 32 estudiantes<\/b> del <b>\u00faltimo a\u00f1o<\/b> del <b>Programa de Medicina<\/b> de la <b>Universidad de Caldas<\/b> <b>recibieron<\/b> el <b>escudo<\/b> de la Instituci\u00f3n, adem\u00e1s del \u00a0<b>delantal blanco<\/b>, que <b>simboliza<\/b> el <b>comienzo<\/b> del <b>ejercicio profesional<\/b>. El acto de imposici\u00f3n de insignias se desarroll\u00f3 el pasado 19 de julio del 2012.<\/td>\n<\/tr>\n<\/tbody>\n<\/table>\n<p>&nbsp;<\/p>\n<p><b>Cada a\u00f1o se realizan tres ceremonias<\/b>, en la que <b>unos 120 estudiantes reciben<\/b> las <b>insignias<\/b>. Dentro de la preparaci\u00f3n del acto, los estudiantes invitan a un profesor de la Facultad para que sea quien les imponga los elementos, pues se identifican como modelo en el ejercicio profesional.<\/p>\n<p>\u201cEnv\u00edo a los estudiantes un mensaje de \u00e9tica y humanismo frente a su ejercicio profesional. Hacemos tambi\u00e9n una clara menci\u00f3n de las dif\u00edciles condiciones en que se trabaja, al igual que del sistema de salud colombiano\u201d, coment\u00f3 Carlos Ricardo Escobar Ortega, <b>Director del Programa de Medicina de la Instituci\u00f3n.<\/p>\n<p><\/b><\/p>\n<p>\u201cQueremos hacerles ver toda la responsabilidad que asumen en la salud humana, adem\u00e1s del ser egresados de la U. de Caldas\u201d, agreg\u00f3 Escobar Ortega.<\/p>\n<p><a href=\"http:\/\/www.facebook.com\/media\/set\/?set=a.392188677509670.90237.107054166023124&amp;type=3\" target=\"_blank\">Conozca im\u00e1genes de la imposici\u00f3n de insignias del Programa de Medicina U. de Caldas<\/a><\/p>\n<p><b>Informes: <\/b>Programa de Medicina, tel\u00e9fono 878 30 60, extensi\u00f3n 31 265.<\/p>\n","protected":false},"excerpt":{"rendered":"<p>De \u00faltimo a\u00f1o de este programa de la Instituci\u00f3n \u00a0 27\/07\/2012 Redacci\u00f3n: Margarita Mar\u00eda Laverde Galvis &nbsp; &nbsp; Foto: Guillermo Sarmiento Estrada\/ Prensa U. de Caldas. Unos 32 estudiantes del \u00faltimo a\u00f1o del Programa de Medicina de la Universidad de Caldas recibieron el escudo de la Instituci\u00f3n, adem\u00e1s del \u00a0delantal blanco, que simboliza el comienzo [&hellip;]<\/p>\n","protected":false},"author":2,"featured_media":0,"comment_status":"closed","ping_status":"closed","sticky":false,"template":"","format":"standard","meta":{"footnotes":""},"categories":[48,53],"tags":[],"class_list":["post-13637","post","type-post","status-publish","format-standard","hentry","category-actualidad","category-universidad-al-dia"],"yoast_head":"<!-- This site is optimized with the Yoast SEO plugin v27.5 - https:\/\/yoast.com\/product\/yoast-seo-wordpress\/ -->\n<title>Estudiantes de Medicina U. de Caldas recibieron insignias, en comienzo de ejercicio profesional .<\/title>\n<meta name=\"robots\" content=\"index, follow, max-snippet:-1, max-image-preview:large, max-video-preview:-1\" \/>\n<link rel=\"canonical\" href=\"https:\/\/www.ucaldas.edu.co\/portal\/estudiantes-de-medicina-u-de-caldas-recibieron-insignias-en-comienzo-de-ejercicio-profesional\/\" \/>\n<script type=\"application\/ld+json\" class=\"yoast-schema-graph\">{\"@context\":\"https:\\\/\\\/schema.org\",\"@graph\":[{\"@type\":\"Article\",\"@id\":\"https:\\\/\\\/www.ucaldas.edu.co\\\/portal\\\/estudiantes-de-medicina-u-de-caldas-recibieron-insignias-en-comienzo-de-ejercicio-profesional\\\/#article\",\"isPartOf\":{\"@id\":\"https:\\\/\\\/www.ucaldas.edu.co\\\/portal\\\/estudiantes-de-medicina-u-de-caldas-recibieron-insignias-en-comienzo-de-ejercicio-profesional\\\/\"},\"author\":{\"name\":\"ofiprensa\",\"@id\":\"https:\\\/\\\/www.ucaldas.edu.co\\\/portal\\\/#\\\/schema\\\/person\\\/a1b482e23449158b4bc319926c074fdf\"},\"headline\":\"Estudiantes de Medicina U. de Caldas recibieron insignias, en comienzo de ejercicio profesional\",\"datePublished\":\"2012-07-27T22:36:10+00:00\",\"mainEntityOfPage\":{\"@id\":\"https:\\\/\\\/www.ucaldas.edu.co\\\/portal\\\/estudiantes-de-medicina-u-de-caldas-recibieron-insignias-en-comienzo-de-ejercicio-profesional\\\/\"},\"wordCount\":241,\"publisher\":{\"@id\":\"https:\\\/\\\/www.ucaldas.edu.co\\\/portal\\\/#organization\"},\"image\":{\"@id\":\"https:\\\/\\\/www.ucaldas.edu.co\\\/portal\\\/estudiantes-de-medicina-u-de-caldas-recibieron-insignias-en-comienzo-de-ejercicio-profesional\\\/#primaryimage\"},\"thumbnailUrl\":\"http:\\\/\\\/www.ucaldas.edu.co\\\/images\\\/tmp\\\/insignias_medicina_2012.jpg\",\"articleSection\":[\"Actualidad\",\"Universidad al D\u00eda\"],\"inLanguage\":\"es\"},{\"@type\":\"WebPage\",\"@id\":\"https:\\\/\\\/www.ucaldas.edu.co\\\/portal\\\/estudiantes-de-medicina-u-de-caldas-recibieron-insignias-en-comienzo-de-ejercicio-profesional\\\/\",\"url\":\"https:\\\/\\\/www.ucaldas.edu.co\\\/portal\\\/estudiantes-de-medicina-u-de-caldas-recibieron-insignias-en-comienzo-de-ejercicio-profesional\\\/\",\"name\":\"Estudiantes de Medicina U. de Caldas recibieron insignias, en comienzo de ejercicio profesional .\",\"isPartOf\":{\"@id\":\"https:\\\/\\\/www.ucaldas.edu.co\\\/portal\\\/#website\"},\"primaryImageOfPage\":{\"@id\":\"https:\\\/\\\/www.ucaldas.edu.co\\\/portal\\\/estudiantes-de-medicina-u-de-caldas-recibieron-insignias-en-comienzo-de-ejercicio-profesional\\\/#primaryimage\"},\"image\":{\"@id\":\"https:\\\/\\\/www.ucaldas.edu.co\\\/portal\\\/estudiantes-de-medicina-u-de-caldas-recibieron-insignias-en-comienzo-de-ejercicio-profesional\\\/#primaryimage\"},\"thumbnailUrl\":\"http:\\\/\\\/www.ucaldas.edu.co\\\/images\\\/tmp\\\/insignias_medicina_2012.jpg\",\"datePublished\":\"2012-07-27T22:36:10+00:00\",\"breadcrumb\":{\"@id\":\"https:\\\/\\\/www.ucaldas.edu.co\\\/portal\\\/estudiantes-de-medicina-u-de-caldas-recibieron-insignias-en-comienzo-de-ejercicio-profesional\\\/#breadcrumb\"},\"inLanguage\":\"es\",\"potentialAction\":[{\"@type\":\"ReadAction\",\"target\":[\"https:\\\/\\\/www.ucaldas.edu.co\\\/portal\\\/estudiantes-de-medicina-u-de-caldas-recibieron-insignias-en-comienzo-de-ejercicio-profesional\\\/\"]}]},{\"@type\":\"ImageObject\",\"inLanguage\":\"es\",\"@id\":\"https:\\\/\\\/www.ucaldas.edu.co\\\/portal\\\/estudiantes-de-medicina-u-de-caldas-recibieron-insignias-en-comienzo-de-ejercicio-profesional\\\/#primaryimage\",\"url\":\"http:\\\/\\\/www.ucaldas.edu.co\\\/images\\\/tmp\\\/insignias_medicina_2012.jpg\",\"contentUrl\":\"http:\\\/\\\/www.ucaldas.edu.co\\\/images\\\/tmp\\\/insignias_medicina_2012.jpg\"},{\"@type\":\"BreadcrumbList\",\"@id\":\"https:\\\/\\\/www.ucaldas.edu.co\\\/portal\\\/estudiantes-de-medicina-u-de-caldas-recibieron-insignias-en-comienzo-de-ejercicio-profesional\\\/#breadcrumb\",\"itemListElement\":[{\"@type\":\"ListItem\",\"position\":1,\"name\":\"Portada\",\"item\":\"https:\\\/\\\/www.ucaldas.edu.co\\\/portal\\\/\"},{\"@type\":\"ListItem\",\"position\":2,\"name\":\"Estudiantes de Medicina U. de Caldas recibieron insignias, en comienzo de ejercicio profesional\"}]},{\"@type\":\"WebSite\",\"@id\":\"https:\\\/\\\/www.ucaldas.edu.co\\\/portal\\\/#website\",\"url\":\"https:\\\/\\\/www.ucaldas.edu.co\\\/portal\\\/\",\"name\":\"Universidad de Caldas\",\"description\":\"\",\"publisher\":{\"@id\":\"https:\\\/\\\/www.ucaldas.edu.co\\\/portal\\\/#organization\"},\"alternateName\":\"U. de Caldas\",\"potentialAction\":[{\"@type\":\"SearchAction\",\"target\":{\"@type\":\"EntryPoint\",\"urlTemplate\":\"https:\\\/\\\/www.ucaldas.edu.co\\\/portal\\\/?s={search_term_string}\"},\"query-input\":{\"@type\":\"PropertyValueSpecification\",\"valueRequired\":true,\"valueName\":\"search_term_string\"}}],\"inLanguage\":\"es\"},{\"@type\":\"Organization\",\"@id\":\"https:\\\/\\\/www.ucaldas.edu.co\\\/portal\\\/#organization\",\"name\":\"Universidad de Caldas\",\"alternateName\":\"U. de Caldas\",\"url\":\"https:\\\/\\\/www.ucaldas.edu.co\\\/portal\\\/\",\"logo\":{\"@type\":\"ImageObject\",\"inLanguage\":\"es\",\"@id\":\"https:\\\/\\\/www.ucaldas.edu.co\\\/portal\\\/#\\\/schema\\\/logo\\\/image\\\/\",\"url\":\"https:\\\/\\\/www.ucaldas.edu.co\\\/portal\\\/wp-content\\\/uploads\\\/2023\\\/11\\\/Logo_horizontal_oscuroU-2023.png\",\"contentUrl\":\"https:\\\/\\\/www.ucaldas.edu.co\\\/portal\\\/wp-content\\\/uploads\\\/2023\\\/11\\\/Logo_horizontal_oscuroU-2023.png\",\"width\":263,\"height\":101,\"caption\":\"Universidad de Caldas\"},\"image\":{\"@id\":\"https:\\\/\\\/www.ucaldas.edu.co\\\/portal\\\/#\\\/schema\\\/logo\\\/image\\\/\"},\"sameAs\":[\"https:\\\/\\\/www.facebook.com\\\/udecaldas\",\"https:\\\/\\\/x.com\\\/udecaldas\",\"https:\\\/\\\/www.youtube.com\\\/universidadcaldas\",\"https:\\\/\\\/www.instagram.com\\\/udecaldas\\\/\"]},{\"@type\":\"Person\",\"@id\":\"https:\\\/\\\/www.ucaldas.edu.co\\\/portal\\\/#\\\/schema\\\/person\\\/a1b482e23449158b4bc319926c074fdf\",\"name\":\"ofiprensa\",\"image\":{\"@type\":\"ImageObject\",\"inLanguage\":\"es\",\"@id\":\"https:\\\/\\\/www.ucaldas.edu.co\\\/portal\\\/wp-content\\\/litespeed\\\/avatar\\\/09ea5085e600095a7a811142c6944527.jpg?ver=1777497608\",\"url\":\"https:\\\/\\\/www.ucaldas.edu.co\\\/portal\\\/wp-content\\\/litespeed\\\/avatar\\\/09ea5085e600095a7a811142c6944527.jpg?ver=1777497608\",\"contentUrl\":\"https:\\\/\\\/www.ucaldas.edu.co\\\/portal\\\/wp-content\\\/litespeed\\\/avatar\\\/09ea5085e600095a7a811142c6944527.jpg?ver=1777497608\",\"caption\":\"ofiprensa\"},\"url\":\"https:\\\/\\\/www.ucaldas.edu.co\\\/portal\\\/author\\\/ofiprensa\\\/\"}]}<\/script>\n<!-- \/ Yoast SEO plugin. -->","yoast_head_json":{"title":"Estudiantes de Medicina U. de Caldas recibieron insignias, en comienzo de ejercicio profesional .","robots":{"index":"index","follow":"follow","max-snippet":"max-snippet:-1","max-image-preview":"max-image-preview:large","max-video-preview":"max-video-preview:-1"},"canonical":"https:\/\/www.ucaldas.edu.co\/portal\/estudiantes-de-medicina-u-de-caldas-recibieron-insignias-en-comienzo-de-ejercicio-profesional\/","schema":{"@context":"https:\/\/schema.org","@graph":[{"@type":"Article","@id":"https:\/\/www.ucaldas.edu.co\/portal\/estudiantes-de-medicina-u-de-caldas-recibieron-insignias-en-comienzo-de-ejercicio-profesional\/#article","isPartOf":{"@id":"https:\/\/www.ucaldas.edu.co\/portal\/estudiantes-de-medicina-u-de-caldas-recibieron-insignias-en-comienzo-de-ejercicio-profesional\/"},"author":{"name":"ofiprensa","@id":"https:\/\/www.ucaldas.edu.co\/portal\/#\/schema\/person\/a1b482e23449158b4bc319926c074fdf"},"headline":"Estudiantes de Medicina U. de Caldas recibieron insignias, en comienzo de ejercicio profesional","datePublished":"2012-07-27T22:36:10+00:00","mainEntityOfPage":{"@id":"https:\/\/www.ucaldas.edu.co\/portal\/estudiantes-de-medicina-u-de-caldas-recibieron-insignias-en-comienzo-de-ejercicio-profesional\/"},"wordCount":241,"publisher":{"@id":"https:\/\/www.ucaldas.edu.co\/portal\/#organization"},"image":{"@id":"https:\/\/www.ucaldas.edu.co\/portal\/estudiantes-de-medicina-u-de-caldas-recibieron-insignias-en-comienzo-de-ejercicio-profesional\/#primaryimage"},"thumbnailUrl":"http:\/\/www.ucaldas.edu.co\/images\/tmp\/insignias_medicina_2012.jpg","articleSection":["Actualidad","Universidad al D\u00eda"],"inLanguage":"es"},{"@type":"WebPage","@id":"https:\/\/www.ucaldas.edu.co\/portal\/estudiantes-de-medicina-u-de-caldas-recibieron-insignias-en-comienzo-de-ejercicio-profesional\/","url":"https:\/\/www.ucaldas.edu.co\/portal\/estudiantes-de-medicina-u-de-caldas-recibieron-insignias-en-comienzo-de-ejercicio-profesional\/","name":"Estudiantes de Medicina U. de Caldas recibieron insignias, en comienzo de ejercicio profesional .","isPartOf":{"@id":"https:\/\/www.ucaldas.edu.co\/portal\/#website"},"primaryImageOfPage":{"@id":"https:\/\/www.ucaldas.edu.co\/portal\/estudiantes-de-medicina-u-de-caldas-recibieron-insignias-en-comienzo-de-ejercicio-profesional\/#primaryimage"},"image":{"@id":"https:\/\/www.ucaldas.edu.co\/portal\/estudiantes-de-medicina-u-de-caldas-recibieron-insignias-en-comienzo-de-ejercicio-profesional\/#primaryimage"},"thumbnailUrl":"http:\/\/www.ucaldas.edu.co\/images\/tmp\/insignias_medicina_2012.jpg","datePublished":"2012-07-27T22:36:10+00:00","breadcrumb":{"@id":"https:\/\/www.ucaldas.edu.co\/portal\/estudiantes-de-medicina-u-de-caldas-recibieron-insignias-en-comienzo-de-ejercicio-profesional\/#breadcrumb"},"inLanguage":"es","potentialAction":[{"@type":"ReadAction","target":["https:\/\/www.ucaldas.edu.co\/portal\/estudiantes-de-medicina-u-de-caldas-recibieron-insignias-en-comienzo-de-ejercicio-profesional\/"]}]},{"@type":"ImageObject","inLanguage":"es","@id":"https:\/\/www.ucaldas.edu.co\/portal\/estudiantes-de-medicina-u-de-caldas-recibieron-insignias-en-comienzo-de-ejercicio-profesional\/#primaryimage","url":"http:\/\/www.ucaldas.edu.co\/images\/tmp\/insignias_medicina_2012.jpg","contentUrl":"http:\/\/www.ucaldas.edu.co\/images\/tmp\/insignias_medicina_2012.jpg"},{"@type":"BreadcrumbList","@id":"https:\/\/www.ucaldas.edu.co\/portal\/estudiantes-de-medicina-u-de-caldas-recibieron-insignias-en-comienzo-de-ejercicio-profesional\/#breadcrumb","itemListElement":[{"@type":"ListItem","position":1,"name":"Portada","item":"https:\/\/www.ucaldas.edu.co\/portal\/"},{"@type":"ListItem","position":2,"name":"Estudiantes de Medicina U. de Caldas recibieron insignias, en comienzo de ejercicio profesional"}]},{"@type":"WebSite","@id":"https:\/\/www.ucaldas.edu.co\/portal\/#website","url":"https:\/\/www.ucaldas.edu.co\/portal\/","name":"Universidad de Caldas","description":"","publisher":{"@id":"https:\/\/www.ucaldas.edu.co\/portal\/#organization"},"alternateName":"U. de Caldas","potentialAction":[{"@type":"SearchAction","target":{"@type":"EntryPoint","urlTemplate":"https:\/\/www.ucaldas.edu.co\/portal\/?s={search_term_string}"},"query-input":{"@type":"PropertyValueSpecification","valueRequired":true,"valueName":"search_term_string"}}],"inLanguage":"es"},{"@type":"Organization","@id":"https:\/\/www.ucaldas.edu.co\/portal\/#organization","name":"Universidad de Caldas","alternateName":"U. de Caldas","url":"https:\/\/www.ucaldas.edu.co\/portal\/","logo":{"@type":"ImageObject","inLanguage":"es","@id":"https:\/\/www.ucaldas.edu.co\/portal\/#\/schema\/logo\/image\/","url":"https:\/\/www.ucaldas.edu.co\/portal\/wp-content\/uploads\/2023\/11\/Logo_horizontal_oscuroU-2023.png","contentUrl":"https:\/\/www.ucaldas.edu.co\/portal\/wp-content\/uploads\/2023\/11\/Logo_horizontal_oscuroU-2023.png","width":263,"height":101,"caption":"Universidad de Caldas"},"image":{"@id":"https:\/\/www.ucaldas.edu.co\/portal\/#\/schema\/logo\/image\/"},"sameAs":["https:\/\/www.facebook.com\/udecaldas","https:\/\/x.com\/udecaldas","https:\/\/www.youtube.com\/universidadcaldas","https:\/\/www.instagram.com\/udecaldas\/"]},{"@type":"Person","@id":"https:\/\/www.ucaldas.edu.co\/portal\/#\/schema\/person\/a1b482e23449158b4bc319926c074fdf","name":"ofiprensa","image":{"@type":"ImageObject","inLanguage":"es","@id":"https:\/\/www.ucaldas.edu.co\/portal\/wp-content\/litespeed\/avatar\/09ea5085e600095a7a811142c6944527.jpg?ver=1777497608","url":"https:\/\/www.ucaldas.edu.co\/portal\/wp-content\/litespeed\/avatar\/09ea5085e600095a7a811142c6944527.jpg?ver=1777497608","contentUrl":"https:\/\/www.ucaldas.edu.co\/portal\/wp-content\/litespeed\/avatar\/09ea5085e600095a7a811142c6944527.jpg?ver=1777497608","caption":"ofiprensa"},"url":"https:\/\/www.ucaldas.edu.co\/portal\/author\/ofiprensa\/"}]}},"_links":{"self":[{"href":"https:\/\/www.ucaldas.edu.co\/portal\/wp-json\/wp\/v2\/posts\/13637","targetHints":{"allow":["GET"]}}],"collection":[{"href":"https:\/\/www.ucaldas.edu.co\/portal\/wp-json\/wp\/v2\/posts"}],"about":[{"href":"https:\/\/www.ucaldas.edu.co\/portal\/wp-json\/wp\/v2\/types\/post"}],"author":[{"embeddable":true,"href":"https:\/\/www.ucaldas.edu.co\/portal\/wp-json\/wp\/v2\/users\/2"}],"replies":[{"embeddable":true,"href":"https:\/\/www.ucaldas.edu.co\/portal\/wp-json\/wp\/v2\/comments?post=13637"}],"version-history":[{"count":0,"href":"https:\/\/www.ucaldas.edu.co\/portal\/wp-json\/wp\/v2\/posts\/13637\/revisions"}],"wp:attachment":[{"href":"https:\/\/www.ucaldas.edu.co\/portal\/wp-json\/wp\/v2\/media?parent=13637"}],"wp:term":[{"taxonomy":"category","embeddable":true,"href":"https:\/\/www.ucaldas.edu.co\/portal\/wp-json\/wp\/v2\/categories?post=13637"},{"taxonomy":"post_tag","embeddable":true,"href":"https:\/\/www.ucaldas.edu.co\/portal\/wp-json\/wp\/v2\/tags?post=13637"}],"curies":[{"name":"wp","href":"https:\/\/api.w.org\/{rel}","templated":true}]}}