{"id":13621,"date":"2012-07-26T17:29:16","date_gmt":"2012-07-26T22:29:16","guid":{"rendered":"https:\/\/www.ucaldas.edu.co\/portal\/?p=13621"},"modified":"2012-07-26T17:29:16","modified_gmt":"2012-07-26T22:29:16","slug":"u-de-caldas-coautora-en-redaccion-del-libro-el-lenguaje-en-colombia","status":"publish","type":"post","link":"https:\/\/www.ucaldas.edu.co\/portal\/u-de-caldas-coautora-en-redaccion-del-libro-el-lenguaje-en-colombia\/","title":{"rendered":"U. de Caldas, coautora en redacci\u00f3n del libro El lenguaje en Colombia"},"content":{"rendered":"<p align=\"center\">Dos profesoras del Departamento de Ling\u00fc\u00edstica participaron en propuesta literaria<\/p>\n<hr \/>\n<p align=\"center\">\n<p align=\"center\">\n<p align=\"center\"><b>\u00a0<\/b><\/p>\n<p align=\"right\">\n<p align=\"right\">26\/07\/2012<br \/>\nRedacci\u00f3n: Margarita Mar\u00eda Laverde Galvis<\/p>\n<p>&nbsp;<\/p>\n<table border=\"0\">\n<tbody>\n<tr>\n<td><img loading=\"lazy\" decoding=\"async\" style=\"border: 0px\" title=\"Libro redacci\u00f3n\" alt=\"Libro redacci\u00f3n\" src=\"http:\/\/www.ucaldas.edu.co\/images\/tmp\/profesoras_redaccion_libro_espanol_2012.jpg\" width=\"240\" height=\"150\" border=\"0\" \/><\/td>\n<td><b>Claudia Liliana Agudelo Montoya<\/b> y <b>Gladys Yolanda Pasuy Guerrero<\/b>, <b>docentes<\/b> del <b>Departamento de Ling\u00fc\u00edstica<\/b> de la <b>Universidad de Caldas<\/b>, <b>participaron<\/b> como <b>coautoras<\/b> en la <b>redacci\u00f3n<\/b> del <b>libro <i>El lenguaje en Colombia<\/i><\/b>, obra <b>producida en conjunto<\/b> por el <b>Instituto Caro y Cuervo<\/b>, y la <b>Academia Colombiana de la Lengua<\/b>. El lanzamiento del libro se realiz\u00f3 en Bogot\u00e1 el pasado 9 de julio del 2012.<\/td>\n<\/tr>\n<\/tbody>\n<\/table>\n<p>&nbsp;<\/p>\n<p>&nbsp;<\/p>\n<p>\u201cEs un gran honor para nosotras haber participado en nombre de la Instituci\u00f3n en esta magna obra, sin precedentes en los estudios del lenguaje en los \u00faltimos tiempos; m\u00e1s aun cuando se hace el lanzamiento en homenaje a\u00a0 uno de los promotores del libro, el fallecido profesor Carlos Pati\u00f1o Rosselli, Director de la Comisi\u00f3n de Ling\u00fc\u00edstica\u201d, coment\u00f3 Pasuy.<\/p>\n<p>&nbsp;<\/p>\n<p>Pati\u00f1o Rosselli \u00a0tuvo como objetivo del proyecto mostrar la realidad ling\u00fc\u00edstica de Colombia. El <b>cap\u00edtulo de las docentes muestra<\/b> las principales <b>particularidades del habla de Caldas<\/b>, en los <b>niveles\u00a0 fon\u00e9tico fonol\u00f3gico, morfosint\u00e1ctico y l\u00e9xico sem\u00e1ntico<\/b>.<\/p>\n<p>&nbsp;<\/p>\n<p>En el evento participaron Jaime Posada D\u00edaz, Director de la Academia Colombiana de la Lengua; Genoveva Iriarte, Directora del Instituto Caro y Cuervo; Jaime Bernal Leong\u00f3mez, Coordinador del proyecto <i>El Lenguaje en Colombia, <\/i>al igual que ling\u00fcistas de diversas universidades del pa\u00eds.<\/p>\n<p>&nbsp;<\/p>\n<p><a href=\"http:\/\/www.facebook.com\/media\/set\/?set=a.392692524125952.90427.107054166023124&amp;type=3\" target=\"_blank\">Conozca im\u00e1genes de docentes de U. de Caldas, coautoras en la redacci\u00f3n del libro <i>El lenguaje en Colombia<\/i><\/a><\/p>\n<p>&nbsp;<\/p>\n<p><b>Informes: <\/b>Oficina de Prensa, tel\u00e9fono 878 15 00, extensi\u00f3n 12 167.<\/p>\n<p><b>\u00a0<\/b><\/p>\n","protected":false},"excerpt":{"rendered":"<p>Dos profesoras del Departamento de Ling\u00fc\u00edstica participaron en propuesta literaria \u00a0 26\/07\/2012 Redacci\u00f3n: Margarita Mar\u00eda Laverde Galvis &nbsp; Claudia Liliana Agudelo Montoya y Gladys Yolanda Pasuy Guerrero, docentes del Departamento de Ling\u00fc\u00edstica de la Universidad de Caldas, participaron como coautoras en la redacci\u00f3n del libro El lenguaje en Colombia, obra producida en conjunto por el [&hellip;]<\/p>\n","protected":false},"author":2,"featured_media":0,"comment_status":"closed","ping_status":"closed","sticky":false,"template":"","format":"standard","meta":{"footnotes":""},"categories":[48,53],"tags":[],"class_list":["post-13621","post","type-post","status-publish","format-standard","hentry","category-actualidad","category-universidad-al-dia"],"yoast_head":"<!-- This site is optimized with the Yoast SEO plugin v27.5 - https:\/\/yoast.com\/product\/yoast-seo-wordpress\/ -->\n<title>U. de Caldas, coautora en redacci\u00f3n del libro El lenguaje en Colombia .<\/title>\n<meta name=\"robots\" content=\"index, follow, max-snippet:-1, max-image-preview:large, max-video-preview:-1\" \/>\n<link rel=\"canonical\" href=\"https:\/\/www.ucaldas.edu.co\/portal\/u-de-caldas-coautora-en-redaccion-del-libro-el-lenguaje-en-colombia\/\" \/>\n<script type=\"application\/ld+json\" class=\"yoast-schema-graph\">{\"@context\":\"https:\\\/\\\/schema.org\",\"@graph\":[{\"@type\":\"Article\",\"@id\":\"https:\\\/\\\/www.ucaldas.edu.co\\\/portal\\\/u-de-caldas-coautora-en-redaccion-del-libro-el-lenguaje-en-colombia\\\/#article\",\"isPartOf\":{\"@id\":\"https:\\\/\\\/www.ucaldas.edu.co\\\/portal\\\/u-de-caldas-coautora-en-redaccion-del-libro-el-lenguaje-en-colombia\\\/\"},\"author\":{\"name\":\"ofiprensa\",\"@id\":\"https:\\\/\\\/www.ucaldas.edu.co\\\/portal\\\/#\\\/schema\\\/person\\\/a1b482e23449158b4bc319926c074fdf\"},\"headline\":\"U. de Caldas, coautora en redacci\u00f3n del libro El lenguaje en Colombia\",\"datePublished\":\"2012-07-26T22:29:16+00:00\",\"mainEntityOfPage\":{\"@id\":\"https:\\\/\\\/www.ucaldas.edu.co\\\/portal\\\/u-de-caldas-coautora-en-redaccion-del-libro-el-lenguaje-en-colombia\\\/\"},\"wordCount\":281,\"publisher\":{\"@id\":\"https:\\\/\\\/www.ucaldas.edu.co\\\/portal\\\/#organization\"},\"image\":{\"@id\":\"https:\\\/\\\/www.ucaldas.edu.co\\\/portal\\\/u-de-caldas-coautora-en-redaccion-del-libro-el-lenguaje-en-colombia\\\/#primaryimage\"},\"thumbnailUrl\":\"http:\\\/\\\/www.ucaldas.edu.co\\\/images\\\/tmp\\\/profesoras_redaccion_libro_espanol_2012.jpg\",\"articleSection\":[\"Actualidad\",\"Universidad al D\u00eda\"],\"inLanguage\":\"es\"},{\"@type\":\"WebPage\",\"@id\":\"https:\\\/\\\/www.ucaldas.edu.co\\\/portal\\\/u-de-caldas-coautora-en-redaccion-del-libro-el-lenguaje-en-colombia\\\/\",\"url\":\"https:\\\/\\\/www.ucaldas.edu.co\\\/portal\\\/u-de-caldas-coautora-en-redaccion-del-libro-el-lenguaje-en-colombia\\\/\",\"name\":\"U. de Caldas, coautora en redacci\u00f3n del libro El lenguaje en Colombia .\",\"isPartOf\":{\"@id\":\"https:\\\/\\\/www.ucaldas.edu.co\\\/portal\\\/#website\"},\"primaryImageOfPage\":{\"@id\":\"https:\\\/\\\/www.ucaldas.edu.co\\\/portal\\\/u-de-caldas-coautora-en-redaccion-del-libro-el-lenguaje-en-colombia\\\/#primaryimage\"},\"image\":{\"@id\":\"https:\\\/\\\/www.ucaldas.edu.co\\\/portal\\\/u-de-caldas-coautora-en-redaccion-del-libro-el-lenguaje-en-colombia\\\/#primaryimage\"},\"thumbnailUrl\":\"http:\\\/\\\/www.ucaldas.edu.co\\\/images\\\/tmp\\\/profesoras_redaccion_libro_espanol_2012.jpg\",\"datePublished\":\"2012-07-26T22:29:16+00:00\",\"breadcrumb\":{\"@id\":\"https:\\\/\\\/www.ucaldas.edu.co\\\/portal\\\/u-de-caldas-coautora-en-redaccion-del-libro-el-lenguaje-en-colombia\\\/#breadcrumb\"},\"inLanguage\":\"es\",\"potentialAction\":[{\"@type\":\"ReadAction\",\"target\":[\"https:\\\/\\\/www.ucaldas.edu.co\\\/portal\\\/u-de-caldas-coautora-en-redaccion-del-libro-el-lenguaje-en-colombia\\\/\"]}]},{\"@type\":\"ImageObject\",\"inLanguage\":\"es\",\"@id\":\"https:\\\/\\\/www.ucaldas.edu.co\\\/portal\\\/u-de-caldas-coautora-en-redaccion-del-libro-el-lenguaje-en-colombia\\\/#primaryimage\",\"url\":\"http:\\\/\\\/www.ucaldas.edu.co\\\/images\\\/tmp\\\/profesoras_redaccion_libro_espanol_2012.jpg\",\"contentUrl\":\"http:\\\/\\\/www.ucaldas.edu.co\\\/images\\\/tmp\\\/profesoras_redaccion_libro_espanol_2012.jpg\"},{\"@type\":\"BreadcrumbList\",\"@id\":\"https:\\\/\\\/www.ucaldas.edu.co\\\/portal\\\/u-de-caldas-coautora-en-redaccion-del-libro-el-lenguaje-en-colombia\\\/#breadcrumb\",\"itemListElement\":[{\"@type\":\"ListItem\",\"position\":1,\"name\":\"Portada\",\"item\":\"https:\\\/\\\/www.ucaldas.edu.co\\\/portal\\\/\"},{\"@type\":\"ListItem\",\"position\":2,\"name\":\"U. de Caldas, coautora en redacci\u00f3n del libro El lenguaje en Colombia\"}]},{\"@type\":\"WebSite\",\"@id\":\"https:\\\/\\\/www.ucaldas.edu.co\\\/portal\\\/#website\",\"url\":\"https:\\\/\\\/www.ucaldas.edu.co\\\/portal\\\/\",\"name\":\"Universidad de Caldas\",\"description\":\"\",\"publisher\":{\"@id\":\"https:\\\/\\\/www.ucaldas.edu.co\\\/portal\\\/#organization\"},\"alternateName\":\"U. de Caldas\",\"potentialAction\":[{\"@type\":\"SearchAction\",\"target\":{\"@type\":\"EntryPoint\",\"urlTemplate\":\"https:\\\/\\\/www.ucaldas.edu.co\\\/portal\\\/?s={search_term_string}\"},\"query-input\":{\"@type\":\"PropertyValueSpecification\",\"valueRequired\":true,\"valueName\":\"search_term_string\"}}],\"inLanguage\":\"es\"},{\"@type\":\"Organization\",\"@id\":\"https:\\\/\\\/www.ucaldas.edu.co\\\/portal\\\/#organization\",\"name\":\"Universidad de Caldas\",\"alternateName\":\"U. de Caldas\",\"url\":\"https:\\\/\\\/www.ucaldas.edu.co\\\/portal\\\/\",\"logo\":{\"@type\":\"ImageObject\",\"inLanguage\":\"es\",\"@id\":\"https:\\\/\\\/www.ucaldas.edu.co\\\/portal\\\/#\\\/schema\\\/logo\\\/image\\\/\",\"url\":\"https:\\\/\\\/www.ucaldas.edu.co\\\/portal\\\/wp-content\\\/uploads\\\/2023\\\/11\\\/Logo_horizontal_oscuroU-2023.png\",\"contentUrl\":\"https:\\\/\\\/www.ucaldas.edu.co\\\/portal\\\/wp-content\\\/uploads\\\/2023\\\/11\\\/Logo_horizontal_oscuroU-2023.png\",\"width\":263,\"height\":101,\"caption\":\"Universidad de Caldas\"},\"image\":{\"@id\":\"https:\\\/\\\/www.ucaldas.edu.co\\\/portal\\\/#\\\/schema\\\/logo\\\/image\\\/\"},\"sameAs\":[\"https:\\\/\\\/www.facebook.com\\\/udecaldas\",\"https:\\\/\\\/x.com\\\/udecaldas\",\"https:\\\/\\\/www.youtube.com\\\/universidadcaldas\",\"https:\\\/\\\/www.instagram.com\\\/udecaldas\\\/\"]},{\"@type\":\"Person\",\"@id\":\"https:\\\/\\\/www.ucaldas.edu.co\\\/portal\\\/#\\\/schema\\\/person\\\/a1b482e23449158b4bc319926c074fdf\",\"name\":\"ofiprensa\",\"image\":{\"@type\":\"ImageObject\",\"inLanguage\":\"es\",\"@id\":\"https:\\\/\\\/www.ucaldas.edu.co\\\/portal\\\/wp-content\\\/litespeed\\\/avatar\\\/09ea5085e600095a7a811142c6944527.jpg?ver=1777497608\",\"url\":\"https:\\\/\\\/www.ucaldas.edu.co\\\/portal\\\/wp-content\\\/litespeed\\\/avatar\\\/09ea5085e600095a7a811142c6944527.jpg?ver=1777497608\",\"contentUrl\":\"https:\\\/\\\/www.ucaldas.edu.co\\\/portal\\\/wp-content\\\/litespeed\\\/avatar\\\/09ea5085e600095a7a811142c6944527.jpg?ver=1777497608\",\"caption\":\"ofiprensa\"},\"url\":\"https:\\\/\\\/www.ucaldas.edu.co\\\/portal\\\/author\\\/ofiprensa\\\/\"}]}<\/script>\n<!-- \/ Yoast SEO plugin. -->","yoast_head_json":{"title":"U. de Caldas, coautora en redacci\u00f3n del libro El lenguaje en Colombia .","robots":{"index":"index","follow":"follow","max-snippet":"max-snippet:-1","max-image-preview":"max-image-preview:large","max-video-preview":"max-video-preview:-1"},"canonical":"https:\/\/www.ucaldas.edu.co\/portal\/u-de-caldas-coautora-en-redaccion-del-libro-el-lenguaje-en-colombia\/","schema":{"@context":"https:\/\/schema.org","@graph":[{"@type":"Article","@id":"https:\/\/www.ucaldas.edu.co\/portal\/u-de-caldas-coautora-en-redaccion-del-libro-el-lenguaje-en-colombia\/#article","isPartOf":{"@id":"https:\/\/www.ucaldas.edu.co\/portal\/u-de-caldas-coautora-en-redaccion-del-libro-el-lenguaje-en-colombia\/"},"author":{"name":"ofiprensa","@id":"https:\/\/www.ucaldas.edu.co\/portal\/#\/schema\/person\/a1b482e23449158b4bc319926c074fdf"},"headline":"U. de Caldas, coautora en redacci\u00f3n del libro El lenguaje en Colombia","datePublished":"2012-07-26T22:29:16+00:00","mainEntityOfPage":{"@id":"https:\/\/www.ucaldas.edu.co\/portal\/u-de-caldas-coautora-en-redaccion-del-libro-el-lenguaje-en-colombia\/"},"wordCount":281,"publisher":{"@id":"https:\/\/www.ucaldas.edu.co\/portal\/#organization"},"image":{"@id":"https:\/\/www.ucaldas.edu.co\/portal\/u-de-caldas-coautora-en-redaccion-del-libro-el-lenguaje-en-colombia\/#primaryimage"},"thumbnailUrl":"http:\/\/www.ucaldas.edu.co\/images\/tmp\/profesoras_redaccion_libro_espanol_2012.jpg","articleSection":["Actualidad","Universidad al D\u00eda"],"inLanguage":"es"},{"@type":"WebPage","@id":"https:\/\/www.ucaldas.edu.co\/portal\/u-de-caldas-coautora-en-redaccion-del-libro-el-lenguaje-en-colombia\/","url":"https:\/\/www.ucaldas.edu.co\/portal\/u-de-caldas-coautora-en-redaccion-del-libro-el-lenguaje-en-colombia\/","name":"U. de Caldas, coautora en redacci\u00f3n del libro El lenguaje en Colombia .","isPartOf":{"@id":"https:\/\/www.ucaldas.edu.co\/portal\/#website"},"primaryImageOfPage":{"@id":"https:\/\/www.ucaldas.edu.co\/portal\/u-de-caldas-coautora-en-redaccion-del-libro-el-lenguaje-en-colombia\/#primaryimage"},"image":{"@id":"https:\/\/www.ucaldas.edu.co\/portal\/u-de-caldas-coautora-en-redaccion-del-libro-el-lenguaje-en-colombia\/#primaryimage"},"thumbnailUrl":"http:\/\/www.ucaldas.edu.co\/images\/tmp\/profesoras_redaccion_libro_espanol_2012.jpg","datePublished":"2012-07-26T22:29:16+00:00","breadcrumb":{"@id":"https:\/\/www.ucaldas.edu.co\/portal\/u-de-caldas-coautora-en-redaccion-del-libro-el-lenguaje-en-colombia\/#breadcrumb"},"inLanguage":"es","potentialAction":[{"@type":"ReadAction","target":["https:\/\/www.ucaldas.edu.co\/portal\/u-de-caldas-coautora-en-redaccion-del-libro-el-lenguaje-en-colombia\/"]}]},{"@type":"ImageObject","inLanguage":"es","@id":"https:\/\/www.ucaldas.edu.co\/portal\/u-de-caldas-coautora-en-redaccion-del-libro-el-lenguaje-en-colombia\/#primaryimage","url":"http:\/\/www.ucaldas.edu.co\/images\/tmp\/profesoras_redaccion_libro_espanol_2012.jpg","contentUrl":"http:\/\/www.ucaldas.edu.co\/images\/tmp\/profesoras_redaccion_libro_espanol_2012.jpg"},{"@type":"BreadcrumbList","@id":"https:\/\/www.ucaldas.edu.co\/portal\/u-de-caldas-coautora-en-redaccion-del-libro-el-lenguaje-en-colombia\/#breadcrumb","itemListElement":[{"@type":"ListItem","position":1,"name":"Portada","item":"https:\/\/www.ucaldas.edu.co\/portal\/"},{"@type":"ListItem","position":2,"name":"U. de Caldas, coautora en redacci\u00f3n del libro El lenguaje en Colombia"}]},{"@type":"WebSite","@id":"https:\/\/www.ucaldas.edu.co\/portal\/#website","url":"https:\/\/www.ucaldas.edu.co\/portal\/","name":"Universidad de Caldas","description":"","publisher":{"@id":"https:\/\/www.ucaldas.edu.co\/portal\/#organization"},"alternateName":"U. de Caldas","potentialAction":[{"@type":"SearchAction","target":{"@type":"EntryPoint","urlTemplate":"https:\/\/www.ucaldas.edu.co\/portal\/?s={search_term_string}"},"query-input":{"@type":"PropertyValueSpecification","valueRequired":true,"valueName":"search_term_string"}}],"inLanguage":"es"},{"@type":"Organization","@id":"https:\/\/www.ucaldas.edu.co\/portal\/#organization","name":"Universidad de Caldas","alternateName":"U. de Caldas","url":"https:\/\/www.ucaldas.edu.co\/portal\/","logo":{"@type":"ImageObject","inLanguage":"es","@id":"https:\/\/www.ucaldas.edu.co\/portal\/#\/schema\/logo\/image\/","url":"https:\/\/www.ucaldas.edu.co\/portal\/wp-content\/uploads\/2023\/11\/Logo_horizontal_oscuroU-2023.png","contentUrl":"https:\/\/www.ucaldas.edu.co\/portal\/wp-content\/uploads\/2023\/11\/Logo_horizontal_oscuroU-2023.png","width":263,"height":101,"caption":"Universidad de Caldas"},"image":{"@id":"https:\/\/www.ucaldas.edu.co\/portal\/#\/schema\/logo\/image\/"},"sameAs":["https:\/\/www.facebook.com\/udecaldas","https:\/\/x.com\/udecaldas","https:\/\/www.youtube.com\/universidadcaldas","https:\/\/www.instagram.com\/udecaldas\/"]},{"@type":"Person","@id":"https:\/\/www.ucaldas.edu.co\/portal\/#\/schema\/person\/a1b482e23449158b4bc319926c074fdf","name":"ofiprensa","image":{"@type":"ImageObject","inLanguage":"es","@id":"https:\/\/www.ucaldas.edu.co\/portal\/wp-content\/litespeed\/avatar\/09ea5085e600095a7a811142c6944527.jpg?ver=1777497608","url":"https:\/\/www.ucaldas.edu.co\/portal\/wp-content\/litespeed\/avatar\/09ea5085e600095a7a811142c6944527.jpg?ver=1777497608","contentUrl":"https:\/\/www.ucaldas.edu.co\/portal\/wp-content\/litespeed\/avatar\/09ea5085e600095a7a811142c6944527.jpg?ver=1777497608","caption":"ofiprensa"},"url":"https:\/\/www.ucaldas.edu.co\/portal\/author\/ofiprensa\/"}]}},"_links":{"self":[{"href":"https:\/\/www.ucaldas.edu.co\/portal\/wp-json\/wp\/v2\/posts\/13621","targetHints":{"allow":["GET"]}}],"collection":[{"href":"https:\/\/www.ucaldas.edu.co\/portal\/wp-json\/wp\/v2\/posts"}],"about":[{"href":"https:\/\/www.ucaldas.edu.co\/portal\/wp-json\/wp\/v2\/types\/post"}],"author":[{"embeddable":true,"href":"https:\/\/www.ucaldas.edu.co\/portal\/wp-json\/wp\/v2\/users\/2"}],"replies":[{"embeddable":true,"href":"https:\/\/www.ucaldas.edu.co\/portal\/wp-json\/wp\/v2\/comments?post=13621"}],"version-history":[{"count":0,"href":"https:\/\/www.ucaldas.edu.co\/portal\/wp-json\/wp\/v2\/posts\/13621\/revisions"}],"wp:attachment":[{"href":"https:\/\/www.ucaldas.edu.co\/portal\/wp-json\/wp\/v2\/media?parent=13621"}],"wp:term":[{"taxonomy":"category","embeddable":true,"href":"https:\/\/www.ucaldas.edu.co\/portal\/wp-json\/wp\/v2\/categories?post=13621"},{"taxonomy":"post_tag","embeddable":true,"href":"https:\/\/www.ucaldas.edu.co\/portal\/wp-json\/wp\/v2\/tags?post=13621"}],"curies":[{"name":"wp","href":"https:\/\/api.w.org\/{rel}","templated":true}]}}