{"id":13605,"date":"2012-07-19T17:17:24","date_gmt":"2012-07-19T22:17:24","guid":{"rendered":"https:\/\/www.ucaldas.edu.co\/portal\/?p=13605"},"modified":"2012-07-19T17:17:24","modified_gmt":"2012-07-19T22:17:24","slug":"mexico-fue-hogar-de-estudiantes-u-de-caldas-en-intercambio-academico","status":"publish","type":"post","link":"https:\/\/www.ucaldas.edu.co\/portal\/mexico-fue-hogar-de-estudiantes-u-de-caldas-en-intercambio-academico\/","title":{"rendered":"M\u00e9xico fue hogar de estudiantes U. de Caldas,  en intercambio acad\u00e9mico"},"content":{"rendered":"<p align=\"center\">Dos j\u00f3venes de Instituci\u00f3n comparten su experiencia en pa\u00eds azteca<\/p>\n<hr \/>\n<p align=\"center\">\n<p align=\"center\">\n<p align=\"center\"><b>Bolet\u00edn<\/b><\/p>\n<p align=\"center\"><b>U. de Caldas en el mundo<\/b><\/p>\n<p align=\"center\"><b>Julio 19 del 2012<\/b><\/p>\n<p align=\"center\"><b>\u00a0<\/b><\/p>\n<p><b>\u00a0<\/b><\/p>\n<p><b>\u00a0 \u00a0 \u00a0 \u00a0 \u00a0 \u00a0 \u00a0 \u00a0 \u00a0 \u00a0 \u00a0 \u00a0 \u00a0 \u00a0 \u00a0\u00a0\u00a0 \u00a0 \u00a0 \u00a0 \u00a0 \u00a0 \u00a0 \u00a0 \u00a0 \u00a0<\/b><\/p>\n<p align=\"center\">\n<p align=\"center\">\n<p align=\"right\">19\/07\/2012<\/p>\n<p align=\"right\">Redacci\u00f3n: Margarita Mar\u00eda Laverde Galvis<\/p>\n<p align=\"right\">\n<p>&nbsp;<\/p>\n<table border=\"0\">\n<tbody>\n<tr>\n<td><img loading=\"lazy\" decoding=\"async\" style=\"border: 0px\" title=\"intercambio M\u00e9xico\" alt=\"intercambio M\u00e9xico\" src=\"http:\/\/www.ucaldas.edu.co\/images\/tmp\/u_caldas_en_el_mundo_mexico_2012.jpg\" width=\"240\" height=\"150\" border=\"0\" \/><\/td>\n<td><b>Luisa Mariela Vel\u00e1zquez Rodr\u00edguez<\/b>, estudiante de\u00a0<b>sexto semestre<\/b>\u00a0de\u00a0<b>Artes Pl\u00e1sticas<\/b>, y\u00a0<b>Daniel Arturo Arenas Gonz\u00e1lez<\/b>, tambi\u00e9n de\u00a0<b>sexto semestre<\/b>\u00a0de<b>Ingenier\u00eda de Alimentos<\/b>\u00a0de la\u00a0<b>Universidad de Caldas<\/b>,\u00a0<b>comparten<\/b>\u00a0su\u00a0<b>experiencia de intercambio en M\u00e9xico<\/b>.<\/td>\n<\/tr>\n<\/tbody>\n<\/table>\n<p>&nbsp;<\/p>\n<p>&nbsp;<\/p>\n<p><b>Vel\u00e1zquez Rodr\u00edguez, de 23 a\u00f1os, realiz\u00f3<\/b>\u00a0un\u00a0<b>semestre acad\u00e9mico<\/b>\u00a0en la\u00a0<b>Universidad Nacional Aut\u00f3noma de M\u00e9xico<\/b>\u00a0(UNAM), en ese pa\u00eds. \u201cRealic\u00e9 quinto semestre en M\u00e9xico y es una experiencia muy enriquecedora, porque nos permite conocer la metodolog\u00eda de otra instituci\u00f3n. No hay palabras para describir esta oportunidad\u201d, coment\u00f3 la estudiante.<\/p>\n<p>&nbsp;<\/p>\n<p>\u201cLas dos universidades tienen diferentes metodolog\u00edas y las diferencio en los espacios, pues en M\u00e9xico DF, por ser una ciudad tan grande, las instalaciones son mucho mejores. Sin embargo, la U. de Caldas est\u00e1 en un proceso de mejoramiento y nos brinda muchas oportunidades. Mi consejo para los estudiantes es que\u00a0<b>entiendan todo lo que nuestra Instituci\u00f3n nos ofrece para progresar<\/b>\u201d, agreg\u00f3.<\/p>\n<p>&nbsp;<\/p>\n<p><b>En Veracruz<\/b><\/p>\n<p>Por otra parte,\u00a0<b>Arenas Gonz\u00e1lez, de 19 a\u00f1os<\/b>,\u00a0<b>estuvo un semestre<\/b>\u00a0en la\u00a0<b>Universidad Veracruzana<\/b>\u00a0y expres\u00f3: \u201cesta fue una experiencia de vida en todos los sentidos: es un cambio en el sentido de vida, un momento para madurar y ver de otro modo muchas cosas que viv\u00ed en Colombia\u201d.<\/p>\n<p>&nbsp;<\/p>\n<p>\u201cLes\u00a0<b>recomiendo a los estudiantes de la U. de Caldas que se animen a investigar aqu\u00ed en la Instituci\u00f3n<\/b>, para poder llevar un buen mensaje a las universidades de destino. An\u00edmense a realizar un intercambio, es una experiencia muy enriquecedora. Para m\u00ed, aqu\u00ed tenemos profesores m\u00e1s preparados, mejores laboratorios y son aspectos que debemos aprovechar\u201d, dijo el estudiante.<\/p>\n<p>&nbsp;<\/p>\n<p>Esta es la\u00a0<b>tercera entrega<\/b>\u00a0del\u00a0<b>Bolet\u00edn U. de Caldas en el mundo<\/b>, que pretende\u00a0<b>dar a conocer<\/b>\u00a0las\u00a0<b>experiencias exitosas<\/b>\u00a0de\u00a0<b>intercambio acad\u00e9mico<\/b>\u00a0de<b>estudiantes<\/b>\u00a0de la Instituci\u00f3n.<\/p>\n<p>&nbsp;<\/p>\n<p><a href=\"http:\/\/www.facebook.com\/media\/set\/?set=a.291805680881304.68546.107054166023124&amp;type=3\" target=\"_blank\">Conozca im\u00e1genes de la U. de Caldas en el mundo<\/a><\/p>\n<p>&nbsp;<\/p>\n<p><b>Informes:<\/b>\u00a0Oficina de Internacionalizaci\u00f3n, tel\u00e9fono 878 15 00, extensi\u00f3n 12 169.<\/p>\n<p>&nbsp;<\/p>\n","protected":false},"excerpt":{"rendered":"<p>Dos j\u00f3venes de Instituci\u00f3n comparten su experiencia en pa\u00eds azteca Bolet\u00edn U. de Caldas en el mundo Julio 19 del 2012 \u00a0 \u00a0 \u00a0 \u00a0 \u00a0 \u00a0 \u00a0 \u00a0 \u00a0 \u00a0 \u00a0 \u00a0 \u00a0 \u00a0 \u00a0 \u00a0 \u00a0\u00a0\u00a0 \u00a0 \u00a0 \u00a0 \u00a0 \u00a0 \u00a0 \u00a0 \u00a0 \u00a0 19\/07\/2012 Redacci\u00f3n: Margarita Mar\u00eda Laverde Galvis &nbsp; Luisa [&hellip;]<\/p>\n","protected":false},"author":2,"featured_media":0,"comment_status":"closed","ping_status":"closed","sticky":false,"template":"","format":"standard","meta":{"footnotes":""},"categories":[48,53],"tags":[],"class_list":["post-13605","post","type-post","status-publish","format-standard","hentry","category-actualidad","category-universidad-al-dia"],"yoast_head":"<!-- This site is optimized with the Yoast SEO plugin v27.5 - https:\/\/yoast.com\/product\/yoast-seo-wordpress\/ -->\n<title>M\u00e9xico fue hogar de estudiantes U. de Caldas, en intercambio acad\u00e9mico .<\/title>\n<meta name=\"robots\" content=\"index, follow, max-snippet:-1, max-image-preview:large, max-video-preview:-1\" \/>\n<link rel=\"canonical\" href=\"https:\/\/www.ucaldas.edu.co\/portal\/mexico-fue-hogar-de-estudiantes-u-de-caldas-en-intercambio-academico\/\" \/>\n<script type=\"application\/ld+json\" class=\"yoast-schema-graph\">{\"@context\":\"https:\\\/\\\/schema.org\",\"@graph\":[{\"@type\":\"Article\",\"@id\":\"https:\\\/\\\/www.ucaldas.edu.co\\\/portal\\\/mexico-fue-hogar-de-estudiantes-u-de-caldas-en-intercambio-academico\\\/#article\",\"isPartOf\":{\"@id\":\"https:\\\/\\\/www.ucaldas.edu.co\\\/portal\\\/mexico-fue-hogar-de-estudiantes-u-de-caldas-en-intercambio-academico\\\/\"},\"author\":{\"name\":\"ofiprensa\",\"@id\":\"https:\\\/\\\/www.ucaldas.edu.co\\\/portal\\\/#\\\/schema\\\/person\\\/a1b482e23449158b4bc319926c074fdf\"},\"headline\":\"M\u00e9xico fue hogar de estudiantes U. de Caldas, en intercambio acad\u00e9mico\",\"datePublished\":\"2012-07-19T22:17:24+00:00\",\"mainEntityOfPage\":{\"@id\":\"https:\\\/\\\/www.ucaldas.edu.co\\\/portal\\\/mexico-fue-hogar-de-estudiantes-u-de-caldas-en-intercambio-academico\\\/\"},\"wordCount\":384,\"publisher\":{\"@id\":\"https:\\\/\\\/www.ucaldas.edu.co\\\/portal\\\/#organization\"},\"image\":{\"@id\":\"https:\\\/\\\/www.ucaldas.edu.co\\\/portal\\\/mexico-fue-hogar-de-estudiantes-u-de-caldas-en-intercambio-academico\\\/#primaryimage\"},\"thumbnailUrl\":\"http:\\\/\\\/www.ucaldas.edu.co\\\/images\\\/tmp\\\/u_caldas_en_el_mundo_mexico_2012.jpg\",\"articleSection\":[\"Actualidad\",\"Universidad al D\u00eda\"],\"inLanguage\":\"es\"},{\"@type\":\"WebPage\",\"@id\":\"https:\\\/\\\/www.ucaldas.edu.co\\\/portal\\\/mexico-fue-hogar-de-estudiantes-u-de-caldas-en-intercambio-academico\\\/\",\"url\":\"https:\\\/\\\/www.ucaldas.edu.co\\\/portal\\\/mexico-fue-hogar-de-estudiantes-u-de-caldas-en-intercambio-academico\\\/\",\"name\":\"M\u00e9xico fue hogar de estudiantes U. de Caldas, en intercambio acad\u00e9mico .\",\"isPartOf\":{\"@id\":\"https:\\\/\\\/www.ucaldas.edu.co\\\/portal\\\/#website\"},\"primaryImageOfPage\":{\"@id\":\"https:\\\/\\\/www.ucaldas.edu.co\\\/portal\\\/mexico-fue-hogar-de-estudiantes-u-de-caldas-en-intercambio-academico\\\/#primaryimage\"},\"image\":{\"@id\":\"https:\\\/\\\/www.ucaldas.edu.co\\\/portal\\\/mexico-fue-hogar-de-estudiantes-u-de-caldas-en-intercambio-academico\\\/#primaryimage\"},\"thumbnailUrl\":\"http:\\\/\\\/www.ucaldas.edu.co\\\/images\\\/tmp\\\/u_caldas_en_el_mundo_mexico_2012.jpg\",\"datePublished\":\"2012-07-19T22:17:24+00:00\",\"breadcrumb\":{\"@id\":\"https:\\\/\\\/www.ucaldas.edu.co\\\/portal\\\/mexico-fue-hogar-de-estudiantes-u-de-caldas-en-intercambio-academico\\\/#breadcrumb\"},\"inLanguage\":\"es\",\"potentialAction\":[{\"@type\":\"ReadAction\",\"target\":[\"https:\\\/\\\/www.ucaldas.edu.co\\\/portal\\\/mexico-fue-hogar-de-estudiantes-u-de-caldas-en-intercambio-academico\\\/\"]}]},{\"@type\":\"ImageObject\",\"inLanguage\":\"es\",\"@id\":\"https:\\\/\\\/www.ucaldas.edu.co\\\/portal\\\/mexico-fue-hogar-de-estudiantes-u-de-caldas-en-intercambio-academico\\\/#primaryimage\",\"url\":\"http:\\\/\\\/www.ucaldas.edu.co\\\/images\\\/tmp\\\/u_caldas_en_el_mundo_mexico_2012.jpg\",\"contentUrl\":\"http:\\\/\\\/www.ucaldas.edu.co\\\/images\\\/tmp\\\/u_caldas_en_el_mundo_mexico_2012.jpg\"},{\"@type\":\"BreadcrumbList\",\"@id\":\"https:\\\/\\\/www.ucaldas.edu.co\\\/portal\\\/mexico-fue-hogar-de-estudiantes-u-de-caldas-en-intercambio-academico\\\/#breadcrumb\",\"itemListElement\":[{\"@type\":\"ListItem\",\"position\":1,\"name\":\"Portada\",\"item\":\"https:\\\/\\\/www.ucaldas.edu.co\\\/portal\\\/\"},{\"@type\":\"ListItem\",\"position\":2,\"name\":\"M\u00e9xico fue hogar de estudiantes U. de Caldas, en intercambio acad\u00e9mico\"}]},{\"@type\":\"WebSite\",\"@id\":\"https:\\\/\\\/www.ucaldas.edu.co\\\/portal\\\/#website\",\"url\":\"https:\\\/\\\/www.ucaldas.edu.co\\\/portal\\\/\",\"name\":\"Universidad de Caldas\",\"description\":\"\",\"publisher\":{\"@id\":\"https:\\\/\\\/www.ucaldas.edu.co\\\/portal\\\/#organization\"},\"alternateName\":\"U. de Caldas\",\"potentialAction\":[{\"@type\":\"SearchAction\",\"target\":{\"@type\":\"EntryPoint\",\"urlTemplate\":\"https:\\\/\\\/www.ucaldas.edu.co\\\/portal\\\/?s={search_term_string}\"},\"query-input\":{\"@type\":\"PropertyValueSpecification\",\"valueRequired\":true,\"valueName\":\"search_term_string\"}}],\"inLanguage\":\"es\"},{\"@type\":\"Organization\",\"@id\":\"https:\\\/\\\/www.ucaldas.edu.co\\\/portal\\\/#organization\",\"name\":\"Universidad de Caldas\",\"alternateName\":\"U. de Caldas\",\"url\":\"https:\\\/\\\/www.ucaldas.edu.co\\\/portal\\\/\",\"logo\":{\"@type\":\"ImageObject\",\"inLanguage\":\"es\",\"@id\":\"https:\\\/\\\/www.ucaldas.edu.co\\\/portal\\\/#\\\/schema\\\/logo\\\/image\\\/\",\"url\":\"https:\\\/\\\/www.ucaldas.edu.co\\\/portal\\\/wp-content\\\/uploads\\\/2023\\\/11\\\/Logo_horizontal_oscuroU-2023.png\",\"contentUrl\":\"https:\\\/\\\/www.ucaldas.edu.co\\\/portal\\\/wp-content\\\/uploads\\\/2023\\\/11\\\/Logo_horizontal_oscuroU-2023.png\",\"width\":263,\"height\":101,\"caption\":\"Universidad de Caldas\"},\"image\":{\"@id\":\"https:\\\/\\\/www.ucaldas.edu.co\\\/portal\\\/#\\\/schema\\\/logo\\\/image\\\/\"},\"sameAs\":[\"https:\\\/\\\/www.facebook.com\\\/udecaldas\",\"https:\\\/\\\/x.com\\\/udecaldas\",\"https:\\\/\\\/www.youtube.com\\\/universidadcaldas\",\"https:\\\/\\\/www.instagram.com\\\/udecaldas\\\/\"]},{\"@type\":\"Person\",\"@id\":\"https:\\\/\\\/www.ucaldas.edu.co\\\/portal\\\/#\\\/schema\\\/person\\\/a1b482e23449158b4bc319926c074fdf\",\"name\":\"ofiprensa\",\"image\":{\"@type\":\"ImageObject\",\"inLanguage\":\"es\",\"@id\":\"https:\\\/\\\/www.ucaldas.edu.co\\\/portal\\\/wp-content\\\/litespeed\\\/avatar\\\/09ea5085e600095a7a811142c6944527.jpg?ver=1777497608\",\"url\":\"https:\\\/\\\/www.ucaldas.edu.co\\\/portal\\\/wp-content\\\/litespeed\\\/avatar\\\/09ea5085e600095a7a811142c6944527.jpg?ver=1777497608\",\"contentUrl\":\"https:\\\/\\\/www.ucaldas.edu.co\\\/portal\\\/wp-content\\\/litespeed\\\/avatar\\\/09ea5085e600095a7a811142c6944527.jpg?ver=1777497608\",\"caption\":\"ofiprensa\"},\"url\":\"https:\\\/\\\/www.ucaldas.edu.co\\\/portal\\\/author\\\/ofiprensa\\\/\"}]}<\/script>\n<!-- \/ Yoast SEO plugin. -->","yoast_head_json":{"title":"M\u00e9xico fue hogar de estudiantes U. de Caldas, en intercambio acad\u00e9mico .","robots":{"index":"index","follow":"follow","max-snippet":"max-snippet:-1","max-image-preview":"max-image-preview:large","max-video-preview":"max-video-preview:-1"},"canonical":"https:\/\/www.ucaldas.edu.co\/portal\/mexico-fue-hogar-de-estudiantes-u-de-caldas-en-intercambio-academico\/","schema":{"@context":"https:\/\/schema.org","@graph":[{"@type":"Article","@id":"https:\/\/www.ucaldas.edu.co\/portal\/mexico-fue-hogar-de-estudiantes-u-de-caldas-en-intercambio-academico\/#article","isPartOf":{"@id":"https:\/\/www.ucaldas.edu.co\/portal\/mexico-fue-hogar-de-estudiantes-u-de-caldas-en-intercambio-academico\/"},"author":{"name":"ofiprensa","@id":"https:\/\/www.ucaldas.edu.co\/portal\/#\/schema\/person\/a1b482e23449158b4bc319926c074fdf"},"headline":"M\u00e9xico fue hogar de estudiantes U. de Caldas, en intercambio acad\u00e9mico","datePublished":"2012-07-19T22:17:24+00:00","mainEntityOfPage":{"@id":"https:\/\/www.ucaldas.edu.co\/portal\/mexico-fue-hogar-de-estudiantes-u-de-caldas-en-intercambio-academico\/"},"wordCount":384,"publisher":{"@id":"https:\/\/www.ucaldas.edu.co\/portal\/#organization"},"image":{"@id":"https:\/\/www.ucaldas.edu.co\/portal\/mexico-fue-hogar-de-estudiantes-u-de-caldas-en-intercambio-academico\/#primaryimage"},"thumbnailUrl":"http:\/\/www.ucaldas.edu.co\/images\/tmp\/u_caldas_en_el_mundo_mexico_2012.jpg","articleSection":["Actualidad","Universidad al D\u00eda"],"inLanguage":"es"},{"@type":"WebPage","@id":"https:\/\/www.ucaldas.edu.co\/portal\/mexico-fue-hogar-de-estudiantes-u-de-caldas-en-intercambio-academico\/","url":"https:\/\/www.ucaldas.edu.co\/portal\/mexico-fue-hogar-de-estudiantes-u-de-caldas-en-intercambio-academico\/","name":"M\u00e9xico fue hogar de estudiantes U. de Caldas, en intercambio acad\u00e9mico .","isPartOf":{"@id":"https:\/\/www.ucaldas.edu.co\/portal\/#website"},"primaryImageOfPage":{"@id":"https:\/\/www.ucaldas.edu.co\/portal\/mexico-fue-hogar-de-estudiantes-u-de-caldas-en-intercambio-academico\/#primaryimage"},"image":{"@id":"https:\/\/www.ucaldas.edu.co\/portal\/mexico-fue-hogar-de-estudiantes-u-de-caldas-en-intercambio-academico\/#primaryimage"},"thumbnailUrl":"http:\/\/www.ucaldas.edu.co\/images\/tmp\/u_caldas_en_el_mundo_mexico_2012.jpg","datePublished":"2012-07-19T22:17:24+00:00","breadcrumb":{"@id":"https:\/\/www.ucaldas.edu.co\/portal\/mexico-fue-hogar-de-estudiantes-u-de-caldas-en-intercambio-academico\/#breadcrumb"},"inLanguage":"es","potentialAction":[{"@type":"ReadAction","target":["https:\/\/www.ucaldas.edu.co\/portal\/mexico-fue-hogar-de-estudiantes-u-de-caldas-en-intercambio-academico\/"]}]},{"@type":"ImageObject","inLanguage":"es","@id":"https:\/\/www.ucaldas.edu.co\/portal\/mexico-fue-hogar-de-estudiantes-u-de-caldas-en-intercambio-academico\/#primaryimage","url":"http:\/\/www.ucaldas.edu.co\/images\/tmp\/u_caldas_en_el_mundo_mexico_2012.jpg","contentUrl":"http:\/\/www.ucaldas.edu.co\/images\/tmp\/u_caldas_en_el_mundo_mexico_2012.jpg"},{"@type":"BreadcrumbList","@id":"https:\/\/www.ucaldas.edu.co\/portal\/mexico-fue-hogar-de-estudiantes-u-de-caldas-en-intercambio-academico\/#breadcrumb","itemListElement":[{"@type":"ListItem","position":1,"name":"Portada","item":"https:\/\/www.ucaldas.edu.co\/portal\/"},{"@type":"ListItem","position":2,"name":"M\u00e9xico fue hogar de estudiantes U. de Caldas, en intercambio acad\u00e9mico"}]},{"@type":"WebSite","@id":"https:\/\/www.ucaldas.edu.co\/portal\/#website","url":"https:\/\/www.ucaldas.edu.co\/portal\/","name":"Universidad de Caldas","description":"","publisher":{"@id":"https:\/\/www.ucaldas.edu.co\/portal\/#organization"},"alternateName":"U. de Caldas","potentialAction":[{"@type":"SearchAction","target":{"@type":"EntryPoint","urlTemplate":"https:\/\/www.ucaldas.edu.co\/portal\/?s={search_term_string}"},"query-input":{"@type":"PropertyValueSpecification","valueRequired":true,"valueName":"search_term_string"}}],"inLanguage":"es"},{"@type":"Organization","@id":"https:\/\/www.ucaldas.edu.co\/portal\/#organization","name":"Universidad de Caldas","alternateName":"U. de Caldas","url":"https:\/\/www.ucaldas.edu.co\/portal\/","logo":{"@type":"ImageObject","inLanguage":"es","@id":"https:\/\/www.ucaldas.edu.co\/portal\/#\/schema\/logo\/image\/","url":"https:\/\/www.ucaldas.edu.co\/portal\/wp-content\/uploads\/2023\/11\/Logo_horizontal_oscuroU-2023.png","contentUrl":"https:\/\/www.ucaldas.edu.co\/portal\/wp-content\/uploads\/2023\/11\/Logo_horizontal_oscuroU-2023.png","width":263,"height":101,"caption":"Universidad de Caldas"},"image":{"@id":"https:\/\/www.ucaldas.edu.co\/portal\/#\/schema\/logo\/image\/"},"sameAs":["https:\/\/www.facebook.com\/udecaldas","https:\/\/x.com\/udecaldas","https:\/\/www.youtube.com\/universidadcaldas","https:\/\/www.instagram.com\/udecaldas\/"]},{"@type":"Person","@id":"https:\/\/www.ucaldas.edu.co\/portal\/#\/schema\/person\/a1b482e23449158b4bc319926c074fdf","name":"ofiprensa","image":{"@type":"ImageObject","inLanguage":"es","@id":"https:\/\/www.ucaldas.edu.co\/portal\/wp-content\/litespeed\/avatar\/09ea5085e600095a7a811142c6944527.jpg?ver=1777497608","url":"https:\/\/www.ucaldas.edu.co\/portal\/wp-content\/litespeed\/avatar\/09ea5085e600095a7a811142c6944527.jpg?ver=1777497608","contentUrl":"https:\/\/www.ucaldas.edu.co\/portal\/wp-content\/litespeed\/avatar\/09ea5085e600095a7a811142c6944527.jpg?ver=1777497608","caption":"ofiprensa"},"url":"https:\/\/www.ucaldas.edu.co\/portal\/author\/ofiprensa\/"}]}},"_links":{"self":[{"href":"https:\/\/www.ucaldas.edu.co\/portal\/wp-json\/wp\/v2\/posts\/13605","targetHints":{"allow":["GET"]}}],"collection":[{"href":"https:\/\/www.ucaldas.edu.co\/portal\/wp-json\/wp\/v2\/posts"}],"about":[{"href":"https:\/\/www.ucaldas.edu.co\/portal\/wp-json\/wp\/v2\/types\/post"}],"author":[{"embeddable":true,"href":"https:\/\/www.ucaldas.edu.co\/portal\/wp-json\/wp\/v2\/users\/2"}],"replies":[{"embeddable":true,"href":"https:\/\/www.ucaldas.edu.co\/portal\/wp-json\/wp\/v2\/comments?post=13605"}],"version-history":[{"count":0,"href":"https:\/\/www.ucaldas.edu.co\/portal\/wp-json\/wp\/v2\/posts\/13605\/revisions"}],"wp:attachment":[{"href":"https:\/\/www.ucaldas.edu.co\/portal\/wp-json\/wp\/v2\/media?parent=13605"}],"wp:term":[{"taxonomy":"category","embeddable":true,"href":"https:\/\/www.ucaldas.edu.co\/portal\/wp-json\/wp\/v2\/categories?post=13605"},{"taxonomy":"post_tag","embeddable":true,"href":"https:\/\/www.ucaldas.edu.co\/portal\/wp-json\/wp\/v2\/tags?post=13605"}],"curies":[{"name":"wp","href":"https:\/\/api.w.org\/{rel}","templated":true}]}}