{"id":13451,"date":"2012-07-17T09:08:16","date_gmt":"2012-07-17T14:08:16","guid":{"rendered":"https:\/\/www.ucaldas.edu.co\/portal\/?p=13451"},"modified":"2012-07-17T09:08:16","modified_gmt":"2012-07-17T14:08:16","slug":"u-de-caldas-busca-consolidar-centro-de-innovacion-de-la-cadena-panelera","status":"publish","type":"post","link":"https:\/\/www.ucaldas.edu.co\/portal\/u-de-caldas-busca-consolidar-centro-de-innovacion-de-la-cadena-panelera\/","title":{"rendered":"U. de Caldas busca consolidar Centro de Innovaci\u00f3n de la Cadena Panelera"},"content":{"rendered":"<p align=\"center\">Inversi\u00f3n de m\u00e1s de $4 mil millones beneficiar\u00e1 a productores de Caldas<\/p>\n<hr \/>\n<p align=\"right\">17\/07\/2012<br \/>\nRedacci\u00f3n: Margarita Mar\u00eda Laverde Galvis<\/p>\n<p>&nbsp;<\/p>\n<table border=\"0\">\n<tbody>\n<tr>\n<td>&nbsp;<\/p>\n<p><img loading=\"lazy\" decoding=\"async\" style=\"border: 0px\" title=\"Centro \" alt=\"Centro \" src=\"http:\/\/www.ucaldas.edu.co\/images\/tmp\/socializacion_centro_innovacion_panela.jpg\" width=\"240\" height=\"150\" border=\"0\" \/><\/p>\n<h4>Foto: Margarita Laverde Galvis\/ Prensa U. de Caldas.<\/h4>\n<\/td>\n<td>La<b>\u00a0Vicerrector\u00eda de Proyecci\u00f3n Universitaria\u00a0<\/b>de la<b>\u00a0Universidad de Caldas lidera<\/b>\u00a0la\u00a0<b>socializaci\u00f3n<\/b>\u00a0y\u00a0<b>construcci\u00f3n<\/b>\u00a0del\u00a0<b>Centro\u00a0<\/b>de<b>\u00a0Innovaci\u00f3n\u00a0<\/b>de la<b>\u00a0Cadena Panelera<\/b>.\u00a0<b>En Riosucio<\/b>\u00a0(Caldas) se reunieron los\u00a0<b>secretarios de Agricultura y Gobierno de Caldas<\/b>,\u00a0<b>Fedepanela<\/b>,\u00a0<b>representantes<\/b>\u00a0de los\u00a0<b>resguardos ind\u00edgenas<\/b>, al igual que de las\u00a0<b>alcald\u00edas<\/b>\u00a0de\u00a0<b>Sup\u00eda y Riosucio<\/b>, el pasado 7 de julio del 2012.<\/td>\n<\/tr>\n<\/tbody>\n<\/table>\n<p>&nbsp;<\/p>\n<p>\u201cEste es un\u00a0<b>proyecto<\/b>\u00a0para el\u00a0<b>Fondo de Ciencia y Tecnolog\u00eda Regal\u00edas 2012<\/b>. Se trata del\u00a0<b>Centro de Investigaci\u00f3n, Innovaci\u00f3n y Transferencia Tecnol\u00f3gica<\/b>\u00a0de la<b>cadena panelera<\/b>, tambi\u00e9n denominado\u00a0<b>Centro de Innovaci\u00f3n Bekdau<\/b>\u201d, coment\u00f3 Andrea Gallo Mafla,\u00a0<b>Coordinadora de Regionalizaci\u00f3n de la Vicerrector\u00eda de Proyecci\u00f3n Universitaria de la U. de Caldas.<\/b><\/p>\n<p>&nbsp;<\/p>\n<p>\u201cLa\u00a0<b>Instituci\u00f3n participar\u00e1<\/b>\u00a0en los\u00a0<b>procesos de investigaci\u00f3n y regionalizaci\u00f3n<\/b>\u00a0del Centro. Es una\u00a0<b>inversi\u00f3n de m\u00e1s de $4 mil millones<\/b>, que\u00a0<b>beneficiar\u00e1<\/b>\u00a0a todos los\u00a0<b>productores de panela<\/b>\u00a0del departamento\u201d, agreg\u00f3 Gallo Mafla.<\/p>\n<p>&nbsp;<\/p>\n<p><b>Por la Universidad<\/b>\u00a0tambi\u00e9n\u00a0<b>participan<\/b>\u00a0la\u00a0<b>Facultad de Ingenier\u00eda<\/b>\u00a0y su\u00a0<b>Centro de Investigaci\u00f3n, Innovaci\u00f3n, Desarrollo y Transferencia de Tecnolog\u00eda<\/b>\u00a0(CI2DT2).<\/p>\n<p>&nbsp;<\/p>\n<p><a href=\"http:\/\/www.facebook.com\/media\/set\/?set=a.389368687791669.89292.107054166023124&amp;type=3\" target=\"_blank\">Conozca im\u00e1genes de la socializaci\u00f3n del Centro de Innovaci\u00f3n de la Cadena Panelera<\/a><\/p>\n<p>&nbsp;<\/p>\n<p><b>Informes:<\/b>\u00a0con Andrea Gallo Mafla, Coordinadora de Regionalizaci\u00f3n de la Vicerrector\u00eda de Proyecci\u00f3n Universitaria de la U. de Caldas, en el celular:\u00a0<a href=\"http:\/\/desarrollo.ucaldas.edu.co\/archivo\/tel:313%20750%2059%2071\" target=\"_blank\">313 750 59 71<\/a>.<\/p>\n","protected":false},"excerpt":{"rendered":"<p>Inversi\u00f3n de m\u00e1s de $4 mil millones beneficiar\u00e1 a productores de Caldas 17\/07\/2012 Redacci\u00f3n: Margarita Mar\u00eda Laverde Galvis &nbsp; &nbsp; Foto: Margarita Laverde Galvis\/ Prensa U. de Caldas. La\u00a0Vicerrector\u00eda de Proyecci\u00f3n Universitaria\u00a0de la\u00a0Universidad de Caldas lidera\u00a0la\u00a0socializaci\u00f3n\u00a0y\u00a0construcci\u00f3n\u00a0del\u00a0Centro\u00a0de\u00a0Innovaci\u00f3n\u00a0de la\u00a0Cadena Panelera.\u00a0En Riosucio\u00a0(Caldas) se reunieron los\u00a0secretarios de Agricultura y Gobierno de Caldas,\u00a0Fedepanela,\u00a0representantes\u00a0de los\u00a0resguardos ind\u00edgenas, al igual que de las\u00a0alcald\u00edas\u00a0de\u00a0Sup\u00eda [&hellip;]<\/p>\n","protected":false},"author":2,"featured_media":0,"comment_status":"closed","ping_status":"closed","sticky":false,"template":"","format":"standard","meta":{"footnotes":""},"categories":[48,53],"tags":[],"class_list":["post-13451","post","type-post","status-publish","format-standard","hentry","category-actualidad","category-universidad-al-dia"],"yoast_head":"<!-- This site is optimized with the Yoast SEO plugin v27.5 - https:\/\/yoast.com\/product\/yoast-seo-wordpress\/ -->\n<title>U. de Caldas busca consolidar Centro de Innovaci\u00f3n de la Cadena Panelera .<\/title>\n<meta name=\"robots\" content=\"index, follow, max-snippet:-1, max-image-preview:large, max-video-preview:-1\" \/>\n<link rel=\"canonical\" href=\"https:\/\/www.ucaldas.edu.co\/portal\/u-de-caldas-busca-consolidar-centro-de-innovacion-de-la-cadena-panelera\/\" \/>\n<script type=\"application\/ld+json\" class=\"yoast-schema-graph\">{\"@context\":\"https:\\\/\\\/schema.org\",\"@graph\":[{\"@type\":\"Article\",\"@id\":\"https:\\\/\\\/www.ucaldas.edu.co\\\/portal\\\/u-de-caldas-busca-consolidar-centro-de-innovacion-de-la-cadena-panelera\\\/#article\",\"isPartOf\":{\"@id\":\"https:\\\/\\\/www.ucaldas.edu.co\\\/portal\\\/u-de-caldas-busca-consolidar-centro-de-innovacion-de-la-cadena-panelera\\\/\"},\"author\":{\"name\":\"ofiprensa\",\"@id\":\"https:\\\/\\\/www.ucaldas.edu.co\\\/portal\\\/#\\\/schema\\\/person\\\/a1b482e23449158b4bc319926c074fdf\"},\"headline\":\"U. de Caldas busca consolidar Centro de Innovaci\u00f3n de la Cadena Panelera\",\"datePublished\":\"2012-07-17T14:08:16+00:00\",\"mainEntityOfPage\":{\"@id\":\"https:\\\/\\\/www.ucaldas.edu.co\\\/portal\\\/u-de-caldas-busca-consolidar-centro-de-innovacion-de-la-cadena-panelera\\\/\"},\"wordCount\":278,\"publisher\":{\"@id\":\"https:\\\/\\\/www.ucaldas.edu.co\\\/portal\\\/#organization\"},\"image\":{\"@id\":\"https:\\\/\\\/www.ucaldas.edu.co\\\/portal\\\/u-de-caldas-busca-consolidar-centro-de-innovacion-de-la-cadena-panelera\\\/#primaryimage\"},\"thumbnailUrl\":\"http:\\\/\\\/www.ucaldas.edu.co\\\/images\\\/tmp\\\/socializacion_centro_innovacion_panela.jpg\",\"articleSection\":[\"Actualidad\",\"Universidad al D\u00eda\"],\"inLanguage\":\"es\"},{\"@type\":\"WebPage\",\"@id\":\"https:\\\/\\\/www.ucaldas.edu.co\\\/portal\\\/u-de-caldas-busca-consolidar-centro-de-innovacion-de-la-cadena-panelera\\\/\",\"url\":\"https:\\\/\\\/www.ucaldas.edu.co\\\/portal\\\/u-de-caldas-busca-consolidar-centro-de-innovacion-de-la-cadena-panelera\\\/\",\"name\":\"U. de Caldas busca consolidar Centro de Innovaci\u00f3n de la Cadena Panelera .\",\"isPartOf\":{\"@id\":\"https:\\\/\\\/www.ucaldas.edu.co\\\/portal\\\/#website\"},\"primaryImageOfPage\":{\"@id\":\"https:\\\/\\\/www.ucaldas.edu.co\\\/portal\\\/u-de-caldas-busca-consolidar-centro-de-innovacion-de-la-cadena-panelera\\\/#primaryimage\"},\"image\":{\"@id\":\"https:\\\/\\\/www.ucaldas.edu.co\\\/portal\\\/u-de-caldas-busca-consolidar-centro-de-innovacion-de-la-cadena-panelera\\\/#primaryimage\"},\"thumbnailUrl\":\"http:\\\/\\\/www.ucaldas.edu.co\\\/images\\\/tmp\\\/socializacion_centro_innovacion_panela.jpg\",\"datePublished\":\"2012-07-17T14:08:16+00:00\",\"breadcrumb\":{\"@id\":\"https:\\\/\\\/www.ucaldas.edu.co\\\/portal\\\/u-de-caldas-busca-consolidar-centro-de-innovacion-de-la-cadena-panelera\\\/#breadcrumb\"},\"inLanguage\":\"es\",\"potentialAction\":[{\"@type\":\"ReadAction\",\"target\":[\"https:\\\/\\\/www.ucaldas.edu.co\\\/portal\\\/u-de-caldas-busca-consolidar-centro-de-innovacion-de-la-cadena-panelera\\\/\"]}]},{\"@type\":\"ImageObject\",\"inLanguage\":\"es\",\"@id\":\"https:\\\/\\\/www.ucaldas.edu.co\\\/portal\\\/u-de-caldas-busca-consolidar-centro-de-innovacion-de-la-cadena-panelera\\\/#primaryimage\",\"url\":\"http:\\\/\\\/www.ucaldas.edu.co\\\/images\\\/tmp\\\/socializacion_centro_innovacion_panela.jpg\",\"contentUrl\":\"http:\\\/\\\/www.ucaldas.edu.co\\\/images\\\/tmp\\\/socializacion_centro_innovacion_panela.jpg\"},{\"@type\":\"BreadcrumbList\",\"@id\":\"https:\\\/\\\/www.ucaldas.edu.co\\\/portal\\\/u-de-caldas-busca-consolidar-centro-de-innovacion-de-la-cadena-panelera\\\/#breadcrumb\",\"itemListElement\":[{\"@type\":\"ListItem\",\"position\":1,\"name\":\"Portada\",\"item\":\"https:\\\/\\\/www.ucaldas.edu.co\\\/portal\\\/\"},{\"@type\":\"ListItem\",\"position\":2,\"name\":\"U. de Caldas busca consolidar Centro de Innovaci\u00f3n de la Cadena Panelera\"}]},{\"@type\":\"WebSite\",\"@id\":\"https:\\\/\\\/www.ucaldas.edu.co\\\/portal\\\/#website\",\"url\":\"https:\\\/\\\/www.ucaldas.edu.co\\\/portal\\\/\",\"name\":\"Universidad de Caldas\",\"description\":\"\",\"publisher\":{\"@id\":\"https:\\\/\\\/www.ucaldas.edu.co\\\/portal\\\/#organization\"},\"alternateName\":\"U. de Caldas\",\"potentialAction\":[{\"@type\":\"SearchAction\",\"target\":{\"@type\":\"EntryPoint\",\"urlTemplate\":\"https:\\\/\\\/www.ucaldas.edu.co\\\/portal\\\/?s={search_term_string}\"},\"query-input\":{\"@type\":\"PropertyValueSpecification\",\"valueRequired\":true,\"valueName\":\"search_term_string\"}}],\"inLanguage\":\"es\"},{\"@type\":\"Organization\",\"@id\":\"https:\\\/\\\/www.ucaldas.edu.co\\\/portal\\\/#organization\",\"name\":\"Universidad de Caldas\",\"alternateName\":\"U. de Caldas\",\"url\":\"https:\\\/\\\/www.ucaldas.edu.co\\\/portal\\\/\",\"logo\":{\"@type\":\"ImageObject\",\"inLanguage\":\"es\",\"@id\":\"https:\\\/\\\/www.ucaldas.edu.co\\\/portal\\\/#\\\/schema\\\/logo\\\/image\\\/\",\"url\":\"https:\\\/\\\/www.ucaldas.edu.co\\\/portal\\\/wp-content\\\/uploads\\\/2023\\\/11\\\/Logo_horizontal_oscuroU-2023.png\",\"contentUrl\":\"https:\\\/\\\/www.ucaldas.edu.co\\\/portal\\\/wp-content\\\/uploads\\\/2023\\\/11\\\/Logo_horizontal_oscuroU-2023.png\",\"width\":263,\"height\":101,\"caption\":\"Universidad de Caldas\"},\"image\":{\"@id\":\"https:\\\/\\\/www.ucaldas.edu.co\\\/portal\\\/#\\\/schema\\\/logo\\\/image\\\/\"},\"sameAs\":[\"https:\\\/\\\/www.facebook.com\\\/udecaldas\",\"https:\\\/\\\/x.com\\\/udecaldas\",\"https:\\\/\\\/www.youtube.com\\\/universidadcaldas\",\"https:\\\/\\\/www.instagram.com\\\/udecaldas\\\/\"]},{\"@type\":\"Person\",\"@id\":\"https:\\\/\\\/www.ucaldas.edu.co\\\/portal\\\/#\\\/schema\\\/person\\\/a1b482e23449158b4bc319926c074fdf\",\"name\":\"ofiprensa\",\"image\":{\"@type\":\"ImageObject\",\"inLanguage\":\"es\",\"@id\":\"https:\\\/\\\/www.ucaldas.edu.co\\\/portal\\\/wp-content\\\/litespeed\\\/avatar\\\/09ea5085e600095a7a811142c6944527.jpg?ver=1777497608\",\"url\":\"https:\\\/\\\/www.ucaldas.edu.co\\\/portal\\\/wp-content\\\/litespeed\\\/avatar\\\/09ea5085e600095a7a811142c6944527.jpg?ver=1777497608\",\"contentUrl\":\"https:\\\/\\\/www.ucaldas.edu.co\\\/portal\\\/wp-content\\\/litespeed\\\/avatar\\\/09ea5085e600095a7a811142c6944527.jpg?ver=1777497608\",\"caption\":\"ofiprensa\"},\"url\":\"https:\\\/\\\/www.ucaldas.edu.co\\\/portal\\\/author\\\/ofiprensa\\\/\"}]}<\/script>\n<!-- \/ Yoast SEO plugin. -->","yoast_head_json":{"title":"U. de Caldas busca consolidar Centro de Innovaci\u00f3n de la Cadena Panelera .","robots":{"index":"index","follow":"follow","max-snippet":"max-snippet:-1","max-image-preview":"max-image-preview:large","max-video-preview":"max-video-preview:-1"},"canonical":"https:\/\/www.ucaldas.edu.co\/portal\/u-de-caldas-busca-consolidar-centro-de-innovacion-de-la-cadena-panelera\/","schema":{"@context":"https:\/\/schema.org","@graph":[{"@type":"Article","@id":"https:\/\/www.ucaldas.edu.co\/portal\/u-de-caldas-busca-consolidar-centro-de-innovacion-de-la-cadena-panelera\/#article","isPartOf":{"@id":"https:\/\/www.ucaldas.edu.co\/portal\/u-de-caldas-busca-consolidar-centro-de-innovacion-de-la-cadena-panelera\/"},"author":{"name":"ofiprensa","@id":"https:\/\/www.ucaldas.edu.co\/portal\/#\/schema\/person\/a1b482e23449158b4bc319926c074fdf"},"headline":"U. de Caldas busca consolidar Centro de Innovaci\u00f3n de la Cadena Panelera","datePublished":"2012-07-17T14:08:16+00:00","mainEntityOfPage":{"@id":"https:\/\/www.ucaldas.edu.co\/portal\/u-de-caldas-busca-consolidar-centro-de-innovacion-de-la-cadena-panelera\/"},"wordCount":278,"publisher":{"@id":"https:\/\/www.ucaldas.edu.co\/portal\/#organization"},"image":{"@id":"https:\/\/www.ucaldas.edu.co\/portal\/u-de-caldas-busca-consolidar-centro-de-innovacion-de-la-cadena-panelera\/#primaryimage"},"thumbnailUrl":"http:\/\/www.ucaldas.edu.co\/images\/tmp\/socializacion_centro_innovacion_panela.jpg","articleSection":["Actualidad","Universidad al D\u00eda"],"inLanguage":"es"},{"@type":"WebPage","@id":"https:\/\/www.ucaldas.edu.co\/portal\/u-de-caldas-busca-consolidar-centro-de-innovacion-de-la-cadena-panelera\/","url":"https:\/\/www.ucaldas.edu.co\/portal\/u-de-caldas-busca-consolidar-centro-de-innovacion-de-la-cadena-panelera\/","name":"U. de Caldas busca consolidar Centro de Innovaci\u00f3n de la Cadena Panelera .","isPartOf":{"@id":"https:\/\/www.ucaldas.edu.co\/portal\/#website"},"primaryImageOfPage":{"@id":"https:\/\/www.ucaldas.edu.co\/portal\/u-de-caldas-busca-consolidar-centro-de-innovacion-de-la-cadena-panelera\/#primaryimage"},"image":{"@id":"https:\/\/www.ucaldas.edu.co\/portal\/u-de-caldas-busca-consolidar-centro-de-innovacion-de-la-cadena-panelera\/#primaryimage"},"thumbnailUrl":"http:\/\/www.ucaldas.edu.co\/images\/tmp\/socializacion_centro_innovacion_panela.jpg","datePublished":"2012-07-17T14:08:16+00:00","breadcrumb":{"@id":"https:\/\/www.ucaldas.edu.co\/portal\/u-de-caldas-busca-consolidar-centro-de-innovacion-de-la-cadena-panelera\/#breadcrumb"},"inLanguage":"es","potentialAction":[{"@type":"ReadAction","target":["https:\/\/www.ucaldas.edu.co\/portal\/u-de-caldas-busca-consolidar-centro-de-innovacion-de-la-cadena-panelera\/"]}]},{"@type":"ImageObject","inLanguage":"es","@id":"https:\/\/www.ucaldas.edu.co\/portal\/u-de-caldas-busca-consolidar-centro-de-innovacion-de-la-cadena-panelera\/#primaryimage","url":"http:\/\/www.ucaldas.edu.co\/images\/tmp\/socializacion_centro_innovacion_panela.jpg","contentUrl":"http:\/\/www.ucaldas.edu.co\/images\/tmp\/socializacion_centro_innovacion_panela.jpg"},{"@type":"BreadcrumbList","@id":"https:\/\/www.ucaldas.edu.co\/portal\/u-de-caldas-busca-consolidar-centro-de-innovacion-de-la-cadena-panelera\/#breadcrumb","itemListElement":[{"@type":"ListItem","position":1,"name":"Portada","item":"https:\/\/www.ucaldas.edu.co\/portal\/"},{"@type":"ListItem","position":2,"name":"U. de Caldas busca consolidar Centro de Innovaci\u00f3n de la Cadena Panelera"}]},{"@type":"WebSite","@id":"https:\/\/www.ucaldas.edu.co\/portal\/#website","url":"https:\/\/www.ucaldas.edu.co\/portal\/","name":"Universidad de Caldas","description":"","publisher":{"@id":"https:\/\/www.ucaldas.edu.co\/portal\/#organization"},"alternateName":"U. de Caldas","potentialAction":[{"@type":"SearchAction","target":{"@type":"EntryPoint","urlTemplate":"https:\/\/www.ucaldas.edu.co\/portal\/?s={search_term_string}"},"query-input":{"@type":"PropertyValueSpecification","valueRequired":true,"valueName":"search_term_string"}}],"inLanguage":"es"},{"@type":"Organization","@id":"https:\/\/www.ucaldas.edu.co\/portal\/#organization","name":"Universidad de Caldas","alternateName":"U. de Caldas","url":"https:\/\/www.ucaldas.edu.co\/portal\/","logo":{"@type":"ImageObject","inLanguage":"es","@id":"https:\/\/www.ucaldas.edu.co\/portal\/#\/schema\/logo\/image\/","url":"https:\/\/www.ucaldas.edu.co\/portal\/wp-content\/uploads\/2023\/11\/Logo_horizontal_oscuroU-2023.png","contentUrl":"https:\/\/www.ucaldas.edu.co\/portal\/wp-content\/uploads\/2023\/11\/Logo_horizontal_oscuroU-2023.png","width":263,"height":101,"caption":"Universidad de Caldas"},"image":{"@id":"https:\/\/www.ucaldas.edu.co\/portal\/#\/schema\/logo\/image\/"},"sameAs":["https:\/\/www.facebook.com\/udecaldas","https:\/\/x.com\/udecaldas","https:\/\/www.youtube.com\/universidadcaldas","https:\/\/www.instagram.com\/udecaldas\/"]},{"@type":"Person","@id":"https:\/\/www.ucaldas.edu.co\/portal\/#\/schema\/person\/a1b482e23449158b4bc319926c074fdf","name":"ofiprensa","image":{"@type":"ImageObject","inLanguage":"es","@id":"https:\/\/www.ucaldas.edu.co\/portal\/wp-content\/litespeed\/avatar\/09ea5085e600095a7a811142c6944527.jpg?ver=1777497608","url":"https:\/\/www.ucaldas.edu.co\/portal\/wp-content\/litespeed\/avatar\/09ea5085e600095a7a811142c6944527.jpg?ver=1777497608","contentUrl":"https:\/\/www.ucaldas.edu.co\/portal\/wp-content\/litespeed\/avatar\/09ea5085e600095a7a811142c6944527.jpg?ver=1777497608","caption":"ofiprensa"},"url":"https:\/\/www.ucaldas.edu.co\/portal\/author\/ofiprensa\/"}]}},"_links":{"self":[{"href":"https:\/\/www.ucaldas.edu.co\/portal\/wp-json\/wp\/v2\/posts\/13451","targetHints":{"allow":["GET"]}}],"collection":[{"href":"https:\/\/www.ucaldas.edu.co\/portal\/wp-json\/wp\/v2\/posts"}],"about":[{"href":"https:\/\/www.ucaldas.edu.co\/portal\/wp-json\/wp\/v2\/types\/post"}],"author":[{"embeddable":true,"href":"https:\/\/www.ucaldas.edu.co\/portal\/wp-json\/wp\/v2\/users\/2"}],"replies":[{"embeddable":true,"href":"https:\/\/www.ucaldas.edu.co\/portal\/wp-json\/wp\/v2\/comments?post=13451"}],"version-history":[{"count":0,"href":"https:\/\/www.ucaldas.edu.co\/portal\/wp-json\/wp\/v2\/posts\/13451\/revisions"}],"wp:attachment":[{"href":"https:\/\/www.ucaldas.edu.co\/portal\/wp-json\/wp\/v2\/media?parent=13451"}],"wp:term":[{"taxonomy":"category","embeddable":true,"href":"https:\/\/www.ucaldas.edu.co\/portal\/wp-json\/wp\/v2\/categories?post=13451"},{"taxonomy":"post_tag","embeddable":true,"href":"https:\/\/www.ucaldas.edu.co\/portal\/wp-json\/wp\/v2\/tags?post=13451"}],"curies":[{"name":"wp","href":"https:\/\/api.w.org\/{rel}","templated":true}]}}