{"id":13434,"date":"2012-07-17T08:59:07","date_gmt":"2012-07-17T13:59:07","guid":{"rendered":"https:\/\/www.ucaldas.edu.co\/portal\/?p=13434"},"modified":"2012-07-17T08:59:07","modified_gmt":"2012-07-17T13:59:07","slug":"consejo-superior-u-de-caldas-modifica-politica-de-incentivos-por-investigacion-y-proyeccion","status":"publish","type":"post","link":"https:\/\/www.ucaldas.edu.co\/portal\/consejo-superior-u-de-caldas-modifica-politica-de-incentivos-por-investigacion-y-proyeccion\/","title":{"rendered":"Consejo Superior U. de Caldas modifica pol\u00edtica de incentivos por investigaci\u00f3n y proyecci\u00f3n"},"content":{"rendered":"<p align=\"center\">Hizo cambios en siente puntos del acuerto original<\/p>\n<hr \/>\n<p align=\"center\"><b>\u00a0<\/b><\/p>\n<p align=\"center\">\n<p align=\"right\">17\/07\/2012<br \/>\nRedacci\u00f3n: Margarita Mar\u00eda Laverde Galvis<\/p>\n<p>&nbsp;<\/p>\n<p>El <b>Consejo Superior<\/b> de la <b>Universidad de Caldas<\/b>, en sesi\u00f3n del pasado 14 de junio del 2012, <b>aprob\u00f3<\/b> la <b>modificaci\u00f3n del Acuerdo 003 del 2007<\/b>, que <b>define<\/b> la <b>pol\u00edtica<\/b> para el <b>reconocimiento y pago<\/b> de <b>incentivos monetarios<\/b>, por concepto de <b>proyectos de investigaci\u00f3n o proyecci\u00f3n<\/b>.<\/p>\n<p>&nbsp;<\/p>\n<p>Esta pol\u00edtica <b>se refiere a incentivos no constitutivos de salario <\/b>y <b>aplica<\/b> para los <b>profesores<\/b> de la U. de Caldas. Estas modificaciones fueron motivadas por la direcci\u00f3n universitaria, basada en una propuesta realizada por el cuerpo de vicerrectores y decanos.<\/p>\n<p>&nbsp;<\/p>\n<p><a href=\"http:\/\/desarrollo.ucaldas.edu.co\/archivo\/images\/tmp\/acuerdo_021_2012.pdf\" target=\"_blank\">Consulte aqu\u00ed el Acuerdo 021 del Consejo Superior de la U. de Caldas<\/a><\/p>\n<p>&nbsp;<\/p>\n<p><b>Informes:<\/b> Secretar\u00eda del Consejo Superior, tel\u00e9fono 878 15 00, extensi\u00f3n 11 111.<br \/>\n<b><br \/>\n<\/b><\/p>\n","protected":false},"excerpt":{"rendered":"<p>Hizo cambios en siente puntos del acuerto original \u00a0 17\/07\/2012 Redacci\u00f3n: Margarita Mar\u00eda Laverde Galvis &nbsp; El Consejo Superior de la Universidad de Caldas, en sesi\u00f3n del pasado 14 de junio del 2012, aprob\u00f3 la modificaci\u00f3n del Acuerdo 003 del 2007, que define la pol\u00edtica para el reconocimiento y pago de incentivos monetarios, por concepto [&hellip;]<\/p>\n","protected":false},"author":2,"featured_media":0,"comment_status":"closed","ping_status":"closed","sticky":false,"template":"","format":"standard","meta":{"footnotes":""},"categories":[48,53],"tags":[],"class_list":["post-13434","post","type-post","status-publish","format-standard","hentry","category-actualidad","category-universidad-al-dia"],"yoast_head":"<!-- This site is optimized with the Yoast SEO plugin v27.5 - https:\/\/yoast.com\/product\/yoast-seo-wordpress\/ -->\n<title>Consejo Superior U. de Caldas modifica pol\u00edtica de incentivos por investigaci\u00f3n y proyecci\u00f3n .<\/title>\n<meta name=\"robots\" content=\"index, follow, max-snippet:-1, max-image-preview:large, max-video-preview:-1\" \/>\n<link rel=\"canonical\" href=\"https:\/\/www.ucaldas.edu.co\/portal\/consejo-superior-u-de-caldas-modifica-politica-de-incentivos-por-investigacion-y-proyeccion\/\" \/>\n<script type=\"application\/ld+json\" class=\"yoast-schema-graph\">{\"@context\":\"https:\\\/\\\/schema.org\",\"@graph\":[{\"@type\":\"Article\",\"@id\":\"https:\\\/\\\/www.ucaldas.edu.co\\\/portal\\\/consejo-superior-u-de-caldas-modifica-politica-de-incentivos-por-investigacion-y-proyeccion\\\/#article\",\"isPartOf\":{\"@id\":\"https:\\\/\\\/www.ucaldas.edu.co\\\/portal\\\/consejo-superior-u-de-caldas-modifica-politica-de-incentivos-por-investigacion-y-proyeccion\\\/\"},\"author\":{\"name\":\"ofiprensa\",\"@id\":\"https:\\\/\\\/www.ucaldas.edu.co\\\/portal\\\/#\\\/schema\\\/person\\\/a1b482e23449158b4bc319926c074fdf\"},\"headline\":\"Consejo Superior U. de Caldas modifica pol\u00edtica de incentivos por investigaci\u00f3n y proyecci\u00f3n\",\"datePublished\":\"2012-07-17T13:59:07+00:00\",\"mainEntityOfPage\":{\"@id\":\"https:\\\/\\\/www.ucaldas.edu.co\\\/portal\\\/consejo-superior-u-de-caldas-modifica-politica-de-incentivos-por-investigacion-y-proyeccion\\\/\"},\"wordCount\":145,\"publisher\":{\"@id\":\"https:\\\/\\\/www.ucaldas.edu.co\\\/portal\\\/#organization\"},\"articleSection\":[\"Actualidad\",\"Universidad al D\u00eda\"],\"inLanguage\":\"es\"},{\"@type\":\"WebPage\",\"@id\":\"https:\\\/\\\/www.ucaldas.edu.co\\\/portal\\\/consejo-superior-u-de-caldas-modifica-politica-de-incentivos-por-investigacion-y-proyeccion\\\/\",\"url\":\"https:\\\/\\\/www.ucaldas.edu.co\\\/portal\\\/consejo-superior-u-de-caldas-modifica-politica-de-incentivos-por-investigacion-y-proyeccion\\\/\",\"name\":\"Consejo Superior U. de Caldas modifica pol\u00edtica de incentivos por investigaci\u00f3n y proyecci\u00f3n .\",\"isPartOf\":{\"@id\":\"https:\\\/\\\/www.ucaldas.edu.co\\\/portal\\\/#website\"},\"datePublished\":\"2012-07-17T13:59:07+00:00\",\"breadcrumb\":{\"@id\":\"https:\\\/\\\/www.ucaldas.edu.co\\\/portal\\\/consejo-superior-u-de-caldas-modifica-politica-de-incentivos-por-investigacion-y-proyeccion\\\/#breadcrumb\"},\"inLanguage\":\"es\",\"potentialAction\":[{\"@type\":\"ReadAction\",\"target\":[\"https:\\\/\\\/www.ucaldas.edu.co\\\/portal\\\/consejo-superior-u-de-caldas-modifica-politica-de-incentivos-por-investigacion-y-proyeccion\\\/\"]}]},{\"@type\":\"BreadcrumbList\",\"@id\":\"https:\\\/\\\/www.ucaldas.edu.co\\\/portal\\\/consejo-superior-u-de-caldas-modifica-politica-de-incentivos-por-investigacion-y-proyeccion\\\/#breadcrumb\",\"itemListElement\":[{\"@type\":\"ListItem\",\"position\":1,\"name\":\"Portada\",\"item\":\"https:\\\/\\\/www.ucaldas.edu.co\\\/portal\\\/\"},{\"@type\":\"ListItem\",\"position\":2,\"name\":\"Consejo Superior U. de Caldas modifica pol\u00edtica de incentivos por investigaci\u00f3n y proyecci\u00f3n\"}]},{\"@type\":\"WebSite\",\"@id\":\"https:\\\/\\\/www.ucaldas.edu.co\\\/portal\\\/#website\",\"url\":\"https:\\\/\\\/www.ucaldas.edu.co\\\/portal\\\/\",\"name\":\"Universidad de Caldas\",\"description\":\"\",\"publisher\":{\"@id\":\"https:\\\/\\\/www.ucaldas.edu.co\\\/portal\\\/#organization\"},\"alternateName\":\"U. de Caldas\",\"potentialAction\":[{\"@type\":\"SearchAction\",\"target\":{\"@type\":\"EntryPoint\",\"urlTemplate\":\"https:\\\/\\\/www.ucaldas.edu.co\\\/portal\\\/?s={search_term_string}\"},\"query-input\":{\"@type\":\"PropertyValueSpecification\",\"valueRequired\":true,\"valueName\":\"search_term_string\"}}],\"inLanguage\":\"es\"},{\"@type\":\"Organization\",\"@id\":\"https:\\\/\\\/www.ucaldas.edu.co\\\/portal\\\/#organization\",\"name\":\"Universidad de Caldas\",\"alternateName\":\"U. de Caldas\",\"url\":\"https:\\\/\\\/www.ucaldas.edu.co\\\/portal\\\/\",\"logo\":{\"@type\":\"ImageObject\",\"inLanguage\":\"es\",\"@id\":\"https:\\\/\\\/www.ucaldas.edu.co\\\/portal\\\/#\\\/schema\\\/logo\\\/image\\\/\",\"url\":\"https:\\\/\\\/www.ucaldas.edu.co\\\/portal\\\/wp-content\\\/uploads\\\/2023\\\/11\\\/Logo_horizontal_oscuroU-2023.png\",\"contentUrl\":\"https:\\\/\\\/www.ucaldas.edu.co\\\/portal\\\/wp-content\\\/uploads\\\/2023\\\/11\\\/Logo_horizontal_oscuroU-2023.png\",\"width\":263,\"height\":101,\"caption\":\"Universidad de Caldas\"},\"image\":{\"@id\":\"https:\\\/\\\/www.ucaldas.edu.co\\\/portal\\\/#\\\/schema\\\/logo\\\/image\\\/\"},\"sameAs\":[\"https:\\\/\\\/www.facebook.com\\\/udecaldas\",\"https:\\\/\\\/x.com\\\/udecaldas\",\"https:\\\/\\\/www.youtube.com\\\/universidadcaldas\",\"https:\\\/\\\/www.instagram.com\\\/udecaldas\\\/\"]},{\"@type\":\"Person\",\"@id\":\"https:\\\/\\\/www.ucaldas.edu.co\\\/portal\\\/#\\\/schema\\\/person\\\/a1b482e23449158b4bc319926c074fdf\",\"name\":\"ofiprensa\",\"image\":{\"@type\":\"ImageObject\",\"inLanguage\":\"es\",\"@id\":\"https:\\\/\\\/www.ucaldas.edu.co\\\/portal\\\/wp-content\\\/litespeed\\\/avatar\\\/09ea5085e600095a7a811142c6944527.jpg?ver=1777497608\",\"url\":\"https:\\\/\\\/www.ucaldas.edu.co\\\/portal\\\/wp-content\\\/litespeed\\\/avatar\\\/09ea5085e600095a7a811142c6944527.jpg?ver=1777497608\",\"contentUrl\":\"https:\\\/\\\/www.ucaldas.edu.co\\\/portal\\\/wp-content\\\/litespeed\\\/avatar\\\/09ea5085e600095a7a811142c6944527.jpg?ver=1777497608\",\"caption\":\"ofiprensa\"},\"url\":\"https:\\\/\\\/www.ucaldas.edu.co\\\/portal\\\/author\\\/ofiprensa\\\/\"}]}<\/script>\n<!-- \/ Yoast SEO plugin. -->","yoast_head_json":{"title":"Consejo Superior U. de Caldas modifica pol\u00edtica de incentivos por investigaci\u00f3n y proyecci\u00f3n .","robots":{"index":"index","follow":"follow","max-snippet":"max-snippet:-1","max-image-preview":"max-image-preview:large","max-video-preview":"max-video-preview:-1"},"canonical":"https:\/\/www.ucaldas.edu.co\/portal\/consejo-superior-u-de-caldas-modifica-politica-de-incentivos-por-investigacion-y-proyeccion\/","schema":{"@context":"https:\/\/schema.org","@graph":[{"@type":"Article","@id":"https:\/\/www.ucaldas.edu.co\/portal\/consejo-superior-u-de-caldas-modifica-politica-de-incentivos-por-investigacion-y-proyeccion\/#article","isPartOf":{"@id":"https:\/\/www.ucaldas.edu.co\/portal\/consejo-superior-u-de-caldas-modifica-politica-de-incentivos-por-investigacion-y-proyeccion\/"},"author":{"name":"ofiprensa","@id":"https:\/\/www.ucaldas.edu.co\/portal\/#\/schema\/person\/a1b482e23449158b4bc319926c074fdf"},"headline":"Consejo Superior U. de Caldas modifica pol\u00edtica de incentivos por investigaci\u00f3n y proyecci\u00f3n","datePublished":"2012-07-17T13:59:07+00:00","mainEntityOfPage":{"@id":"https:\/\/www.ucaldas.edu.co\/portal\/consejo-superior-u-de-caldas-modifica-politica-de-incentivos-por-investigacion-y-proyeccion\/"},"wordCount":145,"publisher":{"@id":"https:\/\/www.ucaldas.edu.co\/portal\/#organization"},"articleSection":["Actualidad","Universidad al D\u00eda"],"inLanguage":"es"},{"@type":"WebPage","@id":"https:\/\/www.ucaldas.edu.co\/portal\/consejo-superior-u-de-caldas-modifica-politica-de-incentivos-por-investigacion-y-proyeccion\/","url":"https:\/\/www.ucaldas.edu.co\/portal\/consejo-superior-u-de-caldas-modifica-politica-de-incentivos-por-investigacion-y-proyeccion\/","name":"Consejo Superior U. de Caldas modifica pol\u00edtica de incentivos por investigaci\u00f3n y proyecci\u00f3n .","isPartOf":{"@id":"https:\/\/www.ucaldas.edu.co\/portal\/#website"},"datePublished":"2012-07-17T13:59:07+00:00","breadcrumb":{"@id":"https:\/\/www.ucaldas.edu.co\/portal\/consejo-superior-u-de-caldas-modifica-politica-de-incentivos-por-investigacion-y-proyeccion\/#breadcrumb"},"inLanguage":"es","potentialAction":[{"@type":"ReadAction","target":["https:\/\/www.ucaldas.edu.co\/portal\/consejo-superior-u-de-caldas-modifica-politica-de-incentivos-por-investigacion-y-proyeccion\/"]}]},{"@type":"BreadcrumbList","@id":"https:\/\/www.ucaldas.edu.co\/portal\/consejo-superior-u-de-caldas-modifica-politica-de-incentivos-por-investigacion-y-proyeccion\/#breadcrumb","itemListElement":[{"@type":"ListItem","position":1,"name":"Portada","item":"https:\/\/www.ucaldas.edu.co\/portal\/"},{"@type":"ListItem","position":2,"name":"Consejo Superior U. de Caldas modifica pol\u00edtica de incentivos por investigaci\u00f3n y proyecci\u00f3n"}]},{"@type":"WebSite","@id":"https:\/\/www.ucaldas.edu.co\/portal\/#website","url":"https:\/\/www.ucaldas.edu.co\/portal\/","name":"Universidad de Caldas","description":"","publisher":{"@id":"https:\/\/www.ucaldas.edu.co\/portal\/#organization"},"alternateName":"U. de Caldas","potentialAction":[{"@type":"SearchAction","target":{"@type":"EntryPoint","urlTemplate":"https:\/\/www.ucaldas.edu.co\/portal\/?s={search_term_string}"},"query-input":{"@type":"PropertyValueSpecification","valueRequired":true,"valueName":"search_term_string"}}],"inLanguage":"es"},{"@type":"Organization","@id":"https:\/\/www.ucaldas.edu.co\/portal\/#organization","name":"Universidad de Caldas","alternateName":"U. de Caldas","url":"https:\/\/www.ucaldas.edu.co\/portal\/","logo":{"@type":"ImageObject","inLanguage":"es","@id":"https:\/\/www.ucaldas.edu.co\/portal\/#\/schema\/logo\/image\/","url":"https:\/\/www.ucaldas.edu.co\/portal\/wp-content\/uploads\/2023\/11\/Logo_horizontal_oscuroU-2023.png","contentUrl":"https:\/\/www.ucaldas.edu.co\/portal\/wp-content\/uploads\/2023\/11\/Logo_horizontal_oscuroU-2023.png","width":263,"height":101,"caption":"Universidad de Caldas"},"image":{"@id":"https:\/\/www.ucaldas.edu.co\/portal\/#\/schema\/logo\/image\/"},"sameAs":["https:\/\/www.facebook.com\/udecaldas","https:\/\/x.com\/udecaldas","https:\/\/www.youtube.com\/universidadcaldas","https:\/\/www.instagram.com\/udecaldas\/"]},{"@type":"Person","@id":"https:\/\/www.ucaldas.edu.co\/portal\/#\/schema\/person\/a1b482e23449158b4bc319926c074fdf","name":"ofiprensa","image":{"@type":"ImageObject","inLanguage":"es","@id":"https:\/\/www.ucaldas.edu.co\/portal\/wp-content\/litespeed\/avatar\/09ea5085e600095a7a811142c6944527.jpg?ver=1777497608","url":"https:\/\/www.ucaldas.edu.co\/portal\/wp-content\/litespeed\/avatar\/09ea5085e600095a7a811142c6944527.jpg?ver=1777497608","contentUrl":"https:\/\/www.ucaldas.edu.co\/portal\/wp-content\/litespeed\/avatar\/09ea5085e600095a7a811142c6944527.jpg?ver=1777497608","caption":"ofiprensa"},"url":"https:\/\/www.ucaldas.edu.co\/portal\/author\/ofiprensa\/"}]}},"_links":{"self":[{"href":"https:\/\/www.ucaldas.edu.co\/portal\/wp-json\/wp\/v2\/posts\/13434","targetHints":{"allow":["GET"]}}],"collection":[{"href":"https:\/\/www.ucaldas.edu.co\/portal\/wp-json\/wp\/v2\/posts"}],"about":[{"href":"https:\/\/www.ucaldas.edu.co\/portal\/wp-json\/wp\/v2\/types\/post"}],"author":[{"embeddable":true,"href":"https:\/\/www.ucaldas.edu.co\/portal\/wp-json\/wp\/v2\/users\/2"}],"replies":[{"embeddable":true,"href":"https:\/\/www.ucaldas.edu.co\/portal\/wp-json\/wp\/v2\/comments?post=13434"}],"version-history":[{"count":0,"href":"https:\/\/www.ucaldas.edu.co\/portal\/wp-json\/wp\/v2\/posts\/13434\/revisions"}],"wp:attachment":[{"href":"https:\/\/www.ucaldas.edu.co\/portal\/wp-json\/wp\/v2\/media?parent=13434"}],"wp:term":[{"taxonomy":"category","embeddable":true,"href":"https:\/\/www.ucaldas.edu.co\/portal\/wp-json\/wp\/v2\/categories?post=13434"},{"taxonomy":"post_tag","embeddable":true,"href":"https:\/\/www.ucaldas.edu.co\/portal\/wp-json\/wp\/v2\/tags?post=13434"}],"curies":[{"name":"wp","href":"https:\/\/api.w.org\/{rel}","templated":true}]}}