{"id":13432,"date":"2012-07-17T08:57:51","date_gmt":"2012-07-17T13:57:51","guid":{"rendered":"https:\/\/www.ucaldas.edu.co\/portal\/?p=13432"},"modified":"2012-07-17T08:57:51","modified_gmt":"2012-07-17T13:57:51","slug":"u-de-caldas-realiza-proyecto-de-salud-en-los-barrios-con-adultos-mayores","status":"publish","type":"post","link":"https:\/\/www.ucaldas.edu.co\/portal\/u-de-caldas-realiza-proyecto-de-salud-en-los-barrios-con-adultos-mayores\/","title":{"rendered":"U. de Caldas realiza proyecto de salud  en los barrios, con adultos mayores"},"content":{"rendered":"<div align=\"center\">Este s\u00ed es un proyecto oficial de la Instituci\u00f3n<\/p>\n<hr \/>\n<\/div>\n<p align=\"right\">\n<p align=\"right\">16\/07\/2012<br \/>\nRedacci\u00f3n: Margarita Mar\u00eda Laverde Galvis<\/p>\n<p>&nbsp;<\/p>\n<table border=\"0\">\n<tbody>\n<tr>\n<td><img loading=\"lazy\" decoding=\"async\" style=\"border: 0px\" title=\"adulto mayor\" alt=\"adulto mayor\" src=\"http:\/\/www.ucaldas.edu.co\/images\/tmp\/proyecto_adulto_mayor_2012.jpg\" width=\"240\" height=\"150\" border=\"0\" \/><\/td>\n<td>Recientemente la Universidad de Caldas\u00a0<a href=\"http:\/\/desarrollo.ucaldas.edu.co\/archivo\/index.php?option=com_content&amp;view=article&amp;id=7450:u-de-caldas-no-ofrece-dinero-a-ciudadanos-que-participan-en-sus-brigadas-de-salud-&amp;catid=419:universidad-al-dia&amp;Itemid=1039\" target=\"_blank\">alert\u00f3 a la comunidad sobre unos supuestos proyectos que suplantan a la instituci\u00f3n y en los que se ofrece dinero en efectivo a ciudadanos (ver nota aqu\u00ed)<\/a>. Sin embargo,\u00a0<b>hay otros proyectos que s\u00ed son oficiales y que cuentan con el respaldo de la instituci\u00f3n<\/b>.<\/td>\n<\/tr>\n<\/tbody>\n<\/table>\n<p>&nbsp;<\/p>\n<p>&nbsp;<\/p>\n<p>Por ejemplo, la\u00a0<b>U. de Caldas\u00a0<\/b>realiza el\u00a0<b>proyecto<\/b>\u00a0sobre\u00a0<b>diferencias de g\u00e9nero en movilidad<\/b>: qu\u00e9 se puede aprender para\u00a0<b>mejorar<\/b>\u00a0<b>la<\/b>\u00a0<b>movilidad al envejecer<\/b>(IMAS, por sus siglas en Ingl\u00e9s),\u00a0<b>financiado<\/b>\u00a0por el\u00a0<b>Instituto Canadiense de Investigaci\u00f3n en Salud<\/b>\u00a0(IRSC, por sus siglas en Ingl\u00e9s).<\/p>\n<p>&nbsp;<\/p>\n<p><b>Metolog\u00eda<\/b><br \/>\nPara este proyecto se realizan encuestas en los barrios de Aranjuez, P\u00edo XII, F\u00e1tima, La Enea, San Marcel, Arrayanes, Gonz\u00e1lez, Villacarmenza, Campoamor, San Joaqu\u00edn, Fundadores, San Jorge, Asunci\u00f3n, San Jos\u00e9, Delicias, Peralonso, Bosques del Norte, La Carola, Arboleda, Bel\u00e9n, La Estrella, Minitas, Alta Suiza, Sultana, Chipre, Villa Pilar, Campohermoso y El Campin.<\/p>\n<p>Las encuestas las realizan\u00a0<b>seis encuestadores<\/b>, que\u00a0<b>abordan a los adultos mayores en la calle<\/b>, les\u00a0<b>aplican la encuesta<\/b>\u00a0y\u00a0<b>coordinan<\/b>\u00a0<b>telef\u00f3nicamente un traslado<\/b>, en transporte escolar,\u00a0<b>a la IPS Universitaria de Caldas<\/b>, donde se les realizan una serie de pruebas.<\/p>\n<p>&nbsp;<\/p>\n<p><b>Al finalizar<\/b>\u00a0la\u00a0<b>actividad<\/b>\u00a0<b>se le entrega<\/b>\u00a0una\u00a0<b>tarjeta<\/b>\u00a0con el\u00a0<b>resultado de las pruebas<\/b>\u00a0<b>f\u00edsicas<\/b>.<\/p>\n<p>&nbsp;<\/p>\n<p><b>C\u00f3mo reconocerlos<\/b><\/p>\n<p>El personal est\u00e1\u00a0<b>debidamente identificado con carn\u00e9s<\/b>\u00a0y\u00a0<b>brinda un tel\u00e9fono institucional<\/b>, para que las personas corroboren la veracidad del proyecto. Adem\u00e1s, la idea es que\u00a0<b>los encuestadores se presenten ante los CAI<\/b>\u00a0de las comunidades, para as\u00ed generar mayor confianza.<\/p>\n<p>&nbsp;<\/p>\n<p>Algunos tel\u00e9fonos en los que puede verificar la identidad de los encuestadores son 878 30 60, extensi\u00f3n 31 261 y en el celular 300 672 87 32.<\/p>\n<p>&nbsp;<\/p>\n<p><b>Sobre el proyecto<\/b><\/p>\n<p>La iniciativa se adelanta\u00a0<b>simult\u00e1neamente<\/b>\u00a0en\u00a0<b>cuatro ciudades de tres pa\u00edses<\/b>: Canad\u00e1, Brasil y Colombia.\u00a0<b>Participan<\/b>\u00a0la\u00a0<b>Universidad de Montr\u00e9al<\/b>\u00a0(Canad\u00e1),<b>Universidad Federal de Rio Grande del Norte<\/b>\u00a0(Brasil),\u00a0<b>Instituto Nacional de Envejecimiento<\/b>\u00a0(USA) y\u00a0<b>Wake Forest University<\/b>\u00a0(USA).<\/p>\n<p>&nbsp;<\/p>\n<p><b>Por Manizales<\/b>\u00a0<b>participa<\/b>\u00a0el\u00a0<b>Postgrado de Geriatr\u00eda<\/b>\u00a0de la\u00a0<b>U. de Caldas<\/b>, con la Coordinaci\u00f3n General de Jos\u00e9 Fernando G\u00f3mez Montes y Carmen Luc\u00eda Curcio Borrero.\u00a0\u00a0<b>Se program\u00f3 encuestar a 450 ancianos<\/b>: 200 hombres y 200 mujeres entre 65 y 74 a\u00f1os, adem\u00e1s de\u00a0<b>50 ancianos mayores de 75 a\u00f1os<\/b>, tambi\u00e9n mitad mujeres y mitad hombres.<br \/>\n<b>Informes:<\/b>\u00a0con Mar\u00eda Victoria Jurado, Asistente Administrativa del Postgrado en Geriatr\u00eda de la U. de Caldas, en el tel\u00e9fono 878 30 60, extensi\u00f3n 31 261, o en el celular 300 672 87 32.<\/p>\n","protected":false},"excerpt":{"rendered":"<p>Este s\u00ed es un proyecto oficial de la Instituci\u00f3n 16\/07\/2012 Redacci\u00f3n: Margarita Mar\u00eda Laverde Galvis &nbsp; Recientemente la Universidad de Caldas\u00a0alert\u00f3 a la comunidad sobre unos supuestos proyectos que suplantan a la instituci\u00f3n y en los que se ofrece dinero en efectivo a ciudadanos (ver nota aqu\u00ed). Sin embargo,\u00a0hay otros proyectos que s\u00ed son oficiales [&hellip;]<\/p>\n","protected":false},"author":2,"featured_media":0,"comment_status":"closed","ping_status":"closed","sticky":false,"template":"","format":"standard","meta":{"footnotes":""},"categories":[48,53],"tags":[],"class_list":["post-13432","post","type-post","status-publish","format-standard","hentry","category-actualidad","category-universidad-al-dia"],"yoast_head":"<!-- This site is optimized with the Yoast SEO plugin v27.5 - https:\/\/yoast.com\/product\/yoast-seo-wordpress\/ -->\n<title>U. de Caldas realiza proyecto de salud en los barrios, con adultos mayores .<\/title>\n<meta name=\"robots\" content=\"index, follow, max-snippet:-1, max-image-preview:large, max-video-preview:-1\" \/>\n<link rel=\"canonical\" href=\"https:\/\/www.ucaldas.edu.co\/portal\/u-de-caldas-realiza-proyecto-de-salud-en-los-barrios-con-adultos-mayores\/\" \/>\n<script type=\"application\/ld+json\" class=\"yoast-schema-graph\">{\"@context\":\"https:\\\/\\\/schema.org\",\"@graph\":[{\"@type\":\"Article\",\"@id\":\"https:\\\/\\\/www.ucaldas.edu.co\\\/portal\\\/u-de-caldas-realiza-proyecto-de-salud-en-los-barrios-con-adultos-mayores\\\/#article\",\"isPartOf\":{\"@id\":\"https:\\\/\\\/www.ucaldas.edu.co\\\/portal\\\/u-de-caldas-realiza-proyecto-de-salud-en-los-barrios-con-adultos-mayores\\\/\"},\"author\":{\"name\":\"ofiprensa\",\"@id\":\"https:\\\/\\\/www.ucaldas.edu.co\\\/portal\\\/#\\\/schema\\\/person\\\/a1b482e23449158b4bc319926c074fdf\"},\"headline\":\"U. de Caldas realiza proyecto de salud en los barrios, con adultos mayores\",\"datePublished\":\"2012-07-17T13:57:51+00:00\",\"mainEntityOfPage\":{\"@id\":\"https:\\\/\\\/www.ucaldas.edu.co\\\/portal\\\/u-de-caldas-realiza-proyecto-de-salud-en-los-barrios-con-adultos-mayores\\\/\"},\"wordCount\":457,\"publisher\":{\"@id\":\"https:\\\/\\\/www.ucaldas.edu.co\\\/portal\\\/#organization\"},\"image\":{\"@id\":\"https:\\\/\\\/www.ucaldas.edu.co\\\/portal\\\/u-de-caldas-realiza-proyecto-de-salud-en-los-barrios-con-adultos-mayores\\\/#primaryimage\"},\"thumbnailUrl\":\"http:\\\/\\\/www.ucaldas.edu.co\\\/images\\\/tmp\\\/proyecto_adulto_mayor_2012.jpg\",\"articleSection\":[\"Actualidad\",\"Universidad al D\u00eda\"],\"inLanguage\":\"es\"},{\"@type\":\"WebPage\",\"@id\":\"https:\\\/\\\/www.ucaldas.edu.co\\\/portal\\\/u-de-caldas-realiza-proyecto-de-salud-en-los-barrios-con-adultos-mayores\\\/\",\"url\":\"https:\\\/\\\/www.ucaldas.edu.co\\\/portal\\\/u-de-caldas-realiza-proyecto-de-salud-en-los-barrios-con-adultos-mayores\\\/\",\"name\":\"U. de Caldas realiza proyecto de salud en los barrios, con adultos mayores .\",\"isPartOf\":{\"@id\":\"https:\\\/\\\/www.ucaldas.edu.co\\\/portal\\\/#website\"},\"primaryImageOfPage\":{\"@id\":\"https:\\\/\\\/www.ucaldas.edu.co\\\/portal\\\/u-de-caldas-realiza-proyecto-de-salud-en-los-barrios-con-adultos-mayores\\\/#primaryimage\"},\"image\":{\"@id\":\"https:\\\/\\\/www.ucaldas.edu.co\\\/portal\\\/u-de-caldas-realiza-proyecto-de-salud-en-los-barrios-con-adultos-mayores\\\/#primaryimage\"},\"thumbnailUrl\":\"http:\\\/\\\/www.ucaldas.edu.co\\\/images\\\/tmp\\\/proyecto_adulto_mayor_2012.jpg\",\"datePublished\":\"2012-07-17T13:57:51+00:00\",\"breadcrumb\":{\"@id\":\"https:\\\/\\\/www.ucaldas.edu.co\\\/portal\\\/u-de-caldas-realiza-proyecto-de-salud-en-los-barrios-con-adultos-mayores\\\/#breadcrumb\"},\"inLanguage\":\"es\",\"potentialAction\":[{\"@type\":\"ReadAction\",\"target\":[\"https:\\\/\\\/www.ucaldas.edu.co\\\/portal\\\/u-de-caldas-realiza-proyecto-de-salud-en-los-barrios-con-adultos-mayores\\\/\"]}]},{\"@type\":\"ImageObject\",\"inLanguage\":\"es\",\"@id\":\"https:\\\/\\\/www.ucaldas.edu.co\\\/portal\\\/u-de-caldas-realiza-proyecto-de-salud-en-los-barrios-con-adultos-mayores\\\/#primaryimage\",\"url\":\"http:\\\/\\\/www.ucaldas.edu.co\\\/images\\\/tmp\\\/proyecto_adulto_mayor_2012.jpg\",\"contentUrl\":\"http:\\\/\\\/www.ucaldas.edu.co\\\/images\\\/tmp\\\/proyecto_adulto_mayor_2012.jpg\"},{\"@type\":\"BreadcrumbList\",\"@id\":\"https:\\\/\\\/www.ucaldas.edu.co\\\/portal\\\/u-de-caldas-realiza-proyecto-de-salud-en-los-barrios-con-adultos-mayores\\\/#breadcrumb\",\"itemListElement\":[{\"@type\":\"ListItem\",\"position\":1,\"name\":\"Portada\",\"item\":\"https:\\\/\\\/www.ucaldas.edu.co\\\/portal\\\/\"},{\"@type\":\"ListItem\",\"position\":2,\"name\":\"U. de Caldas realiza proyecto de salud en los barrios, con adultos mayores\"}]},{\"@type\":\"WebSite\",\"@id\":\"https:\\\/\\\/www.ucaldas.edu.co\\\/portal\\\/#website\",\"url\":\"https:\\\/\\\/www.ucaldas.edu.co\\\/portal\\\/\",\"name\":\"Universidad de Caldas\",\"description\":\"\",\"publisher\":{\"@id\":\"https:\\\/\\\/www.ucaldas.edu.co\\\/portal\\\/#organization\"},\"alternateName\":\"U. de Caldas\",\"potentialAction\":[{\"@type\":\"SearchAction\",\"target\":{\"@type\":\"EntryPoint\",\"urlTemplate\":\"https:\\\/\\\/www.ucaldas.edu.co\\\/portal\\\/?s={search_term_string}\"},\"query-input\":{\"@type\":\"PropertyValueSpecification\",\"valueRequired\":true,\"valueName\":\"search_term_string\"}}],\"inLanguage\":\"es\"},{\"@type\":\"Organization\",\"@id\":\"https:\\\/\\\/www.ucaldas.edu.co\\\/portal\\\/#organization\",\"name\":\"Universidad de Caldas\",\"alternateName\":\"U. de Caldas\",\"url\":\"https:\\\/\\\/www.ucaldas.edu.co\\\/portal\\\/\",\"logo\":{\"@type\":\"ImageObject\",\"inLanguage\":\"es\",\"@id\":\"https:\\\/\\\/www.ucaldas.edu.co\\\/portal\\\/#\\\/schema\\\/logo\\\/image\\\/\",\"url\":\"https:\\\/\\\/www.ucaldas.edu.co\\\/portal\\\/wp-content\\\/uploads\\\/2023\\\/11\\\/Logo_horizontal_oscuroU-2023.png\",\"contentUrl\":\"https:\\\/\\\/www.ucaldas.edu.co\\\/portal\\\/wp-content\\\/uploads\\\/2023\\\/11\\\/Logo_horizontal_oscuroU-2023.png\",\"width\":263,\"height\":101,\"caption\":\"Universidad de Caldas\"},\"image\":{\"@id\":\"https:\\\/\\\/www.ucaldas.edu.co\\\/portal\\\/#\\\/schema\\\/logo\\\/image\\\/\"},\"sameAs\":[\"https:\\\/\\\/www.facebook.com\\\/udecaldas\",\"https:\\\/\\\/x.com\\\/udecaldas\",\"https:\\\/\\\/www.youtube.com\\\/universidadcaldas\",\"https:\\\/\\\/www.instagram.com\\\/udecaldas\\\/\"]},{\"@type\":\"Person\",\"@id\":\"https:\\\/\\\/www.ucaldas.edu.co\\\/portal\\\/#\\\/schema\\\/person\\\/a1b482e23449158b4bc319926c074fdf\",\"name\":\"ofiprensa\",\"image\":{\"@type\":\"ImageObject\",\"inLanguage\":\"es\",\"@id\":\"https:\\\/\\\/www.ucaldas.edu.co\\\/portal\\\/wp-content\\\/litespeed\\\/avatar\\\/09ea5085e600095a7a811142c6944527.jpg?ver=1777497608\",\"url\":\"https:\\\/\\\/www.ucaldas.edu.co\\\/portal\\\/wp-content\\\/litespeed\\\/avatar\\\/09ea5085e600095a7a811142c6944527.jpg?ver=1777497608\",\"contentUrl\":\"https:\\\/\\\/www.ucaldas.edu.co\\\/portal\\\/wp-content\\\/litespeed\\\/avatar\\\/09ea5085e600095a7a811142c6944527.jpg?ver=1777497608\",\"caption\":\"ofiprensa\"},\"url\":\"https:\\\/\\\/www.ucaldas.edu.co\\\/portal\\\/author\\\/ofiprensa\\\/\"}]}<\/script>\n<!-- \/ Yoast SEO plugin. -->","yoast_head_json":{"title":"U. de Caldas realiza proyecto de salud en los barrios, con adultos mayores .","robots":{"index":"index","follow":"follow","max-snippet":"max-snippet:-1","max-image-preview":"max-image-preview:large","max-video-preview":"max-video-preview:-1"},"canonical":"https:\/\/www.ucaldas.edu.co\/portal\/u-de-caldas-realiza-proyecto-de-salud-en-los-barrios-con-adultos-mayores\/","schema":{"@context":"https:\/\/schema.org","@graph":[{"@type":"Article","@id":"https:\/\/www.ucaldas.edu.co\/portal\/u-de-caldas-realiza-proyecto-de-salud-en-los-barrios-con-adultos-mayores\/#article","isPartOf":{"@id":"https:\/\/www.ucaldas.edu.co\/portal\/u-de-caldas-realiza-proyecto-de-salud-en-los-barrios-con-adultos-mayores\/"},"author":{"name":"ofiprensa","@id":"https:\/\/www.ucaldas.edu.co\/portal\/#\/schema\/person\/a1b482e23449158b4bc319926c074fdf"},"headline":"U. de Caldas realiza proyecto de salud en los barrios, con adultos mayores","datePublished":"2012-07-17T13:57:51+00:00","mainEntityOfPage":{"@id":"https:\/\/www.ucaldas.edu.co\/portal\/u-de-caldas-realiza-proyecto-de-salud-en-los-barrios-con-adultos-mayores\/"},"wordCount":457,"publisher":{"@id":"https:\/\/www.ucaldas.edu.co\/portal\/#organization"},"image":{"@id":"https:\/\/www.ucaldas.edu.co\/portal\/u-de-caldas-realiza-proyecto-de-salud-en-los-barrios-con-adultos-mayores\/#primaryimage"},"thumbnailUrl":"http:\/\/www.ucaldas.edu.co\/images\/tmp\/proyecto_adulto_mayor_2012.jpg","articleSection":["Actualidad","Universidad al D\u00eda"],"inLanguage":"es"},{"@type":"WebPage","@id":"https:\/\/www.ucaldas.edu.co\/portal\/u-de-caldas-realiza-proyecto-de-salud-en-los-barrios-con-adultos-mayores\/","url":"https:\/\/www.ucaldas.edu.co\/portal\/u-de-caldas-realiza-proyecto-de-salud-en-los-barrios-con-adultos-mayores\/","name":"U. de Caldas realiza proyecto de salud en los barrios, con adultos mayores .","isPartOf":{"@id":"https:\/\/www.ucaldas.edu.co\/portal\/#website"},"primaryImageOfPage":{"@id":"https:\/\/www.ucaldas.edu.co\/portal\/u-de-caldas-realiza-proyecto-de-salud-en-los-barrios-con-adultos-mayores\/#primaryimage"},"image":{"@id":"https:\/\/www.ucaldas.edu.co\/portal\/u-de-caldas-realiza-proyecto-de-salud-en-los-barrios-con-adultos-mayores\/#primaryimage"},"thumbnailUrl":"http:\/\/www.ucaldas.edu.co\/images\/tmp\/proyecto_adulto_mayor_2012.jpg","datePublished":"2012-07-17T13:57:51+00:00","breadcrumb":{"@id":"https:\/\/www.ucaldas.edu.co\/portal\/u-de-caldas-realiza-proyecto-de-salud-en-los-barrios-con-adultos-mayores\/#breadcrumb"},"inLanguage":"es","potentialAction":[{"@type":"ReadAction","target":["https:\/\/www.ucaldas.edu.co\/portal\/u-de-caldas-realiza-proyecto-de-salud-en-los-barrios-con-adultos-mayores\/"]}]},{"@type":"ImageObject","inLanguage":"es","@id":"https:\/\/www.ucaldas.edu.co\/portal\/u-de-caldas-realiza-proyecto-de-salud-en-los-barrios-con-adultos-mayores\/#primaryimage","url":"http:\/\/www.ucaldas.edu.co\/images\/tmp\/proyecto_adulto_mayor_2012.jpg","contentUrl":"http:\/\/www.ucaldas.edu.co\/images\/tmp\/proyecto_adulto_mayor_2012.jpg"},{"@type":"BreadcrumbList","@id":"https:\/\/www.ucaldas.edu.co\/portal\/u-de-caldas-realiza-proyecto-de-salud-en-los-barrios-con-adultos-mayores\/#breadcrumb","itemListElement":[{"@type":"ListItem","position":1,"name":"Portada","item":"https:\/\/www.ucaldas.edu.co\/portal\/"},{"@type":"ListItem","position":2,"name":"U. de Caldas realiza proyecto de salud en los barrios, con adultos mayores"}]},{"@type":"WebSite","@id":"https:\/\/www.ucaldas.edu.co\/portal\/#website","url":"https:\/\/www.ucaldas.edu.co\/portal\/","name":"Universidad de Caldas","description":"","publisher":{"@id":"https:\/\/www.ucaldas.edu.co\/portal\/#organization"},"alternateName":"U. de Caldas","potentialAction":[{"@type":"SearchAction","target":{"@type":"EntryPoint","urlTemplate":"https:\/\/www.ucaldas.edu.co\/portal\/?s={search_term_string}"},"query-input":{"@type":"PropertyValueSpecification","valueRequired":true,"valueName":"search_term_string"}}],"inLanguage":"es"},{"@type":"Organization","@id":"https:\/\/www.ucaldas.edu.co\/portal\/#organization","name":"Universidad de Caldas","alternateName":"U. de Caldas","url":"https:\/\/www.ucaldas.edu.co\/portal\/","logo":{"@type":"ImageObject","inLanguage":"es","@id":"https:\/\/www.ucaldas.edu.co\/portal\/#\/schema\/logo\/image\/","url":"https:\/\/www.ucaldas.edu.co\/portal\/wp-content\/uploads\/2023\/11\/Logo_horizontal_oscuroU-2023.png","contentUrl":"https:\/\/www.ucaldas.edu.co\/portal\/wp-content\/uploads\/2023\/11\/Logo_horizontal_oscuroU-2023.png","width":263,"height":101,"caption":"Universidad de Caldas"},"image":{"@id":"https:\/\/www.ucaldas.edu.co\/portal\/#\/schema\/logo\/image\/"},"sameAs":["https:\/\/www.facebook.com\/udecaldas","https:\/\/x.com\/udecaldas","https:\/\/www.youtube.com\/universidadcaldas","https:\/\/www.instagram.com\/udecaldas\/"]},{"@type":"Person","@id":"https:\/\/www.ucaldas.edu.co\/portal\/#\/schema\/person\/a1b482e23449158b4bc319926c074fdf","name":"ofiprensa","image":{"@type":"ImageObject","inLanguage":"es","@id":"https:\/\/www.ucaldas.edu.co\/portal\/wp-content\/litespeed\/avatar\/09ea5085e600095a7a811142c6944527.jpg?ver=1777497608","url":"https:\/\/www.ucaldas.edu.co\/portal\/wp-content\/litespeed\/avatar\/09ea5085e600095a7a811142c6944527.jpg?ver=1777497608","contentUrl":"https:\/\/www.ucaldas.edu.co\/portal\/wp-content\/litespeed\/avatar\/09ea5085e600095a7a811142c6944527.jpg?ver=1777497608","caption":"ofiprensa"},"url":"https:\/\/www.ucaldas.edu.co\/portal\/author\/ofiprensa\/"}]}},"_links":{"self":[{"href":"https:\/\/www.ucaldas.edu.co\/portal\/wp-json\/wp\/v2\/posts\/13432","targetHints":{"allow":["GET"]}}],"collection":[{"href":"https:\/\/www.ucaldas.edu.co\/portal\/wp-json\/wp\/v2\/posts"}],"about":[{"href":"https:\/\/www.ucaldas.edu.co\/portal\/wp-json\/wp\/v2\/types\/post"}],"author":[{"embeddable":true,"href":"https:\/\/www.ucaldas.edu.co\/portal\/wp-json\/wp\/v2\/users\/2"}],"replies":[{"embeddable":true,"href":"https:\/\/www.ucaldas.edu.co\/portal\/wp-json\/wp\/v2\/comments?post=13432"}],"version-history":[{"count":0,"href":"https:\/\/www.ucaldas.edu.co\/portal\/wp-json\/wp\/v2\/posts\/13432\/revisions"}],"wp:attachment":[{"href":"https:\/\/www.ucaldas.edu.co\/portal\/wp-json\/wp\/v2\/media?parent=13432"}],"wp:term":[{"taxonomy":"category","embeddable":true,"href":"https:\/\/www.ucaldas.edu.co\/portal\/wp-json\/wp\/v2\/categories?post=13432"},{"taxonomy":"post_tag","embeddable":true,"href":"https:\/\/www.ucaldas.edu.co\/portal\/wp-json\/wp\/v2\/tags?post=13432"}],"curies":[{"name":"wp","href":"https:\/\/api.w.org\/{rel}","templated":true}]}}