{"id":13428,"date":"2012-07-17T08:56:13","date_gmt":"2012-07-17T13:56:13","guid":{"rendered":"https:\/\/www.ucaldas.edu.co\/portal\/?p=13428"},"modified":"2012-07-17T08:56:13","modified_gmt":"2012-07-17T13:56:13","slug":"u-de-caldas-estudio-como-se-configura-construccion-de-la-memoria-desde-el-arte","status":"publish","type":"post","link":"https:\/\/www.ucaldas.edu.co\/portal\/u-de-caldas-estudio-como-se-configura-construccion-de-la-memoria-desde-el-arte\/","title":{"rendered":"U. de Caldas estudi\u00f3 c\u00f3mo se configura  construcci\u00f3n de la memoria desde el arte"},"content":{"rendered":"<p align=\"center\"><span style=\"text-decoration: underline\"><br \/>\n<\/span>En la exposici\u00f3n La guerra que no hemos visto, un proyecto de memoria hist\u00f3rica<\/p>\n<hr \/>\n<p align=\"right\">\n<p align=\"right\">16\/07\/2012<br \/>\nRedacci\u00f3n: Margarita Mar\u00eda Laverde Galvis<\/p>\n<p>&nbsp;<\/p>\n<table border=\"0\">\n<tbody>\n<tr>\n<td>&nbsp;<\/p>\n<p><img loading=\"lazy\" decoding=\"async\" style=\"border: 0px\" title=\"Arte\" alt=\"Arte\" src=\"http:\/\/www.ucaldas.edu.co\/images\/tmp\/conferencia_arte_archivo_2012.jpg\" width=\"240\" height=\"150\" border=\"0\" \/><\/p>\n<h4>Foto: Guillermo Sarmiento Estrada\/ Prensa U. de Caldas.<\/h4>\n<\/td>\n<td>Felipe Mart\u00ednez Quintero,\u00a0<b>docente del Departamento de Humanidades de la Universidad Tecnol\u00f3gica de Pereira (UTP), orient\u00f3<\/b>\u00a0en la\u00a0<b>Universidad de Caldas<\/b>la\u00a0<b>conferencia<\/b>\u00a0<i>El arte como archivo. Gestualidad y memoria sobre la violencia pol\u00edtica en Colombia,\u00a0<\/i>el pasado viernes 13 de julio del 2012.<\/td>\n<\/tr>\n<\/tbody>\n<\/table>\n<p>&nbsp;<\/p>\n<p>&nbsp;<\/p>\n<p>La conferencia\u00a0<b>se centr\u00f3<\/b>\u00a0en la\u00a0<b>relaci\u00f3n entre algunas pr\u00e1cticas art\u00edsticas<\/b>\u00a0<b>o est\u00e9ticas contempor\u00e1neas<\/b>\u00a0<b>y<\/b>\u00a0la\u00a0<b>construcci\u00f3n de memoria<\/b>, es decir,\u00a0<b>c\u00f3mo desde el arte se configuran espacios<\/b>\u00a0y escenarios que\u00a0<b>permiten construir otros registros<\/b>\u00a0sobre la\u00a0<b>memoria<\/b>\u00a0de la\u00a0<b>violencia pol\u00edtica<\/b>\u00a0en el pa\u00eds.<\/p>\n<p>&nbsp;<\/p>\n<p>\u201cEl valor del registro que se construye es un tanto m\u00e1s cimentado en la posibilidad de que las v\u00edctimas adquieran, desde lo simb\u00f3lico, posibilidades expresivas de lo que les ha sucedido y han tenido que vivir, adem\u00e1s de c\u00f3mo la cultura y el arte se convierten no s\u00f3lo en aspectos formales o decorativos, sino que permiten la construcci\u00f3n de otras formas de reflexi\u00f3n\u201d, coment\u00f3 Mart\u00ednez Quintero.<\/p>\n<p>&nbsp;<\/p>\n<p>\u201cEs una necesidad que se viene tejiendo en la sociedad, a partir de por fin estar encontrando escenarios que permitan construir registros de la memoria sobre la violencia. Lo simb\u00f3lico aparece cuando la violencia necesita ser expresada de otra manera\u201d, agreg\u00f3 el conferencista.<br \/>\nEl\u00a0<b>evento<\/b>\u00a0lo\u00a0<b>organizaron<\/b>\u00a0el\u00a0Centro de Investigaci\u00f3n y Desarrollo sobre Conflicto, Violencia y Convivencia Social (<b>Cedat<\/b>) y el Instituto de Investigaciones en Ciencias Sociales y Humanas (<b>ICSH<\/b>) de la\u00a0<b>U. de Caldas<\/b>, en la\u00a0<b>exposici\u00f3n\u00a0<i>La guerra que no hemos visto. Un proyecto de memoria hist\u00f3rica<\/i><\/b><i>,\u00a0<\/i>de la Instituci\u00f3n.<\/p>\n<p>&nbsp;<\/p>\n<p><a href=\"http:\/\/www.facebook.com\/media\/set\/?set=a.388904944504710.89099.107054166023124&amp;type=3#%21\/media\/set\/?set=a.388908727837665.89100.107054166023124&amp;type=3\" target=\"_blank\">Conozca im\u00e1genes de la conferencia sobre el arte como archivo<\/a><\/p>\n<p><b>\u00a0<\/b><\/p>\n<p><b>Informes:\u00a0<\/b>Instituto de Investigaciones en Ciencias Sociales y Humanas (ICSH) de la U. de Caldas, tel\u00e9fono 878 15 00, extensi\u00f3n 18 031.<\/p>\n","protected":false},"excerpt":{"rendered":"<p>En la exposici\u00f3n La guerra que no hemos visto, un proyecto de memoria hist\u00f3rica 16\/07\/2012 Redacci\u00f3n: Margarita Mar\u00eda Laverde Galvis &nbsp; &nbsp; Foto: Guillermo Sarmiento Estrada\/ Prensa U. de Caldas. Felipe Mart\u00ednez Quintero,\u00a0docente del Departamento de Humanidades de la Universidad Tecnol\u00f3gica de Pereira (UTP), orient\u00f3\u00a0en la\u00a0Universidad de Caldasla\u00a0conferencia\u00a0El arte como archivo. Gestualidad y memoria sobre [&hellip;]<\/p>\n","protected":false},"author":2,"featured_media":0,"comment_status":"closed","ping_status":"closed","sticky":false,"template":"","format":"standard","meta":{"footnotes":""},"categories":[48,53],"tags":[],"class_list":["post-13428","post","type-post","status-publish","format-standard","hentry","category-actualidad","category-universidad-al-dia"],"yoast_head":"<!-- This site is optimized with the Yoast SEO plugin v27.5 - https:\/\/yoast.com\/product\/yoast-seo-wordpress\/ -->\n<title>U. de Caldas estudi\u00f3 c\u00f3mo se configura construcci\u00f3n de la memoria desde el arte .<\/title>\n<meta name=\"robots\" content=\"index, follow, max-snippet:-1, max-image-preview:large, max-video-preview:-1\" \/>\n<link rel=\"canonical\" href=\"https:\/\/www.ucaldas.edu.co\/portal\/u-de-caldas-estudio-como-se-configura-construccion-de-la-memoria-desde-el-arte\/\" \/>\n<script type=\"application\/ld+json\" class=\"yoast-schema-graph\">{\"@context\":\"https:\\\/\\\/schema.org\",\"@graph\":[{\"@type\":\"Article\",\"@id\":\"https:\\\/\\\/www.ucaldas.edu.co\\\/portal\\\/u-de-caldas-estudio-como-se-configura-construccion-de-la-memoria-desde-el-arte\\\/#article\",\"isPartOf\":{\"@id\":\"https:\\\/\\\/www.ucaldas.edu.co\\\/portal\\\/u-de-caldas-estudio-como-se-configura-construccion-de-la-memoria-desde-el-arte\\\/\"},\"author\":{\"name\":\"ofiprensa\",\"@id\":\"https:\\\/\\\/www.ucaldas.edu.co\\\/portal\\\/#\\\/schema\\\/person\\\/a1b482e23449158b4bc319926c074fdf\"},\"headline\":\"U. de Caldas estudi\u00f3 c\u00f3mo se configura construcci\u00f3n de la memoria desde el arte\",\"datePublished\":\"2012-07-17T13:56:13+00:00\",\"mainEntityOfPage\":{\"@id\":\"https:\\\/\\\/www.ucaldas.edu.co\\\/portal\\\/u-de-caldas-estudio-como-se-configura-construccion-de-la-memoria-desde-el-arte\\\/\"},\"wordCount\":355,\"publisher\":{\"@id\":\"https:\\\/\\\/www.ucaldas.edu.co\\\/portal\\\/#organization\"},\"image\":{\"@id\":\"https:\\\/\\\/www.ucaldas.edu.co\\\/portal\\\/u-de-caldas-estudio-como-se-configura-construccion-de-la-memoria-desde-el-arte\\\/#primaryimage\"},\"thumbnailUrl\":\"http:\\\/\\\/www.ucaldas.edu.co\\\/images\\\/tmp\\\/conferencia_arte_archivo_2012.jpg\",\"articleSection\":[\"Actualidad\",\"Universidad al D\u00eda\"],\"inLanguage\":\"es\"},{\"@type\":\"WebPage\",\"@id\":\"https:\\\/\\\/www.ucaldas.edu.co\\\/portal\\\/u-de-caldas-estudio-como-se-configura-construccion-de-la-memoria-desde-el-arte\\\/\",\"url\":\"https:\\\/\\\/www.ucaldas.edu.co\\\/portal\\\/u-de-caldas-estudio-como-se-configura-construccion-de-la-memoria-desde-el-arte\\\/\",\"name\":\"U. de Caldas estudi\u00f3 c\u00f3mo se configura construcci\u00f3n de la memoria desde el arte .\",\"isPartOf\":{\"@id\":\"https:\\\/\\\/www.ucaldas.edu.co\\\/portal\\\/#website\"},\"primaryImageOfPage\":{\"@id\":\"https:\\\/\\\/www.ucaldas.edu.co\\\/portal\\\/u-de-caldas-estudio-como-se-configura-construccion-de-la-memoria-desde-el-arte\\\/#primaryimage\"},\"image\":{\"@id\":\"https:\\\/\\\/www.ucaldas.edu.co\\\/portal\\\/u-de-caldas-estudio-como-se-configura-construccion-de-la-memoria-desde-el-arte\\\/#primaryimage\"},\"thumbnailUrl\":\"http:\\\/\\\/www.ucaldas.edu.co\\\/images\\\/tmp\\\/conferencia_arte_archivo_2012.jpg\",\"datePublished\":\"2012-07-17T13:56:13+00:00\",\"breadcrumb\":{\"@id\":\"https:\\\/\\\/www.ucaldas.edu.co\\\/portal\\\/u-de-caldas-estudio-como-se-configura-construccion-de-la-memoria-desde-el-arte\\\/#breadcrumb\"},\"inLanguage\":\"es\",\"potentialAction\":[{\"@type\":\"ReadAction\",\"target\":[\"https:\\\/\\\/www.ucaldas.edu.co\\\/portal\\\/u-de-caldas-estudio-como-se-configura-construccion-de-la-memoria-desde-el-arte\\\/\"]}]},{\"@type\":\"ImageObject\",\"inLanguage\":\"es\",\"@id\":\"https:\\\/\\\/www.ucaldas.edu.co\\\/portal\\\/u-de-caldas-estudio-como-se-configura-construccion-de-la-memoria-desde-el-arte\\\/#primaryimage\",\"url\":\"http:\\\/\\\/www.ucaldas.edu.co\\\/images\\\/tmp\\\/conferencia_arte_archivo_2012.jpg\",\"contentUrl\":\"http:\\\/\\\/www.ucaldas.edu.co\\\/images\\\/tmp\\\/conferencia_arte_archivo_2012.jpg\"},{\"@type\":\"BreadcrumbList\",\"@id\":\"https:\\\/\\\/www.ucaldas.edu.co\\\/portal\\\/u-de-caldas-estudio-como-se-configura-construccion-de-la-memoria-desde-el-arte\\\/#breadcrumb\",\"itemListElement\":[{\"@type\":\"ListItem\",\"position\":1,\"name\":\"Portada\",\"item\":\"https:\\\/\\\/www.ucaldas.edu.co\\\/portal\\\/\"},{\"@type\":\"ListItem\",\"position\":2,\"name\":\"U. de Caldas estudi\u00f3 c\u00f3mo se configura construcci\u00f3n de la memoria desde el arte\"}]},{\"@type\":\"WebSite\",\"@id\":\"https:\\\/\\\/www.ucaldas.edu.co\\\/portal\\\/#website\",\"url\":\"https:\\\/\\\/www.ucaldas.edu.co\\\/portal\\\/\",\"name\":\"Universidad de Caldas\",\"description\":\"\",\"publisher\":{\"@id\":\"https:\\\/\\\/www.ucaldas.edu.co\\\/portal\\\/#organization\"},\"alternateName\":\"U. de Caldas\",\"potentialAction\":[{\"@type\":\"SearchAction\",\"target\":{\"@type\":\"EntryPoint\",\"urlTemplate\":\"https:\\\/\\\/www.ucaldas.edu.co\\\/portal\\\/?s={search_term_string}\"},\"query-input\":{\"@type\":\"PropertyValueSpecification\",\"valueRequired\":true,\"valueName\":\"search_term_string\"}}],\"inLanguage\":\"es\"},{\"@type\":\"Organization\",\"@id\":\"https:\\\/\\\/www.ucaldas.edu.co\\\/portal\\\/#organization\",\"name\":\"Universidad de Caldas\",\"alternateName\":\"U. de Caldas\",\"url\":\"https:\\\/\\\/www.ucaldas.edu.co\\\/portal\\\/\",\"logo\":{\"@type\":\"ImageObject\",\"inLanguage\":\"es\",\"@id\":\"https:\\\/\\\/www.ucaldas.edu.co\\\/portal\\\/#\\\/schema\\\/logo\\\/image\\\/\",\"url\":\"https:\\\/\\\/www.ucaldas.edu.co\\\/portal\\\/wp-content\\\/uploads\\\/2023\\\/11\\\/Logo_horizontal_oscuroU-2023.png\",\"contentUrl\":\"https:\\\/\\\/www.ucaldas.edu.co\\\/portal\\\/wp-content\\\/uploads\\\/2023\\\/11\\\/Logo_horizontal_oscuroU-2023.png\",\"width\":263,\"height\":101,\"caption\":\"Universidad de Caldas\"},\"image\":{\"@id\":\"https:\\\/\\\/www.ucaldas.edu.co\\\/portal\\\/#\\\/schema\\\/logo\\\/image\\\/\"},\"sameAs\":[\"https:\\\/\\\/www.facebook.com\\\/udecaldas\",\"https:\\\/\\\/x.com\\\/udecaldas\",\"https:\\\/\\\/www.youtube.com\\\/universidadcaldas\",\"https:\\\/\\\/www.instagram.com\\\/udecaldas\\\/\"]},{\"@type\":\"Person\",\"@id\":\"https:\\\/\\\/www.ucaldas.edu.co\\\/portal\\\/#\\\/schema\\\/person\\\/a1b482e23449158b4bc319926c074fdf\",\"name\":\"ofiprensa\",\"image\":{\"@type\":\"ImageObject\",\"inLanguage\":\"es\",\"@id\":\"https:\\\/\\\/www.ucaldas.edu.co\\\/portal\\\/wp-content\\\/litespeed\\\/avatar\\\/09ea5085e600095a7a811142c6944527.jpg?ver=1777497608\",\"url\":\"https:\\\/\\\/www.ucaldas.edu.co\\\/portal\\\/wp-content\\\/litespeed\\\/avatar\\\/09ea5085e600095a7a811142c6944527.jpg?ver=1777497608\",\"contentUrl\":\"https:\\\/\\\/www.ucaldas.edu.co\\\/portal\\\/wp-content\\\/litespeed\\\/avatar\\\/09ea5085e600095a7a811142c6944527.jpg?ver=1777497608\",\"caption\":\"ofiprensa\"},\"url\":\"https:\\\/\\\/www.ucaldas.edu.co\\\/portal\\\/author\\\/ofiprensa\\\/\"}]}<\/script>\n<!-- \/ Yoast SEO plugin. -->","yoast_head_json":{"title":"U. de Caldas estudi\u00f3 c\u00f3mo se configura construcci\u00f3n de la memoria desde el arte .","robots":{"index":"index","follow":"follow","max-snippet":"max-snippet:-1","max-image-preview":"max-image-preview:large","max-video-preview":"max-video-preview:-1"},"canonical":"https:\/\/www.ucaldas.edu.co\/portal\/u-de-caldas-estudio-como-se-configura-construccion-de-la-memoria-desde-el-arte\/","schema":{"@context":"https:\/\/schema.org","@graph":[{"@type":"Article","@id":"https:\/\/www.ucaldas.edu.co\/portal\/u-de-caldas-estudio-como-se-configura-construccion-de-la-memoria-desde-el-arte\/#article","isPartOf":{"@id":"https:\/\/www.ucaldas.edu.co\/portal\/u-de-caldas-estudio-como-se-configura-construccion-de-la-memoria-desde-el-arte\/"},"author":{"name":"ofiprensa","@id":"https:\/\/www.ucaldas.edu.co\/portal\/#\/schema\/person\/a1b482e23449158b4bc319926c074fdf"},"headline":"U. de Caldas estudi\u00f3 c\u00f3mo se configura construcci\u00f3n de la memoria desde el arte","datePublished":"2012-07-17T13:56:13+00:00","mainEntityOfPage":{"@id":"https:\/\/www.ucaldas.edu.co\/portal\/u-de-caldas-estudio-como-se-configura-construccion-de-la-memoria-desde-el-arte\/"},"wordCount":355,"publisher":{"@id":"https:\/\/www.ucaldas.edu.co\/portal\/#organization"},"image":{"@id":"https:\/\/www.ucaldas.edu.co\/portal\/u-de-caldas-estudio-como-se-configura-construccion-de-la-memoria-desde-el-arte\/#primaryimage"},"thumbnailUrl":"http:\/\/www.ucaldas.edu.co\/images\/tmp\/conferencia_arte_archivo_2012.jpg","articleSection":["Actualidad","Universidad al D\u00eda"],"inLanguage":"es"},{"@type":"WebPage","@id":"https:\/\/www.ucaldas.edu.co\/portal\/u-de-caldas-estudio-como-se-configura-construccion-de-la-memoria-desde-el-arte\/","url":"https:\/\/www.ucaldas.edu.co\/portal\/u-de-caldas-estudio-como-se-configura-construccion-de-la-memoria-desde-el-arte\/","name":"U. de Caldas estudi\u00f3 c\u00f3mo se configura construcci\u00f3n de la memoria desde el arte .","isPartOf":{"@id":"https:\/\/www.ucaldas.edu.co\/portal\/#website"},"primaryImageOfPage":{"@id":"https:\/\/www.ucaldas.edu.co\/portal\/u-de-caldas-estudio-como-se-configura-construccion-de-la-memoria-desde-el-arte\/#primaryimage"},"image":{"@id":"https:\/\/www.ucaldas.edu.co\/portal\/u-de-caldas-estudio-como-se-configura-construccion-de-la-memoria-desde-el-arte\/#primaryimage"},"thumbnailUrl":"http:\/\/www.ucaldas.edu.co\/images\/tmp\/conferencia_arte_archivo_2012.jpg","datePublished":"2012-07-17T13:56:13+00:00","breadcrumb":{"@id":"https:\/\/www.ucaldas.edu.co\/portal\/u-de-caldas-estudio-como-se-configura-construccion-de-la-memoria-desde-el-arte\/#breadcrumb"},"inLanguage":"es","potentialAction":[{"@type":"ReadAction","target":["https:\/\/www.ucaldas.edu.co\/portal\/u-de-caldas-estudio-como-se-configura-construccion-de-la-memoria-desde-el-arte\/"]}]},{"@type":"ImageObject","inLanguage":"es","@id":"https:\/\/www.ucaldas.edu.co\/portal\/u-de-caldas-estudio-como-se-configura-construccion-de-la-memoria-desde-el-arte\/#primaryimage","url":"http:\/\/www.ucaldas.edu.co\/images\/tmp\/conferencia_arte_archivo_2012.jpg","contentUrl":"http:\/\/www.ucaldas.edu.co\/images\/tmp\/conferencia_arte_archivo_2012.jpg"},{"@type":"BreadcrumbList","@id":"https:\/\/www.ucaldas.edu.co\/portal\/u-de-caldas-estudio-como-se-configura-construccion-de-la-memoria-desde-el-arte\/#breadcrumb","itemListElement":[{"@type":"ListItem","position":1,"name":"Portada","item":"https:\/\/www.ucaldas.edu.co\/portal\/"},{"@type":"ListItem","position":2,"name":"U. de Caldas estudi\u00f3 c\u00f3mo se configura construcci\u00f3n de la memoria desde el arte"}]},{"@type":"WebSite","@id":"https:\/\/www.ucaldas.edu.co\/portal\/#website","url":"https:\/\/www.ucaldas.edu.co\/portal\/","name":"Universidad de Caldas","description":"","publisher":{"@id":"https:\/\/www.ucaldas.edu.co\/portal\/#organization"},"alternateName":"U. de Caldas","potentialAction":[{"@type":"SearchAction","target":{"@type":"EntryPoint","urlTemplate":"https:\/\/www.ucaldas.edu.co\/portal\/?s={search_term_string}"},"query-input":{"@type":"PropertyValueSpecification","valueRequired":true,"valueName":"search_term_string"}}],"inLanguage":"es"},{"@type":"Organization","@id":"https:\/\/www.ucaldas.edu.co\/portal\/#organization","name":"Universidad de Caldas","alternateName":"U. de Caldas","url":"https:\/\/www.ucaldas.edu.co\/portal\/","logo":{"@type":"ImageObject","inLanguage":"es","@id":"https:\/\/www.ucaldas.edu.co\/portal\/#\/schema\/logo\/image\/","url":"https:\/\/www.ucaldas.edu.co\/portal\/wp-content\/uploads\/2023\/11\/Logo_horizontal_oscuroU-2023.png","contentUrl":"https:\/\/www.ucaldas.edu.co\/portal\/wp-content\/uploads\/2023\/11\/Logo_horizontal_oscuroU-2023.png","width":263,"height":101,"caption":"Universidad de Caldas"},"image":{"@id":"https:\/\/www.ucaldas.edu.co\/portal\/#\/schema\/logo\/image\/"},"sameAs":["https:\/\/www.facebook.com\/udecaldas","https:\/\/x.com\/udecaldas","https:\/\/www.youtube.com\/universidadcaldas","https:\/\/www.instagram.com\/udecaldas\/"]},{"@type":"Person","@id":"https:\/\/www.ucaldas.edu.co\/portal\/#\/schema\/person\/a1b482e23449158b4bc319926c074fdf","name":"ofiprensa","image":{"@type":"ImageObject","inLanguage":"es","@id":"https:\/\/www.ucaldas.edu.co\/portal\/wp-content\/litespeed\/avatar\/09ea5085e600095a7a811142c6944527.jpg?ver=1777497608","url":"https:\/\/www.ucaldas.edu.co\/portal\/wp-content\/litespeed\/avatar\/09ea5085e600095a7a811142c6944527.jpg?ver=1777497608","contentUrl":"https:\/\/www.ucaldas.edu.co\/portal\/wp-content\/litespeed\/avatar\/09ea5085e600095a7a811142c6944527.jpg?ver=1777497608","caption":"ofiprensa"},"url":"https:\/\/www.ucaldas.edu.co\/portal\/author\/ofiprensa\/"}]}},"_links":{"self":[{"href":"https:\/\/www.ucaldas.edu.co\/portal\/wp-json\/wp\/v2\/posts\/13428","targetHints":{"allow":["GET"]}}],"collection":[{"href":"https:\/\/www.ucaldas.edu.co\/portal\/wp-json\/wp\/v2\/posts"}],"about":[{"href":"https:\/\/www.ucaldas.edu.co\/portal\/wp-json\/wp\/v2\/types\/post"}],"author":[{"embeddable":true,"href":"https:\/\/www.ucaldas.edu.co\/portal\/wp-json\/wp\/v2\/users\/2"}],"replies":[{"embeddable":true,"href":"https:\/\/www.ucaldas.edu.co\/portal\/wp-json\/wp\/v2\/comments?post=13428"}],"version-history":[{"count":0,"href":"https:\/\/www.ucaldas.edu.co\/portal\/wp-json\/wp\/v2\/posts\/13428\/revisions"}],"wp:attachment":[{"href":"https:\/\/www.ucaldas.edu.co\/portal\/wp-json\/wp\/v2\/media?parent=13428"}],"wp:term":[{"taxonomy":"category","embeddable":true,"href":"https:\/\/www.ucaldas.edu.co\/portal\/wp-json\/wp\/v2\/categories?post=13428"},{"taxonomy":"post_tag","embeddable":true,"href":"https:\/\/www.ucaldas.edu.co\/portal\/wp-json\/wp\/v2\/tags?post=13428"}],"curies":[{"name":"wp","href":"https:\/\/api.w.org\/{rel}","templated":true}]}}