{"id":13426,"date":"2012-07-17T08:55:11","date_gmt":"2012-07-17T13:55:11","guid":{"rendered":"https:\/\/www.ucaldas.edu.co\/portal\/?p=13426"},"modified":"2012-07-17T08:55:11","modified_gmt":"2012-07-17T13:55:11","slug":"estudiantes-de-enfermeria-u-de-caldas-recibieron-insignias-en-el-paso-de-la-luz","status":"publish","type":"post","link":"https:\/\/www.ucaldas.edu.co\/portal\/estudiantes-de-enfermeria-u-de-caldas-recibieron-insignias-en-el-paso-de-la-luz\/","title":{"rendered":"Estudiantes de Enfermer\u00eda U. de Caldas recibieron insignias, en el paso de la luz"},"content":{"rendered":"<div align=\"center\">En ceremonia de profesionalizaci\u00f3n de la carrera<\/p>\n<hr \/>\n<\/div>\n<p align=\"right\">\n<p align=\"right\">16\/07\/2012<br \/>\nRedacci\u00f3n: Margarita Mar\u00eda Laverde Galvis<\/p>\n<p>&nbsp;<\/p>\n<table border=\"0\">\n<tbody>\n<tr>\n<td>&nbsp;<\/p>\n<p><img loading=\"lazy\" decoding=\"async\" style=\"border: 0px\" title=\"Insignias\" alt=\"Insignias\" src=\"http:\/\/www.ucaldas.edu.co\/images\/tmp\/insignias_enfermeria_2012.jpg\" width=\"240\" height=\"150\" border=\"0\" \/><\/p>\n<h4>Foto: Guillermo Sarmiento Estrada\/ Prensa U. de Caldas.<\/h4>\n<\/td>\n<td><b>35 estudiantes<\/b>\u00a0del\u00a0<b>Programa de Enfermer\u00eda<\/b>\u00a0de la\u00a0<b>Universidad de Caldas<\/b>\u00a0<b>recibieron<\/b>\u00a0las\u00a0<b>insignias de su carrera<\/b>, en la\u00a0<b>ceremonia denominada\u00a0<i>El paso de la<\/i><i>luz<\/i><\/b><i>,\u00a0<\/i>que<i>\u00a0<\/i>significa\u00a0<b>el origen de la profesionalizaci\u00f3n de la enfermer\u00eda<\/b>. El acto se llev\u00f3 a cabo el pasado viernes 13 de julio del 2012.<\/td>\n<\/tr>\n<\/tbody>\n<\/table>\n<p>&nbsp;<br \/>\n\u00c1ngela Mar\u00eda Mej\u00eda Uribe,\u00a0<b>Directora del Programa de Enfermer\u00eda de la U. de Caldas,\u00a0<\/b>expres\u00f3: \u201cla imposici\u00f3n de insignias se constituye en un motivo de satisfacci\u00f3n por la oportunidad que nos ofrece de compartir los resultados del trabajo acad\u00e9mico y formativo que ustedes, bajo la orientaci\u00f3n de los docentes y el apoyo de sus familias, han producido desde el momento de su ingreso a la Instituci\u00f3n\u201d.<br \/>\n\u201cLuchen para que la luz que hoy encienden se mantenga siempre ardiendo, procuren que su entusiasmo nunca merme, que su fe nunca desfallezca. Piensen en la seriedad de la promesa que har\u00e1n y recuerden que esta los atar\u00e1 al placer de servirle a la humanidad\u201d, agreg\u00f3 Mej\u00eda Uribe.<br \/>\nEste\u00a0<b>es el rito de iniciaci\u00f3n a la pr\u00e1ctica profesional<\/b>\u00a0de los estudiantes. Alrededor del mundo\u00a0<b>la enfermer\u00eda es identificada<\/b>\u00a0con\u00a0<b>tres elementos<\/b>: el\u00a0<b>uniforme<\/b>, la\u00a0<b>toca<\/b>\u00a0y la\u00a0<b>l\u00e1mpara<\/b>, los cuales tienen un alto contenido significativo.<br \/>\nLa ceremonia t<b>ambi\u00e9n se interpreta<\/b>\u00a0como la\u00a0<b>transmisi\u00f3n<\/b>\u00a0<b>de los conocimientos<\/b>\u00a0<b>de un profesional<\/b>\u00a0\u00a0de\u00a0\u00a0enfermer\u00eda con experiencia\u00a0<b>a los\u00a0\u00a0nuevos\u00a0profesionales<\/b>.<\/p>\n<p><a href=\"http:\/\/www.facebook.com\/media\/set\/?set=a.388904944504710.89099.107054166023124&amp;type=3\" target=\"_blank\">Conozca im\u00e1genes de la imposici\u00f3n de insignias a estudiantes de Enfermer\u00eda U. de Caldas<\/a><\/p>\n<p><b>Informes:<\/b>\u00a0Programa de Enfermer\u00eda, tel\u00e9fono 878 30 60, extensi\u00f3n 31 256.<\/p>\n","protected":false},"excerpt":{"rendered":"<p>En ceremonia de profesionalizaci\u00f3n de la carrera 16\/07\/2012 Redacci\u00f3n: Margarita Mar\u00eda Laverde Galvis &nbsp; &nbsp; Foto: Guillermo Sarmiento Estrada\/ Prensa U. de Caldas. 35 estudiantes\u00a0del\u00a0Programa de Enfermer\u00eda\u00a0de la\u00a0Universidad de Caldas\u00a0recibieron\u00a0las\u00a0insignias de su carrera, en la\u00a0ceremonia denominada\u00a0El paso de laluz,\u00a0que\u00a0significa\u00a0el origen de la profesionalizaci\u00f3n de la enfermer\u00eda. El acto se llev\u00f3 a cabo el pasado viernes [&hellip;]<\/p>\n","protected":false},"author":2,"featured_media":0,"comment_status":"closed","ping_status":"closed","sticky":false,"template":"","format":"standard","meta":{"footnotes":""},"categories":[48,53],"tags":[],"class_list":["post-13426","post","type-post","status-publish","format-standard","hentry","category-actualidad","category-universidad-al-dia"],"yoast_head":"<!-- This site is optimized with the Yoast SEO plugin v27.5 - https:\/\/yoast.com\/product\/yoast-seo-wordpress\/ -->\n<title>Estudiantes de Enfermer\u00eda U. de Caldas recibieron insignias, en el paso de la luz .<\/title>\n<meta name=\"robots\" content=\"index, follow, max-snippet:-1, max-image-preview:large, max-video-preview:-1\" \/>\n<link rel=\"canonical\" href=\"https:\/\/www.ucaldas.edu.co\/portal\/estudiantes-de-enfermeria-u-de-caldas-recibieron-insignias-en-el-paso-de-la-luz\/\" \/>\n<script type=\"application\/ld+json\" class=\"yoast-schema-graph\">{\"@context\":\"https:\\\/\\\/schema.org\",\"@graph\":[{\"@type\":\"Article\",\"@id\":\"https:\\\/\\\/www.ucaldas.edu.co\\\/portal\\\/estudiantes-de-enfermeria-u-de-caldas-recibieron-insignias-en-el-paso-de-la-luz\\\/#article\",\"isPartOf\":{\"@id\":\"https:\\\/\\\/www.ucaldas.edu.co\\\/portal\\\/estudiantes-de-enfermeria-u-de-caldas-recibieron-insignias-en-el-paso-de-la-luz\\\/\"},\"author\":{\"name\":\"ofiprensa\",\"@id\":\"https:\\\/\\\/www.ucaldas.edu.co\\\/portal\\\/#\\\/schema\\\/person\\\/a1b482e23449158b4bc319926c074fdf\"},\"headline\":\"Estudiantes de Enfermer\u00eda U. de Caldas recibieron insignias, en el paso de la luz\",\"datePublished\":\"2012-07-17T13:55:11+00:00\",\"mainEntityOfPage\":{\"@id\":\"https:\\\/\\\/www.ucaldas.edu.co\\\/portal\\\/estudiantes-de-enfermeria-u-de-caldas-recibieron-insignias-en-el-paso-de-la-luz\\\/\"},\"wordCount\":307,\"publisher\":{\"@id\":\"https:\\\/\\\/www.ucaldas.edu.co\\\/portal\\\/#organization\"},\"image\":{\"@id\":\"https:\\\/\\\/www.ucaldas.edu.co\\\/portal\\\/estudiantes-de-enfermeria-u-de-caldas-recibieron-insignias-en-el-paso-de-la-luz\\\/#primaryimage\"},\"thumbnailUrl\":\"http:\\\/\\\/www.ucaldas.edu.co\\\/images\\\/tmp\\\/insignias_enfermeria_2012.jpg\",\"articleSection\":[\"Actualidad\",\"Universidad al D\u00eda\"],\"inLanguage\":\"es\"},{\"@type\":\"WebPage\",\"@id\":\"https:\\\/\\\/www.ucaldas.edu.co\\\/portal\\\/estudiantes-de-enfermeria-u-de-caldas-recibieron-insignias-en-el-paso-de-la-luz\\\/\",\"url\":\"https:\\\/\\\/www.ucaldas.edu.co\\\/portal\\\/estudiantes-de-enfermeria-u-de-caldas-recibieron-insignias-en-el-paso-de-la-luz\\\/\",\"name\":\"Estudiantes de Enfermer\u00eda U. de Caldas recibieron insignias, en el paso de la luz .\",\"isPartOf\":{\"@id\":\"https:\\\/\\\/www.ucaldas.edu.co\\\/portal\\\/#website\"},\"primaryImageOfPage\":{\"@id\":\"https:\\\/\\\/www.ucaldas.edu.co\\\/portal\\\/estudiantes-de-enfermeria-u-de-caldas-recibieron-insignias-en-el-paso-de-la-luz\\\/#primaryimage\"},\"image\":{\"@id\":\"https:\\\/\\\/www.ucaldas.edu.co\\\/portal\\\/estudiantes-de-enfermeria-u-de-caldas-recibieron-insignias-en-el-paso-de-la-luz\\\/#primaryimage\"},\"thumbnailUrl\":\"http:\\\/\\\/www.ucaldas.edu.co\\\/images\\\/tmp\\\/insignias_enfermeria_2012.jpg\",\"datePublished\":\"2012-07-17T13:55:11+00:00\",\"breadcrumb\":{\"@id\":\"https:\\\/\\\/www.ucaldas.edu.co\\\/portal\\\/estudiantes-de-enfermeria-u-de-caldas-recibieron-insignias-en-el-paso-de-la-luz\\\/#breadcrumb\"},\"inLanguage\":\"es\",\"potentialAction\":[{\"@type\":\"ReadAction\",\"target\":[\"https:\\\/\\\/www.ucaldas.edu.co\\\/portal\\\/estudiantes-de-enfermeria-u-de-caldas-recibieron-insignias-en-el-paso-de-la-luz\\\/\"]}]},{\"@type\":\"ImageObject\",\"inLanguage\":\"es\",\"@id\":\"https:\\\/\\\/www.ucaldas.edu.co\\\/portal\\\/estudiantes-de-enfermeria-u-de-caldas-recibieron-insignias-en-el-paso-de-la-luz\\\/#primaryimage\",\"url\":\"http:\\\/\\\/www.ucaldas.edu.co\\\/images\\\/tmp\\\/insignias_enfermeria_2012.jpg\",\"contentUrl\":\"http:\\\/\\\/www.ucaldas.edu.co\\\/images\\\/tmp\\\/insignias_enfermeria_2012.jpg\"},{\"@type\":\"BreadcrumbList\",\"@id\":\"https:\\\/\\\/www.ucaldas.edu.co\\\/portal\\\/estudiantes-de-enfermeria-u-de-caldas-recibieron-insignias-en-el-paso-de-la-luz\\\/#breadcrumb\",\"itemListElement\":[{\"@type\":\"ListItem\",\"position\":1,\"name\":\"Portada\",\"item\":\"https:\\\/\\\/www.ucaldas.edu.co\\\/portal\\\/\"},{\"@type\":\"ListItem\",\"position\":2,\"name\":\"Estudiantes de Enfermer\u00eda U. de Caldas recibieron insignias, en el paso de la luz\"}]},{\"@type\":\"WebSite\",\"@id\":\"https:\\\/\\\/www.ucaldas.edu.co\\\/portal\\\/#website\",\"url\":\"https:\\\/\\\/www.ucaldas.edu.co\\\/portal\\\/\",\"name\":\"Universidad de Caldas\",\"description\":\"\",\"publisher\":{\"@id\":\"https:\\\/\\\/www.ucaldas.edu.co\\\/portal\\\/#organization\"},\"alternateName\":\"U. de Caldas\",\"potentialAction\":[{\"@type\":\"SearchAction\",\"target\":{\"@type\":\"EntryPoint\",\"urlTemplate\":\"https:\\\/\\\/www.ucaldas.edu.co\\\/portal\\\/?s={search_term_string}\"},\"query-input\":{\"@type\":\"PropertyValueSpecification\",\"valueRequired\":true,\"valueName\":\"search_term_string\"}}],\"inLanguage\":\"es\"},{\"@type\":\"Organization\",\"@id\":\"https:\\\/\\\/www.ucaldas.edu.co\\\/portal\\\/#organization\",\"name\":\"Universidad de Caldas\",\"alternateName\":\"U. de Caldas\",\"url\":\"https:\\\/\\\/www.ucaldas.edu.co\\\/portal\\\/\",\"logo\":{\"@type\":\"ImageObject\",\"inLanguage\":\"es\",\"@id\":\"https:\\\/\\\/www.ucaldas.edu.co\\\/portal\\\/#\\\/schema\\\/logo\\\/image\\\/\",\"url\":\"https:\\\/\\\/www.ucaldas.edu.co\\\/portal\\\/wp-content\\\/uploads\\\/2023\\\/11\\\/Logo_horizontal_oscuroU-2023.png\",\"contentUrl\":\"https:\\\/\\\/www.ucaldas.edu.co\\\/portal\\\/wp-content\\\/uploads\\\/2023\\\/11\\\/Logo_horizontal_oscuroU-2023.png\",\"width\":263,\"height\":101,\"caption\":\"Universidad de Caldas\"},\"image\":{\"@id\":\"https:\\\/\\\/www.ucaldas.edu.co\\\/portal\\\/#\\\/schema\\\/logo\\\/image\\\/\"},\"sameAs\":[\"https:\\\/\\\/www.facebook.com\\\/udecaldas\",\"https:\\\/\\\/x.com\\\/udecaldas\",\"https:\\\/\\\/www.youtube.com\\\/universidadcaldas\",\"https:\\\/\\\/www.instagram.com\\\/udecaldas\\\/\"]},{\"@type\":\"Person\",\"@id\":\"https:\\\/\\\/www.ucaldas.edu.co\\\/portal\\\/#\\\/schema\\\/person\\\/a1b482e23449158b4bc319926c074fdf\",\"name\":\"ofiprensa\",\"image\":{\"@type\":\"ImageObject\",\"inLanguage\":\"es\",\"@id\":\"https:\\\/\\\/www.ucaldas.edu.co\\\/portal\\\/wp-content\\\/litespeed\\\/avatar\\\/09ea5085e600095a7a811142c6944527.jpg?ver=1777497608\",\"url\":\"https:\\\/\\\/www.ucaldas.edu.co\\\/portal\\\/wp-content\\\/litespeed\\\/avatar\\\/09ea5085e600095a7a811142c6944527.jpg?ver=1777497608\",\"contentUrl\":\"https:\\\/\\\/www.ucaldas.edu.co\\\/portal\\\/wp-content\\\/litespeed\\\/avatar\\\/09ea5085e600095a7a811142c6944527.jpg?ver=1777497608\",\"caption\":\"ofiprensa\"},\"url\":\"https:\\\/\\\/www.ucaldas.edu.co\\\/portal\\\/author\\\/ofiprensa\\\/\"}]}<\/script>\n<!-- \/ Yoast SEO plugin. -->","yoast_head_json":{"title":"Estudiantes de Enfermer\u00eda U. de Caldas recibieron insignias, en el paso de la luz .","robots":{"index":"index","follow":"follow","max-snippet":"max-snippet:-1","max-image-preview":"max-image-preview:large","max-video-preview":"max-video-preview:-1"},"canonical":"https:\/\/www.ucaldas.edu.co\/portal\/estudiantes-de-enfermeria-u-de-caldas-recibieron-insignias-en-el-paso-de-la-luz\/","schema":{"@context":"https:\/\/schema.org","@graph":[{"@type":"Article","@id":"https:\/\/www.ucaldas.edu.co\/portal\/estudiantes-de-enfermeria-u-de-caldas-recibieron-insignias-en-el-paso-de-la-luz\/#article","isPartOf":{"@id":"https:\/\/www.ucaldas.edu.co\/portal\/estudiantes-de-enfermeria-u-de-caldas-recibieron-insignias-en-el-paso-de-la-luz\/"},"author":{"name":"ofiprensa","@id":"https:\/\/www.ucaldas.edu.co\/portal\/#\/schema\/person\/a1b482e23449158b4bc319926c074fdf"},"headline":"Estudiantes de Enfermer\u00eda U. de Caldas recibieron insignias, en el paso de la luz","datePublished":"2012-07-17T13:55:11+00:00","mainEntityOfPage":{"@id":"https:\/\/www.ucaldas.edu.co\/portal\/estudiantes-de-enfermeria-u-de-caldas-recibieron-insignias-en-el-paso-de-la-luz\/"},"wordCount":307,"publisher":{"@id":"https:\/\/www.ucaldas.edu.co\/portal\/#organization"},"image":{"@id":"https:\/\/www.ucaldas.edu.co\/portal\/estudiantes-de-enfermeria-u-de-caldas-recibieron-insignias-en-el-paso-de-la-luz\/#primaryimage"},"thumbnailUrl":"http:\/\/www.ucaldas.edu.co\/images\/tmp\/insignias_enfermeria_2012.jpg","articleSection":["Actualidad","Universidad al D\u00eda"],"inLanguage":"es"},{"@type":"WebPage","@id":"https:\/\/www.ucaldas.edu.co\/portal\/estudiantes-de-enfermeria-u-de-caldas-recibieron-insignias-en-el-paso-de-la-luz\/","url":"https:\/\/www.ucaldas.edu.co\/portal\/estudiantes-de-enfermeria-u-de-caldas-recibieron-insignias-en-el-paso-de-la-luz\/","name":"Estudiantes de Enfermer\u00eda U. de Caldas recibieron insignias, en el paso de la luz .","isPartOf":{"@id":"https:\/\/www.ucaldas.edu.co\/portal\/#website"},"primaryImageOfPage":{"@id":"https:\/\/www.ucaldas.edu.co\/portal\/estudiantes-de-enfermeria-u-de-caldas-recibieron-insignias-en-el-paso-de-la-luz\/#primaryimage"},"image":{"@id":"https:\/\/www.ucaldas.edu.co\/portal\/estudiantes-de-enfermeria-u-de-caldas-recibieron-insignias-en-el-paso-de-la-luz\/#primaryimage"},"thumbnailUrl":"http:\/\/www.ucaldas.edu.co\/images\/tmp\/insignias_enfermeria_2012.jpg","datePublished":"2012-07-17T13:55:11+00:00","breadcrumb":{"@id":"https:\/\/www.ucaldas.edu.co\/portal\/estudiantes-de-enfermeria-u-de-caldas-recibieron-insignias-en-el-paso-de-la-luz\/#breadcrumb"},"inLanguage":"es","potentialAction":[{"@type":"ReadAction","target":["https:\/\/www.ucaldas.edu.co\/portal\/estudiantes-de-enfermeria-u-de-caldas-recibieron-insignias-en-el-paso-de-la-luz\/"]}]},{"@type":"ImageObject","inLanguage":"es","@id":"https:\/\/www.ucaldas.edu.co\/portal\/estudiantes-de-enfermeria-u-de-caldas-recibieron-insignias-en-el-paso-de-la-luz\/#primaryimage","url":"http:\/\/www.ucaldas.edu.co\/images\/tmp\/insignias_enfermeria_2012.jpg","contentUrl":"http:\/\/www.ucaldas.edu.co\/images\/tmp\/insignias_enfermeria_2012.jpg"},{"@type":"BreadcrumbList","@id":"https:\/\/www.ucaldas.edu.co\/portal\/estudiantes-de-enfermeria-u-de-caldas-recibieron-insignias-en-el-paso-de-la-luz\/#breadcrumb","itemListElement":[{"@type":"ListItem","position":1,"name":"Portada","item":"https:\/\/www.ucaldas.edu.co\/portal\/"},{"@type":"ListItem","position":2,"name":"Estudiantes de Enfermer\u00eda U. de Caldas recibieron insignias, en el paso de la luz"}]},{"@type":"WebSite","@id":"https:\/\/www.ucaldas.edu.co\/portal\/#website","url":"https:\/\/www.ucaldas.edu.co\/portal\/","name":"Universidad de Caldas","description":"","publisher":{"@id":"https:\/\/www.ucaldas.edu.co\/portal\/#organization"},"alternateName":"U. de Caldas","potentialAction":[{"@type":"SearchAction","target":{"@type":"EntryPoint","urlTemplate":"https:\/\/www.ucaldas.edu.co\/portal\/?s={search_term_string}"},"query-input":{"@type":"PropertyValueSpecification","valueRequired":true,"valueName":"search_term_string"}}],"inLanguage":"es"},{"@type":"Organization","@id":"https:\/\/www.ucaldas.edu.co\/portal\/#organization","name":"Universidad de Caldas","alternateName":"U. de Caldas","url":"https:\/\/www.ucaldas.edu.co\/portal\/","logo":{"@type":"ImageObject","inLanguage":"es","@id":"https:\/\/www.ucaldas.edu.co\/portal\/#\/schema\/logo\/image\/","url":"https:\/\/www.ucaldas.edu.co\/portal\/wp-content\/uploads\/2023\/11\/Logo_horizontal_oscuroU-2023.png","contentUrl":"https:\/\/www.ucaldas.edu.co\/portal\/wp-content\/uploads\/2023\/11\/Logo_horizontal_oscuroU-2023.png","width":263,"height":101,"caption":"Universidad de Caldas"},"image":{"@id":"https:\/\/www.ucaldas.edu.co\/portal\/#\/schema\/logo\/image\/"},"sameAs":["https:\/\/www.facebook.com\/udecaldas","https:\/\/x.com\/udecaldas","https:\/\/www.youtube.com\/universidadcaldas","https:\/\/www.instagram.com\/udecaldas\/"]},{"@type":"Person","@id":"https:\/\/www.ucaldas.edu.co\/portal\/#\/schema\/person\/a1b482e23449158b4bc319926c074fdf","name":"ofiprensa","image":{"@type":"ImageObject","inLanguage":"es","@id":"https:\/\/www.ucaldas.edu.co\/portal\/wp-content\/litespeed\/avatar\/09ea5085e600095a7a811142c6944527.jpg?ver=1777497608","url":"https:\/\/www.ucaldas.edu.co\/portal\/wp-content\/litespeed\/avatar\/09ea5085e600095a7a811142c6944527.jpg?ver=1777497608","contentUrl":"https:\/\/www.ucaldas.edu.co\/portal\/wp-content\/litespeed\/avatar\/09ea5085e600095a7a811142c6944527.jpg?ver=1777497608","caption":"ofiprensa"},"url":"https:\/\/www.ucaldas.edu.co\/portal\/author\/ofiprensa\/"}]}},"_links":{"self":[{"href":"https:\/\/www.ucaldas.edu.co\/portal\/wp-json\/wp\/v2\/posts\/13426","targetHints":{"allow":["GET"]}}],"collection":[{"href":"https:\/\/www.ucaldas.edu.co\/portal\/wp-json\/wp\/v2\/posts"}],"about":[{"href":"https:\/\/www.ucaldas.edu.co\/portal\/wp-json\/wp\/v2\/types\/post"}],"author":[{"embeddable":true,"href":"https:\/\/www.ucaldas.edu.co\/portal\/wp-json\/wp\/v2\/users\/2"}],"replies":[{"embeddable":true,"href":"https:\/\/www.ucaldas.edu.co\/portal\/wp-json\/wp\/v2\/comments?post=13426"}],"version-history":[{"count":0,"href":"https:\/\/www.ucaldas.edu.co\/portal\/wp-json\/wp\/v2\/posts\/13426\/revisions"}],"wp:attachment":[{"href":"https:\/\/www.ucaldas.edu.co\/portal\/wp-json\/wp\/v2\/media?parent=13426"}],"wp:term":[{"taxonomy":"category","embeddable":true,"href":"https:\/\/www.ucaldas.edu.co\/portal\/wp-json\/wp\/v2\/categories?post=13426"},{"taxonomy":"post_tag","embeddable":true,"href":"https:\/\/www.ucaldas.edu.co\/portal\/wp-json\/wp\/v2\/tags?post=13426"}],"curies":[{"name":"wp","href":"https:\/\/api.w.org\/{rel}","templated":true}]}}