{"id":13421,"date":"2012-07-13T08:42:29","date_gmt":"2012-07-13T13:42:29","guid":{"rendered":"https:\/\/www.ucaldas.edu.co\/portal\/?p=13421"},"modified":"2012-07-13T08:42:29","modified_gmt":"2012-07-13T13:42:29","slug":"u-de-caldas-presento-sus-avances-en-innovacion-tecnologica-de-alimentos","status":"publish","type":"post","link":"https:\/\/www.ucaldas.edu.co\/portal\/u-de-caldas-presento-sus-avances-en-innovacion-tecnologica-de-alimentos\/","title":{"rendered":"U. de Caldas present\u00f3 sus avances en innovaci\u00f3n tecnol\u00f3gica de alimentos"},"content":{"rendered":"<p align=\"center\">37 estudiantes expusieron 14 ideas de innovaci\u00f3n<\/p>\n<hr \/>\n<p align=\"right\">\n<p align=\"right\">13\/07\/2012<br \/>\nRedacci\u00f3n: Margarita Mar\u00eda Laverde Galvis<\/p>\n<p>&nbsp;<\/p>\n<table border=\"0\">\n<tbody>\n<tr>\n<td>&nbsp;<\/p>\n<p><img loading=\"lazy\" decoding=\"async\" style=\"border: 0px\" title=\"Alimentos\" alt=\"Alimentos\" src=\"http:\/\/www.ucaldas.edu.co\/images\/tmp\/congreso_innovacion_alimentos_2012.jpg\" width=\"240\" height=\"150\" border=\"0\" \/><\/p>\n<h4>Foto: Guillermo Sarmiento Estrada\/ Prensa U. de Caldas.<\/h4>\n<\/td>\n<td><b>Mostrar<\/b> los <b>avances<\/b> de los <b>estudiantes<\/b> del <b>Semillero de Investigaci\u00f3n en Innovaci\u00f3n Tecnol\u00f3gica en Alimentos<\/b> (Innoval), de la <b>Universidad de Caldas<\/b>, fue el <b>objetivo<\/b> del <b>I Congreso<\/b> <b>sobre el tema<\/b>, que se realiz\u00f3 <b>este viernes 13<\/b> de <b>julio<\/b> del 2012, en la Instituci\u00f3n.<\/td>\n<\/tr>\n<\/tbody>\n<\/table>\n<p>&nbsp;<\/p>\n<p>&nbsp;<\/p>\n<p>El <b>semillero lo conforman<\/b> <b>estudiantes<\/b> de <b>pregrado y postgrado<\/b> de <b>Ingenier\u00eda de Alimentos<\/b> de la Universidad. <b>Participaron 37 alumnos<\/b>, <b>en 14 ideas de innovaci\u00f3n<\/b> y se trataron <b>temas como frituras<\/b> <b>por inmersi\u00f3n<\/b>, procesos de <b>impregnaci\u00f3n<\/b> y de <b>conservaci\u00f3n de alimentos<\/b>, entre otros.<\/p>\n<p>&nbsp;<\/p>\n<p><b>\u00c1ngel Carbonell<\/b>, de la <b>Universidad Miguel Fern\u00e1ndez<\/b> (Espa\u00f1a), <b>orient\u00f3<\/b> una <b>conferencia<\/b>, a trav\u00e9s de videoconferencia, sobre la <b>importancia<\/b> del <b>an\u00e1lisis sensorial en los alimentos<\/b>. Adem\u00e1s, durante el encuentro, <b>miembros de Frisby disertaron<\/b> sobre <b>su investigaci\u00f3n<\/b> y <b>desarrollo en fritura<\/b>.<\/p>\n<p>&nbsp;<\/p>\n<p>\u201cEl Semillero, con sus ideas de investigaci\u00f3n, puede realizar trabajos con nuestros propios productos. Buscamos la transformaci\u00f3n de procesos de productos aut\u00f3ctonos\u201d, coment\u00f3 Francisco Javier Castellanos Galeano, <b>docente del Departamento de Ingenier\u00eda y Coordinador del Semillero de Investigaci\u00f3n Innoval de la U. de Caldas.<\/b><\/p>\n<p>&nbsp;<\/p>\n<p>El evento lo <b>organiz\u00f3<\/b> el <b>Semillero de Investigaci\u00f3n Innoval<\/b>, la <b>Facultad de Ingenier\u00eda<\/b> de la <b>U. de Caldas<\/b>.<\/p>\n<p>&nbsp;<\/p>\n<p><a href=\"http:\/\/www.facebook.com\/media\/set\/?set=a.387930614602143.88790.107054166023124&amp;type=3\" target=\"_blank\">Conozca im\u00e1genes del I Congreso en Innovaci\u00f3n Tecnol\u00f3gica en Alimentos<\/a><br \/>\n<b>Informes: <\/b>en el correo electr\u00f3nico: <a href=\"mailto:francisco.castellanos@ucaldas.edu.co\" target=\"_blank\">francisco.castellanos@ucaldas.edu.co<\/a><\/p>\n","protected":false},"excerpt":{"rendered":"<p>37 estudiantes expusieron 14 ideas de innovaci\u00f3n 13\/07\/2012 Redacci\u00f3n: Margarita Mar\u00eda Laverde Galvis &nbsp; &nbsp; Foto: Guillermo Sarmiento Estrada\/ Prensa U. de Caldas. Mostrar los avances de los estudiantes del Semillero de Investigaci\u00f3n en Innovaci\u00f3n Tecnol\u00f3gica en Alimentos (Innoval), de la Universidad de Caldas, fue el objetivo del I Congreso sobre el tema, que se [&hellip;]<\/p>\n","protected":false},"author":2,"featured_media":0,"comment_status":"closed","ping_status":"closed","sticky":false,"template":"","format":"standard","meta":{"footnotes":""},"categories":[48,53],"tags":[],"class_list":["post-13421","post","type-post","status-publish","format-standard","hentry","category-actualidad","category-universidad-al-dia"],"yoast_head":"<!-- This site is optimized with the Yoast SEO plugin v27.5 - https:\/\/yoast.com\/product\/yoast-seo-wordpress\/ -->\n<title>U. de Caldas present\u00f3 sus avances en innovaci\u00f3n tecnol\u00f3gica de alimentos .<\/title>\n<meta name=\"robots\" content=\"index, follow, max-snippet:-1, max-image-preview:large, max-video-preview:-1\" \/>\n<link rel=\"canonical\" href=\"https:\/\/www.ucaldas.edu.co\/portal\/u-de-caldas-presento-sus-avances-en-innovacion-tecnologica-de-alimentos\/\" \/>\n<script type=\"application\/ld+json\" class=\"yoast-schema-graph\">{\"@context\":\"https:\\\/\\\/schema.org\",\"@graph\":[{\"@type\":\"Article\",\"@id\":\"https:\\\/\\\/www.ucaldas.edu.co\\\/portal\\\/u-de-caldas-presento-sus-avances-en-innovacion-tecnologica-de-alimentos\\\/#article\",\"isPartOf\":{\"@id\":\"https:\\\/\\\/www.ucaldas.edu.co\\\/portal\\\/u-de-caldas-presento-sus-avances-en-innovacion-tecnologica-de-alimentos\\\/\"},\"author\":{\"name\":\"ofiprensa\",\"@id\":\"https:\\\/\\\/www.ucaldas.edu.co\\\/portal\\\/#\\\/schema\\\/person\\\/a1b482e23449158b4bc319926c074fdf\"},\"headline\":\"U. de Caldas present\u00f3 sus avances en innovaci\u00f3n tecnol\u00f3gica de alimentos\",\"datePublished\":\"2012-07-13T13:42:29+00:00\",\"mainEntityOfPage\":{\"@id\":\"https:\\\/\\\/www.ucaldas.edu.co\\\/portal\\\/u-de-caldas-presento-sus-avances-en-innovacion-tecnologica-de-alimentos\\\/\"},\"wordCount\":270,\"publisher\":{\"@id\":\"https:\\\/\\\/www.ucaldas.edu.co\\\/portal\\\/#organization\"},\"image\":{\"@id\":\"https:\\\/\\\/www.ucaldas.edu.co\\\/portal\\\/u-de-caldas-presento-sus-avances-en-innovacion-tecnologica-de-alimentos\\\/#primaryimage\"},\"thumbnailUrl\":\"http:\\\/\\\/www.ucaldas.edu.co\\\/images\\\/tmp\\\/congreso_innovacion_alimentos_2012.jpg\",\"articleSection\":[\"Actualidad\",\"Universidad al D\u00eda\"],\"inLanguage\":\"es\"},{\"@type\":\"WebPage\",\"@id\":\"https:\\\/\\\/www.ucaldas.edu.co\\\/portal\\\/u-de-caldas-presento-sus-avances-en-innovacion-tecnologica-de-alimentos\\\/\",\"url\":\"https:\\\/\\\/www.ucaldas.edu.co\\\/portal\\\/u-de-caldas-presento-sus-avances-en-innovacion-tecnologica-de-alimentos\\\/\",\"name\":\"U. de Caldas present\u00f3 sus avances en innovaci\u00f3n tecnol\u00f3gica de alimentos .\",\"isPartOf\":{\"@id\":\"https:\\\/\\\/www.ucaldas.edu.co\\\/portal\\\/#website\"},\"primaryImageOfPage\":{\"@id\":\"https:\\\/\\\/www.ucaldas.edu.co\\\/portal\\\/u-de-caldas-presento-sus-avances-en-innovacion-tecnologica-de-alimentos\\\/#primaryimage\"},\"image\":{\"@id\":\"https:\\\/\\\/www.ucaldas.edu.co\\\/portal\\\/u-de-caldas-presento-sus-avances-en-innovacion-tecnologica-de-alimentos\\\/#primaryimage\"},\"thumbnailUrl\":\"http:\\\/\\\/www.ucaldas.edu.co\\\/images\\\/tmp\\\/congreso_innovacion_alimentos_2012.jpg\",\"datePublished\":\"2012-07-13T13:42:29+00:00\",\"breadcrumb\":{\"@id\":\"https:\\\/\\\/www.ucaldas.edu.co\\\/portal\\\/u-de-caldas-presento-sus-avances-en-innovacion-tecnologica-de-alimentos\\\/#breadcrumb\"},\"inLanguage\":\"es\",\"potentialAction\":[{\"@type\":\"ReadAction\",\"target\":[\"https:\\\/\\\/www.ucaldas.edu.co\\\/portal\\\/u-de-caldas-presento-sus-avances-en-innovacion-tecnologica-de-alimentos\\\/\"]}]},{\"@type\":\"ImageObject\",\"inLanguage\":\"es\",\"@id\":\"https:\\\/\\\/www.ucaldas.edu.co\\\/portal\\\/u-de-caldas-presento-sus-avances-en-innovacion-tecnologica-de-alimentos\\\/#primaryimage\",\"url\":\"http:\\\/\\\/www.ucaldas.edu.co\\\/images\\\/tmp\\\/congreso_innovacion_alimentos_2012.jpg\",\"contentUrl\":\"http:\\\/\\\/www.ucaldas.edu.co\\\/images\\\/tmp\\\/congreso_innovacion_alimentos_2012.jpg\"},{\"@type\":\"BreadcrumbList\",\"@id\":\"https:\\\/\\\/www.ucaldas.edu.co\\\/portal\\\/u-de-caldas-presento-sus-avances-en-innovacion-tecnologica-de-alimentos\\\/#breadcrumb\",\"itemListElement\":[{\"@type\":\"ListItem\",\"position\":1,\"name\":\"Portada\",\"item\":\"https:\\\/\\\/www.ucaldas.edu.co\\\/portal\\\/\"},{\"@type\":\"ListItem\",\"position\":2,\"name\":\"U. de Caldas present\u00f3 sus avances en innovaci\u00f3n tecnol\u00f3gica de alimentos\"}]},{\"@type\":\"WebSite\",\"@id\":\"https:\\\/\\\/www.ucaldas.edu.co\\\/portal\\\/#website\",\"url\":\"https:\\\/\\\/www.ucaldas.edu.co\\\/portal\\\/\",\"name\":\"Universidad de Caldas\",\"description\":\"\",\"publisher\":{\"@id\":\"https:\\\/\\\/www.ucaldas.edu.co\\\/portal\\\/#organization\"},\"alternateName\":\"U. de Caldas\",\"potentialAction\":[{\"@type\":\"SearchAction\",\"target\":{\"@type\":\"EntryPoint\",\"urlTemplate\":\"https:\\\/\\\/www.ucaldas.edu.co\\\/portal\\\/?s={search_term_string}\"},\"query-input\":{\"@type\":\"PropertyValueSpecification\",\"valueRequired\":true,\"valueName\":\"search_term_string\"}}],\"inLanguage\":\"es\"},{\"@type\":\"Organization\",\"@id\":\"https:\\\/\\\/www.ucaldas.edu.co\\\/portal\\\/#organization\",\"name\":\"Universidad de Caldas\",\"alternateName\":\"U. de Caldas\",\"url\":\"https:\\\/\\\/www.ucaldas.edu.co\\\/portal\\\/\",\"logo\":{\"@type\":\"ImageObject\",\"inLanguage\":\"es\",\"@id\":\"https:\\\/\\\/www.ucaldas.edu.co\\\/portal\\\/#\\\/schema\\\/logo\\\/image\\\/\",\"url\":\"https:\\\/\\\/www.ucaldas.edu.co\\\/portal\\\/wp-content\\\/uploads\\\/2023\\\/11\\\/Logo_horizontal_oscuroU-2023.png\",\"contentUrl\":\"https:\\\/\\\/www.ucaldas.edu.co\\\/portal\\\/wp-content\\\/uploads\\\/2023\\\/11\\\/Logo_horizontal_oscuroU-2023.png\",\"width\":263,\"height\":101,\"caption\":\"Universidad de Caldas\"},\"image\":{\"@id\":\"https:\\\/\\\/www.ucaldas.edu.co\\\/portal\\\/#\\\/schema\\\/logo\\\/image\\\/\"},\"sameAs\":[\"https:\\\/\\\/www.facebook.com\\\/udecaldas\",\"https:\\\/\\\/x.com\\\/udecaldas\",\"https:\\\/\\\/www.youtube.com\\\/universidadcaldas\",\"https:\\\/\\\/www.instagram.com\\\/udecaldas\\\/\"]},{\"@type\":\"Person\",\"@id\":\"https:\\\/\\\/www.ucaldas.edu.co\\\/portal\\\/#\\\/schema\\\/person\\\/a1b482e23449158b4bc319926c074fdf\",\"name\":\"ofiprensa\",\"image\":{\"@type\":\"ImageObject\",\"inLanguage\":\"es\",\"@id\":\"https:\\\/\\\/www.ucaldas.edu.co\\\/portal\\\/wp-content\\\/litespeed\\\/avatar\\\/09ea5085e600095a7a811142c6944527.jpg?ver=1777497608\",\"url\":\"https:\\\/\\\/www.ucaldas.edu.co\\\/portal\\\/wp-content\\\/litespeed\\\/avatar\\\/09ea5085e600095a7a811142c6944527.jpg?ver=1777497608\",\"contentUrl\":\"https:\\\/\\\/www.ucaldas.edu.co\\\/portal\\\/wp-content\\\/litespeed\\\/avatar\\\/09ea5085e600095a7a811142c6944527.jpg?ver=1777497608\",\"caption\":\"ofiprensa\"},\"url\":\"https:\\\/\\\/www.ucaldas.edu.co\\\/portal\\\/author\\\/ofiprensa\\\/\"}]}<\/script>\n<!-- \/ Yoast SEO plugin. -->","yoast_head_json":{"title":"U. de Caldas present\u00f3 sus avances en innovaci\u00f3n tecnol\u00f3gica de alimentos .","robots":{"index":"index","follow":"follow","max-snippet":"max-snippet:-1","max-image-preview":"max-image-preview:large","max-video-preview":"max-video-preview:-1"},"canonical":"https:\/\/www.ucaldas.edu.co\/portal\/u-de-caldas-presento-sus-avances-en-innovacion-tecnologica-de-alimentos\/","schema":{"@context":"https:\/\/schema.org","@graph":[{"@type":"Article","@id":"https:\/\/www.ucaldas.edu.co\/portal\/u-de-caldas-presento-sus-avances-en-innovacion-tecnologica-de-alimentos\/#article","isPartOf":{"@id":"https:\/\/www.ucaldas.edu.co\/portal\/u-de-caldas-presento-sus-avances-en-innovacion-tecnologica-de-alimentos\/"},"author":{"name":"ofiprensa","@id":"https:\/\/www.ucaldas.edu.co\/portal\/#\/schema\/person\/a1b482e23449158b4bc319926c074fdf"},"headline":"U. de Caldas present\u00f3 sus avances en innovaci\u00f3n tecnol\u00f3gica de alimentos","datePublished":"2012-07-13T13:42:29+00:00","mainEntityOfPage":{"@id":"https:\/\/www.ucaldas.edu.co\/portal\/u-de-caldas-presento-sus-avances-en-innovacion-tecnologica-de-alimentos\/"},"wordCount":270,"publisher":{"@id":"https:\/\/www.ucaldas.edu.co\/portal\/#organization"},"image":{"@id":"https:\/\/www.ucaldas.edu.co\/portal\/u-de-caldas-presento-sus-avances-en-innovacion-tecnologica-de-alimentos\/#primaryimage"},"thumbnailUrl":"http:\/\/www.ucaldas.edu.co\/images\/tmp\/congreso_innovacion_alimentos_2012.jpg","articleSection":["Actualidad","Universidad al D\u00eda"],"inLanguage":"es"},{"@type":"WebPage","@id":"https:\/\/www.ucaldas.edu.co\/portal\/u-de-caldas-presento-sus-avances-en-innovacion-tecnologica-de-alimentos\/","url":"https:\/\/www.ucaldas.edu.co\/portal\/u-de-caldas-presento-sus-avances-en-innovacion-tecnologica-de-alimentos\/","name":"U. de Caldas present\u00f3 sus avances en innovaci\u00f3n tecnol\u00f3gica de alimentos .","isPartOf":{"@id":"https:\/\/www.ucaldas.edu.co\/portal\/#website"},"primaryImageOfPage":{"@id":"https:\/\/www.ucaldas.edu.co\/portal\/u-de-caldas-presento-sus-avances-en-innovacion-tecnologica-de-alimentos\/#primaryimage"},"image":{"@id":"https:\/\/www.ucaldas.edu.co\/portal\/u-de-caldas-presento-sus-avances-en-innovacion-tecnologica-de-alimentos\/#primaryimage"},"thumbnailUrl":"http:\/\/www.ucaldas.edu.co\/images\/tmp\/congreso_innovacion_alimentos_2012.jpg","datePublished":"2012-07-13T13:42:29+00:00","breadcrumb":{"@id":"https:\/\/www.ucaldas.edu.co\/portal\/u-de-caldas-presento-sus-avances-en-innovacion-tecnologica-de-alimentos\/#breadcrumb"},"inLanguage":"es","potentialAction":[{"@type":"ReadAction","target":["https:\/\/www.ucaldas.edu.co\/portal\/u-de-caldas-presento-sus-avances-en-innovacion-tecnologica-de-alimentos\/"]}]},{"@type":"ImageObject","inLanguage":"es","@id":"https:\/\/www.ucaldas.edu.co\/portal\/u-de-caldas-presento-sus-avances-en-innovacion-tecnologica-de-alimentos\/#primaryimage","url":"http:\/\/www.ucaldas.edu.co\/images\/tmp\/congreso_innovacion_alimentos_2012.jpg","contentUrl":"http:\/\/www.ucaldas.edu.co\/images\/tmp\/congreso_innovacion_alimentos_2012.jpg"},{"@type":"BreadcrumbList","@id":"https:\/\/www.ucaldas.edu.co\/portal\/u-de-caldas-presento-sus-avances-en-innovacion-tecnologica-de-alimentos\/#breadcrumb","itemListElement":[{"@type":"ListItem","position":1,"name":"Portada","item":"https:\/\/www.ucaldas.edu.co\/portal\/"},{"@type":"ListItem","position":2,"name":"U. de Caldas present\u00f3 sus avances en innovaci\u00f3n tecnol\u00f3gica de alimentos"}]},{"@type":"WebSite","@id":"https:\/\/www.ucaldas.edu.co\/portal\/#website","url":"https:\/\/www.ucaldas.edu.co\/portal\/","name":"Universidad de Caldas","description":"","publisher":{"@id":"https:\/\/www.ucaldas.edu.co\/portal\/#organization"},"alternateName":"U. de Caldas","potentialAction":[{"@type":"SearchAction","target":{"@type":"EntryPoint","urlTemplate":"https:\/\/www.ucaldas.edu.co\/portal\/?s={search_term_string}"},"query-input":{"@type":"PropertyValueSpecification","valueRequired":true,"valueName":"search_term_string"}}],"inLanguage":"es"},{"@type":"Organization","@id":"https:\/\/www.ucaldas.edu.co\/portal\/#organization","name":"Universidad de Caldas","alternateName":"U. de Caldas","url":"https:\/\/www.ucaldas.edu.co\/portal\/","logo":{"@type":"ImageObject","inLanguage":"es","@id":"https:\/\/www.ucaldas.edu.co\/portal\/#\/schema\/logo\/image\/","url":"https:\/\/www.ucaldas.edu.co\/portal\/wp-content\/uploads\/2023\/11\/Logo_horizontal_oscuroU-2023.png","contentUrl":"https:\/\/www.ucaldas.edu.co\/portal\/wp-content\/uploads\/2023\/11\/Logo_horizontal_oscuroU-2023.png","width":263,"height":101,"caption":"Universidad de Caldas"},"image":{"@id":"https:\/\/www.ucaldas.edu.co\/portal\/#\/schema\/logo\/image\/"},"sameAs":["https:\/\/www.facebook.com\/udecaldas","https:\/\/x.com\/udecaldas","https:\/\/www.youtube.com\/universidadcaldas","https:\/\/www.instagram.com\/udecaldas\/"]},{"@type":"Person","@id":"https:\/\/www.ucaldas.edu.co\/portal\/#\/schema\/person\/a1b482e23449158b4bc319926c074fdf","name":"ofiprensa","image":{"@type":"ImageObject","inLanguage":"es","@id":"https:\/\/www.ucaldas.edu.co\/portal\/wp-content\/litespeed\/avatar\/09ea5085e600095a7a811142c6944527.jpg?ver=1777497608","url":"https:\/\/www.ucaldas.edu.co\/portal\/wp-content\/litespeed\/avatar\/09ea5085e600095a7a811142c6944527.jpg?ver=1777497608","contentUrl":"https:\/\/www.ucaldas.edu.co\/portal\/wp-content\/litespeed\/avatar\/09ea5085e600095a7a811142c6944527.jpg?ver=1777497608","caption":"ofiprensa"},"url":"https:\/\/www.ucaldas.edu.co\/portal\/author\/ofiprensa\/"}]}},"_links":{"self":[{"href":"https:\/\/www.ucaldas.edu.co\/portal\/wp-json\/wp\/v2\/posts\/13421","targetHints":{"allow":["GET"]}}],"collection":[{"href":"https:\/\/www.ucaldas.edu.co\/portal\/wp-json\/wp\/v2\/posts"}],"about":[{"href":"https:\/\/www.ucaldas.edu.co\/portal\/wp-json\/wp\/v2\/types\/post"}],"author":[{"embeddable":true,"href":"https:\/\/www.ucaldas.edu.co\/portal\/wp-json\/wp\/v2\/users\/2"}],"replies":[{"embeddable":true,"href":"https:\/\/www.ucaldas.edu.co\/portal\/wp-json\/wp\/v2\/comments?post=13421"}],"version-history":[{"count":0,"href":"https:\/\/www.ucaldas.edu.co\/portal\/wp-json\/wp\/v2\/posts\/13421\/revisions"}],"wp:attachment":[{"href":"https:\/\/www.ucaldas.edu.co\/portal\/wp-json\/wp\/v2\/media?parent=13421"}],"wp:term":[{"taxonomy":"category","embeddable":true,"href":"https:\/\/www.ucaldas.edu.co\/portal\/wp-json\/wp\/v2\/categories?post=13421"},{"taxonomy":"post_tag","embeddable":true,"href":"https:\/\/www.ucaldas.edu.co\/portal\/wp-json\/wp\/v2\/tags?post=13421"}],"curies":[{"name":"wp","href":"https:\/\/api.w.org\/{rel}","templated":true}]}}