{"id":13416,"date":"2012-07-13T08:40:56","date_gmt":"2012-07-13T13:40:56","guid":{"rendered":"https:\/\/www.ucaldas.edu.co\/portal\/?p=13416"},"modified":"2012-07-13T08:40:56","modified_gmt":"2012-07-13T13:40:56","slug":"realice-su-trabajo-de-grado-o-tesis-de-maestria-en-proyecto-de-adaptacion-a-climas-extremos","status":"publish","type":"post","link":"https:\/\/www.ucaldas.edu.co\/portal\/realice-su-trabajo-de-grado-o-tesis-de-maestria-en-proyecto-de-adaptacion-a-climas-extremos\/","title":{"rendered":"Realice su trabajo de grado o tesis de maestr\u00eda en proyecto de adaptaci\u00f3n a climas extremos"},"content":{"rendered":"<p align=\"center\">Del Instituto de Investigaciones en Ciencias Sociales y Humanas de la U. de Caldas<\/p>\n<hr \/>\n<p align=\"center\">\n<p align=\"right\">\n<p align=\"right\">13\/07\/2012<br \/>\nRedacci\u00f3n: Margarita Mar\u00eda Laverde Galvis<\/p>\n<p>&nbsp;<\/p>\n<p>&nbsp;<\/p>\n<table border=\"0\">\n<tbody>\n<tr>\n<td><img loading=\"lazy\" decoding=\"async\" style=\"border: 0px\" title=\"ICSH\" alt=\"ICSH\" src=\"http:\/\/www.ucaldas.edu.co\/images\/tmp\/icsh_memoria.jpg\" width=\"240\" height=\"150\" border=\"0\" \/><\/td>\n<td>El <b>Instituto de Investigaciones en Ciencias Sociales y Humanas<\/b> (ICSH), de la <b>Universidad de Caldas<\/b>, <b>invita<\/b> a los <b>interesados<\/b> <b>en realizar<\/b> su <b>trabajo de grado<\/b> o su <b>tesis de maestr\u00eda<\/b> en el <b>Proyecto<\/b> <b><i>Vulnerabilidad y Adaptaci\u00f3n a los Climas Extremos en las Am\u00e9ricas<\/i><\/b> (VACEA).<\/td>\n<\/tr>\n<\/tbody>\n<\/table>\n<p>&nbsp;<\/p>\n<p>&nbsp;<\/p>\n<p>El proyecto <b>se refiere<\/b> a la <b>Cuenca del R\u00edo Chinchin\u00e1<\/b> en <b>Manizales y Villamar\u00eda<\/b> (Caldas) y lo <b>financia<\/b> el <b>Gobierno Canadiense.<\/b><\/p>\n<p>&nbsp;<\/p>\n<p><b>Informes: <\/b>ICSH, tel\u00e9fono 878 15 00, extensi\u00f3n 18 031, o en el correo electr\u00f3nico: <a href=\"mailto:iicsh@ucaldas.edu.co\" target=\"_blank\">iicsh@ucaldas.edu.co<\/a><\/p>\n","protected":false},"excerpt":{"rendered":"<p>Del Instituto de Investigaciones en Ciencias Sociales y Humanas de la U. de Caldas 13\/07\/2012 Redacci\u00f3n: Margarita Mar\u00eda Laverde Galvis &nbsp; &nbsp; El Instituto de Investigaciones en Ciencias Sociales y Humanas (ICSH), de la Universidad de Caldas, invita a los interesados en realizar su trabajo de grado o su tesis de maestr\u00eda en el Proyecto [&hellip;]<\/p>\n","protected":false},"author":2,"featured_media":0,"comment_status":"closed","ping_status":"closed","sticky":false,"template":"","format":"standard","meta":{"footnotes":""},"categories":[48,53],"tags":[],"class_list":["post-13416","post","type-post","status-publish","format-standard","hentry","category-actualidad","category-universidad-al-dia"],"yoast_head":"<!-- This site is optimized with the Yoast SEO plugin v27.5 - https:\/\/yoast.com\/product\/yoast-seo-wordpress\/ -->\n<title>Realice su trabajo de grado o tesis de maestr\u00eda en proyecto de adaptaci\u00f3n a climas extremos .<\/title>\n<meta name=\"robots\" content=\"index, follow, max-snippet:-1, max-image-preview:large, max-video-preview:-1\" \/>\n<link rel=\"canonical\" href=\"https:\/\/www.ucaldas.edu.co\/portal\/realice-su-trabajo-de-grado-o-tesis-de-maestria-en-proyecto-de-adaptacion-a-climas-extremos\/\" \/>\n<script type=\"application\/ld+json\" class=\"yoast-schema-graph\">{\"@context\":\"https:\\\/\\\/schema.org\",\"@graph\":[{\"@type\":\"Article\",\"@id\":\"https:\\\/\\\/www.ucaldas.edu.co\\\/portal\\\/realice-su-trabajo-de-grado-o-tesis-de-maestria-en-proyecto-de-adaptacion-a-climas-extremos\\\/#article\",\"isPartOf\":{\"@id\":\"https:\\\/\\\/www.ucaldas.edu.co\\\/portal\\\/realice-su-trabajo-de-grado-o-tesis-de-maestria-en-proyecto-de-adaptacion-a-climas-extremos\\\/\"},\"author\":{\"name\":\"ofiprensa\",\"@id\":\"https:\\\/\\\/www.ucaldas.edu.co\\\/portal\\\/#\\\/schema\\\/person\\\/a1b482e23449158b4bc319926c074fdf\"},\"headline\":\"Realice su trabajo de grado o tesis de maestr\u00eda en proyecto de adaptaci\u00f3n a climas extremos\",\"datePublished\":\"2012-07-13T13:40:56+00:00\",\"mainEntityOfPage\":{\"@id\":\"https:\\\/\\\/www.ucaldas.edu.co\\\/portal\\\/realice-su-trabajo-de-grado-o-tesis-de-maestria-en-proyecto-de-adaptacion-a-climas-extremos\\\/\"},\"wordCount\":130,\"publisher\":{\"@id\":\"https:\\\/\\\/www.ucaldas.edu.co\\\/portal\\\/#organization\"},\"image\":{\"@id\":\"https:\\\/\\\/www.ucaldas.edu.co\\\/portal\\\/realice-su-trabajo-de-grado-o-tesis-de-maestria-en-proyecto-de-adaptacion-a-climas-extremos\\\/#primaryimage\"},\"thumbnailUrl\":\"http:\\\/\\\/www.ucaldas.edu.co\\\/images\\\/tmp\\\/icsh_memoria.jpg\",\"articleSection\":[\"Actualidad\",\"Universidad al D\u00eda\"],\"inLanguage\":\"es\"},{\"@type\":\"WebPage\",\"@id\":\"https:\\\/\\\/www.ucaldas.edu.co\\\/portal\\\/realice-su-trabajo-de-grado-o-tesis-de-maestria-en-proyecto-de-adaptacion-a-climas-extremos\\\/\",\"url\":\"https:\\\/\\\/www.ucaldas.edu.co\\\/portal\\\/realice-su-trabajo-de-grado-o-tesis-de-maestria-en-proyecto-de-adaptacion-a-climas-extremos\\\/\",\"name\":\"Realice su trabajo de grado o tesis de maestr\u00eda en proyecto de adaptaci\u00f3n a climas extremos .\",\"isPartOf\":{\"@id\":\"https:\\\/\\\/www.ucaldas.edu.co\\\/portal\\\/#website\"},\"primaryImageOfPage\":{\"@id\":\"https:\\\/\\\/www.ucaldas.edu.co\\\/portal\\\/realice-su-trabajo-de-grado-o-tesis-de-maestria-en-proyecto-de-adaptacion-a-climas-extremos\\\/#primaryimage\"},\"image\":{\"@id\":\"https:\\\/\\\/www.ucaldas.edu.co\\\/portal\\\/realice-su-trabajo-de-grado-o-tesis-de-maestria-en-proyecto-de-adaptacion-a-climas-extremos\\\/#primaryimage\"},\"thumbnailUrl\":\"http:\\\/\\\/www.ucaldas.edu.co\\\/images\\\/tmp\\\/icsh_memoria.jpg\",\"datePublished\":\"2012-07-13T13:40:56+00:00\",\"breadcrumb\":{\"@id\":\"https:\\\/\\\/www.ucaldas.edu.co\\\/portal\\\/realice-su-trabajo-de-grado-o-tesis-de-maestria-en-proyecto-de-adaptacion-a-climas-extremos\\\/#breadcrumb\"},\"inLanguage\":\"es\",\"potentialAction\":[{\"@type\":\"ReadAction\",\"target\":[\"https:\\\/\\\/www.ucaldas.edu.co\\\/portal\\\/realice-su-trabajo-de-grado-o-tesis-de-maestria-en-proyecto-de-adaptacion-a-climas-extremos\\\/\"]}]},{\"@type\":\"ImageObject\",\"inLanguage\":\"es\",\"@id\":\"https:\\\/\\\/www.ucaldas.edu.co\\\/portal\\\/realice-su-trabajo-de-grado-o-tesis-de-maestria-en-proyecto-de-adaptacion-a-climas-extremos\\\/#primaryimage\",\"url\":\"http:\\\/\\\/www.ucaldas.edu.co\\\/images\\\/tmp\\\/icsh_memoria.jpg\",\"contentUrl\":\"http:\\\/\\\/www.ucaldas.edu.co\\\/images\\\/tmp\\\/icsh_memoria.jpg\"},{\"@type\":\"BreadcrumbList\",\"@id\":\"https:\\\/\\\/www.ucaldas.edu.co\\\/portal\\\/realice-su-trabajo-de-grado-o-tesis-de-maestria-en-proyecto-de-adaptacion-a-climas-extremos\\\/#breadcrumb\",\"itemListElement\":[{\"@type\":\"ListItem\",\"position\":1,\"name\":\"Portada\",\"item\":\"https:\\\/\\\/www.ucaldas.edu.co\\\/portal\\\/\"},{\"@type\":\"ListItem\",\"position\":2,\"name\":\"Realice su trabajo de grado o tesis de maestr\u00eda en proyecto de adaptaci\u00f3n a climas extremos\"}]},{\"@type\":\"WebSite\",\"@id\":\"https:\\\/\\\/www.ucaldas.edu.co\\\/portal\\\/#website\",\"url\":\"https:\\\/\\\/www.ucaldas.edu.co\\\/portal\\\/\",\"name\":\"Universidad de Caldas\",\"description\":\"\",\"publisher\":{\"@id\":\"https:\\\/\\\/www.ucaldas.edu.co\\\/portal\\\/#organization\"},\"alternateName\":\"U. de Caldas\",\"potentialAction\":[{\"@type\":\"SearchAction\",\"target\":{\"@type\":\"EntryPoint\",\"urlTemplate\":\"https:\\\/\\\/www.ucaldas.edu.co\\\/portal\\\/?s={search_term_string}\"},\"query-input\":{\"@type\":\"PropertyValueSpecification\",\"valueRequired\":true,\"valueName\":\"search_term_string\"}}],\"inLanguage\":\"es\"},{\"@type\":\"Organization\",\"@id\":\"https:\\\/\\\/www.ucaldas.edu.co\\\/portal\\\/#organization\",\"name\":\"Universidad de Caldas\",\"alternateName\":\"U. de Caldas\",\"url\":\"https:\\\/\\\/www.ucaldas.edu.co\\\/portal\\\/\",\"logo\":{\"@type\":\"ImageObject\",\"inLanguage\":\"es\",\"@id\":\"https:\\\/\\\/www.ucaldas.edu.co\\\/portal\\\/#\\\/schema\\\/logo\\\/image\\\/\",\"url\":\"https:\\\/\\\/www.ucaldas.edu.co\\\/portal\\\/wp-content\\\/uploads\\\/2023\\\/11\\\/Logo_horizontal_oscuroU-2023.png\",\"contentUrl\":\"https:\\\/\\\/www.ucaldas.edu.co\\\/portal\\\/wp-content\\\/uploads\\\/2023\\\/11\\\/Logo_horizontal_oscuroU-2023.png\",\"width\":263,\"height\":101,\"caption\":\"Universidad de Caldas\"},\"image\":{\"@id\":\"https:\\\/\\\/www.ucaldas.edu.co\\\/portal\\\/#\\\/schema\\\/logo\\\/image\\\/\"},\"sameAs\":[\"https:\\\/\\\/www.facebook.com\\\/udecaldas\",\"https:\\\/\\\/x.com\\\/udecaldas\",\"https:\\\/\\\/www.youtube.com\\\/universidadcaldas\",\"https:\\\/\\\/www.instagram.com\\\/udecaldas\\\/\"]},{\"@type\":\"Person\",\"@id\":\"https:\\\/\\\/www.ucaldas.edu.co\\\/portal\\\/#\\\/schema\\\/person\\\/a1b482e23449158b4bc319926c074fdf\",\"name\":\"ofiprensa\",\"image\":{\"@type\":\"ImageObject\",\"inLanguage\":\"es\",\"@id\":\"https:\\\/\\\/www.ucaldas.edu.co\\\/portal\\\/wp-content\\\/litespeed\\\/avatar\\\/09ea5085e600095a7a811142c6944527.jpg?ver=1777497608\",\"url\":\"https:\\\/\\\/www.ucaldas.edu.co\\\/portal\\\/wp-content\\\/litespeed\\\/avatar\\\/09ea5085e600095a7a811142c6944527.jpg?ver=1777497608\",\"contentUrl\":\"https:\\\/\\\/www.ucaldas.edu.co\\\/portal\\\/wp-content\\\/litespeed\\\/avatar\\\/09ea5085e600095a7a811142c6944527.jpg?ver=1777497608\",\"caption\":\"ofiprensa\"},\"url\":\"https:\\\/\\\/www.ucaldas.edu.co\\\/portal\\\/author\\\/ofiprensa\\\/\"}]}<\/script>\n<!-- \/ Yoast SEO plugin. -->","yoast_head_json":{"title":"Realice su trabajo de grado o tesis de maestr\u00eda en proyecto de adaptaci\u00f3n a climas extremos .","robots":{"index":"index","follow":"follow","max-snippet":"max-snippet:-1","max-image-preview":"max-image-preview:large","max-video-preview":"max-video-preview:-1"},"canonical":"https:\/\/www.ucaldas.edu.co\/portal\/realice-su-trabajo-de-grado-o-tesis-de-maestria-en-proyecto-de-adaptacion-a-climas-extremos\/","schema":{"@context":"https:\/\/schema.org","@graph":[{"@type":"Article","@id":"https:\/\/www.ucaldas.edu.co\/portal\/realice-su-trabajo-de-grado-o-tesis-de-maestria-en-proyecto-de-adaptacion-a-climas-extremos\/#article","isPartOf":{"@id":"https:\/\/www.ucaldas.edu.co\/portal\/realice-su-trabajo-de-grado-o-tesis-de-maestria-en-proyecto-de-adaptacion-a-climas-extremos\/"},"author":{"name":"ofiprensa","@id":"https:\/\/www.ucaldas.edu.co\/portal\/#\/schema\/person\/a1b482e23449158b4bc319926c074fdf"},"headline":"Realice su trabajo de grado o tesis de maestr\u00eda en proyecto de adaptaci\u00f3n a climas extremos","datePublished":"2012-07-13T13:40:56+00:00","mainEntityOfPage":{"@id":"https:\/\/www.ucaldas.edu.co\/portal\/realice-su-trabajo-de-grado-o-tesis-de-maestria-en-proyecto-de-adaptacion-a-climas-extremos\/"},"wordCount":130,"publisher":{"@id":"https:\/\/www.ucaldas.edu.co\/portal\/#organization"},"image":{"@id":"https:\/\/www.ucaldas.edu.co\/portal\/realice-su-trabajo-de-grado-o-tesis-de-maestria-en-proyecto-de-adaptacion-a-climas-extremos\/#primaryimage"},"thumbnailUrl":"http:\/\/www.ucaldas.edu.co\/images\/tmp\/icsh_memoria.jpg","articleSection":["Actualidad","Universidad al D\u00eda"],"inLanguage":"es"},{"@type":"WebPage","@id":"https:\/\/www.ucaldas.edu.co\/portal\/realice-su-trabajo-de-grado-o-tesis-de-maestria-en-proyecto-de-adaptacion-a-climas-extremos\/","url":"https:\/\/www.ucaldas.edu.co\/portal\/realice-su-trabajo-de-grado-o-tesis-de-maestria-en-proyecto-de-adaptacion-a-climas-extremos\/","name":"Realice su trabajo de grado o tesis de maestr\u00eda en proyecto de adaptaci\u00f3n a climas extremos .","isPartOf":{"@id":"https:\/\/www.ucaldas.edu.co\/portal\/#website"},"primaryImageOfPage":{"@id":"https:\/\/www.ucaldas.edu.co\/portal\/realice-su-trabajo-de-grado-o-tesis-de-maestria-en-proyecto-de-adaptacion-a-climas-extremos\/#primaryimage"},"image":{"@id":"https:\/\/www.ucaldas.edu.co\/portal\/realice-su-trabajo-de-grado-o-tesis-de-maestria-en-proyecto-de-adaptacion-a-climas-extremos\/#primaryimage"},"thumbnailUrl":"http:\/\/www.ucaldas.edu.co\/images\/tmp\/icsh_memoria.jpg","datePublished":"2012-07-13T13:40:56+00:00","breadcrumb":{"@id":"https:\/\/www.ucaldas.edu.co\/portal\/realice-su-trabajo-de-grado-o-tesis-de-maestria-en-proyecto-de-adaptacion-a-climas-extremos\/#breadcrumb"},"inLanguage":"es","potentialAction":[{"@type":"ReadAction","target":["https:\/\/www.ucaldas.edu.co\/portal\/realice-su-trabajo-de-grado-o-tesis-de-maestria-en-proyecto-de-adaptacion-a-climas-extremos\/"]}]},{"@type":"ImageObject","inLanguage":"es","@id":"https:\/\/www.ucaldas.edu.co\/portal\/realice-su-trabajo-de-grado-o-tesis-de-maestria-en-proyecto-de-adaptacion-a-climas-extremos\/#primaryimage","url":"http:\/\/www.ucaldas.edu.co\/images\/tmp\/icsh_memoria.jpg","contentUrl":"http:\/\/www.ucaldas.edu.co\/images\/tmp\/icsh_memoria.jpg"},{"@type":"BreadcrumbList","@id":"https:\/\/www.ucaldas.edu.co\/portal\/realice-su-trabajo-de-grado-o-tesis-de-maestria-en-proyecto-de-adaptacion-a-climas-extremos\/#breadcrumb","itemListElement":[{"@type":"ListItem","position":1,"name":"Portada","item":"https:\/\/www.ucaldas.edu.co\/portal\/"},{"@type":"ListItem","position":2,"name":"Realice su trabajo de grado o tesis de maestr\u00eda en proyecto de adaptaci\u00f3n a climas extremos"}]},{"@type":"WebSite","@id":"https:\/\/www.ucaldas.edu.co\/portal\/#website","url":"https:\/\/www.ucaldas.edu.co\/portal\/","name":"Universidad de Caldas","description":"","publisher":{"@id":"https:\/\/www.ucaldas.edu.co\/portal\/#organization"},"alternateName":"U. de Caldas","potentialAction":[{"@type":"SearchAction","target":{"@type":"EntryPoint","urlTemplate":"https:\/\/www.ucaldas.edu.co\/portal\/?s={search_term_string}"},"query-input":{"@type":"PropertyValueSpecification","valueRequired":true,"valueName":"search_term_string"}}],"inLanguage":"es"},{"@type":"Organization","@id":"https:\/\/www.ucaldas.edu.co\/portal\/#organization","name":"Universidad de Caldas","alternateName":"U. de Caldas","url":"https:\/\/www.ucaldas.edu.co\/portal\/","logo":{"@type":"ImageObject","inLanguage":"es","@id":"https:\/\/www.ucaldas.edu.co\/portal\/#\/schema\/logo\/image\/","url":"https:\/\/www.ucaldas.edu.co\/portal\/wp-content\/uploads\/2023\/11\/Logo_horizontal_oscuroU-2023.png","contentUrl":"https:\/\/www.ucaldas.edu.co\/portal\/wp-content\/uploads\/2023\/11\/Logo_horizontal_oscuroU-2023.png","width":263,"height":101,"caption":"Universidad de Caldas"},"image":{"@id":"https:\/\/www.ucaldas.edu.co\/portal\/#\/schema\/logo\/image\/"},"sameAs":["https:\/\/www.facebook.com\/udecaldas","https:\/\/x.com\/udecaldas","https:\/\/www.youtube.com\/universidadcaldas","https:\/\/www.instagram.com\/udecaldas\/"]},{"@type":"Person","@id":"https:\/\/www.ucaldas.edu.co\/portal\/#\/schema\/person\/a1b482e23449158b4bc319926c074fdf","name":"ofiprensa","image":{"@type":"ImageObject","inLanguage":"es","@id":"https:\/\/www.ucaldas.edu.co\/portal\/wp-content\/litespeed\/avatar\/09ea5085e600095a7a811142c6944527.jpg?ver=1777497608","url":"https:\/\/www.ucaldas.edu.co\/portal\/wp-content\/litespeed\/avatar\/09ea5085e600095a7a811142c6944527.jpg?ver=1777497608","contentUrl":"https:\/\/www.ucaldas.edu.co\/portal\/wp-content\/litespeed\/avatar\/09ea5085e600095a7a811142c6944527.jpg?ver=1777497608","caption":"ofiprensa"},"url":"https:\/\/www.ucaldas.edu.co\/portal\/author\/ofiprensa\/"}]}},"_links":{"self":[{"href":"https:\/\/www.ucaldas.edu.co\/portal\/wp-json\/wp\/v2\/posts\/13416","targetHints":{"allow":["GET"]}}],"collection":[{"href":"https:\/\/www.ucaldas.edu.co\/portal\/wp-json\/wp\/v2\/posts"}],"about":[{"href":"https:\/\/www.ucaldas.edu.co\/portal\/wp-json\/wp\/v2\/types\/post"}],"author":[{"embeddable":true,"href":"https:\/\/www.ucaldas.edu.co\/portal\/wp-json\/wp\/v2\/users\/2"}],"replies":[{"embeddable":true,"href":"https:\/\/www.ucaldas.edu.co\/portal\/wp-json\/wp\/v2\/comments?post=13416"}],"version-history":[{"count":0,"href":"https:\/\/www.ucaldas.edu.co\/portal\/wp-json\/wp\/v2\/posts\/13416\/revisions"}],"wp:attachment":[{"href":"https:\/\/www.ucaldas.edu.co\/portal\/wp-json\/wp\/v2\/media?parent=13416"}],"wp:term":[{"taxonomy":"category","embeddable":true,"href":"https:\/\/www.ucaldas.edu.co\/portal\/wp-json\/wp\/v2\/categories?post=13416"},{"taxonomy":"post_tag","embeddable":true,"href":"https:\/\/www.ucaldas.edu.co\/portal\/wp-json\/wp\/v2\/tags?post=13416"}],"curies":[{"name":"wp","href":"https:\/\/api.w.org\/{rel}","templated":true}]}}