{"id":13408,"date":"2012-07-12T08:38:33","date_gmt":"2012-07-12T13:38:33","guid":{"rendered":"https:\/\/www.ucaldas.edu.co\/portal\/?p=13408"},"modified":"2012-07-12T08:38:33","modified_gmt":"2012-07-12T13:38:33","slug":"25-estudiantes-de-u-de-caldas-llegaran-a-argentina-brasil-chile-mexico-y-espana","status":"publish","type":"post","link":"https:\/\/www.ucaldas.edu.co\/portal\/25-estudiantes-de-u-de-caldas-llegaran-a-argentina-brasil-chile-mexico-y-espana\/","title":{"rendered":"25 estudiantes de U. de Caldas llegar\u00e1n a Argentina, Brasil, Chile, M\u00e9xico y Espa\u00f1a"},"content":{"rendered":"<p align=\"center\">Instituci\u00f3n despidi\u00f3 a sus alumnos en movilidad acad\u00e9mica<\/p>\n<hr \/>\n<p align=\"right\">\n<p align=\"right\">12\/07\/2012<br \/>\nRedacci\u00f3n: Margarita Mar\u00eda Laverde Galvis<\/p>\n<p><b>\u00a0<\/b><\/p>\n<table border=\"0\">\n<tbody>\n<tr>\n<td>&nbsp;<\/p>\n<p><img loading=\"lazy\" decoding=\"async\" style=\"border: 0px\" title=\"Despedida\" alt=\"Despedida\" src=\"http:\/\/www.ucaldas.edu.co\/images\/tmp\/despedida_estudiantes_movilidad_2012.jpg\" width=\"240\" height=\"150\" border=\"0\" \/><\/p>\n<h4>Foto: Guillermo Sarmiento Estrada\/ Prensa U. de Caldas.<\/h4>\n<\/td>\n<td><b>25 estudiantes<\/b> de la <b>Universidad de Caldas realizar\u00e1n movilidad acad\u00e9mica<\/b> en <b>Argentina, Brasil, Chile, M\u00e9xico y Espa\u00f1a<\/b>, en el <b>segundo semestre del 2012<\/b>. El pasado mi\u00e9rcoles 11 de julio del 2012 se realiz\u00f3 la <b>despedida, liderada<\/b> por el <b>Rector de la Instituci\u00f3n, <\/b>Ricardo G\u00f3mez Giraldo.<\/td>\n<\/tr>\n<\/tbody>\n<\/table>\n<p>&nbsp;<\/p>\n<p>\u201cEl mundo va hacia una sola gran universidad. La educaci\u00f3n es cada vez m\u00e1s universal y la Instituci\u00f3n est\u00e1 entrando en esta din\u00e1mica. Agradezco al equipo de Internacionalizaci\u00f3n por el trabajo magn\u00edfico, consistente y de resultados eficientes\u201d, coment\u00f3 G\u00f3mez Giraldo.<\/p>\n<p><b>Pablo Dom\u00ednguez Casta\u00f1o<\/b>, <b>estudiante<\/b> de <b>noveno semestre<\/b> de <b>Medicina Veterinaria y Zootecnia<\/b> <b>estar\u00e1<\/b> en la <b>Universidade Estadual Paulista (Brasil<\/b>). \u201cEs la primera vez que voy a salir del pa\u00eds. Estoy muy contento y se que ser\u00e1 una experiencia gratificante en todos los sentidos. Brasil es potencia es ganader\u00eda, as\u00ed que aprender\u00e9 mucho\u201d, coment\u00f3 el estudiante.<\/p>\n<p><b>Todos los j\u00f3venes realizar\u00e1n un semestre acad\u00e9mico<\/b> en sus universidades de destino, <b>excepto<\/b> \u00a0<b>Juan Sebasti\u00e1n Ospina \u00c1lvarez<\/b>, de la <b>Maestr\u00eda en Dise\u00f1o y Creaci\u00f3n<\/b>, quien <b>estar\u00e1 tres meses<\/b> en la <b>Universidade Federal de Goi\u00e1s<\/b> (Brasil), y <b>Juliana Milena Moreno P\u00e9rez<\/b>, de <b>Medicina<\/b>, quien <b>realizar\u00e1 rotaci\u00f3n de anestesiolog\u00eda un mes<\/b>, en la <b>Universidad Complutense de Madrid<\/b> (Espa\u00f1a).<\/p>\n<p><b>Pa\u00edses destinos:<\/b><b><br \/>\n<\/b><b>Argentina:<\/b><b><br \/>\n<\/b><b>Universidad de Buenos Aires<br \/>\n<\/b>&#8211;<b> <\/b>Carolina Cort\u00e9s Misas, de Dise\u00f1o Visual.<br \/>\n&#8211; Juan Mart\u00edn\u00a0 P\u00e9rez Benjumea, de Dise\u00f1o Visual.<br \/>\n&#8211; Juli\u00e1n Garc\u00eda Escobar, de Dise\u00f1o Visual.<br \/>\n&#8211; Juliana Valencia Gonz\u00e1lez, de Dise\u00f1o Visual.<br \/>\n&#8211; Luis Alberto Osorio Tejada, de Dise\u00f1o Visual.<br \/>\n&#8211; Luisa Fernanda Guar\u00edn Garc\u00eda, de Antropolog\u00eda.<br \/>\n&#8211; Jennyffer Lasso, de la Licenciatura en Filosof\u00eda y Letras.<br \/>\n&#8211; Yiced Osorio Ovalle, de la Licenciatura en Filosof\u00eda y Letras.<\/p>\n<p><b>Universidad Nacional del Centro de la \u00a0Provincia de Buenos Aires:<br \/>\n<\/b>&#8211;<b> <\/b>Juanita Anzola Cuartas, de la Licenciatura en Artes Esc\u00e9nicas.<\/p>\n<p><b>Universidad Nacional de C\u00f3rdoba <\/b><br \/>\n&#8211; Leidy Viviana Vargas Vargas, de la Licenciatura en Artes Esc\u00e9nicas.<\/p>\n<p><b>Chile<\/b><b>:<br \/>\nUniversidad de La Frontera<br \/>\n<\/b>&#8211;<b> <\/b>Juli\u00e1n Andr\u00e9s Sosa Gallego, de Desarrollo Familiar.<br \/>\n&#8211; Mar\u00eda\u00a0 Fernanda Tabares S\u00e1nchez, de Desarrollo Familiar.<br \/>\n<b><br \/>\nBrasil<\/b><b>:<br \/>\nUniversidade Estadual de Campinas<br \/>\n<\/b>&#8211;<b> <\/b>Yuly Liceht Ruiz Valencia, de Ingenier\u00eda de Alimentos.<\/p>\n<p><b>Universidade Estadual Paulista<br \/>\n<\/b>&#8211; Andr\u00e9s Felipe Oliveros Pineda, de la Licenciatura en Educaci\u00f3n B\u00e1sica con \u00c9nfasis en Educaci\u00f3n F\u00edsica, Recreaci\u00f3n y Deporte.<br \/>\n&#8211; Pablo Dom\u00ednguez Casta\u00f1o, de Medicina Veterinaria y Zootecnia.<\/p>\n<p><b>Universidade de Sao Paulo <\/b><br \/>\n&#8211; Andr\u00e9s Felipe Restrepo Su\u00e1rez, de Artes Pl\u00e1sticas.<br \/>\n&#8211; Lorena Galvis Fern\u00e1ndez, de Medicina Veterinaria y Zootecnia.<\/p>\n<p><b>M\u00e9xico<\/b><b>:<br \/>\nUniversidad Aut\u00f3noma de Chapingo<br \/>\n<\/b>&#8211; Daniela Trujillo Rojas, de Medicina Veterinaria y Zootecnia.<br \/>\n&#8211; Carlos Mario Bohada Hurtado, de Medicina Veterinaria y Zootecnia.<br \/>\n&#8211; Juan Pablo Ospina Yepes, de Ingenier\u00eda Agron\u00f3mica.<\/p>\n<p><b>Universidad\u00a0 Nacional Aut\u00f3noma de M\u00e9xico<br \/>\n<\/b>&#8211;<b> <\/b>Jorge Hern\u00e1n Giraldo Gonz\u00e1lez, de Artes Pl\u00e1sticas.<br \/>\n&#8211; Jessica Paola Escobar Osorio, de Ingenier\u00eda de Alimentos.<\/p>\n<p><b>Universidad\u00a0 de Guadalajara<br \/>\n<\/b>&#8211; Diego Fernando Correa Navarrete, de Medicina Veterinaria y Zootecnia.<\/p>\n<p>El evento lo <b>organiz\u00f3<\/b> la <b>Oficina de Internacionalizaci\u00f3n<\/b> de la <b>U. de Caldas.<\/b><\/p>\n<p><a href=\"http:\/\/www.facebook.com\/ucaldas.edu.co\/photos#%21\/media\/set\/?set=a.387316834663521.88598.107054166023124&amp;type=3\" target=\"_blank\">Conozca im\u00e1genes de la despedida de estudiantes en movilidad acad\u00e9mica de la U. de Caldas<\/a><\/p>\n<p><b>Informes:<\/b> Oficina de Internacionalizaci\u00f3n, tel\u00e9fono 878 15 00, extensi\u00f3n 12 169.<\/p>\n","protected":false},"excerpt":{"rendered":"<p>Instituci\u00f3n despidi\u00f3 a sus alumnos en movilidad acad\u00e9mica 12\/07\/2012 Redacci\u00f3n: Margarita Mar\u00eda Laverde Galvis \u00a0 &nbsp; Foto: Guillermo Sarmiento Estrada\/ Prensa U. de Caldas. 25 estudiantes de la Universidad de Caldas realizar\u00e1n movilidad acad\u00e9mica en Argentina, Brasil, Chile, M\u00e9xico y Espa\u00f1a, en el segundo semestre del 2012. El pasado mi\u00e9rcoles 11 de julio del 2012 [&hellip;]<\/p>\n","protected":false},"author":2,"featured_media":0,"comment_status":"closed","ping_status":"closed","sticky":false,"template":"","format":"standard","meta":{"footnotes":""},"categories":[48,53],"tags":[],"class_list":["post-13408","post","type-post","status-publish","format-standard","hentry","category-actualidad","category-universidad-al-dia"],"yoast_head":"<!-- This site is optimized with the Yoast SEO plugin v27.5 - https:\/\/yoast.com\/product\/yoast-seo-wordpress\/ -->\n<title>25 estudiantes de U. de Caldas llegar\u00e1n a Argentina, Brasil, Chile, M\u00e9xico y Espa\u00f1a .<\/title>\n<meta name=\"robots\" content=\"index, follow, max-snippet:-1, max-image-preview:large, max-video-preview:-1\" \/>\n<link rel=\"canonical\" href=\"https:\/\/www.ucaldas.edu.co\/portal\/25-estudiantes-de-u-de-caldas-llegaran-a-argentina-brasil-chile-mexico-y-espana\/\" \/>\n<script type=\"application\/ld+json\" class=\"yoast-schema-graph\">{\"@context\":\"https:\\\/\\\/schema.org\",\"@graph\":[{\"@type\":\"Article\",\"@id\":\"https:\\\/\\\/www.ucaldas.edu.co\\\/portal\\\/25-estudiantes-de-u-de-caldas-llegaran-a-argentina-brasil-chile-mexico-y-espana\\\/#article\",\"isPartOf\":{\"@id\":\"https:\\\/\\\/www.ucaldas.edu.co\\\/portal\\\/25-estudiantes-de-u-de-caldas-llegaran-a-argentina-brasil-chile-mexico-y-espana\\\/\"},\"author\":{\"name\":\"ofiprensa\",\"@id\":\"https:\\\/\\\/www.ucaldas.edu.co\\\/portal\\\/#\\\/schema\\\/person\\\/a1b482e23449158b4bc319926c074fdf\"},\"headline\":\"25 estudiantes de U. de Caldas llegar\u00e1n a Argentina, Brasil, Chile, M\u00e9xico y Espa\u00f1a\",\"datePublished\":\"2012-07-12T13:38:33+00:00\",\"mainEntityOfPage\":{\"@id\":\"https:\\\/\\\/www.ucaldas.edu.co\\\/portal\\\/25-estudiantes-de-u-de-caldas-llegaran-a-argentina-brasil-chile-mexico-y-espana\\\/\"},\"wordCount\":613,\"publisher\":{\"@id\":\"https:\\\/\\\/www.ucaldas.edu.co\\\/portal\\\/#organization\"},\"image\":{\"@id\":\"https:\\\/\\\/www.ucaldas.edu.co\\\/portal\\\/25-estudiantes-de-u-de-caldas-llegaran-a-argentina-brasil-chile-mexico-y-espana\\\/#primaryimage\"},\"thumbnailUrl\":\"http:\\\/\\\/www.ucaldas.edu.co\\\/images\\\/tmp\\\/despedida_estudiantes_movilidad_2012.jpg\",\"articleSection\":[\"Actualidad\",\"Universidad al D\u00eda\"],\"inLanguage\":\"es\"},{\"@type\":\"WebPage\",\"@id\":\"https:\\\/\\\/www.ucaldas.edu.co\\\/portal\\\/25-estudiantes-de-u-de-caldas-llegaran-a-argentina-brasil-chile-mexico-y-espana\\\/\",\"url\":\"https:\\\/\\\/www.ucaldas.edu.co\\\/portal\\\/25-estudiantes-de-u-de-caldas-llegaran-a-argentina-brasil-chile-mexico-y-espana\\\/\",\"name\":\"25 estudiantes de U. de Caldas llegar\u00e1n a Argentina, Brasil, Chile, M\u00e9xico y Espa\u00f1a .\",\"isPartOf\":{\"@id\":\"https:\\\/\\\/www.ucaldas.edu.co\\\/portal\\\/#website\"},\"primaryImageOfPage\":{\"@id\":\"https:\\\/\\\/www.ucaldas.edu.co\\\/portal\\\/25-estudiantes-de-u-de-caldas-llegaran-a-argentina-brasil-chile-mexico-y-espana\\\/#primaryimage\"},\"image\":{\"@id\":\"https:\\\/\\\/www.ucaldas.edu.co\\\/portal\\\/25-estudiantes-de-u-de-caldas-llegaran-a-argentina-brasil-chile-mexico-y-espana\\\/#primaryimage\"},\"thumbnailUrl\":\"http:\\\/\\\/www.ucaldas.edu.co\\\/images\\\/tmp\\\/despedida_estudiantes_movilidad_2012.jpg\",\"datePublished\":\"2012-07-12T13:38:33+00:00\",\"breadcrumb\":{\"@id\":\"https:\\\/\\\/www.ucaldas.edu.co\\\/portal\\\/25-estudiantes-de-u-de-caldas-llegaran-a-argentina-brasil-chile-mexico-y-espana\\\/#breadcrumb\"},\"inLanguage\":\"es\",\"potentialAction\":[{\"@type\":\"ReadAction\",\"target\":[\"https:\\\/\\\/www.ucaldas.edu.co\\\/portal\\\/25-estudiantes-de-u-de-caldas-llegaran-a-argentina-brasil-chile-mexico-y-espana\\\/\"]}]},{\"@type\":\"ImageObject\",\"inLanguage\":\"es\",\"@id\":\"https:\\\/\\\/www.ucaldas.edu.co\\\/portal\\\/25-estudiantes-de-u-de-caldas-llegaran-a-argentina-brasil-chile-mexico-y-espana\\\/#primaryimage\",\"url\":\"http:\\\/\\\/www.ucaldas.edu.co\\\/images\\\/tmp\\\/despedida_estudiantes_movilidad_2012.jpg\",\"contentUrl\":\"http:\\\/\\\/www.ucaldas.edu.co\\\/images\\\/tmp\\\/despedida_estudiantes_movilidad_2012.jpg\"},{\"@type\":\"BreadcrumbList\",\"@id\":\"https:\\\/\\\/www.ucaldas.edu.co\\\/portal\\\/25-estudiantes-de-u-de-caldas-llegaran-a-argentina-brasil-chile-mexico-y-espana\\\/#breadcrumb\",\"itemListElement\":[{\"@type\":\"ListItem\",\"position\":1,\"name\":\"Portada\",\"item\":\"https:\\\/\\\/www.ucaldas.edu.co\\\/portal\\\/\"},{\"@type\":\"ListItem\",\"position\":2,\"name\":\"25 estudiantes de U. de Caldas llegar\u00e1n a Argentina, Brasil, Chile, M\u00e9xico y Espa\u00f1a\"}]},{\"@type\":\"WebSite\",\"@id\":\"https:\\\/\\\/www.ucaldas.edu.co\\\/portal\\\/#website\",\"url\":\"https:\\\/\\\/www.ucaldas.edu.co\\\/portal\\\/\",\"name\":\"Universidad de Caldas\",\"description\":\"\",\"publisher\":{\"@id\":\"https:\\\/\\\/www.ucaldas.edu.co\\\/portal\\\/#organization\"},\"alternateName\":\"U. de Caldas\",\"potentialAction\":[{\"@type\":\"SearchAction\",\"target\":{\"@type\":\"EntryPoint\",\"urlTemplate\":\"https:\\\/\\\/www.ucaldas.edu.co\\\/portal\\\/?s={search_term_string}\"},\"query-input\":{\"@type\":\"PropertyValueSpecification\",\"valueRequired\":true,\"valueName\":\"search_term_string\"}}],\"inLanguage\":\"es\"},{\"@type\":\"Organization\",\"@id\":\"https:\\\/\\\/www.ucaldas.edu.co\\\/portal\\\/#organization\",\"name\":\"Universidad de Caldas\",\"alternateName\":\"U. de Caldas\",\"url\":\"https:\\\/\\\/www.ucaldas.edu.co\\\/portal\\\/\",\"logo\":{\"@type\":\"ImageObject\",\"inLanguage\":\"es\",\"@id\":\"https:\\\/\\\/www.ucaldas.edu.co\\\/portal\\\/#\\\/schema\\\/logo\\\/image\\\/\",\"url\":\"https:\\\/\\\/www.ucaldas.edu.co\\\/portal\\\/wp-content\\\/uploads\\\/2023\\\/11\\\/Logo_horizontal_oscuroU-2023.png\",\"contentUrl\":\"https:\\\/\\\/www.ucaldas.edu.co\\\/portal\\\/wp-content\\\/uploads\\\/2023\\\/11\\\/Logo_horizontal_oscuroU-2023.png\",\"width\":263,\"height\":101,\"caption\":\"Universidad de Caldas\"},\"image\":{\"@id\":\"https:\\\/\\\/www.ucaldas.edu.co\\\/portal\\\/#\\\/schema\\\/logo\\\/image\\\/\"},\"sameAs\":[\"https:\\\/\\\/www.facebook.com\\\/udecaldas\",\"https:\\\/\\\/x.com\\\/udecaldas\",\"https:\\\/\\\/www.youtube.com\\\/universidadcaldas\",\"https:\\\/\\\/www.instagram.com\\\/udecaldas\\\/\"]},{\"@type\":\"Person\",\"@id\":\"https:\\\/\\\/www.ucaldas.edu.co\\\/portal\\\/#\\\/schema\\\/person\\\/a1b482e23449158b4bc319926c074fdf\",\"name\":\"ofiprensa\",\"image\":{\"@type\":\"ImageObject\",\"inLanguage\":\"es\",\"@id\":\"https:\\\/\\\/www.ucaldas.edu.co\\\/portal\\\/wp-content\\\/litespeed\\\/avatar\\\/09ea5085e600095a7a811142c6944527.jpg?ver=1777497608\",\"url\":\"https:\\\/\\\/www.ucaldas.edu.co\\\/portal\\\/wp-content\\\/litespeed\\\/avatar\\\/09ea5085e600095a7a811142c6944527.jpg?ver=1777497608\",\"contentUrl\":\"https:\\\/\\\/www.ucaldas.edu.co\\\/portal\\\/wp-content\\\/litespeed\\\/avatar\\\/09ea5085e600095a7a811142c6944527.jpg?ver=1777497608\",\"caption\":\"ofiprensa\"},\"url\":\"https:\\\/\\\/www.ucaldas.edu.co\\\/portal\\\/author\\\/ofiprensa\\\/\"}]}<\/script>\n<!-- \/ Yoast SEO plugin. -->","yoast_head_json":{"title":"25 estudiantes de U. de Caldas llegar\u00e1n a Argentina, Brasil, Chile, M\u00e9xico y Espa\u00f1a .","robots":{"index":"index","follow":"follow","max-snippet":"max-snippet:-1","max-image-preview":"max-image-preview:large","max-video-preview":"max-video-preview:-1"},"canonical":"https:\/\/www.ucaldas.edu.co\/portal\/25-estudiantes-de-u-de-caldas-llegaran-a-argentina-brasil-chile-mexico-y-espana\/","schema":{"@context":"https:\/\/schema.org","@graph":[{"@type":"Article","@id":"https:\/\/www.ucaldas.edu.co\/portal\/25-estudiantes-de-u-de-caldas-llegaran-a-argentina-brasil-chile-mexico-y-espana\/#article","isPartOf":{"@id":"https:\/\/www.ucaldas.edu.co\/portal\/25-estudiantes-de-u-de-caldas-llegaran-a-argentina-brasil-chile-mexico-y-espana\/"},"author":{"name":"ofiprensa","@id":"https:\/\/www.ucaldas.edu.co\/portal\/#\/schema\/person\/a1b482e23449158b4bc319926c074fdf"},"headline":"25 estudiantes de U. de Caldas llegar\u00e1n a Argentina, Brasil, Chile, M\u00e9xico y Espa\u00f1a","datePublished":"2012-07-12T13:38:33+00:00","mainEntityOfPage":{"@id":"https:\/\/www.ucaldas.edu.co\/portal\/25-estudiantes-de-u-de-caldas-llegaran-a-argentina-brasil-chile-mexico-y-espana\/"},"wordCount":613,"publisher":{"@id":"https:\/\/www.ucaldas.edu.co\/portal\/#organization"},"image":{"@id":"https:\/\/www.ucaldas.edu.co\/portal\/25-estudiantes-de-u-de-caldas-llegaran-a-argentina-brasil-chile-mexico-y-espana\/#primaryimage"},"thumbnailUrl":"http:\/\/www.ucaldas.edu.co\/images\/tmp\/despedida_estudiantes_movilidad_2012.jpg","articleSection":["Actualidad","Universidad al D\u00eda"],"inLanguage":"es"},{"@type":"WebPage","@id":"https:\/\/www.ucaldas.edu.co\/portal\/25-estudiantes-de-u-de-caldas-llegaran-a-argentina-brasil-chile-mexico-y-espana\/","url":"https:\/\/www.ucaldas.edu.co\/portal\/25-estudiantes-de-u-de-caldas-llegaran-a-argentina-brasil-chile-mexico-y-espana\/","name":"25 estudiantes de U. de Caldas llegar\u00e1n a Argentina, Brasil, Chile, M\u00e9xico y Espa\u00f1a .","isPartOf":{"@id":"https:\/\/www.ucaldas.edu.co\/portal\/#website"},"primaryImageOfPage":{"@id":"https:\/\/www.ucaldas.edu.co\/portal\/25-estudiantes-de-u-de-caldas-llegaran-a-argentina-brasil-chile-mexico-y-espana\/#primaryimage"},"image":{"@id":"https:\/\/www.ucaldas.edu.co\/portal\/25-estudiantes-de-u-de-caldas-llegaran-a-argentina-brasil-chile-mexico-y-espana\/#primaryimage"},"thumbnailUrl":"http:\/\/www.ucaldas.edu.co\/images\/tmp\/despedida_estudiantes_movilidad_2012.jpg","datePublished":"2012-07-12T13:38:33+00:00","breadcrumb":{"@id":"https:\/\/www.ucaldas.edu.co\/portal\/25-estudiantes-de-u-de-caldas-llegaran-a-argentina-brasil-chile-mexico-y-espana\/#breadcrumb"},"inLanguage":"es","potentialAction":[{"@type":"ReadAction","target":["https:\/\/www.ucaldas.edu.co\/portal\/25-estudiantes-de-u-de-caldas-llegaran-a-argentina-brasil-chile-mexico-y-espana\/"]}]},{"@type":"ImageObject","inLanguage":"es","@id":"https:\/\/www.ucaldas.edu.co\/portal\/25-estudiantes-de-u-de-caldas-llegaran-a-argentina-brasil-chile-mexico-y-espana\/#primaryimage","url":"http:\/\/www.ucaldas.edu.co\/images\/tmp\/despedida_estudiantes_movilidad_2012.jpg","contentUrl":"http:\/\/www.ucaldas.edu.co\/images\/tmp\/despedida_estudiantes_movilidad_2012.jpg"},{"@type":"BreadcrumbList","@id":"https:\/\/www.ucaldas.edu.co\/portal\/25-estudiantes-de-u-de-caldas-llegaran-a-argentina-brasil-chile-mexico-y-espana\/#breadcrumb","itemListElement":[{"@type":"ListItem","position":1,"name":"Portada","item":"https:\/\/www.ucaldas.edu.co\/portal\/"},{"@type":"ListItem","position":2,"name":"25 estudiantes de U. de Caldas llegar\u00e1n a Argentina, Brasil, Chile, M\u00e9xico y Espa\u00f1a"}]},{"@type":"WebSite","@id":"https:\/\/www.ucaldas.edu.co\/portal\/#website","url":"https:\/\/www.ucaldas.edu.co\/portal\/","name":"Universidad de Caldas","description":"","publisher":{"@id":"https:\/\/www.ucaldas.edu.co\/portal\/#organization"},"alternateName":"U. de Caldas","potentialAction":[{"@type":"SearchAction","target":{"@type":"EntryPoint","urlTemplate":"https:\/\/www.ucaldas.edu.co\/portal\/?s={search_term_string}"},"query-input":{"@type":"PropertyValueSpecification","valueRequired":true,"valueName":"search_term_string"}}],"inLanguage":"es"},{"@type":"Organization","@id":"https:\/\/www.ucaldas.edu.co\/portal\/#organization","name":"Universidad de Caldas","alternateName":"U. de Caldas","url":"https:\/\/www.ucaldas.edu.co\/portal\/","logo":{"@type":"ImageObject","inLanguage":"es","@id":"https:\/\/www.ucaldas.edu.co\/portal\/#\/schema\/logo\/image\/","url":"https:\/\/www.ucaldas.edu.co\/portal\/wp-content\/uploads\/2023\/11\/Logo_horizontal_oscuroU-2023.png","contentUrl":"https:\/\/www.ucaldas.edu.co\/portal\/wp-content\/uploads\/2023\/11\/Logo_horizontal_oscuroU-2023.png","width":263,"height":101,"caption":"Universidad de Caldas"},"image":{"@id":"https:\/\/www.ucaldas.edu.co\/portal\/#\/schema\/logo\/image\/"},"sameAs":["https:\/\/www.facebook.com\/udecaldas","https:\/\/x.com\/udecaldas","https:\/\/www.youtube.com\/universidadcaldas","https:\/\/www.instagram.com\/udecaldas\/"]},{"@type":"Person","@id":"https:\/\/www.ucaldas.edu.co\/portal\/#\/schema\/person\/a1b482e23449158b4bc319926c074fdf","name":"ofiprensa","image":{"@type":"ImageObject","inLanguage":"es","@id":"https:\/\/www.ucaldas.edu.co\/portal\/wp-content\/litespeed\/avatar\/09ea5085e600095a7a811142c6944527.jpg?ver=1777497608","url":"https:\/\/www.ucaldas.edu.co\/portal\/wp-content\/litespeed\/avatar\/09ea5085e600095a7a811142c6944527.jpg?ver=1777497608","contentUrl":"https:\/\/www.ucaldas.edu.co\/portal\/wp-content\/litespeed\/avatar\/09ea5085e600095a7a811142c6944527.jpg?ver=1777497608","caption":"ofiprensa"},"url":"https:\/\/www.ucaldas.edu.co\/portal\/author\/ofiprensa\/"}]}},"_links":{"self":[{"href":"https:\/\/www.ucaldas.edu.co\/portal\/wp-json\/wp\/v2\/posts\/13408","targetHints":{"allow":["GET"]}}],"collection":[{"href":"https:\/\/www.ucaldas.edu.co\/portal\/wp-json\/wp\/v2\/posts"}],"about":[{"href":"https:\/\/www.ucaldas.edu.co\/portal\/wp-json\/wp\/v2\/types\/post"}],"author":[{"embeddable":true,"href":"https:\/\/www.ucaldas.edu.co\/portal\/wp-json\/wp\/v2\/users\/2"}],"replies":[{"embeddable":true,"href":"https:\/\/www.ucaldas.edu.co\/portal\/wp-json\/wp\/v2\/comments?post=13408"}],"version-history":[{"count":0,"href":"https:\/\/www.ucaldas.edu.co\/portal\/wp-json\/wp\/v2\/posts\/13408\/revisions"}],"wp:attachment":[{"href":"https:\/\/www.ucaldas.edu.co\/portal\/wp-json\/wp\/v2\/media?parent=13408"}],"wp:term":[{"taxonomy":"category","embeddable":true,"href":"https:\/\/www.ucaldas.edu.co\/portal\/wp-json\/wp\/v2\/categories?post=13408"},{"taxonomy":"post_tag","embeddable":true,"href":"https:\/\/www.ucaldas.edu.co\/portal\/wp-json\/wp\/v2\/tags?post=13408"}],"curies":[{"name":"wp","href":"https:\/\/api.w.org\/{rel}","templated":true}]}}