{"id":13405,"date":"2012-07-12T08:37:31","date_gmt":"2012-07-12T13:37:31","guid":{"rendered":"https:\/\/www.ucaldas.edu.co\/portal\/?p=13405"},"modified":"2012-07-12T08:37:31","modified_gmt":"2012-07-12T13:37:31","slug":"u-de-caldas-estudio-procesos-de-descentralizacion-en-america-latina","status":"publish","type":"post","link":"https:\/\/www.ucaldas.edu.co\/portal\/u-de-caldas-estudio-procesos-de-descentralizacion-en-america-latina\/","title":{"rendered":"U. de Caldas estudi\u00f3 procesos de descentralizaci\u00f3n en Am\u00e9rica Latina"},"content":{"rendered":"<p align=\"center\">En\u00a0 Ciclo de Conferencias Memoria, Espacio y Sociedad<\/p>\n<hr \/>\n<p align=\"center\">\n<p align=\"right\">12\/07\/2012<br \/>\nRedacci\u00f3n: Margarita Mar\u00eda Laverde Galvis<\/p>\n<p>&nbsp;<\/p>\n<p><i>\u00a0<\/i><\/p>\n<table border=\"0\">\n<tbody>\n<tr>\n<td>&nbsp;<\/p>\n<p><img loading=\"lazy\" decoding=\"async\" style=\"border: 0px\" title=\"Ciclo\" alt=\"Ciclo\" src=\"http:\/\/www.ucaldas.edu.co\/images\/tmp\/memoria_espacio_2012.jpg\" width=\"240\" height=\"150\" border=\"0\" \/><\/p>\n<h4>Foto: Guillermo Sarmiento Estrada\/ Prensa U. de Caldas.<\/h4>\n<\/td>\n<td>El <b>fil\u00f3sofo<\/b> Dar\u00edo Restrepo, <b>profesor de la Universidad Nacional de Colombia, <\/b>sede Medell\u00edn, orient\u00f3 el <b>Ciclo de Conferencias Memoria, Espacio y Sociedad<\/b> de la <b>Universidad de Caldas<\/b>, el pasado <b>mi\u00e9rcoles 11 <\/b>de <b>julio<\/b> del 2012. El invitado present\u00f3 su <b>conferencia titulada <\/b><i>Relaciones intergubernamentales y procesos de descentralizaci\u00f3n en Am\u00e9rica Latina. Lecciones aprendidas.<\/i><\/td>\n<\/tr>\n<\/tbody>\n<\/table>\n<p>&nbsp;<\/p>\n<p><i>\u00a0<\/i><\/p>\n<p>El conferencista hizo una <b>revisi\u00f3n<\/b> de <b>m\u00e1s de 25 a\u00f1os de historia<\/b> de <b>descentralizaci\u00f3n<\/b> <b>comparadas<\/b> en <b>Am\u00e9rica Latina<\/b>: <b>lo bueno, lo malo y lo feo<\/b>.<\/p>\n<p>&nbsp;<\/p>\n<p>\u201cLo bueno es la apertura de los sistemas pol\u00edticos: reg\u00edmenes menos cerrados, m\u00e1s escuelas, colegios, desarrollo de instituciones, de sociedad civil y de sistemas pol\u00edtico sen los peque\u00f1os municipios de Am\u00e9rica Latina\u201d, afirm\u00f3 Restrepo.<\/p>\n<p>&nbsp;<\/p>\n<p>Seg\u00fan el invitado: \u201clo malo es que s\u00f3lo ha sido de pol\u00edtica social y de sistemas pol\u00edticos, pero no de pol\u00edtica econ\u00f3mica. Se abandonaron las pol\u00edticas de desarrollo econ\u00f3mico territorial. Hay m\u00e1s pol\u00edtica social, pero no hay m\u00e1s equidad en la capacidad de generar ingresos, empresas y empleo\u201d.<\/p>\n<p>&nbsp;<\/p>\n<p>\u201cLo feo es la debilidad de las instituciones con mucha corrupci\u00f3n local. Un buen complemento del proceso, despu\u00e9s de 25 o 30 a\u00f1os de estar en \u00e9l, ser\u00eda una descentralizaci\u00f3n de los modelos de desarrollo y que se vuelvan a tener con fuerza estrategias de desarrollo territorial\u201d, concluy\u00f3 el conferencista.<\/p>\n<p>&nbsp;<\/p>\n<p><b><a href=\"http:\/\/www.facebook.com\/media\/set\/?set=a.387598744635330.88682.107054166023124&amp;type=3\" target=\"_blank\">Conozca im\u00e1genes del Ciclo de Conferencias Memoria, Espacio y Sociedad<\/a><\/b><\/p>\n<p>&nbsp;<\/p>\n<p>El encuentro lo <b>organiz\u00f3<\/b> el <b>Instituto de Investigaciones en Ciencias Sociales y Humanas<\/b> (ICSH) de la <b>Universidad de Caldas<\/b>. <a href=\"http:\/\/www.ucaldas.edu.co\/index.php?option=com_content&amp;view=article&amp;id=6994:ciclo-de-conferencias-memoria-espacio-y-sociedad&amp;catid=419:universidad-al-dia&amp;Itemid=1039\" target=\"_blank\">Conozca aqu\u00ed la programaci\u00f3n del Ciclo de Conferencias Memoria, Espacio y Sociedad<\/a><\/p>\n<p>&nbsp;<\/p>\n<p><b>Informes:<\/b> ICSH, tel\u00e9fono 878 15 00, extensi\u00f3n 18 031.<\/p>\n","protected":false},"excerpt":{"rendered":"<p>En\u00a0 Ciclo de Conferencias Memoria, Espacio y Sociedad 12\/07\/2012 Redacci\u00f3n: Margarita Mar\u00eda Laverde Galvis &nbsp; \u00a0 &nbsp; Foto: Guillermo Sarmiento Estrada\/ Prensa U. de Caldas. El fil\u00f3sofo Dar\u00edo Restrepo, profesor de la Universidad Nacional de Colombia, sede Medell\u00edn, orient\u00f3 el Ciclo de Conferencias Memoria, Espacio y Sociedad de la Universidad de Caldas, el pasado mi\u00e9rcoles [&hellip;]<\/p>\n","protected":false},"author":2,"featured_media":0,"comment_status":"closed","ping_status":"closed","sticky":false,"template":"","format":"standard","meta":{"footnotes":""},"categories":[48,53],"tags":[],"class_list":["post-13405","post","type-post","status-publish","format-standard","hentry","category-actualidad","category-universidad-al-dia"],"yoast_head":"<!-- This site is optimized with the Yoast SEO plugin v27.5 - https:\/\/yoast.com\/product\/yoast-seo-wordpress\/ -->\n<title>U. de Caldas estudi\u00f3 procesos de descentralizaci\u00f3n en Am\u00e9rica Latina .<\/title>\n<meta name=\"robots\" content=\"index, follow, max-snippet:-1, max-image-preview:large, max-video-preview:-1\" \/>\n<link rel=\"canonical\" href=\"https:\/\/www.ucaldas.edu.co\/portal\/u-de-caldas-estudio-procesos-de-descentralizacion-en-america-latina\/\" \/>\n<script type=\"application\/ld+json\" class=\"yoast-schema-graph\">{\"@context\":\"https:\\\/\\\/schema.org\",\"@graph\":[{\"@type\":\"Article\",\"@id\":\"https:\\\/\\\/www.ucaldas.edu.co\\\/portal\\\/u-de-caldas-estudio-procesos-de-descentralizacion-en-america-latina\\\/#article\",\"isPartOf\":{\"@id\":\"https:\\\/\\\/www.ucaldas.edu.co\\\/portal\\\/u-de-caldas-estudio-procesos-de-descentralizacion-en-america-latina\\\/\"},\"author\":{\"name\":\"ofiprensa\",\"@id\":\"https:\\\/\\\/www.ucaldas.edu.co\\\/portal\\\/#\\\/schema\\\/person\\\/a1b482e23449158b4bc319926c074fdf\"},\"headline\":\"U. de Caldas estudi\u00f3 procesos de descentralizaci\u00f3n en Am\u00e9rica Latina\",\"datePublished\":\"2012-07-12T13:37:31+00:00\",\"mainEntityOfPage\":{\"@id\":\"https:\\\/\\\/www.ucaldas.edu.co\\\/portal\\\/u-de-caldas-estudio-procesos-de-descentralizacion-en-america-latina\\\/\"},\"wordCount\":330,\"publisher\":{\"@id\":\"https:\\\/\\\/www.ucaldas.edu.co\\\/portal\\\/#organization\"},\"image\":{\"@id\":\"https:\\\/\\\/www.ucaldas.edu.co\\\/portal\\\/u-de-caldas-estudio-procesos-de-descentralizacion-en-america-latina\\\/#primaryimage\"},\"thumbnailUrl\":\"http:\\\/\\\/www.ucaldas.edu.co\\\/images\\\/tmp\\\/memoria_espacio_2012.jpg\",\"articleSection\":[\"Actualidad\",\"Universidad al D\u00eda\"],\"inLanguage\":\"es\"},{\"@type\":\"WebPage\",\"@id\":\"https:\\\/\\\/www.ucaldas.edu.co\\\/portal\\\/u-de-caldas-estudio-procesos-de-descentralizacion-en-america-latina\\\/\",\"url\":\"https:\\\/\\\/www.ucaldas.edu.co\\\/portal\\\/u-de-caldas-estudio-procesos-de-descentralizacion-en-america-latina\\\/\",\"name\":\"U. de Caldas estudi\u00f3 procesos de descentralizaci\u00f3n en Am\u00e9rica Latina .\",\"isPartOf\":{\"@id\":\"https:\\\/\\\/www.ucaldas.edu.co\\\/portal\\\/#website\"},\"primaryImageOfPage\":{\"@id\":\"https:\\\/\\\/www.ucaldas.edu.co\\\/portal\\\/u-de-caldas-estudio-procesos-de-descentralizacion-en-america-latina\\\/#primaryimage\"},\"image\":{\"@id\":\"https:\\\/\\\/www.ucaldas.edu.co\\\/portal\\\/u-de-caldas-estudio-procesos-de-descentralizacion-en-america-latina\\\/#primaryimage\"},\"thumbnailUrl\":\"http:\\\/\\\/www.ucaldas.edu.co\\\/images\\\/tmp\\\/memoria_espacio_2012.jpg\",\"datePublished\":\"2012-07-12T13:37:31+00:00\",\"breadcrumb\":{\"@id\":\"https:\\\/\\\/www.ucaldas.edu.co\\\/portal\\\/u-de-caldas-estudio-procesos-de-descentralizacion-en-america-latina\\\/#breadcrumb\"},\"inLanguage\":\"es\",\"potentialAction\":[{\"@type\":\"ReadAction\",\"target\":[\"https:\\\/\\\/www.ucaldas.edu.co\\\/portal\\\/u-de-caldas-estudio-procesos-de-descentralizacion-en-america-latina\\\/\"]}]},{\"@type\":\"ImageObject\",\"inLanguage\":\"es\",\"@id\":\"https:\\\/\\\/www.ucaldas.edu.co\\\/portal\\\/u-de-caldas-estudio-procesos-de-descentralizacion-en-america-latina\\\/#primaryimage\",\"url\":\"http:\\\/\\\/www.ucaldas.edu.co\\\/images\\\/tmp\\\/memoria_espacio_2012.jpg\",\"contentUrl\":\"http:\\\/\\\/www.ucaldas.edu.co\\\/images\\\/tmp\\\/memoria_espacio_2012.jpg\"},{\"@type\":\"BreadcrumbList\",\"@id\":\"https:\\\/\\\/www.ucaldas.edu.co\\\/portal\\\/u-de-caldas-estudio-procesos-de-descentralizacion-en-america-latina\\\/#breadcrumb\",\"itemListElement\":[{\"@type\":\"ListItem\",\"position\":1,\"name\":\"Portada\",\"item\":\"https:\\\/\\\/www.ucaldas.edu.co\\\/portal\\\/\"},{\"@type\":\"ListItem\",\"position\":2,\"name\":\"U. de Caldas estudi\u00f3 procesos de descentralizaci\u00f3n en Am\u00e9rica Latina\"}]},{\"@type\":\"WebSite\",\"@id\":\"https:\\\/\\\/www.ucaldas.edu.co\\\/portal\\\/#website\",\"url\":\"https:\\\/\\\/www.ucaldas.edu.co\\\/portal\\\/\",\"name\":\"Universidad de Caldas\",\"description\":\"\",\"publisher\":{\"@id\":\"https:\\\/\\\/www.ucaldas.edu.co\\\/portal\\\/#organization\"},\"alternateName\":\"U. de Caldas\",\"potentialAction\":[{\"@type\":\"SearchAction\",\"target\":{\"@type\":\"EntryPoint\",\"urlTemplate\":\"https:\\\/\\\/www.ucaldas.edu.co\\\/portal\\\/?s={search_term_string}\"},\"query-input\":{\"@type\":\"PropertyValueSpecification\",\"valueRequired\":true,\"valueName\":\"search_term_string\"}}],\"inLanguage\":\"es\"},{\"@type\":\"Organization\",\"@id\":\"https:\\\/\\\/www.ucaldas.edu.co\\\/portal\\\/#organization\",\"name\":\"Universidad de Caldas\",\"alternateName\":\"U. de Caldas\",\"url\":\"https:\\\/\\\/www.ucaldas.edu.co\\\/portal\\\/\",\"logo\":{\"@type\":\"ImageObject\",\"inLanguage\":\"es\",\"@id\":\"https:\\\/\\\/www.ucaldas.edu.co\\\/portal\\\/#\\\/schema\\\/logo\\\/image\\\/\",\"url\":\"https:\\\/\\\/www.ucaldas.edu.co\\\/portal\\\/wp-content\\\/uploads\\\/2023\\\/11\\\/Logo_horizontal_oscuroU-2023.png\",\"contentUrl\":\"https:\\\/\\\/www.ucaldas.edu.co\\\/portal\\\/wp-content\\\/uploads\\\/2023\\\/11\\\/Logo_horizontal_oscuroU-2023.png\",\"width\":263,\"height\":101,\"caption\":\"Universidad de Caldas\"},\"image\":{\"@id\":\"https:\\\/\\\/www.ucaldas.edu.co\\\/portal\\\/#\\\/schema\\\/logo\\\/image\\\/\"},\"sameAs\":[\"https:\\\/\\\/www.facebook.com\\\/udecaldas\",\"https:\\\/\\\/x.com\\\/udecaldas\",\"https:\\\/\\\/www.youtube.com\\\/universidadcaldas\",\"https:\\\/\\\/www.instagram.com\\\/udecaldas\\\/\"]},{\"@type\":\"Person\",\"@id\":\"https:\\\/\\\/www.ucaldas.edu.co\\\/portal\\\/#\\\/schema\\\/person\\\/a1b482e23449158b4bc319926c074fdf\",\"name\":\"ofiprensa\",\"image\":{\"@type\":\"ImageObject\",\"inLanguage\":\"es\",\"@id\":\"https:\\\/\\\/www.ucaldas.edu.co\\\/portal\\\/wp-content\\\/litespeed\\\/avatar\\\/09ea5085e600095a7a811142c6944527.jpg?ver=1777497608\",\"url\":\"https:\\\/\\\/www.ucaldas.edu.co\\\/portal\\\/wp-content\\\/litespeed\\\/avatar\\\/09ea5085e600095a7a811142c6944527.jpg?ver=1777497608\",\"contentUrl\":\"https:\\\/\\\/www.ucaldas.edu.co\\\/portal\\\/wp-content\\\/litespeed\\\/avatar\\\/09ea5085e600095a7a811142c6944527.jpg?ver=1777497608\",\"caption\":\"ofiprensa\"},\"url\":\"https:\\\/\\\/www.ucaldas.edu.co\\\/portal\\\/author\\\/ofiprensa\\\/\"}]}<\/script>\n<!-- \/ Yoast SEO plugin. -->","yoast_head_json":{"title":"U. de Caldas estudi\u00f3 procesos de descentralizaci\u00f3n en Am\u00e9rica Latina .","robots":{"index":"index","follow":"follow","max-snippet":"max-snippet:-1","max-image-preview":"max-image-preview:large","max-video-preview":"max-video-preview:-1"},"canonical":"https:\/\/www.ucaldas.edu.co\/portal\/u-de-caldas-estudio-procesos-de-descentralizacion-en-america-latina\/","schema":{"@context":"https:\/\/schema.org","@graph":[{"@type":"Article","@id":"https:\/\/www.ucaldas.edu.co\/portal\/u-de-caldas-estudio-procesos-de-descentralizacion-en-america-latina\/#article","isPartOf":{"@id":"https:\/\/www.ucaldas.edu.co\/portal\/u-de-caldas-estudio-procesos-de-descentralizacion-en-america-latina\/"},"author":{"name":"ofiprensa","@id":"https:\/\/www.ucaldas.edu.co\/portal\/#\/schema\/person\/a1b482e23449158b4bc319926c074fdf"},"headline":"U. de Caldas estudi\u00f3 procesos de descentralizaci\u00f3n en Am\u00e9rica Latina","datePublished":"2012-07-12T13:37:31+00:00","mainEntityOfPage":{"@id":"https:\/\/www.ucaldas.edu.co\/portal\/u-de-caldas-estudio-procesos-de-descentralizacion-en-america-latina\/"},"wordCount":330,"publisher":{"@id":"https:\/\/www.ucaldas.edu.co\/portal\/#organization"},"image":{"@id":"https:\/\/www.ucaldas.edu.co\/portal\/u-de-caldas-estudio-procesos-de-descentralizacion-en-america-latina\/#primaryimage"},"thumbnailUrl":"http:\/\/www.ucaldas.edu.co\/images\/tmp\/memoria_espacio_2012.jpg","articleSection":["Actualidad","Universidad al D\u00eda"],"inLanguage":"es"},{"@type":"WebPage","@id":"https:\/\/www.ucaldas.edu.co\/portal\/u-de-caldas-estudio-procesos-de-descentralizacion-en-america-latina\/","url":"https:\/\/www.ucaldas.edu.co\/portal\/u-de-caldas-estudio-procesos-de-descentralizacion-en-america-latina\/","name":"U. de Caldas estudi\u00f3 procesos de descentralizaci\u00f3n en Am\u00e9rica Latina .","isPartOf":{"@id":"https:\/\/www.ucaldas.edu.co\/portal\/#website"},"primaryImageOfPage":{"@id":"https:\/\/www.ucaldas.edu.co\/portal\/u-de-caldas-estudio-procesos-de-descentralizacion-en-america-latina\/#primaryimage"},"image":{"@id":"https:\/\/www.ucaldas.edu.co\/portal\/u-de-caldas-estudio-procesos-de-descentralizacion-en-america-latina\/#primaryimage"},"thumbnailUrl":"http:\/\/www.ucaldas.edu.co\/images\/tmp\/memoria_espacio_2012.jpg","datePublished":"2012-07-12T13:37:31+00:00","breadcrumb":{"@id":"https:\/\/www.ucaldas.edu.co\/portal\/u-de-caldas-estudio-procesos-de-descentralizacion-en-america-latina\/#breadcrumb"},"inLanguage":"es","potentialAction":[{"@type":"ReadAction","target":["https:\/\/www.ucaldas.edu.co\/portal\/u-de-caldas-estudio-procesos-de-descentralizacion-en-america-latina\/"]}]},{"@type":"ImageObject","inLanguage":"es","@id":"https:\/\/www.ucaldas.edu.co\/portal\/u-de-caldas-estudio-procesos-de-descentralizacion-en-america-latina\/#primaryimage","url":"http:\/\/www.ucaldas.edu.co\/images\/tmp\/memoria_espacio_2012.jpg","contentUrl":"http:\/\/www.ucaldas.edu.co\/images\/tmp\/memoria_espacio_2012.jpg"},{"@type":"BreadcrumbList","@id":"https:\/\/www.ucaldas.edu.co\/portal\/u-de-caldas-estudio-procesos-de-descentralizacion-en-america-latina\/#breadcrumb","itemListElement":[{"@type":"ListItem","position":1,"name":"Portada","item":"https:\/\/www.ucaldas.edu.co\/portal\/"},{"@type":"ListItem","position":2,"name":"U. de Caldas estudi\u00f3 procesos de descentralizaci\u00f3n en Am\u00e9rica Latina"}]},{"@type":"WebSite","@id":"https:\/\/www.ucaldas.edu.co\/portal\/#website","url":"https:\/\/www.ucaldas.edu.co\/portal\/","name":"Universidad de Caldas","description":"","publisher":{"@id":"https:\/\/www.ucaldas.edu.co\/portal\/#organization"},"alternateName":"U. de Caldas","potentialAction":[{"@type":"SearchAction","target":{"@type":"EntryPoint","urlTemplate":"https:\/\/www.ucaldas.edu.co\/portal\/?s={search_term_string}"},"query-input":{"@type":"PropertyValueSpecification","valueRequired":true,"valueName":"search_term_string"}}],"inLanguage":"es"},{"@type":"Organization","@id":"https:\/\/www.ucaldas.edu.co\/portal\/#organization","name":"Universidad de Caldas","alternateName":"U. de Caldas","url":"https:\/\/www.ucaldas.edu.co\/portal\/","logo":{"@type":"ImageObject","inLanguage":"es","@id":"https:\/\/www.ucaldas.edu.co\/portal\/#\/schema\/logo\/image\/","url":"https:\/\/www.ucaldas.edu.co\/portal\/wp-content\/uploads\/2023\/11\/Logo_horizontal_oscuroU-2023.png","contentUrl":"https:\/\/www.ucaldas.edu.co\/portal\/wp-content\/uploads\/2023\/11\/Logo_horizontal_oscuroU-2023.png","width":263,"height":101,"caption":"Universidad de Caldas"},"image":{"@id":"https:\/\/www.ucaldas.edu.co\/portal\/#\/schema\/logo\/image\/"},"sameAs":["https:\/\/www.facebook.com\/udecaldas","https:\/\/x.com\/udecaldas","https:\/\/www.youtube.com\/universidadcaldas","https:\/\/www.instagram.com\/udecaldas\/"]},{"@type":"Person","@id":"https:\/\/www.ucaldas.edu.co\/portal\/#\/schema\/person\/a1b482e23449158b4bc319926c074fdf","name":"ofiprensa","image":{"@type":"ImageObject","inLanguage":"es","@id":"https:\/\/www.ucaldas.edu.co\/portal\/wp-content\/litespeed\/avatar\/09ea5085e600095a7a811142c6944527.jpg?ver=1777497608","url":"https:\/\/www.ucaldas.edu.co\/portal\/wp-content\/litespeed\/avatar\/09ea5085e600095a7a811142c6944527.jpg?ver=1777497608","contentUrl":"https:\/\/www.ucaldas.edu.co\/portal\/wp-content\/litespeed\/avatar\/09ea5085e600095a7a811142c6944527.jpg?ver=1777497608","caption":"ofiprensa"},"url":"https:\/\/www.ucaldas.edu.co\/portal\/author\/ofiprensa\/"}]}},"_links":{"self":[{"href":"https:\/\/www.ucaldas.edu.co\/portal\/wp-json\/wp\/v2\/posts\/13405","targetHints":{"allow":["GET"]}}],"collection":[{"href":"https:\/\/www.ucaldas.edu.co\/portal\/wp-json\/wp\/v2\/posts"}],"about":[{"href":"https:\/\/www.ucaldas.edu.co\/portal\/wp-json\/wp\/v2\/types\/post"}],"author":[{"embeddable":true,"href":"https:\/\/www.ucaldas.edu.co\/portal\/wp-json\/wp\/v2\/users\/2"}],"replies":[{"embeddable":true,"href":"https:\/\/www.ucaldas.edu.co\/portal\/wp-json\/wp\/v2\/comments?post=13405"}],"version-history":[{"count":0,"href":"https:\/\/www.ucaldas.edu.co\/portal\/wp-json\/wp\/v2\/posts\/13405\/revisions"}],"wp:attachment":[{"href":"https:\/\/www.ucaldas.edu.co\/portal\/wp-json\/wp\/v2\/media?parent=13405"}],"wp:term":[{"taxonomy":"category","embeddable":true,"href":"https:\/\/www.ucaldas.edu.co\/portal\/wp-json\/wp\/v2\/categories?post=13405"},{"taxonomy":"post_tag","embeddable":true,"href":"https:\/\/www.ucaldas.edu.co\/portal\/wp-json\/wp\/v2\/tags?post=13405"}],"curies":[{"name":"wp","href":"https:\/\/api.w.org\/{rel}","templated":true}]}}