{"id":13390,"date":"2012-07-12T08:32:37","date_gmt":"2012-07-12T13:32:37","guid":{"rendered":"https:\/\/www.ucaldas.edu.co\/portal\/?p=13390"},"modified":"2012-07-12T08:32:37","modified_gmt":"2012-07-12T13:32:37","slug":"estudie-tecnologia-en-sistemas-informaticos-u-de-caldas-desde-centro-sur-caldense","status":"publish","type":"post","link":"https:\/\/www.ucaldas.edu.co\/portal\/estudie-tecnologia-en-sistemas-informaticos-u-de-caldas-desde-centro-sur-caldense\/","title":{"rendered":"Estudie Tecnolog\u00eda en Sistemas Inform\u00e1ticos U. de Caldas, desde Centro Sur Caldense"},"content":{"rendered":"<p align=\"center\">Chinchin\u00e1, Palestina y Arauca conocieron convocatoria Talento Digital, del Icetex<\/p>\n<hr \/>\n<p align=\"center\"><b>\u00a0<\/b><\/p>\n<p align=\"right\">\n<p align=\"right\">12\/07\/2012<br \/>\nRedacci\u00f3n: Margarita Mar\u00eda Laverde Galvis<\/p>\n<p>&nbsp;<\/p>\n<p>&nbsp;<\/p>\n<table border=\"0\">\n<tbody>\n<tr>\n<td>&nbsp;<\/p>\n<p><img loading=\"lazy\" decoding=\"async\" style=\"border: 0px\" title=\"Gira\" alt=\"Gira\" src=\"http:\/\/www.ucaldas.edu.co\/images\/tmp\/gira_ucaldas_norte_2012.jpg\" width=\"240\" height=\"150\" border=\"0\" \/><\/p>\n<h4>Foto: Guillermo Sarmiento Estrada\/ Prensa U. de Caldas.<\/h4>\n<\/td>\n<td><b>Unas 320 personas<\/b> de los municipios caldenses de <b>Chinchin\u00e1 y Palestina, <\/b>al igual que del <b>corregimiento de Arauca (Palestina), conocieron<\/b> la <b>Tecnolog\u00eda en Sistemas Inform\u00e1ticos<\/b>, modalidad <b>a distancia <\/b>de la Instituci\u00f3n<b>, <\/b>el pasado mi\u00e9rcoles 11 de julio del 2012, en la <b>gira de la Universidad por el departamento<\/b>.<\/td>\n<\/tr>\n<\/tbody>\n<\/table>\n<p>&nbsp;<\/p>\n<p>&nbsp;<\/p>\n<p>Durante los recorridos <b>tambi\u00e9n se dio a conocer<\/b> la <a href=\"http:\/\/fiti.gov.co\/Prensa.htm?n=24\" target=\"_blank\"><b>convocatoria Talento Digital<\/b> (conozca m\u00e1s detalles aqu\u00ed<\/a>), la cual permite solicitar un <b>cr\u00e9dito con el Icetex<\/b> y <b>condonar la deuda <\/b>para estas carreras, <b>hasta en un 100%.<\/b><\/p>\n<p>&nbsp;<\/p>\n<p><b>Ciudadanos y alcaldes<\/b> del Centro Sur Caldense <b>recibieron<\/b> la <b>orientaci\u00f3n<\/b> y <b>facilidades<\/b> de la <b>convocatoria<\/b>, <b>de parte del<\/b> <b>Vicerrector Administrativo<\/b>, Fabio Hernando Arias Orozco, quien lidera los recorridos, en compa\u00f1\u00eda del<b> Coordinador de la Tecnolog\u00eda en Sistemas Inform\u00e1ticos<\/b>, Fabio Andr\u00e9s L\u00f3pez Salazar, y la <b>Coordinadora del Icetex<\/b> en la U. de Caldas, Jenny Villada V\u00e1squez.<\/p>\n<p>&nbsp;<\/p>\n<p>La <b>Oficina de Prensa<\/b> de la Instituci\u00f3n acompa\u00f1a las giras, a trav\u00e9s de la <b>unidad m\u00f3vil<\/b> de la <b>Ruta de las Noticias<\/b>.<\/p>\n<p>&nbsp;<\/p>\n<p><b>Pr\u00f3ximo encuentro<\/b><\/p>\n<p>La gira se realizar\u00e1 en <b>Villamar\u00eda <\/b>(Caldas),<b> <\/b>este <b>jueves 12 <\/b>de <b>julio<\/b> del 2012, <b>a las 8:00 p.m.<\/b><\/p>\n<p><b>\u00a0<\/b><\/p>\n<p><b>Balance<br \/>\nLos beneficiados en municipios:<\/b><b><br \/>\n<\/b><b>Chinchin\u00e1 <\/b><b>(Caldas)<\/b><\/p>\n<p><b>Jair Antonio Tabares Chica, Alcalde de <\/b><b>Chinchin\u00e1 <\/b><b>(Caldas)<br \/>\n<\/b>Es muy importante para todos nuestros j\u00f3venes el que se les de la oportunidad de acceder a una capacitaci\u00f3n con la U. de Caldas y el apoyo del Icetex. Tuvimos una muy buena convocatoria en el municipio: participaron 165 personas y aspiramos que por lo menos el 80% de los asistentes cursen la tecnolog\u00eda, adem\u00e1s de que busquen la profesionalizaci\u00f3n.<\/p>\n<p>&nbsp;<\/p>\n<p><b>Lorena Lineth Gonz\u00e1lez Agudelo,\u00a0 bachiller de Chinchin\u00e1 (Caldas)<\/b><\/p>\n<p>Hace tiempo est\u00e1bamos esperando una oportunidad de estas para estudiar, porque muchas veces no contamos con los medios para lograr salir adelante.<\/p>\n<p><b>\u00a0<\/b><\/p>\n<p><b><a href=\"http:\/\/www.facebook.com\/media\/set\/?set=a.387579904637214.88678.107054166023124&amp;type=3\" target=\"_blank\">Conozca im\u00e1genes de U. de Caldas lleva su oferta acad\u00e9mica a Chinchin\u00e1 (Caldas)<\/a><\/b><\/p>\n<p><b>\u00a0<\/b><\/p>\n<p><b>Palestina <\/b><b>(Caldas)<\/b><\/p>\n<p><b>Carlos Alberto Piedrah\u00edta Guti\u00e9rrez, Alcalde de <\/b><b>Palestina <\/b><b>(Caldas)<br \/>\n<\/b>Agradezco que nos hayan tenido en cuenta para esta gran oportunidad, porque ante la nueva era requerimos que nuestra comunidad se capacite permanentemente para lograr ser competentes, a\u00fan m\u00e1s ahora cuando adelantamos proyectos como el Aeropuerto de Palestina, Paisaje Cultural Cafetero, entre otros.<\/p>\n<p>&nbsp;<\/p>\n<p><b>Leidy Paola Cardona Chiguachi, Coordinadora de Educaci\u00f3n y Cultura de Palestina (Caldas)<\/b><\/p>\n<p>Tenemos la necesidad de habilitar capital humano para enfrentar los retos en los que nos encontramos. Adem\u00e1s, pocas veces hemos tenido la oportunidad de educarnos en estos temas.<\/p>\n<p>&nbsp;<\/p>\n<p><b>Roberto Gil Carvajal, Rector de la Instituci\u00f3n Educativa La Sagrada Familia, de Palestina (Caldas)<\/b><\/p>\n<p>Contamos con espacios f\u00edsicos para recibir los programas que la U. de Caldas traiga hasta nosotros. Tenemos 70 computadores en total funcionamiento.<\/p>\n<p><b>\u00a0<\/b><\/p>\n<p><b>Nelson Andr\u00e9s Arango V\u00e1squez, bachiller de Palestina (Caldas)<\/b><\/p>\n<p>Esta es una excelente oportunidad, porque muchos j\u00f3venes del municipio desean educaci\u00f3n, que no ha sido posible por falta de recursos. Agradezco a la U. de Caldas esta gran opci\u00f3n de vida que nos ofrece.<\/p>\n<p>&nbsp;<\/p>\n<p><b><a href=\"http:\/\/www.facebook.com\/#%21\/media\/set\/?set=a.387581761303695.88679.107054166023124&amp;type=3\" target=\"_blank\">Conozca im\u00e1genes de U. de Caldas lleva su oferta acad\u00e9mica a Palestina (Caldas)<\/a><\/p>\n<p><\/b><\/p>\n<p><b>Los beneficiados en corregimientos:<\/b><b><br \/>\nArauca (Palestina)<\/b><\/p>\n<p><b>Orlando Correa Henao, Corregidor de Arauca (Palestina)<br \/>\n<\/b>Ya era hora de que las universidades extendieran m\u00e1s sus ofertas acad\u00e9micas hacia los municipios, porque es darle salida plena a la problem\u00e1tica que vivimos: los j\u00f3venes no tienen donde estudiar. Me parece excelente que la U. de Caldas est\u00e9 lanzando este tipo de propuestas y que bueno que las personas se capaciten, y salgan adelante.<\/p>\n<p><b>\u00a0<\/b><\/p>\n<p><b>Jorge Eliecer Saavedra S\u00e1nchez, Concejal de Palestina (Caldas)<\/b><\/p>\n<p>La importancia radica en que la U. de Caldas haga presente en la regi\u00f3n. Antes los entes territoriales no se hac\u00edan presentes en el corregimiento y hoy vemos, gracias a la gesti\u00f3n de la Alcald\u00eda y de la Universidad, m\u00e1s frecuencia de dichos entes.<\/p>\n<p><b>\u00a0<\/b><\/p>\n<p><b>Germ\u00e1n Rodr\u00edguez, Coordinador de Cultura en Arauca (Palestina)<\/b><\/p>\n<p>Es una oportunidad muy grande que llega hasta el corregimiento, porque este tipo de apoyos no ha llegado y es la mayor dificultad para la educaci\u00f3n superior para los j\u00f3venes, que se grad\u00faan cada a\u00f1o.<\/p>\n<p>&nbsp;<\/p>\n<p><b><a href=\"http:\/\/www.facebook.com\/media\/set\/?set=a.387576621304209.88675.107054166023124&amp;type=3\" target=\"_blank\">Conozca im\u00e1genes de U. Caldas lleva su oferta acad\u00e9mica a Arauca (Palestina)<\/a><\/b><\/p>\n<p><b>\u00a0<\/b><\/p>\n<p><b>Informes: <\/b>en el tel\u00e9fono 8781500 extensi\u00f3n 13 392.<\/p>\n","protected":false},"excerpt":{"rendered":"<p>Chinchin\u00e1, Palestina y Arauca conocieron convocatoria Talento Digital, del Icetex \u00a0 12\/07\/2012 Redacci\u00f3n: Margarita Mar\u00eda Laverde Galvis &nbsp; &nbsp; &nbsp; Foto: Guillermo Sarmiento Estrada\/ Prensa U. de Caldas. Unas 320 personas de los municipios caldenses de Chinchin\u00e1 y Palestina, al igual que del corregimiento de Arauca (Palestina), conocieron la Tecnolog\u00eda en Sistemas Inform\u00e1ticos, modalidad a [&hellip;]<\/p>\n","protected":false},"author":2,"featured_media":0,"comment_status":"closed","ping_status":"closed","sticky":false,"template":"","format":"standard","meta":{"footnotes":""},"categories":[48,53],"tags":[],"class_list":["post-13390","post","type-post","status-publish","format-standard","hentry","category-actualidad","category-universidad-al-dia"],"yoast_head":"<!-- This site is optimized with the Yoast SEO plugin v27.5 - https:\/\/yoast.com\/product\/yoast-seo-wordpress\/ -->\n<title>Estudie Tecnolog\u00eda en Sistemas Inform\u00e1ticos U. de Caldas, desde Centro Sur Caldense .<\/title>\n<meta name=\"robots\" content=\"index, follow, max-snippet:-1, max-image-preview:large, max-video-preview:-1\" \/>\n<link rel=\"canonical\" href=\"https:\/\/www.ucaldas.edu.co\/portal\/estudie-tecnologia-en-sistemas-informaticos-u-de-caldas-desde-centro-sur-caldense\/\" \/>\n<script type=\"application\/ld+json\" class=\"yoast-schema-graph\">{\"@context\":\"https:\\\/\\\/schema.org\",\"@graph\":[{\"@type\":\"Article\",\"@id\":\"https:\\\/\\\/www.ucaldas.edu.co\\\/portal\\\/estudie-tecnologia-en-sistemas-informaticos-u-de-caldas-desde-centro-sur-caldense\\\/#article\",\"isPartOf\":{\"@id\":\"https:\\\/\\\/www.ucaldas.edu.co\\\/portal\\\/estudie-tecnologia-en-sistemas-informaticos-u-de-caldas-desde-centro-sur-caldense\\\/\"},\"author\":{\"name\":\"ofiprensa\",\"@id\":\"https:\\\/\\\/www.ucaldas.edu.co\\\/portal\\\/#\\\/schema\\\/person\\\/a1b482e23449158b4bc319926c074fdf\"},\"headline\":\"Estudie Tecnolog\u00eda en Sistemas Inform\u00e1ticos U. de Caldas, desde Centro Sur Caldense\",\"datePublished\":\"2012-07-12T13:32:37+00:00\",\"mainEntityOfPage\":{\"@id\":\"https:\\\/\\\/www.ucaldas.edu.co\\\/portal\\\/estudie-tecnologia-en-sistemas-informaticos-u-de-caldas-desde-centro-sur-caldense\\\/\"},\"wordCount\":772,\"publisher\":{\"@id\":\"https:\\\/\\\/www.ucaldas.edu.co\\\/portal\\\/#organization\"},\"image\":{\"@id\":\"https:\\\/\\\/www.ucaldas.edu.co\\\/portal\\\/estudie-tecnologia-en-sistemas-informaticos-u-de-caldas-desde-centro-sur-caldense\\\/#primaryimage\"},\"thumbnailUrl\":\"http:\\\/\\\/www.ucaldas.edu.co\\\/images\\\/tmp\\\/gira_ucaldas_norte_2012.jpg\",\"articleSection\":[\"Actualidad\",\"Universidad al D\u00eda\"],\"inLanguage\":\"es\"},{\"@type\":\"WebPage\",\"@id\":\"https:\\\/\\\/www.ucaldas.edu.co\\\/portal\\\/estudie-tecnologia-en-sistemas-informaticos-u-de-caldas-desde-centro-sur-caldense\\\/\",\"url\":\"https:\\\/\\\/www.ucaldas.edu.co\\\/portal\\\/estudie-tecnologia-en-sistemas-informaticos-u-de-caldas-desde-centro-sur-caldense\\\/\",\"name\":\"Estudie Tecnolog\u00eda en Sistemas Inform\u00e1ticos U. de Caldas, desde Centro Sur Caldense .\",\"isPartOf\":{\"@id\":\"https:\\\/\\\/www.ucaldas.edu.co\\\/portal\\\/#website\"},\"primaryImageOfPage\":{\"@id\":\"https:\\\/\\\/www.ucaldas.edu.co\\\/portal\\\/estudie-tecnologia-en-sistemas-informaticos-u-de-caldas-desde-centro-sur-caldense\\\/#primaryimage\"},\"image\":{\"@id\":\"https:\\\/\\\/www.ucaldas.edu.co\\\/portal\\\/estudie-tecnologia-en-sistemas-informaticos-u-de-caldas-desde-centro-sur-caldense\\\/#primaryimage\"},\"thumbnailUrl\":\"http:\\\/\\\/www.ucaldas.edu.co\\\/images\\\/tmp\\\/gira_ucaldas_norte_2012.jpg\",\"datePublished\":\"2012-07-12T13:32:37+00:00\",\"breadcrumb\":{\"@id\":\"https:\\\/\\\/www.ucaldas.edu.co\\\/portal\\\/estudie-tecnologia-en-sistemas-informaticos-u-de-caldas-desde-centro-sur-caldense\\\/#breadcrumb\"},\"inLanguage\":\"es\",\"potentialAction\":[{\"@type\":\"ReadAction\",\"target\":[\"https:\\\/\\\/www.ucaldas.edu.co\\\/portal\\\/estudie-tecnologia-en-sistemas-informaticos-u-de-caldas-desde-centro-sur-caldense\\\/\"]}]},{\"@type\":\"ImageObject\",\"inLanguage\":\"es\",\"@id\":\"https:\\\/\\\/www.ucaldas.edu.co\\\/portal\\\/estudie-tecnologia-en-sistemas-informaticos-u-de-caldas-desde-centro-sur-caldense\\\/#primaryimage\",\"url\":\"http:\\\/\\\/www.ucaldas.edu.co\\\/images\\\/tmp\\\/gira_ucaldas_norte_2012.jpg\",\"contentUrl\":\"http:\\\/\\\/www.ucaldas.edu.co\\\/images\\\/tmp\\\/gira_ucaldas_norte_2012.jpg\"},{\"@type\":\"BreadcrumbList\",\"@id\":\"https:\\\/\\\/www.ucaldas.edu.co\\\/portal\\\/estudie-tecnologia-en-sistemas-informaticos-u-de-caldas-desde-centro-sur-caldense\\\/#breadcrumb\",\"itemListElement\":[{\"@type\":\"ListItem\",\"position\":1,\"name\":\"Portada\",\"item\":\"https:\\\/\\\/www.ucaldas.edu.co\\\/portal\\\/\"},{\"@type\":\"ListItem\",\"position\":2,\"name\":\"Estudie Tecnolog\u00eda en Sistemas Inform\u00e1ticos U. de Caldas, desde Centro Sur Caldense\"}]},{\"@type\":\"WebSite\",\"@id\":\"https:\\\/\\\/www.ucaldas.edu.co\\\/portal\\\/#website\",\"url\":\"https:\\\/\\\/www.ucaldas.edu.co\\\/portal\\\/\",\"name\":\"Universidad de Caldas\",\"description\":\"\",\"publisher\":{\"@id\":\"https:\\\/\\\/www.ucaldas.edu.co\\\/portal\\\/#organization\"},\"alternateName\":\"U. de Caldas\",\"potentialAction\":[{\"@type\":\"SearchAction\",\"target\":{\"@type\":\"EntryPoint\",\"urlTemplate\":\"https:\\\/\\\/www.ucaldas.edu.co\\\/portal\\\/?s={search_term_string}\"},\"query-input\":{\"@type\":\"PropertyValueSpecification\",\"valueRequired\":true,\"valueName\":\"search_term_string\"}}],\"inLanguage\":\"es\"},{\"@type\":\"Organization\",\"@id\":\"https:\\\/\\\/www.ucaldas.edu.co\\\/portal\\\/#organization\",\"name\":\"Universidad de Caldas\",\"alternateName\":\"U. de Caldas\",\"url\":\"https:\\\/\\\/www.ucaldas.edu.co\\\/portal\\\/\",\"logo\":{\"@type\":\"ImageObject\",\"inLanguage\":\"es\",\"@id\":\"https:\\\/\\\/www.ucaldas.edu.co\\\/portal\\\/#\\\/schema\\\/logo\\\/image\\\/\",\"url\":\"https:\\\/\\\/www.ucaldas.edu.co\\\/portal\\\/wp-content\\\/uploads\\\/2023\\\/11\\\/Logo_horizontal_oscuroU-2023.png\",\"contentUrl\":\"https:\\\/\\\/www.ucaldas.edu.co\\\/portal\\\/wp-content\\\/uploads\\\/2023\\\/11\\\/Logo_horizontal_oscuroU-2023.png\",\"width\":263,\"height\":101,\"caption\":\"Universidad de Caldas\"},\"image\":{\"@id\":\"https:\\\/\\\/www.ucaldas.edu.co\\\/portal\\\/#\\\/schema\\\/logo\\\/image\\\/\"},\"sameAs\":[\"https:\\\/\\\/www.facebook.com\\\/udecaldas\",\"https:\\\/\\\/x.com\\\/udecaldas\",\"https:\\\/\\\/www.youtube.com\\\/universidadcaldas\",\"https:\\\/\\\/www.instagram.com\\\/udecaldas\\\/\"]},{\"@type\":\"Person\",\"@id\":\"https:\\\/\\\/www.ucaldas.edu.co\\\/portal\\\/#\\\/schema\\\/person\\\/a1b482e23449158b4bc319926c074fdf\",\"name\":\"ofiprensa\",\"image\":{\"@type\":\"ImageObject\",\"inLanguage\":\"es\",\"@id\":\"https:\\\/\\\/www.ucaldas.edu.co\\\/portal\\\/wp-content\\\/litespeed\\\/avatar\\\/09ea5085e600095a7a811142c6944527.jpg?ver=1777497608\",\"url\":\"https:\\\/\\\/www.ucaldas.edu.co\\\/portal\\\/wp-content\\\/litespeed\\\/avatar\\\/09ea5085e600095a7a811142c6944527.jpg?ver=1777497608\",\"contentUrl\":\"https:\\\/\\\/www.ucaldas.edu.co\\\/portal\\\/wp-content\\\/litespeed\\\/avatar\\\/09ea5085e600095a7a811142c6944527.jpg?ver=1777497608\",\"caption\":\"ofiprensa\"},\"url\":\"https:\\\/\\\/www.ucaldas.edu.co\\\/portal\\\/author\\\/ofiprensa\\\/\"}]}<\/script>\n<!-- \/ Yoast SEO plugin. -->","yoast_head_json":{"title":"Estudie Tecnolog\u00eda en Sistemas Inform\u00e1ticos U. de Caldas, desde Centro Sur Caldense .","robots":{"index":"index","follow":"follow","max-snippet":"max-snippet:-1","max-image-preview":"max-image-preview:large","max-video-preview":"max-video-preview:-1"},"canonical":"https:\/\/www.ucaldas.edu.co\/portal\/estudie-tecnologia-en-sistemas-informaticos-u-de-caldas-desde-centro-sur-caldense\/","schema":{"@context":"https:\/\/schema.org","@graph":[{"@type":"Article","@id":"https:\/\/www.ucaldas.edu.co\/portal\/estudie-tecnologia-en-sistemas-informaticos-u-de-caldas-desde-centro-sur-caldense\/#article","isPartOf":{"@id":"https:\/\/www.ucaldas.edu.co\/portal\/estudie-tecnologia-en-sistemas-informaticos-u-de-caldas-desde-centro-sur-caldense\/"},"author":{"name":"ofiprensa","@id":"https:\/\/www.ucaldas.edu.co\/portal\/#\/schema\/person\/a1b482e23449158b4bc319926c074fdf"},"headline":"Estudie Tecnolog\u00eda en Sistemas Inform\u00e1ticos U. de Caldas, desde Centro Sur Caldense","datePublished":"2012-07-12T13:32:37+00:00","mainEntityOfPage":{"@id":"https:\/\/www.ucaldas.edu.co\/portal\/estudie-tecnologia-en-sistemas-informaticos-u-de-caldas-desde-centro-sur-caldense\/"},"wordCount":772,"publisher":{"@id":"https:\/\/www.ucaldas.edu.co\/portal\/#organization"},"image":{"@id":"https:\/\/www.ucaldas.edu.co\/portal\/estudie-tecnologia-en-sistemas-informaticos-u-de-caldas-desde-centro-sur-caldense\/#primaryimage"},"thumbnailUrl":"http:\/\/www.ucaldas.edu.co\/images\/tmp\/gira_ucaldas_norte_2012.jpg","articleSection":["Actualidad","Universidad al D\u00eda"],"inLanguage":"es"},{"@type":"WebPage","@id":"https:\/\/www.ucaldas.edu.co\/portal\/estudie-tecnologia-en-sistemas-informaticos-u-de-caldas-desde-centro-sur-caldense\/","url":"https:\/\/www.ucaldas.edu.co\/portal\/estudie-tecnologia-en-sistemas-informaticos-u-de-caldas-desde-centro-sur-caldense\/","name":"Estudie Tecnolog\u00eda en Sistemas Inform\u00e1ticos U. de Caldas, desde Centro Sur Caldense .","isPartOf":{"@id":"https:\/\/www.ucaldas.edu.co\/portal\/#website"},"primaryImageOfPage":{"@id":"https:\/\/www.ucaldas.edu.co\/portal\/estudie-tecnologia-en-sistemas-informaticos-u-de-caldas-desde-centro-sur-caldense\/#primaryimage"},"image":{"@id":"https:\/\/www.ucaldas.edu.co\/portal\/estudie-tecnologia-en-sistemas-informaticos-u-de-caldas-desde-centro-sur-caldense\/#primaryimage"},"thumbnailUrl":"http:\/\/www.ucaldas.edu.co\/images\/tmp\/gira_ucaldas_norte_2012.jpg","datePublished":"2012-07-12T13:32:37+00:00","breadcrumb":{"@id":"https:\/\/www.ucaldas.edu.co\/portal\/estudie-tecnologia-en-sistemas-informaticos-u-de-caldas-desde-centro-sur-caldense\/#breadcrumb"},"inLanguage":"es","potentialAction":[{"@type":"ReadAction","target":["https:\/\/www.ucaldas.edu.co\/portal\/estudie-tecnologia-en-sistemas-informaticos-u-de-caldas-desde-centro-sur-caldense\/"]}]},{"@type":"ImageObject","inLanguage":"es","@id":"https:\/\/www.ucaldas.edu.co\/portal\/estudie-tecnologia-en-sistemas-informaticos-u-de-caldas-desde-centro-sur-caldense\/#primaryimage","url":"http:\/\/www.ucaldas.edu.co\/images\/tmp\/gira_ucaldas_norte_2012.jpg","contentUrl":"http:\/\/www.ucaldas.edu.co\/images\/tmp\/gira_ucaldas_norte_2012.jpg"},{"@type":"BreadcrumbList","@id":"https:\/\/www.ucaldas.edu.co\/portal\/estudie-tecnologia-en-sistemas-informaticos-u-de-caldas-desde-centro-sur-caldense\/#breadcrumb","itemListElement":[{"@type":"ListItem","position":1,"name":"Portada","item":"https:\/\/www.ucaldas.edu.co\/portal\/"},{"@type":"ListItem","position":2,"name":"Estudie Tecnolog\u00eda en Sistemas Inform\u00e1ticos U. de Caldas, desde Centro Sur Caldense"}]},{"@type":"WebSite","@id":"https:\/\/www.ucaldas.edu.co\/portal\/#website","url":"https:\/\/www.ucaldas.edu.co\/portal\/","name":"Universidad de Caldas","description":"","publisher":{"@id":"https:\/\/www.ucaldas.edu.co\/portal\/#organization"},"alternateName":"U. de Caldas","potentialAction":[{"@type":"SearchAction","target":{"@type":"EntryPoint","urlTemplate":"https:\/\/www.ucaldas.edu.co\/portal\/?s={search_term_string}"},"query-input":{"@type":"PropertyValueSpecification","valueRequired":true,"valueName":"search_term_string"}}],"inLanguage":"es"},{"@type":"Organization","@id":"https:\/\/www.ucaldas.edu.co\/portal\/#organization","name":"Universidad de Caldas","alternateName":"U. de Caldas","url":"https:\/\/www.ucaldas.edu.co\/portal\/","logo":{"@type":"ImageObject","inLanguage":"es","@id":"https:\/\/www.ucaldas.edu.co\/portal\/#\/schema\/logo\/image\/","url":"https:\/\/www.ucaldas.edu.co\/portal\/wp-content\/uploads\/2023\/11\/Logo_horizontal_oscuroU-2023.png","contentUrl":"https:\/\/www.ucaldas.edu.co\/portal\/wp-content\/uploads\/2023\/11\/Logo_horizontal_oscuroU-2023.png","width":263,"height":101,"caption":"Universidad de Caldas"},"image":{"@id":"https:\/\/www.ucaldas.edu.co\/portal\/#\/schema\/logo\/image\/"},"sameAs":["https:\/\/www.facebook.com\/udecaldas","https:\/\/x.com\/udecaldas","https:\/\/www.youtube.com\/universidadcaldas","https:\/\/www.instagram.com\/udecaldas\/"]},{"@type":"Person","@id":"https:\/\/www.ucaldas.edu.co\/portal\/#\/schema\/person\/a1b482e23449158b4bc319926c074fdf","name":"ofiprensa","image":{"@type":"ImageObject","inLanguage":"es","@id":"https:\/\/www.ucaldas.edu.co\/portal\/wp-content\/litespeed\/avatar\/09ea5085e600095a7a811142c6944527.jpg?ver=1777497608","url":"https:\/\/www.ucaldas.edu.co\/portal\/wp-content\/litespeed\/avatar\/09ea5085e600095a7a811142c6944527.jpg?ver=1777497608","contentUrl":"https:\/\/www.ucaldas.edu.co\/portal\/wp-content\/litespeed\/avatar\/09ea5085e600095a7a811142c6944527.jpg?ver=1777497608","caption":"ofiprensa"},"url":"https:\/\/www.ucaldas.edu.co\/portal\/author\/ofiprensa\/"}]}},"_links":{"self":[{"href":"https:\/\/www.ucaldas.edu.co\/portal\/wp-json\/wp\/v2\/posts\/13390","targetHints":{"allow":["GET"]}}],"collection":[{"href":"https:\/\/www.ucaldas.edu.co\/portal\/wp-json\/wp\/v2\/posts"}],"about":[{"href":"https:\/\/www.ucaldas.edu.co\/portal\/wp-json\/wp\/v2\/types\/post"}],"author":[{"embeddable":true,"href":"https:\/\/www.ucaldas.edu.co\/portal\/wp-json\/wp\/v2\/users\/2"}],"replies":[{"embeddable":true,"href":"https:\/\/www.ucaldas.edu.co\/portal\/wp-json\/wp\/v2\/comments?post=13390"}],"version-history":[{"count":0,"href":"https:\/\/www.ucaldas.edu.co\/portal\/wp-json\/wp\/v2\/posts\/13390\/revisions"}],"wp:attachment":[{"href":"https:\/\/www.ucaldas.edu.co\/portal\/wp-json\/wp\/v2\/media?parent=13390"}],"wp:term":[{"taxonomy":"category","embeddable":true,"href":"https:\/\/www.ucaldas.edu.co\/portal\/wp-json\/wp\/v2\/categories?post=13390"},{"taxonomy":"post_tag","embeddable":true,"href":"https:\/\/www.ucaldas.edu.co\/portal\/wp-json\/wp\/v2\/tags?post=13390"}],"curies":[{"name":"wp","href":"https:\/\/api.w.org\/{rel}","templated":true}]}}