{"id":13385,"date":"2012-07-12T08:20:43","date_gmt":"2012-07-12T13:20:43","guid":{"rendered":"https:\/\/www.ucaldas.edu.co\/portal\/?p=13385"},"modified":"2012-07-12T08:20:43","modified_gmt":"2012-07-12T13:20:43","slug":"seminario-en-competencias-laborales-escenario-para-egresados-de-u-de-caldas","status":"publish","type":"post","link":"https:\/\/www.ucaldas.edu.co\/portal\/seminario-en-competencias-laborales-escenario-para-egresados-de-u-de-caldas\/","title":{"rendered":"Seminario en competencias laborales:  escenario para egresados de U. de Caldas"},"content":{"rendered":"<p align=\"center\">\n<p><b>\u00a0<\/b><\/p>\n<p align=\"center\">En Instituci\u00f3n se fortaleci\u00f3 desempe\u00f1o profesional<\/p>\n<hr \/>\n<p>&nbsp;<\/p>\n<p align=\"center\"><b>\u00a0<\/b><\/p>\n<p align=\"center\"><b>BOLET\u00cdN EGRESADOS 13-2012<\/b><\/p>\n<p align=\"right\">11\/07\/2012<br \/>\nRedacci\u00f3n: Mar\u00eda Clara Escobar Franco<\/p>\n<p><b>\u00a0<\/b><\/p>\n<table border=\"0\">\n<tbody>\n<tr>\n<td>&nbsp;<\/p>\n<p><img loading=\"lazy\" decoding=\"async\" style=\"border: 0px\" title=\"Egresado\" alt=\"Egresado\" src=\"http:\/\/www.ucaldas.edu.co\/images\/tmp\/competencias_laborales_egresados_2012.jpg\" width=\"240\" height=\"150\" border=\"0\" \/><\/p>\n<h4>Foto: Guillermo Sarmiento Estrada\/ Prensa U. de Caldas.<\/h4>\n<\/td>\n<td>La <b>innovaci\u00f3n<\/b> <b>en el medio competitivo<\/b>, <b>emprendimiento<\/b> y <b>autoempleo<\/b>, adem\u00e1s de la <b>contribuci\u00f3n<\/b> con el <b>fortalecimiento<\/b> para el <b>desempe\u00f1o profesional<\/b> de los <b>egresados<\/b> de la <b>Universidad de Caldas<\/b> fueron los <b>t\u00f3picos<\/b> del S<b>eminario en competencias laborales, <\/b>que<b> <\/b>se realiz\u00f3 el pasado martes 10 de julio del 2012, en la Instituci\u00f3n.<\/td>\n<\/tr>\n<\/tbody>\n<\/table>\n<p>&nbsp;<\/p>\n<p><b>Participaron unas 50 personas<\/b>, quienes <b>recibieron la certificaci\u00f3n del taller<\/b> y <b>compartieron<\/b> con <b>conferencistas del Servicio Nacional de Aprendizaje<\/b> (Sena), como Mar\u00eda Teresa L\u00f3pez Betancurt, Jorge Ariel Henao Londo\u00f1o, al igual que egresados de la Instituci\u00f3n, como Diego Villada Osorio y \u00a0Liliana Patricia Rivera.<\/p>\n<p>Uno de los conferencistas del encuentro fue el<b> consultor empresarial y gubernamental, <\/b>Carlos Hugo G\u00f3mez Gonz\u00e1lez, quien afirm\u00f3:<b> <\/b>\u201cel mercado competitivo ha cambiado, el entorno es totalmente diferente y a\u00f1os tras a\u00f1o nos cambian las reglas de juego\u201d.<\/p>\n<p>\u201cCada vez encontramos m\u00e1s oportunidades y quiero entregarle a los participantes oportunidades para no ser empleados, sino en crear su propia empresa. Desde la nueva din\u00e1mica de negocios actual en Colombia nos est\u00e1n invitando a que nos autoempleemos\u201d, expres\u00f3 el conferencista.<\/p>\n<p>Uno de los objetivos del seminario fue abrir las posibilidades para los egresados de la U. de Caldas y brindarles herramientas pr\u00e1cticas para ingresar al mundo productivo. Tambi\u00e9n busc\u00f3 de actualizarlos en las nuevas tendencias (presentaci\u00f3n personal, construcci\u00f3n de hoja de vida, entrevista, fuentes de empleo, innovaci\u00f3n), al igual que tener contacto laboral de una forma indirecta e independiente.<\/p>\n<p><b>Innovaci\u00f3n<br \/>\n<\/b>El<b> Asesor de Proyectos de Emprendimiento y Empresariales de la U. de Caldas, <\/b>Luis Francisco Rojas Ben\u00edtez,<b> <\/b>agreg\u00f3: \u201cLa innovaci\u00f3n est\u00e1 orientada a perfiles de emprendimiento. As\u00ed mismo, el empleado puede mirar c\u00f3mo crear una unidad de negocio desde la empresa y demostrar que tiene un grado de \u00e9xito m\u00e1s alto\u201d.<\/p>\n<p><b><span style=\"text-decoration: underline\"><a href=\"http:\/\/www.facebook.com\/media\/set\/?set=a.398800186849074.96365.170727582989670&amp;type=3\" target=\"_blank\">Conozca im\u00e1genes del Seminario en Competencias Laborales<\/a><\/span><\/b><\/p>\n<p><b><span style=\"text-decoration: underline\">\u00a0<\/span><\/b><\/p>\n<p><b>Informes:<\/b><\/p>\n<p>&#8211; Oficina de Egresados de la U. de Caldas, tel\u00e9fono 878 15 00 extensi\u00f3n 17 156.<\/p>\n<p>&#8211; Oficina de Prensa de la U. de Caldas, tel\u00e9fono 878 15 00 extensi\u00f3n 12 167.<\/p>\n<p>&#8211; En el correo electr\u00f3nico <span style=\"text-decoration: underline\"><a href=\"mailto:egresados\" target=\"_blank\">egresados<\/a><\/span><a href=\"mailto:egresados@ucaldas.edu.co\" target=\"_blank\">@<\/a><a href=\"mailto:egresados@ucaldas.edu.co\" target=\"_blank\">ucaldas<\/a><a href=\"mailto:egresados@ucaldas.edu.co\" target=\"_blank\">.<\/a><a href=\"mailto:egresados@ucaldas.edu.co\" target=\"_blank\">edu<\/a><a href=\"mailto:egresados@ucaldas.edu.co\" target=\"_blank\">.<\/a><a href=\"mailto:egresados@ucaldas.edu.co\" target=\"_blank\">co<\/a><\/p>\n","protected":false},"excerpt":{"rendered":"<p>\u00a0 En Instituci\u00f3n se fortaleci\u00f3 desempe\u00f1o profesional &nbsp; \u00a0 BOLET\u00cdN EGRESADOS 13-2012 11\/07\/2012 Redacci\u00f3n: Mar\u00eda Clara Escobar Franco \u00a0 &nbsp; Foto: Guillermo Sarmiento Estrada\/ Prensa U. de Caldas. La innovaci\u00f3n en el medio competitivo, emprendimiento y autoempleo, adem\u00e1s de la contribuci\u00f3n con el fortalecimiento para el desempe\u00f1o profesional de los egresados de la Universidad de [&hellip;]<\/p>\n","protected":false},"author":2,"featured_media":0,"comment_status":"closed","ping_status":"closed","sticky":false,"template":"","format":"standard","meta":{"footnotes":""},"categories":[48,53],"tags":[],"class_list":["post-13385","post","type-post","status-publish","format-standard","hentry","category-actualidad","category-universidad-al-dia"],"yoast_head":"<!-- This site is optimized with the Yoast SEO plugin v27.5 - https:\/\/yoast.com\/product\/yoast-seo-wordpress\/ -->\n<title>Seminario en competencias laborales: escenario para egresados de U. de Caldas .<\/title>\n<meta name=\"robots\" content=\"index, follow, max-snippet:-1, max-image-preview:large, max-video-preview:-1\" \/>\n<link rel=\"canonical\" href=\"https:\/\/www.ucaldas.edu.co\/portal\/seminario-en-competencias-laborales-escenario-para-egresados-de-u-de-caldas\/\" \/>\n<script type=\"application\/ld+json\" class=\"yoast-schema-graph\">{\"@context\":\"https:\\\/\\\/schema.org\",\"@graph\":[{\"@type\":\"Article\",\"@id\":\"https:\\\/\\\/www.ucaldas.edu.co\\\/portal\\\/seminario-en-competencias-laborales-escenario-para-egresados-de-u-de-caldas\\\/#article\",\"isPartOf\":{\"@id\":\"https:\\\/\\\/www.ucaldas.edu.co\\\/portal\\\/seminario-en-competencias-laborales-escenario-para-egresados-de-u-de-caldas\\\/\"},\"author\":{\"name\":\"ofiprensa\",\"@id\":\"https:\\\/\\\/www.ucaldas.edu.co\\\/portal\\\/#\\\/schema\\\/person\\\/a1b482e23449158b4bc319926c074fdf\"},\"headline\":\"Seminario en competencias laborales: escenario para egresados de U. de Caldas\",\"datePublished\":\"2012-07-12T13:20:43+00:00\",\"mainEntityOfPage\":{\"@id\":\"https:\\\/\\\/www.ucaldas.edu.co\\\/portal\\\/seminario-en-competencias-laborales-escenario-para-egresados-de-u-de-caldas\\\/\"},\"wordCount\":395,\"publisher\":{\"@id\":\"https:\\\/\\\/www.ucaldas.edu.co\\\/portal\\\/#organization\"},\"image\":{\"@id\":\"https:\\\/\\\/www.ucaldas.edu.co\\\/portal\\\/seminario-en-competencias-laborales-escenario-para-egresados-de-u-de-caldas\\\/#primaryimage\"},\"thumbnailUrl\":\"http:\\\/\\\/www.ucaldas.edu.co\\\/images\\\/tmp\\\/competencias_laborales_egresados_2012.jpg\",\"articleSection\":[\"Actualidad\",\"Universidad al D\u00eda\"],\"inLanguage\":\"es\"},{\"@type\":\"WebPage\",\"@id\":\"https:\\\/\\\/www.ucaldas.edu.co\\\/portal\\\/seminario-en-competencias-laborales-escenario-para-egresados-de-u-de-caldas\\\/\",\"url\":\"https:\\\/\\\/www.ucaldas.edu.co\\\/portal\\\/seminario-en-competencias-laborales-escenario-para-egresados-de-u-de-caldas\\\/\",\"name\":\"Seminario en competencias laborales: escenario para egresados de U. de Caldas .\",\"isPartOf\":{\"@id\":\"https:\\\/\\\/www.ucaldas.edu.co\\\/portal\\\/#website\"},\"primaryImageOfPage\":{\"@id\":\"https:\\\/\\\/www.ucaldas.edu.co\\\/portal\\\/seminario-en-competencias-laborales-escenario-para-egresados-de-u-de-caldas\\\/#primaryimage\"},\"image\":{\"@id\":\"https:\\\/\\\/www.ucaldas.edu.co\\\/portal\\\/seminario-en-competencias-laborales-escenario-para-egresados-de-u-de-caldas\\\/#primaryimage\"},\"thumbnailUrl\":\"http:\\\/\\\/www.ucaldas.edu.co\\\/images\\\/tmp\\\/competencias_laborales_egresados_2012.jpg\",\"datePublished\":\"2012-07-12T13:20:43+00:00\",\"breadcrumb\":{\"@id\":\"https:\\\/\\\/www.ucaldas.edu.co\\\/portal\\\/seminario-en-competencias-laborales-escenario-para-egresados-de-u-de-caldas\\\/#breadcrumb\"},\"inLanguage\":\"es\",\"potentialAction\":[{\"@type\":\"ReadAction\",\"target\":[\"https:\\\/\\\/www.ucaldas.edu.co\\\/portal\\\/seminario-en-competencias-laborales-escenario-para-egresados-de-u-de-caldas\\\/\"]}]},{\"@type\":\"ImageObject\",\"inLanguage\":\"es\",\"@id\":\"https:\\\/\\\/www.ucaldas.edu.co\\\/portal\\\/seminario-en-competencias-laborales-escenario-para-egresados-de-u-de-caldas\\\/#primaryimage\",\"url\":\"http:\\\/\\\/www.ucaldas.edu.co\\\/images\\\/tmp\\\/competencias_laborales_egresados_2012.jpg\",\"contentUrl\":\"http:\\\/\\\/www.ucaldas.edu.co\\\/images\\\/tmp\\\/competencias_laborales_egresados_2012.jpg\"},{\"@type\":\"BreadcrumbList\",\"@id\":\"https:\\\/\\\/www.ucaldas.edu.co\\\/portal\\\/seminario-en-competencias-laborales-escenario-para-egresados-de-u-de-caldas\\\/#breadcrumb\",\"itemListElement\":[{\"@type\":\"ListItem\",\"position\":1,\"name\":\"Portada\",\"item\":\"https:\\\/\\\/www.ucaldas.edu.co\\\/portal\\\/\"},{\"@type\":\"ListItem\",\"position\":2,\"name\":\"Seminario en competencias laborales: escenario para egresados de U. de Caldas\"}]},{\"@type\":\"WebSite\",\"@id\":\"https:\\\/\\\/www.ucaldas.edu.co\\\/portal\\\/#website\",\"url\":\"https:\\\/\\\/www.ucaldas.edu.co\\\/portal\\\/\",\"name\":\"Universidad de Caldas\",\"description\":\"\",\"publisher\":{\"@id\":\"https:\\\/\\\/www.ucaldas.edu.co\\\/portal\\\/#organization\"},\"alternateName\":\"U. de Caldas\",\"potentialAction\":[{\"@type\":\"SearchAction\",\"target\":{\"@type\":\"EntryPoint\",\"urlTemplate\":\"https:\\\/\\\/www.ucaldas.edu.co\\\/portal\\\/?s={search_term_string}\"},\"query-input\":{\"@type\":\"PropertyValueSpecification\",\"valueRequired\":true,\"valueName\":\"search_term_string\"}}],\"inLanguage\":\"es\"},{\"@type\":\"Organization\",\"@id\":\"https:\\\/\\\/www.ucaldas.edu.co\\\/portal\\\/#organization\",\"name\":\"Universidad de Caldas\",\"alternateName\":\"U. de Caldas\",\"url\":\"https:\\\/\\\/www.ucaldas.edu.co\\\/portal\\\/\",\"logo\":{\"@type\":\"ImageObject\",\"inLanguage\":\"es\",\"@id\":\"https:\\\/\\\/www.ucaldas.edu.co\\\/portal\\\/#\\\/schema\\\/logo\\\/image\\\/\",\"url\":\"https:\\\/\\\/www.ucaldas.edu.co\\\/portal\\\/wp-content\\\/uploads\\\/2023\\\/11\\\/Logo_horizontal_oscuroU-2023.png\",\"contentUrl\":\"https:\\\/\\\/www.ucaldas.edu.co\\\/portal\\\/wp-content\\\/uploads\\\/2023\\\/11\\\/Logo_horizontal_oscuroU-2023.png\",\"width\":263,\"height\":101,\"caption\":\"Universidad de Caldas\"},\"image\":{\"@id\":\"https:\\\/\\\/www.ucaldas.edu.co\\\/portal\\\/#\\\/schema\\\/logo\\\/image\\\/\"},\"sameAs\":[\"https:\\\/\\\/www.facebook.com\\\/udecaldas\",\"https:\\\/\\\/x.com\\\/udecaldas\",\"https:\\\/\\\/www.youtube.com\\\/universidadcaldas\",\"https:\\\/\\\/www.instagram.com\\\/udecaldas\\\/\"]},{\"@type\":\"Person\",\"@id\":\"https:\\\/\\\/www.ucaldas.edu.co\\\/portal\\\/#\\\/schema\\\/person\\\/a1b482e23449158b4bc319926c074fdf\",\"name\":\"ofiprensa\",\"image\":{\"@type\":\"ImageObject\",\"inLanguage\":\"es\",\"@id\":\"https:\\\/\\\/www.ucaldas.edu.co\\\/portal\\\/wp-content\\\/litespeed\\\/avatar\\\/09ea5085e600095a7a811142c6944527.jpg?ver=1777497608\",\"url\":\"https:\\\/\\\/www.ucaldas.edu.co\\\/portal\\\/wp-content\\\/litespeed\\\/avatar\\\/09ea5085e600095a7a811142c6944527.jpg?ver=1777497608\",\"contentUrl\":\"https:\\\/\\\/www.ucaldas.edu.co\\\/portal\\\/wp-content\\\/litespeed\\\/avatar\\\/09ea5085e600095a7a811142c6944527.jpg?ver=1777497608\",\"caption\":\"ofiprensa\"},\"url\":\"https:\\\/\\\/www.ucaldas.edu.co\\\/portal\\\/author\\\/ofiprensa\\\/\"}]}<\/script>\n<!-- \/ Yoast SEO plugin. -->","yoast_head_json":{"title":"Seminario en competencias laborales: escenario para egresados de U. de Caldas .","robots":{"index":"index","follow":"follow","max-snippet":"max-snippet:-1","max-image-preview":"max-image-preview:large","max-video-preview":"max-video-preview:-1"},"canonical":"https:\/\/www.ucaldas.edu.co\/portal\/seminario-en-competencias-laborales-escenario-para-egresados-de-u-de-caldas\/","schema":{"@context":"https:\/\/schema.org","@graph":[{"@type":"Article","@id":"https:\/\/www.ucaldas.edu.co\/portal\/seminario-en-competencias-laborales-escenario-para-egresados-de-u-de-caldas\/#article","isPartOf":{"@id":"https:\/\/www.ucaldas.edu.co\/portal\/seminario-en-competencias-laborales-escenario-para-egresados-de-u-de-caldas\/"},"author":{"name":"ofiprensa","@id":"https:\/\/www.ucaldas.edu.co\/portal\/#\/schema\/person\/a1b482e23449158b4bc319926c074fdf"},"headline":"Seminario en competencias laborales: escenario para egresados de U. de Caldas","datePublished":"2012-07-12T13:20:43+00:00","mainEntityOfPage":{"@id":"https:\/\/www.ucaldas.edu.co\/portal\/seminario-en-competencias-laborales-escenario-para-egresados-de-u-de-caldas\/"},"wordCount":395,"publisher":{"@id":"https:\/\/www.ucaldas.edu.co\/portal\/#organization"},"image":{"@id":"https:\/\/www.ucaldas.edu.co\/portal\/seminario-en-competencias-laborales-escenario-para-egresados-de-u-de-caldas\/#primaryimage"},"thumbnailUrl":"http:\/\/www.ucaldas.edu.co\/images\/tmp\/competencias_laborales_egresados_2012.jpg","articleSection":["Actualidad","Universidad al D\u00eda"],"inLanguage":"es"},{"@type":"WebPage","@id":"https:\/\/www.ucaldas.edu.co\/portal\/seminario-en-competencias-laborales-escenario-para-egresados-de-u-de-caldas\/","url":"https:\/\/www.ucaldas.edu.co\/portal\/seminario-en-competencias-laborales-escenario-para-egresados-de-u-de-caldas\/","name":"Seminario en competencias laborales: escenario para egresados de U. de Caldas .","isPartOf":{"@id":"https:\/\/www.ucaldas.edu.co\/portal\/#website"},"primaryImageOfPage":{"@id":"https:\/\/www.ucaldas.edu.co\/portal\/seminario-en-competencias-laborales-escenario-para-egresados-de-u-de-caldas\/#primaryimage"},"image":{"@id":"https:\/\/www.ucaldas.edu.co\/portal\/seminario-en-competencias-laborales-escenario-para-egresados-de-u-de-caldas\/#primaryimage"},"thumbnailUrl":"http:\/\/www.ucaldas.edu.co\/images\/tmp\/competencias_laborales_egresados_2012.jpg","datePublished":"2012-07-12T13:20:43+00:00","breadcrumb":{"@id":"https:\/\/www.ucaldas.edu.co\/portal\/seminario-en-competencias-laborales-escenario-para-egresados-de-u-de-caldas\/#breadcrumb"},"inLanguage":"es","potentialAction":[{"@type":"ReadAction","target":["https:\/\/www.ucaldas.edu.co\/portal\/seminario-en-competencias-laborales-escenario-para-egresados-de-u-de-caldas\/"]}]},{"@type":"ImageObject","inLanguage":"es","@id":"https:\/\/www.ucaldas.edu.co\/portal\/seminario-en-competencias-laborales-escenario-para-egresados-de-u-de-caldas\/#primaryimage","url":"http:\/\/www.ucaldas.edu.co\/images\/tmp\/competencias_laborales_egresados_2012.jpg","contentUrl":"http:\/\/www.ucaldas.edu.co\/images\/tmp\/competencias_laborales_egresados_2012.jpg"},{"@type":"BreadcrumbList","@id":"https:\/\/www.ucaldas.edu.co\/portal\/seminario-en-competencias-laborales-escenario-para-egresados-de-u-de-caldas\/#breadcrumb","itemListElement":[{"@type":"ListItem","position":1,"name":"Portada","item":"https:\/\/www.ucaldas.edu.co\/portal\/"},{"@type":"ListItem","position":2,"name":"Seminario en competencias laborales: escenario para egresados de U. de Caldas"}]},{"@type":"WebSite","@id":"https:\/\/www.ucaldas.edu.co\/portal\/#website","url":"https:\/\/www.ucaldas.edu.co\/portal\/","name":"Universidad de Caldas","description":"","publisher":{"@id":"https:\/\/www.ucaldas.edu.co\/portal\/#organization"},"alternateName":"U. de Caldas","potentialAction":[{"@type":"SearchAction","target":{"@type":"EntryPoint","urlTemplate":"https:\/\/www.ucaldas.edu.co\/portal\/?s={search_term_string}"},"query-input":{"@type":"PropertyValueSpecification","valueRequired":true,"valueName":"search_term_string"}}],"inLanguage":"es"},{"@type":"Organization","@id":"https:\/\/www.ucaldas.edu.co\/portal\/#organization","name":"Universidad de Caldas","alternateName":"U. de Caldas","url":"https:\/\/www.ucaldas.edu.co\/portal\/","logo":{"@type":"ImageObject","inLanguage":"es","@id":"https:\/\/www.ucaldas.edu.co\/portal\/#\/schema\/logo\/image\/","url":"https:\/\/www.ucaldas.edu.co\/portal\/wp-content\/uploads\/2023\/11\/Logo_horizontal_oscuroU-2023.png","contentUrl":"https:\/\/www.ucaldas.edu.co\/portal\/wp-content\/uploads\/2023\/11\/Logo_horizontal_oscuroU-2023.png","width":263,"height":101,"caption":"Universidad de Caldas"},"image":{"@id":"https:\/\/www.ucaldas.edu.co\/portal\/#\/schema\/logo\/image\/"},"sameAs":["https:\/\/www.facebook.com\/udecaldas","https:\/\/x.com\/udecaldas","https:\/\/www.youtube.com\/universidadcaldas","https:\/\/www.instagram.com\/udecaldas\/"]},{"@type":"Person","@id":"https:\/\/www.ucaldas.edu.co\/portal\/#\/schema\/person\/a1b482e23449158b4bc319926c074fdf","name":"ofiprensa","image":{"@type":"ImageObject","inLanguage":"es","@id":"https:\/\/www.ucaldas.edu.co\/portal\/wp-content\/litespeed\/avatar\/09ea5085e600095a7a811142c6944527.jpg?ver=1777497608","url":"https:\/\/www.ucaldas.edu.co\/portal\/wp-content\/litespeed\/avatar\/09ea5085e600095a7a811142c6944527.jpg?ver=1777497608","contentUrl":"https:\/\/www.ucaldas.edu.co\/portal\/wp-content\/litespeed\/avatar\/09ea5085e600095a7a811142c6944527.jpg?ver=1777497608","caption":"ofiprensa"},"url":"https:\/\/www.ucaldas.edu.co\/portal\/author\/ofiprensa\/"}]}},"_links":{"self":[{"href":"https:\/\/www.ucaldas.edu.co\/portal\/wp-json\/wp\/v2\/posts\/13385","targetHints":{"allow":["GET"]}}],"collection":[{"href":"https:\/\/www.ucaldas.edu.co\/portal\/wp-json\/wp\/v2\/posts"}],"about":[{"href":"https:\/\/www.ucaldas.edu.co\/portal\/wp-json\/wp\/v2\/types\/post"}],"author":[{"embeddable":true,"href":"https:\/\/www.ucaldas.edu.co\/portal\/wp-json\/wp\/v2\/users\/2"}],"replies":[{"embeddable":true,"href":"https:\/\/www.ucaldas.edu.co\/portal\/wp-json\/wp\/v2\/comments?post=13385"}],"version-history":[{"count":0,"href":"https:\/\/www.ucaldas.edu.co\/portal\/wp-json\/wp\/v2\/posts\/13385\/revisions"}],"wp:attachment":[{"href":"https:\/\/www.ucaldas.edu.co\/portal\/wp-json\/wp\/v2\/media?parent=13385"}],"wp:term":[{"taxonomy":"category","embeddable":true,"href":"https:\/\/www.ucaldas.edu.co\/portal\/wp-json\/wp\/v2\/categories?post=13385"},{"taxonomy":"post_tag","embeddable":true,"href":"https:\/\/www.ucaldas.edu.co\/portal\/wp-json\/wp\/v2\/tags?post=13385"}],"curies":[{"name":"wp","href":"https:\/\/api.w.org\/{rel}","templated":true}]}}